{"id":7560,"date":"2024-08-21T09:00:44","date_gmt":"2024-08-21T07:00:44","guid":{"rendered":"https:\/\/www.vomfeld.at\/blog\/?p=7560"},"modified":"2024-08-10T20:05:30","modified_gmt":"2024-08-10T18:05:30","slug":"ernaehrungstrends-ueberblick-2024","status":"publish","type":"post","link":"https:\/\/www.vomfeld.at\/blog\/ernaehrungstrends-ueberblick-2024\/","title":{"rendered":"Ern\u00e4hrungstrends im \u00dcberblick: Was 2024 auf dem Teller landet"},"content":{"rendered":"[vc_row type=&#8220;in_container&#8220; full_screen_row_position=&#8220;middle&#8220; column_margin=&#8220;default&#8220; column_direction=&#8220;default&#8220; column_direction_tablet=&#8220;default&#8220; column_direction_phone=&#8220;default&#8220; scene_position=&#8220;center&#8220; text_color=&#8220;dark&#8220; text_align=&#8220;left&#8220; row_border_radius=&#8220;none&#8220; row_border_radius_applies=&#8220;bg&#8220; overflow=&#8220;visible&#8220; overlay_strength=&#8220;0.3&#8243; gradient_direction=&#8220;left_to_right&#8220; shape_divider_position=&#8220;bottom&#8220; bg_image_animation=&#8220;none&#8220;][vc_column column_padding=&#8220;no-extra-padding&#8220; column_padding_tablet=&#8220;inherit&#8220; column_padding_phone=&#8220;inherit&#8220; column_padding_position=&#8220;all&#8220; column_element_direction_desktop=&#8220;default&#8220; column_element_spacing=&#8220;default&#8220; desktop_text_alignment=&#8220;default&#8220; tablet_text_alignment=&#8220;default&#8220; phone_text_alignment=&#8220;default&#8220; background_color_opacity=&#8220;1&#8243; background_hover_color_opacity=&#8220;1&#8243; column_backdrop_filter=&#8220;none&#8220; column_shadow=&#8220;none&#8220; column_border_radius=&#8220;none&#8220; column_link_target=&#8220;_self&#8220; column_position=&#8220;default&#8220; gradient_direction=&#8220;left_to_right&#8220; overlay_strength=&#8220;0.3&#8243; width=&#8220;1\/1&#8243; tablet_width_inherit=&#8220;default&#8220; animation_type=&#8220;default&#8220; bg_image_animation=&#8220;none&#8220; border_type=&#8220;simple&#8220; column_border_width=&#8220;none&#8220; column_border_style=&#8220;solid&#8220;][vc_column_text]<span style=\"font-weight: 400;\">Viele Menschen durchlaufen im Laufe des Jahres mehrere Di\u00e4tphasen. Speziell zu Jahresbeginn wird oftmals der Vorsatz manifestiert, sich endlich ges\u00fcnder und ausgewogen zu ern\u00e4hren. Im Fr\u00fchling wird der kritische Blick auf den K\u00f6rper intensiver, denn der Sommer naht und die Strandfigur will noch optimiert werden.<\/span><\/p>\n<p><span style=\"font-weight: 400;\">Doch auch <strong>gesundheitliche Aspekte, Umweltgedanken und finanzielle Gr\u00fcnde<\/strong> haben Einfluss auf unsere Essgewohnheiten. Jahr f\u00fcr Jahr erscheinen neue Ern\u00e4hrungstrends, doch einige davon sind bereits zum Dauerbrenner mutiert.<\/span><\/p>\n<p><span style=\"font-weight: 400;\">Wir haben uns <strong>vier Ern\u00e4hrungsformen,<\/strong> die aktuell besonders beliebt sind, mal genauer angesehen und erkl\u00e4ren die Vorteile und Unterschiede im folgenden Beitrag.<\/span><\/p>\n<h2>Clean Eating<\/h2>\n<p><span style=\"font-weight: 400;\">Die Auswahl an stark verarbeiteten Lebensmitteln ist gro\u00df und auch die Zahl der Allergien und Unvertr\u00e4glichkeiten steigt stetig an. Das hat dazu gef\u00fchrt, dass bereits seit mehreren Jahren eine besondere Ern\u00e4hrungsform immer beliebter wird. Die Rede ist von der Clean Eating Methode.<\/span><\/p>\n<p><span style=\"font-weight: 400;\">Dabei legt man besonders hohen Wert auf <strong>unverarbeitete Lebensmittel<\/strong> bzw. verzichtet dabei auf Zusatz- und Konservierungsstoffe. Es wird bei dieser Ern\u00e4hrungsform <strong>vorwiegend selbst gekocht<\/strong> und die Zutaten stammen h\u00e4ufig aus nachhaltigem Anbau. Hochverarbeitete Lebensmittel und Zucker sollte man bei dieser Methode meiden.<\/span><\/p>\n<p><span style=\"font-weight: 400;\">Obst und Gem\u00fcse sowie H\u00fclsenfr\u00fcchte und Vollkornprodukte werden bevorzugt. Beim Clean Eating muss man sich jedoch nicht zwingend vegan oder vegetarisch ern\u00e4hren. Auch Fleisch, Fisch, Milch- und Milchprodukte sind erlaubt. Aber die Qualit\u00e4t und Herkunft der Lebensmittel haben bei dieser Ern\u00e4hrungsform eine gro\u00dfe Bedeutung.<\/span><\/p>\n<p><span style=\"font-weight: 400;\">Im Grunde genommen ist es die <strong>klassische Vollwertkost,<\/strong> die bereits seit Jahrzehnten empfohlen wird. Doch Clean Eating klingt viel moderner und steht f\u00fcr eine nat\u00fcrliche Ern\u00e4hrungsform ohne k\u00fcnstliche Aromen, Geschmacksverst\u00e4rker und Konservierungsstoffe.<\/span><\/p>\n<p><span style=\"font-weight: 400;\">Wer gerne selbst kocht und weitestgehend auf Fertigprodukte verzichten m\u00f6chte, kann diese Ern\u00e4hrungsform relativ einfach in den Alltag integrieren.<\/span><\/p>\n<h2>Klimafreundlich<\/h2>\n<p><span style=\"font-weight: 400;\">Die Klima- und Umweltver\u00e4nderungen sind kaum noch von der Hand zu weisen und das motiviert immer mehr Menschen dazu, sich klimafreundlich zu ern\u00e4hren. Bei dieser Ern\u00e4hrungsform legt man den <strong>Fokus auf ressourcenschonenden und nachhaltigen Anbau<\/strong> bzw. Produktion.<\/span><\/p>\n<p><span style=\"font-weight: 400;\">Auch <strong>Regionalit\u00e4t und Saisonalit\u00e4t<\/strong> spielen bei der Wahl der Lebensmittel eine wichtige Rolle. Beim Einkauf hat auch die Verpackungsart Einfluss auf die Kaufentscheidung. Vor allem Bauernm\u00e4rkte, Hofl\u00e4den und Unverpacktl\u00e4den sind bevorzugte Einkaufsorte f\u00fcr Personen, die sich umweltschonend ern\u00e4hren.<\/span><\/p>\n<p><span style=\"font-weight: 400;\">Die pflanzliche Ern\u00e4hrung steht dabei oft im Fokus, wobei auch eine vegetarische Ern\u00e4hrung m\u00f6glich ist. Auch Flexitarier, die Fleisch und Fisch selten verzehren, k\u00f6nnen sich klimafreundlich ern\u00e4hren, wenn sie bei der Wahl auf qualitative und nachhaltige Produktion achten. Bei der Zubereitung achtet man auf schonende und energiesparende Methoden.<\/span><\/p>\n<p><span style=\"font-weight: 400;\">Bei der klimafreundlichen Ern\u00e4hrungsweise verzichtet man auf Obst und Gem\u00fcse, das nicht aus der Region stammt, wie z.B. Beeren und Tomaten im Winter und greift vorwiegend zu saisonalen heimischen Obst- und Gem\u00fcsesorten. Inwieweit man sich bei der Wahl der Lebensmittel einschr\u00e4nken m\u00f6chte, bleibt hier jedem selbst \u00fcberlassen.<\/span><\/p>\n<p><span style=\"font-weight: 400;\">Doch wer zu einem gro\u00dfen Teil seine Speisen aus pflanzlichen Lebensmitteln zusammensetzt und vorwiegend saisonalen und nachhaltig angebauten Produkten den Vorzug gibt, kann bereits einen gro\u00dfen Beitrag zum Klimaschutz leisten.<\/span>[\/vc_column_text][divider line_type=&#8220;No Line&#8220; custom_height=&#8220;20&#8243;][image_with_animation image_url=&#8220;7563&#8243; image_size=&#8220;full&#8220; animation_type=&#8220;entrance&#8220; animation=&#8220;Fade In&#8220; animation_easing=&#8220;default&#8220; animation_movement_type=&#8220;transform_y&#8220; hover_animation=&#8220;none&#8220; alignment=&#8220;center&#8220; img_link_large=&#8220;yes&#8220; border_radius=&#8220;none&#8220; box_shadow=&#8220;none&#8220; image_loading=&#8220;default&#8220; max_width=&#8220;100%&#8220; max_width_mobile=&#8220;default&#8220;][divider line_type=&#8220;No Line&#8220; custom_height=&#8220;20&#8243;][vc_column_text]\n<h2>Ern\u00e4hrung f\u00fcr den Darm<\/h2>\n<p><span style=\"font-weight: 400;\">Die Corona-Pandemie hatte gro\u00dfen Einfluss auf das Gesundheitsbewusstsein. Dabei hat sich gezeigt, dass ein intaktes Immunsystem einen immer h\u00f6heren Stellenwert hat. F\u00fcr eine gute Abwehr von Krankheitserregern und Viren ist eine <strong>gesunde Darmflora<\/strong> unumg\u00e4nglich, denn unser Immunsystem sitzt bekanntlich im Darm. Um einen positiven Einfluss auf die Darmgesundheit zu nehmen, ist eine ausgewogene Ern\u00e4hrung mit frischen Zutaten und viel Obst- und Gem\u00fcse unumg\u00e4nglich.<\/span><\/p>\n<p><span style=\"font-weight: 400;\">Dabei spielen auch <strong>Ballaststoffe<\/strong> eine wichtige Rolle, da sie die Darmperistaltik anregen und die N\u00e4hrstoffaufnahme verbessern. Auch fermentierte Produkte, wie beispielsweise Sauerkraut, Kimchi, Joghurt, Kefir oder Buttermilch sind wichtig f\u00fcr eine gesunde Darmflora.<\/span><\/p>\n<p><span style=\"font-weight: 400;\"><strong>Zucker und Wei\u00dfmehlprodukte<\/strong> sind bei dieser Ern\u00e4hrungsform eher zu meiden. Stattdessen greift man gerne zu Vollkornprodukten, Leinsamen, Chiasamen und Flohsamenschalen, die mit frischen Zutaten kombiniert werden. Auch bei einer darmfreundlichen Ern\u00e4hrung wird auf eine schonende Zubereitungsart geachtet und die Portionsgr\u00f6\u00dfe an das Hunger- und S\u00e4ttigungsempfinden angepasst.<\/span><\/p>\n<p><span style=\"font-weight: 400;\">Bei dieser Ern\u00e4hrungsform achtet man auch auf eine <strong>ausreichende Fl\u00fcssigkeitszufuhr,<\/strong> die vorwiegend durch regelm\u00e4\u00dfiges Trinken von stillem Wasser und unges\u00fc\u00dften Kr\u00e4uter- und Fr\u00fcchtetees gedeckt wird. Diese Ern\u00e4hrungsform ist grunds\u00e4tzlich einfach in den Alltag zu integrieren und auch hier verzichtet man gerne auf hochverarbeitete Lebensmittel und Fertigprodukte.<\/span><\/p>\n<h2>Digitale Ern\u00e4hrungstherapie<\/h2>\n<p><span style=\"font-weight: 400;\">Unter der digitalen Ern\u00e4hrungstherapie versteht man h\u00e4ufig das <strong>Tracken und Notieren<\/strong> einzelner Speisen in einer App am Smartphone oder Tablet. Man kann dabei Kalorien und N\u00e4hrstoffe erfassen, indem man die verzehrten Lebensmittel und Menge eingibt oder einscannt.<\/span><\/p>\n<p><span style=\"font-weight: 400;\">Auch das Anlegen vollst\u00e4ndiger Rezepte ist h\u00e4ufig m\u00f6glich. Diese Methode ist grunds\u00e4tzlich keine bestimmte Ern\u00e4hrungsform, da jede Art der Ern\u00e4hrung m\u00f6glich ist, jedoch ist eine Kontrolle \u00fcber die t\u00e4gliche Zufuhr an Kalorien und N\u00e4hrstoffen m\u00f6glich. Manche Plattformen bieten vollst\u00e4ndige Men\u00fcpl\u00e4ne an, nach denen man seine Speisen zubereiten und tracken kann.<\/span><\/p>\n<p><span style=\"font-weight: 400;\">Es mag vielleicht die <strong>Planung vereinfachen,<\/strong> aber oft fehlt bei der digitalen Ern\u00e4hrungstherapie die M\u00f6glichkeit, eigene Bed\u00fcrfnisse und Geschm\u00e4cker zu ber\u00fccksichtigen. Bei Personen mit speziellen Erkrankungen, die eine bestimmte Di\u00e4t halten m\u00fcssen oder nur bestimmte Kalorienmengen zuf\u00fchren d\u00fcrfen, macht die digitale Ern\u00e4hrungstherapie durchaus Sinn.<\/span><\/p>\n<p><span style=\"font-weight: 400;\">Auch f\u00fcr Menschen, die nicht einsch\u00e4tzen k\u00f6nnen, wieviel Energie sie mit ihren Speisen t\u00e4glich zuf\u00fchren bzw. welche N\u00e4hrstoffe zu viel oder zu wenig aufgenommen werden, ist eine digitale Ern\u00e4hrungstherapie f\u00fcr einen kurzen Zeitraum empfehlenswert.<\/span><\/p>\n<p><span style=\"font-weight: 400;\">In der Praxis l\u00e4sst sich ein strikt vorgegebener Men\u00fcplan mit fixen Zutaten im Alltag kaum umsetzen und kann sogar den gew\u00fcnschten Effekt, wie z.B. Gewichtsverlust oder Gewichtszunahme, langfristig verhindern. Aufgrund der vorgegebenen Speisen und Zutaten k\u00f6nnen die Ausgaben f\u00fcr Lebensmittel bei der digitalen Ern\u00e4hrungstherapie recht hoch sein.<\/span>[\/vc_column_text][divider line_type=&#8220;No Line&#8220; custom_height=&#8220;20&#8243;][image_with_animation image_url=&#8220;7561&#8243; image_size=&#8220;full&#8220; animation_type=&#8220;entrance&#8220; animation=&#8220;Fade In&#8220; animation_easing=&#8220;default&#8220; animation_movement_type=&#8220;transform_y&#8220; hover_animation=&#8220;none&#8220; alignment=&#8220;center&#8220; img_link_large=&#8220;yes&#8220; border_radius=&#8220;none&#8220; box_shadow=&#8220;none&#8220; image_loading=&#8220;default&#8220; max_width=&#8220;100%&#8220; max_width_mobile=&#8220;default&#8220;][divider line_type=&#8220;No Line&#8220; custom_height=&#8220;20&#8243;][vc_column_text]\n<h2>Lecker und gesund durch den Tag<\/h2>\n<p><span style=\"font-weight: 400;\">Wir haben dir ein Tagesmen\u00fc zusammengestellt, das nicht nur gut f\u00fcr die Darmgesundheit ist, sondern auch lecker schmeckt. Um nicht nur der eigenen Gesundheit Gutes zu tun, sind diese Speisen auch gut f\u00fcrs Klima, da vorwiegend regionale Zutaten zum Einsatz kommen.<\/span><\/p>\n<h3>Fr\u00fchst\u00fcck: Apfel-Leinsamen-Pudding<\/h3>\n<p><strong>Zutaten f\u00fcr 2-3 Portionen:<\/strong><\/p>\n<ul>\n<li style=\"font-weight: 400;\" aria-level=\"1\"><span style=\"font-weight: 400;\">\u00a0<\/span><span style=\"font-weight: 400;\">300ml Buttermilch<\/span><\/li>\n<li style=\"font-weight: 400;\" aria-level=\"1\"><span style=\"font-weight: 400;\">50g feinbl\u00e4ttrige Haferflocken<\/span><\/li>\n<li style=\"font-weight: 400;\" aria-level=\"1\"><span style=\"font-weight: 400;\">40g geschrotete Leinsamen<\/span><\/li>\n<li style=\"font-weight: 400;\" aria-level=\"1\"><span style=\"font-weight: 400;\">20g geriebene Waln\u00fcsse<\/span><\/li>\n<li style=\"font-weight: 400;\" aria-level=\"1\"><span style=\"font-weight: 400;\">20g Honig<\/span><\/li>\n<li style=\"font-weight: 400;\" aria-level=\"1\"><span style=\"font-weight: 400;\">\u00a0<\/span><span style=\"font-weight: 400;\">2 \u00c4pfel<\/span><\/li>\n<li style=\"font-weight: 400;\" aria-level=\"1\"><span style=\"font-weight: 400;\">1 TL gemahlener Ceylon-Zimt<\/span><\/li>\n<\/ul>\n<p><strong>Zubereitung:<\/strong><\/p>\n<ol>\n<li style=\"font-weight: 400;\" aria-level=\"1\"><span style=\"font-weight: 400;\">Buttermilch mit Honig und Ceylon-Zimt verr\u00fchren.<\/span><\/li>\n<li style=\"font-weight: 400;\" aria-level=\"1\"><span style=\"font-weight: 400;\">Leinsamen, Waln\u00fcsse und Haferflocken zuf\u00fcgen und gut miteinander vermengen.<\/span><\/li>\n<li style=\"font-weight: 400;\" aria-level=\"1\"><span style=\"font-weight: 400;\">Den Pudding anschlie\u00dfend gleichm\u00e4\u00dfig in Gl\u00e4ser oder Sch\u00e4lchen verteilen und f\u00fcr 30 Minuten (am besten \u00fcber Nacht) im K\u00fchlschrank quellen lassen.<\/span><\/li>\n<li style=\"font-weight: 400;\" aria-level=\"1\"><span style=\"font-weight: 400;\">Die \u00c4pfel waschen, entkernen, in kleine W\u00fcrfel schneiden und auf dem Pudding verteilen.<\/span><\/li>\n<\/ol>\n<p><strong>Tipps:<\/strong><\/p>\n<ul>\n<li style=\"font-weight: 400;\" aria-level=\"1\"><span style=\"font-weight: 400;\">Statt Apfel kann man auch anderes Obst der Saison verwenden.<\/span><\/li>\n<li style=\"font-weight: 400;\" aria-level=\"1\"><span style=\"font-weight: 400;\">\u00a0<\/span><span style=\"font-weight: 400;\">Den Pudding kann man auch sehr gut unterwegs als Fr\u00fchst\u00fcck oder Snack verzehren. Daf\u00fcr den Pudding in verschlie\u00dfbare Gl\u00e4ser, wie z.B. Marmelade- oder Gurkengl\u00e4ser, f\u00fcllen.<\/span><\/li>\n<li style=\"font-weight: 400;\" aria-level=\"1\"><span style=\"font-weight: 400;\">Im K\u00fchlschrank gelagert ist der Pudding 3-4 Tage haltbar.<\/span><\/li>\n<\/ul>\n<p><span style=\"font-weight: 400;\">\u00a0<\/span><\/p>\n<h3>Mittag: Warmer Fenchel-Chicor\u00e9e-Salat<\/h3>\n<p><strong>Zutaten f\u00fcr 2-3 Portionen:<\/strong><\/p>\n<ul>\n<li style=\"font-weight: 400;\" aria-level=\"1\"><span style=\"font-weight: 400;\">150g H\u00fcttenk\u00e4se<\/span><\/li>\n<li style=\"font-weight: 400;\" aria-level=\"1\"><span style=\"font-weight: 400;\">\u00a0<\/span><span style=\"font-weight: 400;\">30g Walnusskerne<\/span><\/li>\n<li style=\"font-weight: 400;\" aria-level=\"1\"><span style=\"font-weight: 400;\">2 Chicor\u00e9e<\/span><\/li>\n<li style=\"font-weight: 400;\" aria-level=\"1\"><span style=\"font-weight: 400;\">1 Fenchelknolle<\/span><\/li>\n<li style=\"font-weight: 400;\" aria-level=\"1\"><span style=\"font-weight: 400;\">3 EL Oliven\u00f6l<\/span><\/li>\n<li style=\"font-weight: 400;\" aria-level=\"1\"><span style=\"font-weight: 400;\">\u00a0<\/span><span style=\"font-weight: 400;\">2 EL dunkler Balsamico-Essig<\/span><\/li>\n<li style=\"font-weight: 400;\" aria-level=\"1\"><span style=\"font-weight: 400;\">1 TL Honig<\/span><\/li>\n<li style=\"font-weight: 400;\" aria-level=\"1\"><span style=\"font-weight: 400;\">1 TL Senf<\/span><\/li>\n<li style=\"font-weight: 400;\" aria-level=\"1\"><span style=\"font-weight: 400;\">Salz, Pfeffer<\/span><\/li>\n<\/ul>\n<p><strong>Zubereitung:<\/strong><\/p>\n<ol>\n<li style=\"font-weight: 400;\" aria-level=\"1\"><span style=\"font-weight: 400;\">Fenchel und Chicor\u00e9e waschen. Die Chicor\u00e9e-Bl\u00e4tter auseinanderzupfen und den Fenchel in feine Scheiben schneiden.<\/span><\/li>\n<li style=\"font-weight: 400;\" aria-level=\"1\"><span style=\"font-weight: 400;\">Anschlie\u00dfend in einer Pfanne mit einem Essl\u00f6ffel Oliven\u00f6l unter gelegentlichem R\u00fchren 3-4 Minuten anbraten.<\/span><\/li>\n<li style=\"font-weight: 400;\" aria-level=\"1\"><span style=\"font-weight: 400;\">Das restliche Oliven\u00f6l mit dem Balsamico-Essig, Honig und Senf verr\u00fchren und mit Salz und Pfeffer w\u00fcrzen.<\/span><\/li>\n<li style=\"font-weight: 400;\" aria-level=\"1\"><span style=\"font-weight: 400;\">Die Walnusskerne mit einem Messer grob hacken.<\/span><\/li>\n<li style=\"font-weight: 400;\" aria-level=\"1\"><span style=\"font-weight: 400;\">Das gebratene Gem\u00fcse auf vorgew\u00e4rmten Tellern verteilen, mit dem Dressing \u00fcbergie\u00dfen, den H\u00fcttenk\u00e4se gleichm\u00e4\u00dfig dar\u00fcber verteilen und mit den gehackten Waln\u00fcssen garnieren.<\/span><\/li>\n<\/ol>\n<h3>Abendessen: Kartoffel-Tomaten-Frittata<\/h3>\n<p><strong>Zutaten f\u00fcr 2-3 Portionen:<\/strong><\/p>\n<ul>\n<li style=\"font-weight: 400;\" aria-level=\"1\"><span style=\"font-weight: 400;\">150g Kartoffeln<\/span><\/li>\n<li style=\"font-weight: 400;\" aria-level=\"1\"><span style=\"font-weight: 400;\">100g Kirschtomaten<\/span><\/li>\n<li style=\"font-weight: 400;\" aria-level=\"1\"><span style=\"font-weight: 400;\">50g Champignons<\/span><\/li>\n<li style=\"font-weight: 400;\" aria-level=\"1\"><span style=\"font-weight: 400;\">\u00a0<\/span><span style=\"font-weight: 400;\">4 Eier<\/span><\/li>\n<li style=\"font-weight: 400;\" aria-level=\"1\"><span style=\"font-weight: 400;\">1 Jungzwiebel<\/span><\/li>\n<li style=\"font-weight: 400;\" aria-level=\"1\"><span style=\"font-weight: 400;\">1 EL Oliven\u00f6l<\/span><\/li>\n<li style=\"font-weight: 400;\" aria-level=\"1\"><span style=\"font-weight: 400;\">\u00bd Bund frische Petersilie<\/span><\/li>\n<li style=\"font-weight: 400;\" aria-level=\"1\"><span style=\"font-weight: 400;\">Salz, Pfeffer<\/span><\/li>\n<\/ul>\n<p><strong>Zubereitung:<\/strong><\/p>\n<ol>\n<li style=\"font-weight: 400;\" aria-level=\"1\"><span style=\"font-weight: 400;\">Die Kartoffeln samt Schale in einem Topf mit Wasser ca. 20 Minuten garkochen. Anschlie\u00dfend sch\u00e4len und in W\u00fcrfel schneiden.<\/span><\/li>\n<li style=\"font-weight: 400;\" aria-level=\"1\"><span style=\"font-weight: 400;\">Tomaten und Jungzwiebel waschen. Die Tomaten vierteln, die Jungzwiebel in Ringe schneiden.<\/span><\/li>\n<li style=\"font-weight: 400;\" aria-level=\"1\"><span style=\"font-weight: 400;\">Die Champignons putzen und in feine Scheiben schneiden. Die Petersilie fein hacken.<\/span><\/li>\n<li style=\"font-weight: 400;\" aria-level=\"1\"><span style=\"font-weight: 400;\">Die Eier in einer Sch\u00fcssel aufschlagen, mit Salz und Pfeffer w\u00fcrzen und die H\u00e4lfte der Petersilie zuf\u00fcgen.<\/span><\/li>\n<li style=\"font-weight: 400;\" aria-level=\"1\"><span style=\"font-weight: 400;\">Eine beschichtete Pfanne mit Oliven\u00f6l erhitzen, Kartoffeln, Champignons und Jungzwiebel f\u00fcr 2-3 Minuten darin anbraten.<\/span><\/li>\n<li style=\"font-weight: 400;\" aria-level=\"1\"><span style=\"font-weight: 400;\">Die Eimasse in die Pfanne f\u00fcllen, die Kirschtomaten gleichm\u00e4\u00dfig darauf verteilen und zugedeckt bei mittlerer Hitze 10 bis 15 Minuten stocken lassen.<\/span><\/li>\n<li style=\"font-weight: 400;\" aria-level=\"1\"><span style=\"font-weight: 400;\">Die Frittata vor dem Verzehr mit der restlichen Petersilie bestreuen und warm genie\u00dfen.<\/span><\/li>\n<\/ol>\n<p><span style=\"font-weight: 400;\">\u00a0<\/span><\/p>\n<p><span style=\"font-weight: 400;\">Ern\u00e4hrungstrends kommen und gehen, doch die Gr\u00fcnde f\u00fcr eine bestimmte Ern\u00e4hrungsform sind vielf\u00e4ltig. Wirtschafts- und Klimakrise haben genauso Einfluss auf die Ern\u00e4hrungsweise, wie auch gesundheitliche Gr\u00fcnde und das eigene Wohlbefinden.<\/span><\/p>\n<p><span style=\"font-weight: 400;\">Nicht jede Art der Ern\u00e4hrung ist f\u00fcr jeden Menschen geeignet. Wichtig ist jedoch, eine ausgewogene und abwechslungsreiche Ern\u00e4hrungsweise zu w\u00e4hlen, um den K\u00f6rper mit m\u00f6glichst vielen wichtigen N\u00e4hrstoffen zu versorgen. Dabei ist es ganz egal, ob man sich klima- oder darmfreundlich, clean, vegan, vegetarisch oder omnivor ern\u00e4hrt und ob man seine Speisen digital oder analog tracken m\u00f6chte.<\/span><\/p>\n<p><span style=\"font-weight: 400;\">Wesentlich ist, seine Speisen bunt, abwechslungsreich und vielseitig zu gestalten und nat\u00fcrlichen Lebensmitteln aus nachhaltigem Anbau den Vorzug zu geben. Die Hauptsache dabei ist, dass die Speisen schmecken, den K\u00f6rper n\u00e4hren und die Gesundheit f\u00f6rdern.<\/span><\/p>\n<p><span style=\"font-weight: 400;\">In unserem Onlineshop findest du eine gro\u00dfe Auswahl an gesunden und nachhaltig produzierten Lebensmitteln f\u00fcr eine ausgewogene Ern\u00e4hrung.<\/span>[\/vc_column_text][\/vc_column][\/vc_row]\n","protected":false},"excerpt":{"rendered":"<p>[vc_row type=&#8220;in_container&#8220; full_screen_row_position=&#8220;middle&#8220; column_margin=&#8220;default&#8220; column_direction=&#8220;default&#8220; column_direction_tablet=&#8220;default&#8220; column_direction_phone=&#8220;default&#8220; scene_position=&#8220;center&#8220; text_color=&#8220;dark&#8220; text_align=&#8220;left&#8220; row_border_radius=&#8220;none&#8220; row_border_radius_applies=&#8220;bg&#8220; overflow=&#8220;visible&#8220; overlay_strength=&#8220;0.3&#8243; gradient_direction=&#8220;left_to_right&#8220;&#8230;<\/p>\n","protected":false},"author":3,"featured_media":7562,"comment_status":"closed","ping_status":"closed","sticky":false,"template":"","format":"standard","meta":{"footnotes":""},"categories":[24],"tags":[],"class_list":{"0":"post-7560","1":"post","2":"type-post","3":"status-publish","4":"format-standard","5":"has-post-thumbnail","7":"category-produkte"},"yoast_head":"<!-- This site is optimized with the Yoast SEO plugin v25.4 - https:\/\/yoast.com\/wordpress\/plugins\/seo\/ -->\n<title>Ern\u00e4hrungstrends im \u00dcberblick: Was 2024 auf dem Teller landet<\/title>\n<meta name=\"description\" content=\"Welche Ern\u00e4hrungstrends 2024 dominieren! Von Clean Eating bis zur digitalen Ern\u00e4hrungstherapie \u2013 entdecke 3 passende Rezepte.\" \/>\n<meta name=\"robots\" content=\"index, follow, max-snippet:-1, max-image-preview:large, max-video-preview:-1\" \/>\n<link rel=\"canonical\" href=\"https:\/\/www.vomfeld.at\/blog\/ernaehrungstrends-ueberblick-2024\/\" \/>\n<meta property=\"og:locale\" content=\"de_DE\" \/>\n<meta property=\"og:type\" content=\"article\" \/>\n<meta property=\"og:title\" content=\"Ern\u00e4hrungstrends im \u00dcberblick: Was 2024 auf dem Teller landet\" \/>\n<meta property=\"og:description\" content=\"Welche Ern\u00e4hrungstrends 2024 dominieren! Von Clean Eating bis zur digitalen Ern\u00e4hrungstherapie \u2013 entdecke 3 passende Rezepte.\" \/>\n<meta property=\"og:url\" content=\"https:\/\/www.vomfeld.at\/blog\/ernaehrungstrends-ueberblick-2024\/\" \/>\n<meta property=\"og:site_name\" content=\"Johanna vom Feld Blog\" \/>\n<meta property=\"article:publisher\" content=\"https:\/\/www.facebook.com\/vomfeld.at\/\" \/>\n<meta property=\"article:published_time\" content=\"2024-08-21T07:00:44+00:00\" \/>\n<meta property=\"og:image\" content=\"https:\/\/www.vomfeld.at\/blog\/wp-content\/uploads\/2024\/08\/fruechte-bowl.jpg\" \/>\n\t<meta property=\"og:image:width\" content=\"1600\" \/>\n\t<meta property=\"og:image:height\" content=\"1000\" \/>\n\t<meta property=\"og:image:type\" content=\"image\/jpeg\" \/>\n<meta name=\"author\" content=\"Johanna\" \/>\n<meta name=\"twitter:card\" content=\"summary_large_image\" \/>\n<meta name=\"twitter:label1\" content=\"Verfasst von\" \/>\n\t<meta name=\"twitter:data1\" content=\"Johanna\" \/>\n\t<meta name=\"twitter:label2\" content=\"Gesch\u00e4tzte Lesezeit\" \/>\n\t<meta name=\"twitter:data2\" content=\"10\u00a0Minuten\" \/>\n<script type=\"application\/ld+json\" class=\"yoast-schema-graph\">{\"@context\":\"https:\/\/schema.org\",\"@graph\":[{\"@type\":\"Article\",\"@id\":\"https:\/\/www.vomfeld.at\/blog\/ernaehrungstrends-ueberblick-2024\/#article\",\"isPartOf\":{\"@id\":\"https:\/\/www.vomfeld.at\/blog\/ernaehrungstrends-ueberblick-2024\/\"},\"author\":{\"name\":\"Johanna\",\"@id\":\"https:\/\/www.vomfeld.at\/blog\/#\/schema\/person\/8dab792dce4e00bc69ebf949f6eab1bf\"},\"headline\":\"Ern\u00e4hrungstrends im \u00dcberblick: Was 2024 auf dem Teller landet\",\"datePublished\":\"2024-08-21T07:00:44+00:00\",\"mainEntityOfPage\":{\"@id\":\"https:\/\/www.vomfeld.at\/blog\/ernaehrungstrends-ueberblick-2024\/\"},\"wordCount\":1921,\"publisher\":{\"@id\":\"https:\/\/www.vomfeld.at\/blog\/#organization\"},\"image\":{\"@id\":\"https:\/\/www.vomfeld.at\/blog\/ernaehrungstrends-ueberblick-2024\/#primaryimage\"},\"thumbnailUrl\":\"https:\/\/www.vomfeld.at\/blog\/wp-content\/uploads\/2024\/08\/fruechte-bowl.jpg\",\"articleSection\":[\"Produkte\"],\"inLanguage\":\"de\"},{\"@type\":\"WebPage\",\"@id\":\"https:\/\/www.vomfeld.at\/blog\/ernaehrungstrends-ueberblick-2024\/\",\"url\":\"https:\/\/www.vomfeld.at\/blog\/ernaehrungstrends-ueberblick-2024\/\",\"name\":\"Ern\u00e4hrungstrends im \u00dcberblick: Was 2024 auf dem Teller landet\",\"isPartOf\":{\"@id\":\"https:\/\/www.vomfeld.at\/blog\/#website\"},\"primaryImageOfPage\":{\"@id\":\"https:\/\/www.vomfeld.at\/blog\/ernaehrungstrends-ueberblick-2024\/#primaryimage\"},\"image\":{\"@id\":\"https:\/\/www.vomfeld.at\/blog\/ernaehrungstrends-ueberblick-2024\/#primaryimage\"},\"thumbnailUrl\":\"https:\/\/www.vomfeld.at\/blog\/wp-content\/uploads\/2024\/08\/fruechte-bowl.jpg\",\"datePublished\":\"2024-08-21T07:00:44+00:00\",\"description\":\"Welche Ern\u00e4hrungstrends 2024 dominieren! Von Clean Eating bis zur digitalen Ern\u00e4hrungstherapie \u2013 entdecke 3 passende Rezepte.\",\"breadcrumb\":{\"@id\":\"https:\/\/www.vomfeld.at\/blog\/ernaehrungstrends-ueberblick-2024\/#breadcrumb\"},\"inLanguage\":\"de\",\"potentialAction\":[{\"@type\":\"ReadAction\",\"target\":[\"https:\/\/www.vomfeld.at\/blog\/ernaehrungstrends-ueberblick-2024\/\"]}]},{\"@type\":\"ImageObject\",\"inLanguage\":\"de\",\"@id\":\"https:\/\/www.vomfeld.at\/blog\/ernaehrungstrends-ueberblick-2024\/#primaryimage\",\"url\":\"https:\/\/www.vomfeld.at\/blog\/wp-content\/uploads\/2024\/08\/fruechte-bowl.jpg\",\"contentUrl\":\"https:\/\/www.vomfeld.at\/blog\/wp-content\/uploads\/2024\/08\/fruechte-bowl.jpg\",\"width\":1600,\"height\":1000,\"caption\":\"Fr\u00fcchte-Bowl mit Dekoration\"},{\"@type\":\"BreadcrumbList\",\"@id\":\"https:\/\/www.vomfeld.at\/blog\/ernaehrungstrends-ueberblick-2024\/#breadcrumb\",\"itemListElement\":[{\"@type\":\"ListItem\",\"position\":1,\"name\":\"Startseite\",\"item\":\"https:\/\/www.vomfeld.at\/blog\/\"},{\"@type\":\"ListItem\",\"position\":2,\"name\":\"Ern\u00e4hrungstrends im \u00dcberblick: Was 2024 auf dem Teller landet\"}]},{\"@type\":\"WebSite\",\"@id\":\"https:\/\/www.vomfeld.at\/blog\/#website\",\"url\":\"https:\/\/www.vomfeld.at\/blog\/\",\"name\":\"Johanna vom Feld Blog\",\"description\":\"Mehr aus Lebensmitteln vom Feld machen\",\"publisher\":{\"@id\":\"https:\/\/www.vomfeld.at\/blog\/#organization\"},\"potentialAction\":[{\"@type\":\"SearchAction\",\"target\":{\"@type\":\"EntryPoint\",\"urlTemplate\":\"https:\/\/www.vomfeld.at\/blog\/?s={search_term_string}\"},\"query-input\":{\"@type\":\"PropertyValueSpecification\",\"valueRequired\":true,\"valueName\":\"search_term_string\"}}],\"inLanguage\":\"de\"},{\"@type\":\"Organization\",\"@id\":\"https:\/\/www.vomfeld.at\/blog\/#organization\",\"name\":\"Johanna vom Feld\",\"url\":\"https:\/\/www.vomfeld.at\/blog\/\",\"logo\":{\"@type\":\"ImageObject\",\"inLanguage\":\"de\",\"@id\":\"https:\/\/www.vomfeld.at\/blog\/#\/schema\/logo\/image\/\",\"url\":\"https:\/\/www.vomfeld.at\/blog\/wp-content\/uploads\/2018\/10\/vomfeld-logo-large.png\",\"contentUrl\":\"https:\/\/www.vomfeld.at\/blog\/wp-content\/uploads\/2018\/10\/vomfeld-logo-large.png\",\"width\":340,\"height\":200,\"caption\":\"Johanna vom Feld\"},\"image\":{\"@id\":\"https:\/\/www.vomfeld.at\/blog\/#\/schema\/logo\/image\/\"},\"sameAs\":[\"https:\/\/www.facebook.com\/vomfeld.at\/\"]},{\"@type\":\"Person\",\"@id\":\"https:\/\/www.vomfeld.at\/blog\/#\/schema\/person\/8dab792dce4e00bc69ebf949f6eab1bf\",\"name\":\"Johanna\"}]}<\/script>\n<!-- \/ Yoast SEO plugin. -->","yoast_head_json":{"title":"Ern\u00e4hrungstrends im \u00dcberblick: Was 2024 auf dem Teller landet","description":"Welche Ern\u00e4hrungstrends 2024 dominieren! Von Clean Eating bis zur digitalen Ern\u00e4hrungstherapie \u2013 entdecke 3 passende Rezepte.","robots":{"index":"index","follow":"follow","max-snippet":"max-snippet:-1","max-image-preview":"max-image-preview:large","max-video-preview":"max-video-preview:-1"},"canonical":"https:\/\/www.vomfeld.at\/blog\/ernaehrungstrends-ueberblick-2024\/","og_locale":"de_DE","og_type":"article","og_title":"Ern\u00e4hrungstrends im \u00dcberblick: Was 2024 auf dem Teller landet","og_description":"Welche Ern\u00e4hrungstrends 2024 dominieren! Von Clean Eating bis zur digitalen Ern\u00e4hrungstherapie \u2013 entdecke 3 passende Rezepte.","og_url":"https:\/\/www.vomfeld.at\/blog\/ernaehrungstrends-ueberblick-2024\/","og_site_name":"Johanna vom Feld Blog","article_publisher":"https:\/\/www.facebook.com\/vomfeld.at\/","article_published_time":"2024-08-21T07:00:44+00:00","og_image":[{"width":1600,"height":1000,"url":"https:\/\/www.vomfeld.at\/blog\/wp-content\/uploads\/2024\/08\/fruechte-bowl.jpg","type":"image\/jpeg"}],"author":"Johanna","twitter_card":"summary_large_image","twitter_misc":{"Verfasst von":"Johanna","Gesch\u00e4tzte Lesezeit":"10\u00a0Minuten"},"schema":{"@context":"https:\/\/schema.org","@graph":[{"@type":"Article","@id":"https:\/\/www.vomfeld.at\/blog\/ernaehrungstrends-ueberblick-2024\/#article","isPartOf":{"@id":"https:\/\/www.vomfeld.at\/blog\/ernaehrungstrends-ueberblick-2024\/"},"author":{"name":"Johanna","@id":"https:\/\/www.vomfeld.at\/blog\/#\/schema\/person\/8dab792dce4e00bc69ebf949f6eab1bf"},"headline":"Ern\u00e4hrungstrends im \u00dcberblick: Was 2024 auf dem Teller landet","datePublished":"2024-08-21T07:00:44+00:00","mainEntityOfPage":{"@id":"https:\/\/www.vomfeld.at\/blog\/ernaehrungstrends-ueberblick-2024\/"},"wordCount":1921,"publisher":{"@id":"https:\/\/www.vomfeld.at\/blog\/#organization"},"image":{"@id":"https:\/\/www.vomfeld.at\/blog\/ernaehrungstrends-ueberblick-2024\/#primaryimage"},"thumbnailUrl":"https:\/\/www.vomfeld.at\/blog\/wp-content\/uploads\/2024\/08\/fruechte-bowl.jpg","articleSection":["Produkte"],"inLanguage":"de"},{"@type":"WebPage","@id":"https:\/\/www.vomfeld.at\/blog\/ernaehrungstrends-ueberblick-2024\/","url":"https:\/\/www.vomfeld.at\/blog\/ernaehrungstrends-ueberblick-2024\/","name":"Ern\u00e4hrungstrends im \u00dcberblick: Was 2024 auf dem Teller landet","isPartOf":{"@id":"https:\/\/www.vomfeld.at\/blog\/#website"},"primaryImageOfPage":{"@id":"https:\/\/www.vomfeld.at\/blog\/ernaehrungstrends-ueberblick-2024\/#primaryimage"},"image":{"@id":"https:\/\/www.vomfeld.at\/blog\/ernaehrungstrends-ueberblick-2024\/#primaryimage"},"thumbnailUrl":"https:\/\/www.vomfeld.at\/blog\/wp-content\/uploads\/2024\/08\/fruechte-bowl.jpg","datePublished":"2024-08-21T07:00:44+00:00","description":"Welche Ern\u00e4hrungstrends 2024 dominieren! Von Clean Eating bis zur digitalen Ern\u00e4hrungstherapie \u2013 entdecke 3 passende Rezepte.","breadcrumb":{"@id":"https:\/\/www.vomfeld.at\/blog\/ernaehrungstrends-ueberblick-2024\/#breadcrumb"},"inLanguage":"de","potentialAction":[{"@type":"ReadAction","target":["https:\/\/www.vomfeld.at\/blog\/ernaehrungstrends-ueberblick-2024\/"]}]},{"@type":"ImageObject","inLanguage":"de","@id":"https:\/\/www.vomfeld.at\/blog\/ernaehrungstrends-ueberblick-2024\/#primaryimage","url":"https:\/\/www.vomfeld.at\/blog\/wp-content\/uploads\/2024\/08\/fruechte-bowl.jpg","contentUrl":"https:\/\/www.vomfeld.at\/blog\/wp-content\/uploads\/2024\/08\/fruechte-bowl.jpg","width":1600,"height":1000,"caption":"Fr\u00fcchte-Bowl mit Dekoration"},{"@type":"BreadcrumbList","@id":"https:\/\/www.vomfeld.at\/blog\/ernaehrungstrends-ueberblick-2024\/#breadcrumb","itemListElement":[{"@type":"ListItem","position":1,"name":"Startseite","item":"https:\/\/www.vomfeld.at\/blog\/"},{"@type":"ListItem","position":2,"name":"Ern\u00e4hrungstrends im \u00dcberblick: Was 2024 auf dem Teller landet"}]},{"@type":"WebSite","@id":"https:\/\/www.vomfeld.at\/blog\/#website","url":"https:\/\/www.vomfeld.at\/blog\/","name":"Johanna vom Feld Blog","description":"Mehr aus Lebensmitteln vom Feld machen","publisher":{"@id":"https:\/\/www.vomfeld.at\/blog\/#organization"},"potentialAction":[{"@type":"SearchAction","target":{"@type":"EntryPoint","urlTemplate":"https:\/\/www.vomfeld.at\/blog\/?s={search_term_string}"},"query-input":{"@type":"PropertyValueSpecification","valueRequired":true,"valueName":"search_term_string"}}],"inLanguage":"de"},{"@type":"Organization","@id":"https:\/\/www.vomfeld.at\/blog\/#organization","name":"Johanna vom Feld","url":"https:\/\/www.vomfeld.at\/blog\/","logo":{"@type":"ImageObject","inLanguage":"de","@id":"https:\/\/www.vomfeld.at\/blog\/#\/schema\/logo\/image\/","url":"https:\/\/www.vomfeld.at\/blog\/wp-content\/uploads\/2018\/10\/vomfeld-logo-large.png","contentUrl":"https:\/\/www.vomfeld.at\/blog\/wp-content\/uploads\/2018\/10\/vomfeld-logo-large.png","width":340,"height":200,"caption":"Johanna vom Feld"},"image":{"@id":"https:\/\/www.vomfeld.at\/blog\/#\/schema\/logo\/image\/"},"sameAs":["https:\/\/www.facebook.com\/vomfeld.at\/"]},{"@type":"Person","@id":"https:\/\/www.vomfeld.at\/blog\/#\/schema\/person\/8dab792dce4e00bc69ebf949f6eab1bf","name":"Johanna"}]}},"_links":{"self":[{"href":"https:\/\/www.vomfeld.at\/blog\/wp-json\/wp\/v2\/posts\/7560","targetHints":{"allow":["GET"]}}],"collection":[{"href":"https:\/\/www.vomfeld.at\/blog\/wp-json\/wp\/v2\/posts"}],"about":[{"href":"https:\/\/www.vomfeld.at\/blog\/wp-json\/wp\/v2\/types\/post"}],"author":[{"embeddable":true,"href":"https:\/\/www.vomfeld.at\/blog\/wp-json\/wp\/v2\/users\/3"}],"replies":[{"embeddable":true,"href":"https:\/\/www.vomfeld.at\/blog\/wp-json\/wp\/v2\/comments?post=7560"}],"version-history":[{"count":1,"href":"https:\/\/www.vomfeld.at\/blog\/wp-json\/wp\/v2\/posts\/7560\/revisions"}],"predecessor-version":[{"id":7564,"href":"https:\/\/www.vomfeld.at\/blog\/wp-json\/wp\/v2\/posts\/7560\/revisions\/7564"}],"wp:featuredmedia":[{"embeddable":true,"href":"https:\/\/www.vomfeld.at\/blog\/wp-json\/wp\/v2\/media\/7562"}],"wp:attachment":[{"href":"https:\/\/www.vomfeld.at\/blog\/wp-json\/wp\/v2\/media?parent=7560"}],"wp:term":[{"taxonomy":"category","embeddable":true,"href":"https:\/\/www.vomfeld.at\/blog\/wp-json\/wp\/v2\/categories?post=7560"},{"taxonomy":"post_tag","embeddable":true,"href":"https:\/\/www.vomfeld.at\/blog\/wp-json\/wp\/v2\/tags?post=7560"}],"curies":[{"name":"wp","href":"https:\/\/api.w.org\/{rel}","templated":true}]}}