{"id":7513,"date":"2024-05-29T13:40:25","date_gmt":"2024-05-29T11:40:25","guid":{"rendered":"https:\/\/www.vomfeld.at\/blog\/?p=7513"},"modified":"2024-05-29T13:40:25","modified_gmt":"2024-05-29T11:40:25","slug":"marillen-geniessen-tipps-haltbarkeit-rezeptideen","status":"publish","type":"post","link":"https:\/\/www.vomfeld.at\/blog\/marillen-geniessen-tipps-haltbarkeit-rezeptideen\/","title":{"rendered":"Marillen genie\u00dfen: Tipps zur Haltbarkeit und k\u00f6stliche Rezeptideen"},"content":{"rendered":"[vc_row type=&#8220;in_container&#8220; full_screen_row_position=&#8220;middle&#8220; column_margin=&#8220;default&#8220; column_direction=&#8220;default&#8220; column_direction_tablet=&#8220;default&#8220; column_direction_phone=&#8220;default&#8220; scene_position=&#8220;center&#8220; text_color=&#8220;dark&#8220; text_align=&#8220;left&#8220; row_border_radius=&#8220;none&#8220; row_border_radius_applies=&#8220;bg&#8220; overflow=&#8220;visible&#8220; overlay_strength=&#8220;0.3&#8243; gradient_direction=&#8220;left_to_right&#8220; shape_divider_position=&#8220;bottom&#8220; bg_image_animation=&#8220;none&#8220;][vc_column column_padding=&#8220;no-extra-padding&#8220; column_padding_tablet=&#8220;inherit&#8220; column_padding_phone=&#8220;inherit&#8220; column_padding_position=&#8220;all&#8220; column_element_direction_desktop=&#8220;default&#8220; column_element_spacing=&#8220;default&#8220; desktop_text_alignment=&#8220;default&#8220; tablet_text_alignment=&#8220;default&#8220; phone_text_alignment=&#8220;default&#8220; background_color_opacity=&#8220;1&#8243; background_hover_color_opacity=&#8220;1&#8243; column_backdrop_filter=&#8220;none&#8220; column_shadow=&#8220;none&#8220; column_border_radius=&#8220;none&#8220; column_link_target=&#8220;_self&#8220; column_position=&#8220;default&#8220; gradient_direction=&#8220;left_to_right&#8220; overlay_strength=&#8220;0.3&#8243; width=&#8220;1\/1&#8243; tablet_width_inherit=&#8220;default&#8220; animation_type=&#8220;default&#8220; bg_image_animation=&#8220;none&#8220; border_type=&#8220;simple&#8220; column_border_width=&#8220;none&#8220; column_border_style=&#8220;solid&#8220;][vc_column_text]<span style=\"font-weight: 400;\">Im Fr\u00fchjahr zieht die Marillenbl\u00fcte zahlreiche Pflanzenliebhaber in ihren Bann. Im Sommer d\u00fcrfen wir dann die s\u00fc\u00dfen Fr\u00fcchte aus heimischem Anbau genie\u00dfen. Die <strong>Saison ist kurz<\/strong> und Marillen sind leider auch nicht lange haltbar.<\/span><\/p>\n<p><span style=\"font-weight: 400;\">Um mehr \u00fcber dieses Sommerobst zu erfahren, haben wir dieses Fr\u00fcchtchen mal genauer unter die Lupe genommen und viel Interessantes dar\u00fcber entdeckt. Welche Vorz\u00fcge Marillen haben und wie du sie l\u00e4nger haltbar machen kannst, erf\u00e4hrst du im folgenden Beitrag.<\/span><\/p>\n<h2>Weit gereistes Fr\u00fcchtchen<\/h2>\n<p><span style=\"font-weight: 400;\">Der Ursprung der Marille liegt in <strong>China.<\/strong> Von dort aus gelangte sie \u00fcber Armenien und den Mittelmeerraum oder \u00fcber das Schwarze Meer und den Donauraum nach Europa. Angeblich soll <strong>Alexander der Gro\u00dfe<\/strong> mit der Verbreitung der Marille zu tun haben.<\/span><\/p>\n<p><span style=\"font-weight: 400;\">In Deutschland wird sie <strong>Aprikose<\/strong> genannt, in Bayern, S\u00fcdtirol und \u00d6sterreich nennt man sie Marille. <\/span><span style=\"font-weight: 400;\">Sie z\u00e4hlt zu der Familie der Rosengew\u00e4chse und ist somit mit Pfirsich und Mandel verwandt.<\/span><\/p>\n<p><span style=\"font-weight: 400;\">Der \u00e4lteste Marillenkern, den man in \u00d6sterreich bisher gefunden hat, stammt aus dem <strong>ersten Jahrhundert nach Christus.<\/strong> Das weltweit gr\u00f6\u00dfte Anbaugebiet befindet sich in der T\u00fcrkei sowie im gesamten Mittelmeerraum. Als w\u00e4rmeliebende Pflanze wird sie in \u00d6sterreich vorwiegend in der Steiermark, dem Burgenland und in Nieder\u00f6sterreich, genauer gesagt in der Wachau und dem Weinviertel, angebaut.<\/span><\/p>\n<h2>W\u00e4rmeliebende Pflanze<\/h2>\n<p><span style=\"font-weight: 400;\">Die Marillenb\u00e4ume sind Sonnenanbeter und kommen mit Trockenheit gut zurecht. Frost im Fr\u00fchling und Regen zur Erntezeit setzen der Pflanze ordentlich zu. Die B\u00e4ume sind Laubb\u00e4ume, die bis zu sechs Meter hoch werden. Im Fr\u00fchling locken <strong>wei\u00dfe und rosafarbige Bl\u00fcten<\/strong> zahlreiche Bienen und Besucher in ihren Bann.<\/span><\/p>\n<p><span style=\"font-weight: 400;\">Die Fr\u00fcchte werden ca. 4-8 cm gro\u00df, die im Inneren einen harten, verholzten Kern besitzen. Daher z\u00e4hlen Marillen zu den Steinfr\u00fcchten. Die Marillen sind orange gef\u00e4rbt, manchmal f\u00e4rbt sich die sonnenzugewandte Seite auch rot. Sie haben eine <strong>samtig, pelzige Schale<\/strong> und eine f\u00fcr sie typische L\u00e4ngsfurche.<\/span><\/p>\n<p><span style=\"font-weight: 400;\">Erntezeit ist in \u00d6sterreich von Juli bis Anfang August und erfolgt <strong>meist per Hand,<\/strong> da nicht alle Fr\u00fcchte am Baum zur selben Zeit reifen. Geerntet werden nur vollreife Fr\u00fcchte. Reife Fr\u00fcchte lassen sich gut erkennen, wenn sich der Kern leicht herausl\u00f6sen l\u00e4sst und nicht am Fruchtfleisch kleben bleibt.<\/span>[\/vc_column_text][divider line_type=&#8220;No Line&#8220; custom_height=&#8220;20&#8243;][image_with_animation image_url=&#8220;7516&#8243; image_size=&#8220;full&#8220; animation_type=&#8220;entrance&#8220; animation=&#8220;Fade In&#8220; animation_easing=&#8220;default&#8220; animation_movement_type=&#8220;transform_y&#8220; hover_animation=&#8220;none&#8220; alignment=&#8220;center&#8220; img_link_large=&#8220;yes&#8220; border_radius=&#8220;none&#8220; box_shadow=&#8220;none&#8220; image_loading=&#8220;default&#8220; max_width=&#8220;100%&#8220; max_width_mobile=&#8220;default&#8220;][divider line_type=&#8220;No Line&#8220; custom_height=&#8220;20&#8243;][vc_column_text]\n<h2>Das steckt drin<\/h2>\n<p><span style=\"font-weight: 400;\">Marillen schmecken angenehm s\u00fc\u00df und liefern <strong>wertvolle N\u00e4hrstoffe.<\/strong> Sie enthalten Ballaststoffe, die sich positiv auf die Verdauung auswirken und die Darmgesundheit f\u00f6rdern. Die Fr\u00fcchte enthalten Vitamin C, das bei gleichzeitigem Verzehr eisenhaltiger Lebensmittel die Eisenaufnahme beg\u00fcnstigt.<\/span><\/p>\n<p><span style=\"font-weight: 400;\">Zudem wirkt sich dieses Vitamin auch positiv auf das Immunsystem aus. Die enthaltenen <strong>B-Vitamine<\/strong> sind wichtig f\u00fcr das Nervensystem. Marillen enthalten zudem <strong>Provitamin A,<\/strong> das der K\u00f6rper in Vitamin A umwandelt und f\u00fcr Augen und Haut wichtig ist. Dabei handelt es sich um ein fettl\u00f6sliches Vitamin, das zur Aufnahme Fett ben\u00f6tigt, was sogar in geringen Mengen in der Frucht bereits vorhanden ist.<\/span><\/p>\n<p><span style=\"font-weight: 400;\">Die Mineralstoffe <strong>Kalium und Magnesium<\/strong> haben Einfluss auf die Muskel- und Nierenfunktion und unterst\u00fctzen die Funktionen des Nervensystems. Der Farbstoff <strong>Beta-Carotin,<\/strong> der f\u00fcr die orange Farbe der Frucht sorgt, ist ein sekund\u00e4rer Pflanzenstoff, der antioxidative Wirkung hat. Dieser Pflanzenstoff hat positiven Einfluss auf den Alterungsprozess und kann das Krebsrisiko reduzieren.<\/span><\/p>\n<p><span style=\"font-weight: 400;\"><strong>Marillenkerne enthalten Blaus\u00e4ure,<\/strong> die schwere Vergiftungserscheinungen ausl\u00f6sen und sogar bis zum Tod f\u00fchren k\u00f6nnen. Vor allem Kinder sollten keine Marillenkerne verzehren und auch bei gesunden Erwachsenen gilt es, eine Verzehrmenge von 2-3 Kernen pro Tag nicht zu \u00fcberschreiten.<\/span><\/p>\n<p><span style=\"font-weight: 400;\">Symptome f\u00fcr eine akute Blaus\u00e4urevergiftung k\u00f6nnen Kopfschmerzen, Schwindel und Kr\u00e4mpfe sein, die auch schwerwiegende Verl\u00e4ufe haben k\u00f6nnen. Wer die Kerne wegl\u00e4sst, kann den Geschmack der Marille bedenkenlos auskosten.<\/span><\/p>\n<h2>Tipps f\u00fcr Marillengenuss pur<\/h2>\n<p><span style=\"font-weight: 400;\">F\u00fcr einen ungetr\u00fcbten Marillengenuss sollte man beim Einkauf und der Lagerung ein paar Dinge beachten:<\/span><\/p>\n<ul>\n<li style=\"font-weight: 400;\" aria-level=\"1\"><span style=\"font-weight: 400;\">Heimische Marillen sind Ende Juli\/Anfang August erh\u00e4ltlich, Marillen aus dem Mittelmeerraum erh\u00e4lt man bereits ab Mai.<\/span><\/li>\n<li style=\"font-weight: 400;\" aria-level=\"1\"><span style=\"font-weight: 400;\">Wenn sich der <strong>Kern leicht herausl\u00f6sen l\u00e4sst,<\/strong> haben die Fr\u00fcchte den idealen Reifegrad erreicht.<\/span><\/li>\n<li style=\"font-weight: 400;\" aria-level=\"1\"><span style=\"font-weight: 400;\">Beim Einkauf sollte man auf eine <strong>unbesch\u00e4digte, pralle Haut<\/strong> achten. Bei Druckstellen kann es zu raschem Verderb und Schimmelbefall kommen.<\/span><\/li>\n<li style=\"font-weight: 400;\" aria-level=\"1\"><span style=\"font-weight: 400;\">Marillen sind sehr empfindlich, daher sollte man sie <strong>einzeln nebeneinander liegend lagern<\/strong> und nicht stapeln, um Druckstellen zu vermeiden.<\/span><\/li>\n<li style=\"font-weight: 400;\" aria-level=\"1\"><span style=\"font-weight: 400;\">Am besten lagert man sie bei <strong>Zimmertemperatur.<\/strong> L\u00e4nger haltbar sind sie im Gem\u00fcsefach des K\u00fchlschranks, wobei der Geschmack darunter leiden kann. Daher sollte man Marillen nach dem Kauf rasch verzehren oder verarbeiten.<\/span><\/li>\n<li style=\"font-weight: 400;\" aria-level=\"1\"><span style=\"font-weight: 400;\">F\u00fcr die Zubereitung oder den Verzehr m\u00fcssen die Fr\u00fcchte nur gewaschen und der Kern herausgel\u00f6st werden. Dann kann man sie nach Belieben weiterverarbeiten oder roh genie\u00dfen.<\/span><\/li>\n<li style=\"font-weight: 400;\" aria-level=\"1\"><span style=\"font-weight: 400;\">Marillen eignen sich gut zum Einkochen. Auch zum Einfrieren sind sie gut geeignet, hier sollte man jedoch den <strong>Kern zuvor herausl\u00f6sen.<\/strong><\/span><\/li>\n<\/ul>\n<h2>Orange, s\u00fc\u00df und fruchtig<\/h2>\n<p><span style=\"font-weight: 400;\">Marillen vers\u00fc\u00dfen als Snack oder als Zutat in einem Obstsalat den Tag, doch auch in Desserts und S\u00fc\u00dfspeisen sind diese Fr\u00fcchtchen ein Genuss. Wir haben in unserer Rezeptsammlung ein paar Ideen f\u00fcr dich herausgesucht, die dir zeigen, wie vielseitig du dieses Obst zubereiten kannst.<\/span>[\/vc_column_text][divider line_type=&#8220;No Line&#8220; custom_height=&#8220;20&#8243;][image_with_animation image_url=&#8220;7515&#8243; image_size=&#8220;full&#8220; animation_type=&#8220;entrance&#8220; animation=&#8220;Fade In&#8220; animation_easing=&#8220;default&#8220; animation_movement_type=&#8220;transform_y&#8220; hover_animation=&#8220;none&#8220; alignment=&#8220;center&#8220; img_link_large=&#8220;yes&#8220; border_radius=&#8220;none&#8220; box_shadow=&#8220;none&#8220; image_loading=&#8220;default&#8220; max_width=&#8220;100%&#8220; max_width_mobile=&#8220;default&#8220;][divider line_type=&#8220;No Line&#8220; custom_height=&#8220;20&#8243;][vc_column_text]\n<h2>Selbstgemachtes Marillenkompott<\/h2>\n<p><span style=\"font-weight: 400;\">Dieses Rezept eignet sich sehr gut, um Marillen m\u00f6glichst lange haltbar zu machen. Das Kompott ist dunkel und k\u00fchl gelagert bis zu 8 Monate haltbar. Ist das Glas angebraucht, sollte man es im K\u00fchlschrank lagern und innerhalb weniger Tage verbrauchen.<\/span><\/p>\n<p><strong>Zutaten f\u00fcr 3-4 Einmachgl\u00e4ser:<\/strong><\/p>\n<ul>\n<li style=\"font-weight: 400;\" aria-level=\"1\"><span style=\"font-weight: 400;\">1kg frische Marillen<\/span><\/li>\n<li style=\"font-weight: 400;\" aria-level=\"1\"><span style=\"font-weight: 400;\">1l Wasser<\/span><\/li>\n<li style=\"font-weight: 400;\" aria-level=\"1\"><span style=\"font-weight: 400;\">300g Zucker<\/span><\/li>\n<\/ul>\n<p><strong>Zubereitung:<\/strong><\/p>\n<ol>\n<li style=\"font-weight: 400;\" aria-level=\"1\"><span style=\"font-weight: 400;\">Die Marillen waschen, halbieren und den Kern entfernen.<\/span><\/li>\n<li style=\"font-weight: 400;\" aria-level=\"1\"><span style=\"font-weight: 400;\">Anschlie\u00dfend in saubere Gl\u00e4ser bis oben hin f\u00fcllen, dabei nicht andr\u00fccken.<\/span><\/li>\n<li style=\"font-weight: 400;\" aria-level=\"1\"><span style=\"font-weight: 400;\">Das Backrohr auf 100\u00b0C (Ober-\/Unterhitze) vorheizen.<\/span><\/li>\n<li style=\"font-weight: 400;\" aria-level=\"1\"><span style=\"font-weight: 400;\">Wasser mit Zucker in einem Topf aufkochen, noch warm in die Gl\u00e4ser f\u00fcllen und verschlie\u00dfen.<\/span><\/li>\n<li style=\"font-weight: 400;\" aria-level=\"1\"><span style=\"font-weight: 400;\">Eine Auflaufform ca. 2-3 cm hoch mit Wasser bef\u00fcllen, die Gl\u00e4ser hineinstellen und im Backrohr f\u00fcr ca. 30 Minuten einkochen.<\/span><\/li>\n<\/ol>\n<h2>Veganes Marillen-Kokos-Eis<\/h2>\n<p><span style=\"font-weight: 400;\">Mit diesem Rezept kannst du dein Eis ohne eine Eismaschine ganz einfach selbst herstellen.<\/span><\/p>\n<p><strong>Zutaten f\u00fcr 2-3 Portionen:<\/strong><\/p>\n<ul>\n<li style=\"font-weight: 400;\" aria-level=\"1\"><span style=\"font-weight: 400;\">300g Marillen<\/span><\/li>\n<li style=\"font-weight: 400;\" aria-level=\"1\"><span style=\"font-weight: 400;\">200ml Kokosmilch aus der Dose<\/span><\/li>\n<li style=\"font-weight: 400;\" aria-level=\"1\"><span style=\"font-weight: 400;\">20g Zucker (Alternativ: Birkenzucker)<\/span><\/li>\n<\/ul>\n<p><strong>Zubereitung:<\/strong><\/p>\n<p><span style=\"font-weight: 400;\">Marillen waschen, halbieren und entkernen. Anschlie\u00dfend in kleine W\u00fcrfel schneiden.<\/span><\/p>\n<ol>\n<li style=\"font-weight: 400;\" aria-level=\"1\"><span style=\"font-weight: 400;\">Kokosmilch und Zucker in ein hohes Gef\u00e4\u00df f\u00fcllen und mit dem Stabmixer gut vermengen. Alternativ kann man auch einen Standmixer verwenden.<\/span><\/li>\n<li style=\"font-weight: 400;\" aria-level=\"1\"><span style=\"font-weight: 400;\">Die gew\u00fcrfelten Marillen zuf\u00fcgen und fein p\u00fcrieren.<\/span><\/li>\n<li style=\"font-weight: 400;\" aria-level=\"1\"><span style=\"font-weight: 400;\">Nun das Eis f\u00fcr 2-3 Stunden ins Gefrierfach stellen, gelegentlich herausnehmen und umr\u00fchren.<\/span><\/li>\n<li style=\"font-weight: 400;\" aria-level=\"1\"><span style=\"font-weight: 400;\">Das Eis nach Belieben servieren oder Strudel und Kuchen damit garnieren.<\/span><\/li>\n<\/ol>\n<p><strong>Tipp:<\/strong><\/p>\n<p><span style=\"font-weight: 400;\">Wenn es schnell gehen muss, kann man auch gefrorene Marillen verwenden. Dadurch wird die K\u00fchlzeit auf 20-30 Minuten reduziert.<\/span><\/p>\n<h2>Marillen-Hirse-Auflauf<\/h2>\n<p><strong>Zutaten f\u00fcr 2 Portionen:<\/strong><\/p>\n<ul>\n<li style=\"font-weight: 400;\" aria-level=\"1\"><span style=\"font-weight: 400;\">250g Topfen<\/span><\/li>\n<li style=\"font-weight: 400;\" aria-level=\"1\"><span style=\"font-weight: 400;\">200g Marillen<\/span><\/li>\n<li style=\"font-weight: 400;\" aria-level=\"1\"><span style=\"font-weight: 400;\">200ml Milch<\/span><\/li>\n<li style=\"font-weight: 400;\" aria-level=\"1\"><span style=\"font-weight: 400;\">30g Hirse<\/span><\/li>\n<li style=\"font-weight: 400;\" aria-level=\"1\"><span style=\"font-weight: 400;\">20g Zucker<\/span><\/li>\n<li style=\"font-weight: 400;\" aria-level=\"1\"><span style=\"font-weight: 400;\">20g Mandelbl\u00e4ttchen<\/span><\/li>\n<li style=\"font-weight: 400;\" aria-level=\"1\"><span style=\"font-weight: 400;\">2 Eier<\/span><\/li>\n<li style=\"font-weight: 400;\" aria-level=\"1\"><span style=\"font-weight: 400;\">1 TL Butter f\u00fcr die Form<\/span><\/li>\n<\/ul>\n<p><strong>Zubereitung:<\/strong><\/p>\n<ol>\n<li style=\"font-weight: 400;\" aria-level=\"1\"><span style=\"font-weight: 400;\">Backrohr auf 175\u00b0C (Ober-\/Unterhitze) vorheizen. Eine Auflaufform mit der Butter einfetten und beiseitestellen.<\/span><\/li>\n<li style=\"font-weight: 400;\" aria-level=\"1\"><span style=\"font-weight: 400;\">Marillen waschen, halbieren, entkernen und in kleine St\u00fccke schneiden.<\/span><\/li>\n<li style=\"font-weight: 400;\" aria-level=\"1\"><span style=\"font-weight: 400;\">Die Eier trennen und das Eiwei\u00df steif schlagen.<\/span><\/li>\n<li style=\"font-weight: 400;\" aria-level=\"1\"><span style=\"font-weight: 400;\">Die Hirse gemeinsam mit der Milch in einem Topf weich k\u00f6cheln bzw. quellen lassen. Anschlie\u00dfend mit Eidotter, Topfen und Zucker vermengen.<\/span><\/li>\n<li style=\"font-weight: 400;\" aria-level=\"1\"><span style=\"font-weight: 400;\">Eischnee unterheben und die kleingeschnittenen Marillen zuf\u00fcgen und vermischen.<\/span><\/li>\n<li style=\"font-weight: 400;\" aria-level=\"1\"><span style=\"font-weight: 400;\">Den Auflauf in die Form f\u00fcllen, mit den Mandelbl\u00e4ttchen bestreuen und im Backrohr 30-40 Minuten goldbraun backen.<\/span><\/li>\n<\/ol>\n<p>&nbsp;<\/p>\n<p><span style=\"font-weight: 400;\">Marillen gelten als das <strong>Sommerobst schlechthin,<\/strong> denn Fr\u00fcchte aus \u00f6sterreichischem Anbau erh\u00e4lt man nur von Ende Juli bis Mitte August. Der Mittelmeerraum bietet beste klimatische Bedingungen f\u00fcr die sonnen- und w\u00e4rmeliebende Pflanze.<\/span><\/p>\n<p><span style=\"font-weight: 400;\">Ab Mai sind daher bereits Marillen aus der Mittelmeerregion erh\u00e4ltlich. Dieses Obst liefert viele wertvolle Vitamine und Mineralstoffe, die sich positiv auf die Gesundheit auswirken und die auch Einfluss auf die Verdauungs-, Muskel- und Nierenfunktion haben.<\/span><\/p>\n<p><span style=\"font-weight: 400;\">Marillen sind leider nicht lange haltbar und sehr empfindlich auf Druckstellen. Daher sollte man sie nach dem Kauf rasch verzehren oder verarbeiten.<\/span><\/p>\n<p><span style=\"font-weight: 400;\">Sie eignen sich hervorragend zum Einkochen, vers\u00fc\u00dfen Desserts und S\u00fc\u00dfspeisen und sind als Snack wunderbare Vitaminlieferanten. Mit unseren Rezeptideen kannst du die Anwendungsm\u00f6glichkeiten f\u00fcr Marillen neu entdecken und den Genuss des Sommers vollkommen auskosten.<\/span>[\/vc_column_text][\/vc_column][\/vc_row]\n","protected":false},"excerpt":{"rendered":"<p>[vc_row type=&#8220;in_container&#8220; full_screen_row_position=&#8220;middle&#8220; column_margin=&#8220;default&#8220; column_direction=&#8220;default&#8220; column_direction_tablet=&#8220;default&#8220; column_direction_phone=&#8220;default&#8220; scene_position=&#8220;center&#8220; text_color=&#8220;dark&#8220; text_align=&#8220;left&#8220; row_border_radius=&#8220;none&#8220; row_border_radius_applies=&#8220;bg&#8220; overflow=&#8220;visible&#8220; overlay_strength=&#8220;0.3&#8243; gradient_direction=&#8220;left_to_right&#8220;&#8230;<\/p>\n","protected":false},"author":3,"featured_media":7517,"comment_status":"closed","ping_status":"closed","sticky":false,"template":"","format":"standard","meta":{"footnotes":""},"categories":[24],"tags":[],"class_list":{"0":"post-7513","1":"post","2":"type-post","3":"status-publish","4":"format-standard","5":"has-post-thumbnail","7":"category-produkte"},"yoast_head":"<!-- This site is optimized with the Yoast SEO plugin v25.4 - https:\/\/yoast.com\/wordpress\/plugins\/seo\/ -->\n<title>Marillen genie\u00dfen: Tipps zur Haltbarkeit und k\u00f6stliche Rezeptideen<\/title>\n<meta name=\"description\" content=\"Entdecke die Geheimnisse der Marillen! Erfahre alles \u00fcber Herkunft, N\u00e4hrstoffe und Lagerung. Inklusive 3 leckerer Rezeptideen.\" \/>\n<meta name=\"robots\" content=\"index, follow, max-snippet:-1, max-image-preview:large, max-video-preview:-1\" \/>\n<link rel=\"canonical\" href=\"https:\/\/www.vomfeld.at\/blog\/marillen-geniessen-tipps-haltbarkeit-rezeptideen\/\" \/>\n<meta property=\"og:locale\" content=\"de_DE\" \/>\n<meta property=\"og:type\" content=\"article\" \/>\n<meta property=\"og:title\" content=\"Marillen genie\u00dfen: Tipps zur Haltbarkeit und k\u00f6stliche Rezeptideen\" \/>\n<meta property=\"og:description\" content=\"Entdecke die Geheimnisse der Marillen! Erfahre alles \u00fcber Herkunft, N\u00e4hrstoffe und Lagerung. Inklusive 3 leckerer Rezeptideen.\" \/>\n<meta property=\"og:url\" content=\"https:\/\/www.vomfeld.at\/blog\/marillen-geniessen-tipps-haltbarkeit-rezeptideen\/\" \/>\n<meta property=\"og:site_name\" content=\"Johanna vom Feld Blog\" \/>\n<meta property=\"article:publisher\" content=\"https:\/\/www.facebook.com\/vomfeld.at\/\" \/>\n<meta property=\"article:published_time\" content=\"2024-05-29T11:40:25+00:00\" \/>\n<meta property=\"og:image\" content=\"https:\/\/www.vomfeld.at\/blog\/wp-content\/uploads\/2024\/05\/Marillen-Baum.jpg\" \/>\n\t<meta property=\"og:image:width\" content=\"1600\" \/>\n\t<meta property=\"og:image:height\" content=\"1000\" \/>\n\t<meta property=\"og:image:type\" content=\"image\/jpeg\" \/>\n<meta name=\"author\" content=\"Johanna\" \/>\n<meta name=\"twitter:card\" content=\"summary_large_image\" \/>\n<meta name=\"twitter:label1\" content=\"Verfasst von\" \/>\n\t<meta name=\"twitter:data1\" content=\"Johanna\" \/>\n\t<meta name=\"twitter:label2\" content=\"Gesch\u00e4tzte Lesezeit\" \/>\n\t<meta name=\"twitter:data2\" content=\"8\u00a0Minuten\" \/>\n<script type=\"application\/ld+json\" class=\"yoast-schema-graph\">{\"@context\":\"https:\/\/schema.org\",\"@graph\":[{\"@type\":\"Article\",\"@id\":\"https:\/\/www.vomfeld.at\/blog\/marillen-geniessen-tipps-haltbarkeit-rezeptideen\/#article\",\"isPartOf\":{\"@id\":\"https:\/\/www.vomfeld.at\/blog\/marillen-geniessen-tipps-haltbarkeit-rezeptideen\/\"},\"author\":{\"name\":\"Johanna\",\"@id\":\"https:\/\/www.vomfeld.at\/blog\/#\/schema\/person\/8dab792dce4e00bc69ebf949f6eab1bf\"},\"headline\":\"Marillen genie\u00dfen: Tipps zur Haltbarkeit und k\u00f6stliche Rezeptideen\",\"datePublished\":\"2024-05-29T11:40:25+00:00\",\"mainEntityOfPage\":{\"@id\":\"https:\/\/www.vomfeld.at\/blog\/marillen-geniessen-tipps-haltbarkeit-rezeptideen\/\"},\"wordCount\":1662,\"publisher\":{\"@id\":\"https:\/\/www.vomfeld.at\/blog\/#organization\"},\"image\":{\"@id\":\"https:\/\/www.vomfeld.at\/blog\/marillen-geniessen-tipps-haltbarkeit-rezeptideen\/#primaryimage\"},\"thumbnailUrl\":\"https:\/\/www.vomfeld.at\/blog\/wp-content\/uploads\/2024\/05\/Marillen-Baum.jpg\",\"articleSection\":[\"Produkte\"],\"inLanguage\":\"de\"},{\"@type\":\"WebPage\",\"@id\":\"https:\/\/www.vomfeld.at\/blog\/marillen-geniessen-tipps-haltbarkeit-rezeptideen\/\",\"url\":\"https:\/\/www.vomfeld.at\/blog\/marillen-geniessen-tipps-haltbarkeit-rezeptideen\/\",\"name\":\"Marillen genie\u00dfen: Tipps zur Haltbarkeit und k\u00f6stliche Rezeptideen\",\"isPartOf\":{\"@id\":\"https:\/\/www.vomfeld.at\/blog\/#website\"},\"primaryImageOfPage\":{\"@id\":\"https:\/\/www.vomfeld.at\/blog\/marillen-geniessen-tipps-haltbarkeit-rezeptideen\/#primaryimage\"},\"image\":{\"@id\":\"https:\/\/www.vomfeld.at\/blog\/marillen-geniessen-tipps-haltbarkeit-rezeptideen\/#primaryimage\"},\"thumbnailUrl\":\"https:\/\/www.vomfeld.at\/blog\/wp-content\/uploads\/2024\/05\/Marillen-Baum.jpg\",\"datePublished\":\"2024-05-29T11:40:25+00:00\",\"description\":\"Entdecke die Geheimnisse der Marillen! Erfahre alles \u00fcber Herkunft, N\u00e4hrstoffe und Lagerung. Inklusive 3 leckerer Rezeptideen.\",\"breadcrumb\":{\"@id\":\"https:\/\/www.vomfeld.at\/blog\/marillen-geniessen-tipps-haltbarkeit-rezeptideen\/#breadcrumb\"},\"inLanguage\":\"de\",\"potentialAction\":[{\"@type\":\"ReadAction\",\"target\":[\"https:\/\/www.vomfeld.at\/blog\/marillen-geniessen-tipps-haltbarkeit-rezeptideen\/\"]}]},{\"@type\":\"ImageObject\",\"inLanguage\":\"de\",\"@id\":\"https:\/\/www.vomfeld.at\/blog\/marillen-geniessen-tipps-haltbarkeit-rezeptideen\/#primaryimage\",\"url\":\"https:\/\/www.vomfeld.at\/blog\/wp-content\/uploads\/2024\/05\/Marillen-Baum.jpg\",\"contentUrl\":\"https:\/\/www.vomfeld.at\/blog\/wp-content\/uploads\/2024\/05\/Marillen-Baum.jpg\",\"width\":1600,\"height\":1000,\"caption\":\"Marillen am Baum\"},{\"@type\":\"BreadcrumbList\",\"@id\":\"https:\/\/www.vomfeld.at\/blog\/marillen-geniessen-tipps-haltbarkeit-rezeptideen\/#breadcrumb\",\"itemListElement\":[{\"@type\":\"ListItem\",\"position\":1,\"name\":\"Startseite\",\"item\":\"https:\/\/www.vomfeld.at\/blog\/\"},{\"@type\":\"ListItem\",\"position\":2,\"name\":\"Marillen genie\u00dfen: Tipps zur Haltbarkeit und k\u00f6stliche Rezeptideen\"}]},{\"@type\":\"WebSite\",\"@id\":\"https:\/\/www.vomfeld.at\/blog\/#website\",\"url\":\"https:\/\/www.vomfeld.at\/blog\/\",\"name\":\"Johanna vom Feld Blog\",\"description\":\"Mehr aus Lebensmitteln vom Feld machen\",\"publisher\":{\"@id\":\"https:\/\/www.vomfeld.at\/blog\/#organization\"},\"potentialAction\":[{\"@type\":\"SearchAction\",\"target\":{\"@type\":\"EntryPoint\",\"urlTemplate\":\"https:\/\/www.vomfeld.at\/blog\/?s={search_term_string}\"},\"query-input\":{\"@type\":\"PropertyValueSpecification\",\"valueRequired\":true,\"valueName\":\"search_term_string\"}}],\"inLanguage\":\"de\"},{\"@type\":\"Organization\",\"@id\":\"https:\/\/www.vomfeld.at\/blog\/#organization\",\"name\":\"Johanna vom Feld\",\"url\":\"https:\/\/www.vomfeld.at\/blog\/\",\"logo\":{\"@type\":\"ImageObject\",\"inLanguage\":\"de\",\"@id\":\"https:\/\/www.vomfeld.at\/blog\/#\/schema\/logo\/image\/\",\"url\":\"https:\/\/www.vomfeld.at\/blog\/wp-content\/uploads\/2018\/10\/vomfeld-logo-large.png\",\"contentUrl\":\"https:\/\/www.vomfeld.at\/blog\/wp-content\/uploads\/2018\/10\/vomfeld-logo-large.png\",\"width\":340,\"height\":200,\"caption\":\"Johanna vom Feld\"},\"image\":{\"@id\":\"https:\/\/www.vomfeld.at\/blog\/#\/schema\/logo\/image\/\"},\"sameAs\":[\"https:\/\/www.facebook.com\/vomfeld.at\/\"]},{\"@type\":\"Person\",\"@id\":\"https:\/\/www.vomfeld.at\/blog\/#\/schema\/person\/8dab792dce4e00bc69ebf949f6eab1bf\",\"name\":\"Johanna\"}]}<\/script>\n<!-- \/ Yoast SEO plugin. -->","yoast_head_json":{"title":"Marillen genie\u00dfen: Tipps zur Haltbarkeit und k\u00f6stliche Rezeptideen","description":"Entdecke die Geheimnisse der Marillen! Erfahre alles \u00fcber Herkunft, N\u00e4hrstoffe und Lagerung. Inklusive 3 leckerer Rezeptideen.","robots":{"index":"index","follow":"follow","max-snippet":"max-snippet:-1","max-image-preview":"max-image-preview:large","max-video-preview":"max-video-preview:-1"},"canonical":"https:\/\/www.vomfeld.at\/blog\/marillen-geniessen-tipps-haltbarkeit-rezeptideen\/","og_locale":"de_DE","og_type":"article","og_title":"Marillen genie\u00dfen: Tipps zur Haltbarkeit und k\u00f6stliche Rezeptideen","og_description":"Entdecke die Geheimnisse der Marillen! Erfahre alles \u00fcber Herkunft, N\u00e4hrstoffe und Lagerung. Inklusive 3 leckerer Rezeptideen.","og_url":"https:\/\/www.vomfeld.at\/blog\/marillen-geniessen-tipps-haltbarkeit-rezeptideen\/","og_site_name":"Johanna vom Feld Blog","article_publisher":"https:\/\/www.facebook.com\/vomfeld.at\/","article_published_time":"2024-05-29T11:40:25+00:00","og_image":[{"width":1600,"height":1000,"url":"https:\/\/www.vomfeld.at\/blog\/wp-content\/uploads\/2024\/05\/Marillen-Baum.jpg","type":"image\/jpeg"}],"author":"Johanna","twitter_card":"summary_large_image","twitter_misc":{"Verfasst von":"Johanna","Gesch\u00e4tzte Lesezeit":"8\u00a0Minuten"},"schema":{"@context":"https:\/\/schema.org","@graph":[{"@type":"Article","@id":"https:\/\/www.vomfeld.at\/blog\/marillen-geniessen-tipps-haltbarkeit-rezeptideen\/#article","isPartOf":{"@id":"https:\/\/www.vomfeld.at\/blog\/marillen-geniessen-tipps-haltbarkeit-rezeptideen\/"},"author":{"name":"Johanna","@id":"https:\/\/www.vomfeld.at\/blog\/#\/schema\/person\/8dab792dce4e00bc69ebf949f6eab1bf"},"headline":"Marillen genie\u00dfen: Tipps zur Haltbarkeit und k\u00f6stliche Rezeptideen","datePublished":"2024-05-29T11:40:25+00:00","mainEntityOfPage":{"@id":"https:\/\/www.vomfeld.at\/blog\/marillen-geniessen-tipps-haltbarkeit-rezeptideen\/"},"wordCount":1662,"publisher":{"@id":"https:\/\/www.vomfeld.at\/blog\/#organization"},"image":{"@id":"https:\/\/www.vomfeld.at\/blog\/marillen-geniessen-tipps-haltbarkeit-rezeptideen\/#primaryimage"},"thumbnailUrl":"https:\/\/www.vomfeld.at\/blog\/wp-content\/uploads\/2024\/05\/Marillen-Baum.jpg","articleSection":["Produkte"],"inLanguage":"de"},{"@type":"WebPage","@id":"https:\/\/www.vomfeld.at\/blog\/marillen-geniessen-tipps-haltbarkeit-rezeptideen\/","url":"https:\/\/www.vomfeld.at\/blog\/marillen-geniessen-tipps-haltbarkeit-rezeptideen\/","name":"Marillen genie\u00dfen: Tipps zur Haltbarkeit und k\u00f6stliche Rezeptideen","isPartOf":{"@id":"https:\/\/www.vomfeld.at\/blog\/#website"},"primaryImageOfPage":{"@id":"https:\/\/www.vomfeld.at\/blog\/marillen-geniessen-tipps-haltbarkeit-rezeptideen\/#primaryimage"},"image":{"@id":"https:\/\/www.vomfeld.at\/blog\/marillen-geniessen-tipps-haltbarkeit-rezeptideen\/#primaryimage"},"thumbnailUrl":"https:\/\/www.vomfeld.at\/blog\/wp-content\/uploads\/2024\/05\/Marillen-Baum.jpg","datePublished":"2024-05-29T11:40:25+00:00","description":"Entdecke die Geheimnisse der Marillen! Erfahre alles \u00fcber Herkunft, N\u00e4hrstoffe und Lagerung. Inklusive 3 leckerer Rezeptideen.","breadcrumb":{"@id":"https:\/\/www.vomfeld.at\/blog\/marillen-geniessen-tipps-haltbarkeit-rezeptideen\/#breadcrumb"},"inLanguage":"de","potentialAction":[{"@type":"ReadAction","target":["https:\/\/www.vomfeld.at\/blog\/marillen-geniessen-tipps-haltbarkeit-rezeptideen\/"]}]},{"@type":"ImageObject","inLanguage":"de","@id":"https:\/\/www.vomfeld.at\/blog\/marillen-geniessen-tipps-haltbarkeit-rezeptideen\/#primaryimage","url":"https:\/\/www.vomfeld.at\/blog\/wp-content\/uploads\/2024\/05\/Marillen-Baum.jpg","contentUrl":"https:\/\/www.vomfeld.at\/blog\/wp-content\/uploads\/2024\/05\/Marillen-Baum.jpg","width":1600,"height":1000,"caption":"Marillen am Baum"},{"@type":"BreadcrumbList","@id":"https:\/\/www.vomfeld.at\/blog\/marillen-geniessen-tipps-haltbarkeit-rezeptideen\/#breadcrumb","itemListElement":[{"@type":"ListItem","position":1,"name":"Startseite","item":"https:\/\/www.vomfeld.at\/blog\/"},{"@type":"ListItem","position":2,"name":"Marillen genie\u00dfen: Tipps zur Haltbarkeit und k\u00f6stliche Rezeptideen"}]},{"@type":"WebSite","@id":"https:\/\/www.vomfeld.at\/blog\/#website","url":"https:\/\/www.vomfeld.at\/blog\/","name":"Johanna vom Feld Blog","description":"Mehr aus Lebensmitteln vom Feld machen","publisher":{"@id":"https:\/\/www.vomfeld.at\/blog\/#organization"},"potentialAction":[{"@type":"SearchAction","target":{"@type":"EntryPoint","urlTemplate":"https:\/\/www.vomfeld.at\/blog\/?s={search_term_string}"},"query-input":{"@type":"PropertyValueSpecification","valueRequired":true,"valueName":"search_term_string"}}],"inLanguage":"de"},{"@type":"Organization","@id":"https:\/\/www.vomfeld.at\/blog\/#organization","name":"Johanna vom Feld","url":"https:\/\/www.vomfeld.at\/blog\/","logo":{"@type":"ImageObject","inLanguage":"de","@id":"https:\/\/www.vomfeld.at\/blog\/#\/schema\/logo\/image\/","url":"https:\/\/www.vomfeld.at\/blog\/wp-content\/uploads\/2018\/10\/vomfeld-logo-large.png","contentUrl":"https:\/\/www.vomfeld.at\/blog\/wp-content\/uploads\/2018\/10\/vomfeld-logo-large.png","width":340,"height":200,"caption":"Johanna vom Feld"},"image":{"@id":"https:\/\/www.vomfeld.at\/blog\/#\/schema\/logo\/image\/"},"sameAs":["https:\/\/www.facebook.com\/vomfeld.at\/"]},{"@type":"Person","@id":"https:\/\/www.vomfeld.at\/blog\/#\/schema\/person\/8dab792dce4e00bc69ebf949f6eab1bf","name":"Johanna"}]}},"_links":{"self":[{"href":"https:\/\/www.vomfeld.at\/blog\/wp-json\/wp\/v2\/posts\/7513","targetHints":{"allow":["GET"]}}],"collection":[{"href":"https:\/\/www.vomfeld.at\/blog\/wp-json\/wp\/v2\/posts"}],"about":[{"href":"https:\/\/www.vomfeld.at\/blog\/wp-json\/wp\/v2\/types\/post"}],"author":[{"embeddable":true,"href":"https:\/\/www.vomfeld.at\/blog\/wp-json\/wp\/v2\/users\/3"}],"replies":[{"embeddable":true,"href":"https:\/\/www.vomfeld.at\/blog\/wp-json\/wp\/v2\/comments?post=7513"}],"version-history":[{"count":2,"href":"https:\/\/www.vomfeld.at\/blog\/wp-json\/wp\/v2\/posts\/7513\/revisions"}],"predecessor-version":[{"id":7518,"href":"https:\/\/www.vomfeld.at\/blog\/wp-json\/wp\/v2\/posts\/7513\/revisions\/7518"}],"wp:featuredmedia":[{"embeddable":true,"href":"https:\/\/www.vomfeld.at\/blog\/wp-json\/wp\/v2\/media\/7517"}],"wp:attachment":[{"href":"https:\/\/www.vomfeld.at\/blog\/wp-json\/wp\/v2\/media?parent=7513"}],"wp:term":[{"taxonomy":"category","embeddable":true,"href":"https:\/\/www.vomfeld.at\/blog\/wp-json\/wp\/v2\/categories?post=7513"},{"taxonomy":"post_tag","embeddable":true,"href":"https:\/\/www.vomfeld.at\/blog\/wp-json\/wp\/v2\/tags?post=7513"}],"curies":[{"name":"wp","href":"https:\/\/api.w.org\/{rel}","templated":true}]}}