{"id":7454,"date":"2024-02-07T11:43:06","date_gmt":"2024-02-07T10:43:06","guid":{"rendered":"https:\/\/www.vomfeld.at\/blog\/?p=7454"},"modified":"2024-02-07T11:43:06","modified_gmt":"2024-02-07T10:43:06","slug":"zwiebelnein-leitfaden-gourmets-gesundheitsbewusste","status":"publish","type":"post","link":"https:\/\/www.vomfeld.at\/blog\/zwiebelnein-leitfaden-gourmets-gesundheitsbewusste\/","title":{"rendered":"Zwiebeln Schicht f\u00fcr Schicht: Ein Leitfaden f\u00fcr Gourmets und Gesundheitsbewusste"},"content":{"rendered":"[vc_row type=&#8220;in_container&#8220; full_screen_row_position=&#8220;middle&#8220; column_margin=&#8220;default&#8220; column_direction=&#8220;default&#8220; column_direction_tablet=&#8220;default&#8220; column_direction_phone=&#8220;default&#8220; scene_position=&#8220;center&#8220; text_color=&#8220;dark&#8220; text_align=&#8220;left&#8220; row_border_radius=&#8220;none&#8220; row_border_radius_applies=&#8220;bg&#8220; overflow=&#8220;visible&#8220; overlay_strength=&#8220;0.3&#8243; gradient_direction=&#8220;left_to_right&#8220; shape_divider_position=&#8220;bottom&#8220; bg_image_animation=&#8220;none&#8220;][vc_column column_padding=&#8220;no-extra-padding&#8220; column_padding_tablet=&#8220;inherit&#8220; column_padding_phone=&#8220;inherit&#8220; column_padding_position=&#8220;all&#8220; column_element_direction_desktop=&#8220;default&#8220; column_element_spacing=&#8220;default&#8220; desktop_text_alignment=&#8220;default&#8220; tablet_text_alignment=&#8220;default&#8220; phone_text_alignment=&#8220;default&#8220; background_color_opacity=&#8220;1&#8243; background_hover_color_opacity=&#8220;1&#8243; column_backdrop_filter=&#8220;none&#8220; column_shadow=&#8220;none&#8220; column_border_radius=&#8220;none&#8220; column_link_target=&#8220;_self&#8220; column_position=&#8220;default&#8220; gradient_direction=&#8220;left_to_right&#8220; overlay_strength=&#8220;0.3&#8243; width=&#8220;1\/1&#8243; tablet_width_inherit=&#8220;default&#8220; animation_type=&#8220;default&#8220; bg_image_animation=&#8220;none&#8220; border_type=&#8220;simple&#8220; column_border_width=&#8220;none&#8220; column_border_style=&#8220;solid&#8220;][vc_column_text]<span style=\"font-weight: 400;\">Die <a href=\"https:\/\/www.vomfeld.at\/p\/zwiebel-weiss\/\" target=\"_blank\" rel=\"noopener\">Zwiebel<\/a> ist besonders aromatisch und ganzj\u00e4hrig erh\u00e4ltlich. <strong>Vielschichtig<\/strong> ist nicht nur ihr Aufbau, auch ihre Verwendungsm\u00f6glichkeiten sind sehr vielseitig.<\/span><\/p>\n<p><span style=\"font-weight: 400;\">Sie eignet sich sowohl als Gew\u00fcrz, als Zutat in pikanten Speisen und <strong>auch als Heilmittel<\/strong> ist sie gut einsetzbar.<\/span><\/p>\n<p><span style=\"font-weight: 400;\">Wir haben die Zwiebel Schicht f\u00fcr Schicht unter die Lupe genommen und m\u00f6chten dir nun im folgenden Beitrag die Vorteile dieser Gem\u00fcsesorte n\u00e4herbringen.<\/span><\/p>\n<h2>Vielschichtiges Gem\u00fcse<\/h2>\n<p><span style=\"font-weight: 400;\">Die genaue <strong>Herkunft der Zwiebel ist unbekannt.<\/strong> Man vermutet ihren Ursprung in Zentralasien und im Mittelmeerraum, doch die Suche nach den Ahnen der aktuellen K\u00fcchenzwiebel ist noch nicht gegl\u00fcckt.<\/span><\/p>\n<p><span style=\"font-weight: 400;\">Dieses Gem\u00fcse wird jedoch bereits seit Jahrtausenden kultiviert, denn im antiken \u00c4gypten dienten Zwiebeln <strong>als St\u00e4rkung f\u00fcr die Arbeiter beim Bau der Pyramiden<\/strong> und dienten ebenso als Opfergabe f\u00fcr die G\u00f6tter.<\/span><\/p>\n<p><span style=\"font-weight: 400;\">Im antiken Rom z\u00e4hlte dieses Gem\u00fcse zum <strong>Grundnahrungsmittel<\/strong> und verbreitete sich mit den Legion\u00e4ren \u00fcber Mitteleuropa. Seit \u00fcber 5000 Jahren wird die Zwiebel als Gem\u00fcse-, Gew\u00fcrz- und Heilpflanze kultiviert.<\/span><\/p>\n<p><span style=\"font-weight: 400;\"><strong>Zwiebeln geh\u00f6ren zu den Lauchgew\u00e4chsen,<\/strong> zu denen auch Knoblauch, <a href=\"https:\/\/www.vomfeld.at\/p\/bio-lauch-porree\/\">Porree<\/a> und B\u00e4rlauch z\u00e4hlen.<\/span><\/p>\n<h2>Eine Zwiebel kommt selten allein<\/h2>\n<p><span style=\"font-weight: 400;\">Beim Gem\u00fcseh\u00e4ndler oder in der Gem\u00fcseabteilung im Supermarkt findet man eine gro\u00dfe Auswahl an Zwiebeln. Je nach Sorte schmecken sie w\u00fcrzig mild bis w\u00fcrzig scharf.<\/span><\/p>\n<p><span style=\"font-weight: 400;\">Sie sind <strong>fast ganzj\u00e4hrig erh\u00e4ltlich und gut zu lagern.<\/strong> Im K\u00fchlfach des K\u00fchlschranks oder in einer k\u00fchlen und dunklen Umgebung, wie z.B. Vorratskammer oder Keller, sind Zwiebeln mehrere Wochen und Monate haltbar.<\/span><\/p>\n<p><span style=\"font-weight: 400;\">Beim Kauf sollte man auf eine <strong>unversehrte, gl\u00e4nzende Schale<\/strong> achten. Schimmlige Exemplare sollte man sofort entsorgen.<\/span><\/p>\n<p><span style=\"font-weight: 400;\">Hier ein kleiner \u00dcberblick \u00fcber die bekanntesten Zwiebelsorten:<\/span><\/p>\n<ul>\n<li style=\"font-weight: 400;\" aria-level=\"1\"><b>Speise- oder K\u00fcchenzwiebel:<\/b><span style=\"font-weight: 400;\"> Sie ist ein Allrounder in der K\u00fcche, denn sie ist robust und schmeckt intensiv. Ihre Schale ist meist orange bis br\u00e4unlich und sie ist ganzj\u00e4hrig erh\u00e4ltlich. Sie eignet sich sehr gut f\u00fcr Eint\u00f6pfe, Suppen und Schmorgerichte. Sie ist auch f\u00fcr die Zubereitung von R\u00f6stzwiebeln bestens geeignet und passt hervorragend zu Fleisch. Sie kann jedoch beim Rohverzehr bei magenempfindlichen Personen zu Aufsto\u00dfen und Mundgeruch f\u00fchren.<\/span><\/li>\n<li style=\"font-weight: 400;\" aria-level=\"1\"><b>Rote Zwiebel:<\/b><span style=\"font-weight: 400;\"> Ihre Schale ist rot bis violett und auch das Fruchtfleisch ist in diesen Farben eingef\u00e4rbt. Sie schmeckt w\u00fcrzig mild und ist f\u00fcr die Zubereitung von Chutney und Flammkuchen als auch f\u00fcr den Rohverzehr in Salaten bestens geeignet.<\/span><\/li>\n<li style=\"font-weight: 400;\" aria-level=\"1\"><b>Wei\u00dfe Zwiebel:<\/b><span style=\"font-weight: 400;\"> Sowohl die Schale als auch das Fruchtfleisch sind wei\u00df und saftig. Sie schmeckt s\u00fc\u00dflich mild und ist vor allem gut vertr\u00e4glich. Die wei\u00dfe Zwiebel verleiht Salaten und ged\u00fcnsteten Gerichten eine milde W\u00fcrze.<\/span><\/li>\n<li style=\"font-weight: 400;\" aria-level=\"1\"><b>Gem\u00fcsezwiebel:<\/b><span style=\"font-weight: 400;\"> Sie ist optisch \u00e4hnlich wie die Speisezwiebel, jedoch viel gr\u00f6\u00dfer und kann einen Durchmesser von bis zu 20 cm erreichen. Sie verf\u00fcgt \u00fcber einen milden, sehr saftigen Geschmack und eignet sich besonders gut zum F\u00fcllen, Grillen oder \u00dcberbacken.<\/span><\/li>\n<li style=\"font-weight: 400;\" aria-level=\"1\"><b>Schalotten:<\/b><span style=\"font-weight: 400;\"> Sie haben eine l\u00e4ngliche, birnen\u00e4hnliche Form und die Schale ist rosa bis kupferfarben. Ihr Aroma ist mild fein. Sie gilt als Edelzwiebel, da sie in der gehobenen franz\u00f6sischen K\u00fcche kaum wegzudenken ist. Sie eignet sich gut f\u00fcr Eint\u00f6pfe und kurz gebratene Speisen.<\/span><\/li>\n<\/ul>\n<p><span style=\"font-weight: 400;\">Zu den Lauchgew\u00e4chsen geh\u00f6ren noch viel mehr Sorten, wie beispielsweise Fr\u00fchlingszwiebel, Porree, B\u00e4rlauch, Silberzwiebeln und viele mehr.<\/span><\/p>\n<p><span style=\"font-weight: 400;\">Sie sind jedoch meist nur zu bestimmten Jahreszeiten oder in haltbar gemachter Form erh\u00e4ltlich und unterscheiden sich im Geschmack.<\/span><\/p>\n<p><span style=\"font-weight: 400;\">Auch Knoblauch z\u00e4hlt dazu und ist aufgrund seines typischen Aromas aus der t\u00e4glichen K\u00fcche kaum wegzudenken.<\/span>[\/vc_column_text][divider line_type=&#8220;No Line&#8220; custom_height=&#8220;20&#8243;][image_with_animation image_url=&#8220;7456&#8243; image_size=&#8220;full&#8220; animation_type=&#8220;entrance&#8220; animation=&#8220;Fade In&#8220; animation_easing=&#8220;default&#8220; animation_movement_type=&#8220;transform_y&#8220; hover_animation=&#8220;none&#8220; alignment=&#8220;center&#8220; img_link_large=&#8220;yes&#8220; border_radius=&#8220;none&#8220; box_shadow=&#8220;none&#8220; image_loading=&#8220;default&#8220; max_width=&#8220;100%&#8220; max_width_mobile=&#8220;default&#8220;][divider line_type=&#8220;No Line&#8220; custom_height=&#8220;20&#8243;][vc_column_text]\n<h2>Gesund und lecker<\/h2>\n<p><span style=\"font-weight: 400;\">Das typisch w\u00fcrzige Aroma erh\u00e4lt die Zwiebel von den <strong>schwefelhaltigen \u00e4therischen \u00d6len,<\/strong> die sich beim Anschneiden entfalten. Sie sind es auch, die uns beim Zwiebelschneiden weinen lassen.<\/span><\/p>\n<p><span style=\"font-weight: 400;\">Doch genau diese Inhaltsstoffe haben eine <strong>antibakterielle Wirkung.<\/strong> So kann man beispielsweise Schmerzen und Schwellungen bei Insektenstichen auf nat\u00fcrliche Art lindern, indem man eine frisch angeschnittene Zwiebelh\u00e4lfte auf die betroffene Stelle gibt.<\/span><\/p>\n<p><span style=\"font-weight: 400;\">Beim Verzehr k\u00f6nnen diese Pflanzenstoffe ihre antibiotische Wirkung sowohl im Mund- und Rachenraum, als auch im Verdauungstrakt entfalten. Auch bei Erk\u00e4ltung k\u00f6nnen diese \u00e4therischen \u00d6le ebenfalls Linderung verschaffen.<\/span><\/p>\n<p><span style=\"font-weight: 400;\">Doch Zwiebeln haben noch mehr zu bieten. Sie liefern wertvolle <strong>B-Vitamine, Vitamin C und enthalten Kalium.<\/strong> Sie sind kalorienarm und enthalten kaum Fett. Zwiebeln sind reich an Ballaststoffen, die sich besonders positiv auf die Darmgesundheit auswirken. Bei manchen Menschen f\u00fchrt der Verzehr einer rohen Zwiebel zu Aufsto\u00dfen, Sodbrennen und Bl\u00e4hungen.<\/span><\/p>\n<p><span style=\"font-weight: 400;\">Hierbei lohnt es sich, mildere Sorten zu w\u00e4hlen, den Rohverzehr einzuschr\u00e4nken und stattdessen gegart oder gekocht zu verspeisen.<\/span><\/p>\n<h2>Schicht f\u00fcr Schicht ein Gedicht<\/h2>\n<p><span style=\"font-weight: 400;\">Zwiebeln sind aus kaum einer gekochten Speise wegzudenken. Sie verleihen jedem Gericht eine besondere W\u00fcrze.<\/span><\/p>\n<p><span style=\"font-weight: 400;\">Wir haben ein paar <strong>Rezepte<\/strong> f\u00fcr dich zusammengestellt, die dir den vielseitigen Geschmack der Zwiebel n\u00e4herbringen.<\/span>[\/vc_column_text][divider line_type=&#8220;No Line&#8220; custom_height=&#8220;20&#8243;][image_with_animation image_url=&#8220;7455&#8243; image_size=&#8220;full&#8220; animation_type=&#8220;entrance&#8220; animation=&#8220;Fade In&#8220; animation_easing=&#8220;default&#8220; animation_movement_type=&#8220;transform_y&#8220; hover_animation=&#8220;none&#8220; alignment=&#8220;center&#8220; img_link_large=&#8220;yes&#8220; border_radius=&#8220;none&#8220; box_shadow=&#8220;none&#8220; image_loading=&#8220;default&#8220; max_width=&#8220;100%&#8220; max_width_mobile=&#8220;default&#8220;][divider line_type=&#8220;No Line&#8220; custom_height=&#8220;20&#8243;][vc_column_text]\n<h2>Selbstgemachtes Zwiebel-Chutney<\/h2>\n<p><span style=\"font-weight: 400;\">Dieses Rezept ist einfach zuzubereiten und schmeckt sehr gut zu rotem Fleisch, Wild oder K\u00e4se.<\/span><\/p>\n<p><span style=\"font-weight: 400;\">Es eignet sich sehr gut als selbstgemachtes Geschenk. Das Zwiebel-Chutney ist bei Lagerung im K\u00fchlschrank mehrere Wochen haltbar.<\/span><\/p>\n<p><strong>Zutaten f\u00fcr 2-3 Einmachgl\u00e4ser:<\/strong><\/p>\n<ul>\n<li style=\"font-weight: 400;\" aria-level=\"1\"><span style=\"font-weight: 400;\">1 kg rote Zwiebeln<\/span><\/li>\n<li style=\"font-weight: 400;\" aria-level=\"1\"><span style=\"font-weight: 400;\">250ml dunkler Balsamico-Essig<\/span><\/li>\n<li style=\"font-weight: 400;\" aria-level=\"1\"><span style=\"font-weight: 400;\">150g brauner Zucker<\/span><\/li>\n<li style=\"font-weight: 400;\" aria-level=\"1\"><span style=\"font-weight: 400;\">2 EL Oliven\u00f6l<\/span><\/li>\n<li style=\"font-weight: 400;\" aria-level=\"1\"><span style=\"font-weight: 400;\">Salz, Pfeffer<\/span><\/li>\n<\/ul>\n<p><strong>Zubereitung:<\/strong><\/p>\n<ol>\n<li style=\"font-weight: 400;\" aria-level=\"1\"><span style=\"font-weight: 400;\">Zwiebel sch\u00e4len und in feine Ringe schneiden.<\/span><\/li>\n<li style=\"font-weight: 400;\" aria-level=\"1\"><span style=\"font-weight: 400;\">Anschlie\u00dfend mit Oliven\u00f6l in einem Topf anschwitzen.<\/span><\/li>\n<li style=\"font-weight: 400;\" aria-level=\"1\"><span style=\"font-weight: 400;\">Den Zucker und Balsamico-Essig zuf\u00fcgen, umr\u00fchren und bei niedriger Hitze einkochen, bis die Masse s\u00e4mig wird.<\/span><\/li>\n<li style=\"font-weight: 400;\" aria-level=\"1\"><span style=\"font-weight: 400;\">Mit Salz und Pfeffer abschmecken und noch hei\u00df in sterile Gl\u00e4ser f\u00fcllen. Sofort verschlie\u00dfen und abk\u00fchlen lassen.<\/span><\/li>\n<\/ol>\n<h2>Gem\u00fcse-Zwiebel-Eintopf mit K\u00e4ferbohnen<\/h2>\n<p><strong>Zutaten f\u00fcr 2-3 Portionen:<\/strong><\/p>\n<ul>\n<li style=\"font-weight: 400;\" aria-level=\"1\"><span style=\"font-weight: 400;\">500g wei\u00dfe Zwiebeln<\/span><\/li>\n<li style=\"font-weight: 400;\" aria-level=\"1\"><span style=\"font-weight: 400;\">500ml Gem\u00fcsesuppe<\/span><\/li>\n<li style=\"font-weight: 400;\" aria-level=\"1\"><span style=\"font-weight: 400;\">\u00a0<\/span><span style=\"font-weight: 400;\">300g <a href=\"https:\/\/www.vomfeld.at\/c\/gemuese\/kartoffeln-zwiebel\/\">Kartoffeln<\/a><\/span><\/li>\n<li style=\"font-weight: 400;\" aria-level=\"1\"><span style=\"font-weight: 400;\">300g Karotten<\/span><\/li>\n<li style=\"font-weight: 400;\" aria-level=\"1\"><span style=\"font-weight: 400;\">200g gegarte K\u00e4ferbohnen<\/span><\/li>\n<li style=\"font-weight: 400;\" aria-level=\"1\"><span style=\"font-weight: 400;\">30g geriebener Kren<\/span><\/li>\n<li style=\"font-weight: 400;\" aria-level=\"1\"><span style=\"font-weight: 400;\">2 EL Oliven\u00f6l<\/span><\/li>\n<li style=\"font-weight: 400;\" aria-level=\"1\"><span style=\"font-weight: 400;\">\u00bd Bund frische Petersilie<\/span><\/li>\n<li style=\"font-weight: 400;\" aria-level=\"1\"><span style=\"font-weight: 400;\">Salz, Pfeffer, Paprikapulver (edels\u00fc\u00df oder scharf)<\/span><\/li>\n<\/ul>\n<p><strong>Zubereitung:<\/strong><\/p>\n<ol>\n<li style=\"font-weight: 400;\" aria-level=\"1\"><span style=\"font-weight: 400;\">Zwiebeln sch\u00e4len und fein w\u00fcrfeln. Kartoffeln sch\u00e4len und in ca. 1cm gro\u00dfe W\u00fcrfel schneiden.<\/span><\/li>\n<li style=\"font-weight: 400;\" aria-level=\"1\"><span style=\"font-weight: 400;\">Karotten waschen, ggf. sch\u00e4len und in d\u00fcnne Scheiben schneiden. Petersilie waschen, mit einem K\u00fcchentuch trocken tupfen und fein hacken.<\/span><\/li>\n<li style=\"font-weight: 400;\" aria-level=\"1\"><span style=\"font-weight: 400;\">Zwiebeln in einem Topf mit Oliven\u00f6l glasig d\u00fcnsten, das geschnittene Gem\u00fcse zuf\u00fcgen, kurz anbraten und mit der Gem\u00fcsesuppe abl\u00f6schen.<\/span><\/li>\n<li style=\"font-weight: 400;\" aria-level=\"1\"><span style=\"font-weight: 400;\">Mit Salz, Pfeffer und Paprikapulver w\u00fcrzen und bei mittlerer Hitze 10 Minuten k\u00f6cheln lassen.<\/span><\/li>\n<li style=\"font-weight: 400;\" aria-level=\"1\"><span style=\"font-weight: 400;\">Topf vom Herd nehmen, die gegarten K\u00e4ferbohnen und die gehackte Petersilie zuf\u00fcgen und miteinander vermengen.<\/span><\/li>\n<li style=\"font-weight: 400;\" aria-level=\"1\"><span style=\"font-weight: 400;\">Den Eintopf zugedeckt 5 Minuten ziehen lassen, anschlie\u00dfend auf vorgew\u00e4rmten Tellern servieren und mit dem geriebenen Kren garnieren.<\/span><\/li>\n<\/ol>\n<h2>Gef\u00fcllte Zwiebeln mit Couscous<\/h2>\n<p><span style=\"font-weight: 400;\">Dieses Rezept eignet sich sowohl als Hauptspeise mit einem bunten Blattsalat, als auch als Beilage zu Fisch- oder Fleischgerichten.<\/span><\/p>\n<p><strong>Zutaten f\u00fcr 2 Portionen:<\/strong><\/p>\n<ul>\n<li style=\"font-weight: 400;\" aria-level=\"1\"><span style=\"font-weight: 400;\">\u00a0<\/span><span style=\"font-weight: 400;\">200ml Gem\u00fcsesuppe<\/span><\/li>\n<li style=\"font-weight: 400;\" aria-level=\"1\"><span style=\"font-weight: 400;\">50g Couscous<\/span><\/li>\n<li style=\"font-weight: 400;\" aria-level=\"1\"><span style=\"font-weight: 400;\">4 gro\u00dfe Gem\u00fcsezwiebeln<\/span><\/li>\n<li style=\"font-weight: 400;\" aria-level=\"1\"><span style=\"font-weight: 400;\">20g Rosinen oder getrocknete Cranberries<\/span><\/li>\n<li style=\"font-weight: 400;\" aria-level=\"1\"><span style=\"font-weight: 400;\">1 Karotte<\/span><\/li>\n<li style=\"font-weight: 400;\" aria-level=\"1\"><span style=\"font-weight: 400;\">1 rote Spitzpaprika<\/span><\/li>\n<li style=\"font-weight: 400;\" aria-level=\"1\"><span style=\"font-weight: 400;\">1 Knoblauchzehe<\/span><\/li>\n<li style=\"font-weight: 400;\" aria-level=\"1\"><span style=\"font-weight: 400;\">1 EL Oliven\u00f6l<\/span><\/li>\n<li style=\"font-weight: 400;\" aria-level=\"1\"><span style=\"font-weight: 400;\">Salz, Pfeffer<\/span><\/li>\n<li style=\"font-weight: 400;\" aria-level=\"1\"><span style=\"font-weight: 400;\">Frisch gehackte Kr\u00e4uter nach Belieben<\/span><\/li>\n<\/ul>\n<p><strong>Zubereitung:<\/strong><\/p>\n<ol>\n<li style=\"font-weight: 400;\" aria-level=\"1\"><span style=\"font-weight: 400;\">Gem\u00fcsesuppe in einem Topf erhitzen, davon 100ml entnehmen und beiseitestellen. Den Couscous einr\u00fchren, vom Herd nehmen und zugedeckt 10 Minuten quellen lassen.<\/span><\/li>\n<li style=\"font-weight: 400;\" aria-level=\"1\"><span style=\"font-weight: 400;\">Karotte waschen, ggf. sch\u00e4len und fein w\u00fcrfeln. Paprika waschen, entkernen und ebenfalls fein w\u00fcrfeln. Knoblauch sch\u00e4len und fein hacken. Die Rosinen in kleine St\u00fccke schneiden.<\/span><\/li>\n<li style=\"font-weight: 400;\" aria-level=\"1\"><span style=\"font-weight: 400;\">Von den Zwiebeln den Hut abschneiden und von innen aush\u00f6hlen, dabei eine mindestens 5 mm dicke Wand \u00fcbrig lassen. Die entnommenen Zwiebelteile fein hacken.<\/span><\/li>\n<li style=\"font-weight: 400;\" aria-level=\"1\"><span style=\"font-weight: 400;\">Knoblauch und kleingeschnittene Zwiebeln in einer Pfanne mit Oliven\u00f6l anschwitzen. Paprika und Karotten zuf\u00fcgen und 2-3 Minuten kurz anbraten.<\/span><\/li>\n<li style=\"font-weight: 400;\" aria-level=\"1\"><span style=\"font-weight: 400;\">Den Couscous und die Rosinen zuf\u00fcgen, mit Salz, Pfeffer und frisch gehackten Kr\u00e4utern w\u00fcrzen und gut miteinander vermengen.<\/span><\/li>\n<li style=\"font-weight: 400;\" aria-level=\"1\"><span style=\"font-weight: 400;\">Die ausgeh\u00f6hlten Zwiebeln mit der Masse bef\u00fcllen, in eine Auflaufform geben und die Zwiebelh\u00fcte wieder draufsetzen. Nun mit der restlichen Gem\u00fcsesuppe \u00fcbergie\u00dfen.<\/span><\/li>\n<li style=\"font-weight: 400;\" aria-level=\"1\"><span style=\"font-weight: 400;\">Anschlie\u00dfend im vorgeheizten Backrohr bei 200 (Ober-\/Unterhitze) 30 Minuten backen.<\/span><\/li>\n<\/ol>\n<p>&nbsp;<\/p>\n<p><span style=\"font-weight: 400;\">Zwiebeln sind aus der t\u00e4glichen K\u00fcche kaum wegzudenken, denn sie verleihen Speisen als <strong>Gew\u00fcrz<\/strong> oder als frische Zutat eine milde bis scharfe W\u00fcrze.<\/span><\/p>\n<p><span style=\"font-weight: 400;\">Es gibt <strong>viele verschiedene Sorten,<\/strong> wobei die K\u00fcchenzwiebel, als auch die rote und wei\u00dfe Zwiebel wohl am h\u00e4ufigsten verwendet werden. Ihre \u00e4therischen \u00d6le entfalten sich beim Anschnitt und r\u00fchren uns oft zu Tr\u00e4nen.<\/span><\/p>\n<p><span style=\"font-weight: 400;\">Diese <strong>\u00d6le haben eine antibakterielle Wirkung,<\/strong> wodurch sich die Zwiebel auch als nat\u00fcrliches Heilmittel bew\u00e4hrt. Wer nach dem Rohverzehr dieser Lauchgew\u00e4chse h\u00e4ufig Aufsto\u00dfen muss oder unter Sodbrennen und Bl\u00e4hungen leidet, sollte eine mildere Sorte w\u00e4hlen und vorzugsweise in warmen Speisen genie\u00dfen.<\/span><\/p>\n<p><span style=\"font-weight: 400;\">Aufgrund ihrer <strong>guten Lagerf\u00e4higkeit und ganzj\u00e4hriger Verf\u00fcgbarkeit<\/strong> sollte man Zwiebeln regelm\u00e4\u00dfig in den Speiseplan integrieren.<\/span><\/p>\n<p><span style=\"font-weight: 400;\">Sie liefern nicht nur ein spezielles Aroma, sie enthalten auch wertvolle <strong>Vitamine und Ballaststoffe,<\/strong> die sich positiv auf die Gesundheit auswirken.<\/span><\/p>\n<p><span style=\"font-weight: 400;\">Entdecke die Vielfalt der Zwiebeln und lass dich Schicht f\u00fcr Schicht von ihren Vorz\u00fcgen \u00fcberzeugen.<\/span>[\/vc_column_text][\/vc_column][\/vc_row]\n","protected":false},"excerpt":{"rendered":"<p>[vc_row type=&#8220;in_container&#8220; full_screen_row_position=&#8220;middle&#8220; column_margin=&#8220;default&#8220; column_direction=&#8220;default&#8220; column_direction_tablet=&#8220;default&#8220; column_direction_phone=&#8220;default&#8220; scene_position=&#8220;center&#8220; text_color=&#8220;dark&#8220; text_align=&#8220;left&#8220; row_border_radius=&#8220;none&#8220; row_border_radius_applies=&#8220;bg&#8220; overflow=&#8220;visible&#8220; overlay_strength=&#8220;0.3&#8243; gradient_direction=&#8220;left_to_right&#8220;&#8230;<\/p>\n","protected":false},"author":3,"featured_media":7457,"comment_status":"closed","ping_status":"closed","sticky":false,"template":"","format":"standard","meta":{"footnotes":""},"categories":[24],"tags":[],"class_list":{"0":"post-7454","1":"post","2":"type-post","3":"status-publish","4":"format-standard","5":"has-post-thumbnail","7":"category-produkte"},"yoast_head":"<!-- This site is optimized with the Yoast SEO plugin v25.4 - https:\/\/yoast.com\/wordpress\/plugins\/seo\/ -->\n<title>Zwiebeln Schicht f\u00fcr Schicht: Ein Leitfaden | vomfeld.at<\/title>\n<meta name=\"description\" content=\"Von der K\u00fcchenzwiebel bis zur Schalotte: Ein interessanter Guide f\u00fcr Zwiebel-Liebhaber mit 3 leckeren Rezepten.\" \/>\n<meta name=\"robots\" content=\"index, follow, max-snippet:-1, max-image-preview:large, max-video-preview:-1\" \/>\n<link rel=\"canonical\" href=\"https:\/\/www.vomfeld.at\/blog\/zwiebelnein-leitfaden-gourmets-gesundheitsbewusste\/\" \/>\n<meta property=\"og:locale\" content=\"de_DE\" \/>\n<meta property=\"og:type\" content=\"article\" \/>\n<meta property=\"og:title\" content=\"Zwiebeln Schicht f\u00fcr Schicht: Ein Leitfaden | vomfeld.at\" \/>\n<meta property=\"og:description\" content=\"Von der K\u00fcchenzwiebel bis zur Schalotte: Ein interessanter Guide f\u00fcr Zwiebel-Liebhaber mit 3 leckeren Rezepten.\" \/>\n<meta property=\"og:url\" content=\"https:\/\/www.vomfeld.at\/blog\/zwiebelnein-leitfaden-gourmets-gesundheitsbewusste\/\" \/>\n<meta property=\"og:site_name\" content=\"Johanna vom Feld Blog\" \/>\n<meta property=\"article:publisher\" content=\"https:\/\/www.facebook.com\/vomfeld.at\/\" \/>\n<meta property=\"article:published_time\" content=\"2024-02-07T10:43:06+00:00\" \/>\n<meta property=\"og:image\" content=\"https:\/\/www.vomfeld.at\/blog\/wp-content\/uploads\/2024\/02\/rote-zwiebel-deko.jpg\" \/>\n\t<meta property=\"og:image:width\" content=\"1600\" \/>\n\t<meta property=\"og:image:height\" content=\"900\" \/>\n\t<meta property=\"og:image:type\" content=\"image\/jpeg\" \/>\n<meta name=\"author\" content=\"Johanna\" \/>\n<meta name=\"twitter:card\" content=\"summary_large_image\" \/>\n<meta name=\"twitter:label1\" content=\"Verfasst von\" \/>\n\t<meta name=\"twitter:data1\" content=\"Johanna\" \/>\n\t<meta name=\"twitter:label2\" content=\"Gesch\u00e4tzte Lesezeit\" \/>\n\t<meta name=\"twitter:data2\" content=\"9\u00a0Minuten\" \/>\n<script type=\"application\/ld+json\" class=\"yoast-schema-graph\">{\"@context\":\"https:\/\/schema.org\",\"@graph\":[{\"@type\":\"Article\",\"@id\":\"https:\/\/www.vomfeld.at\/blog\/zwiebelnein-leitfaden-gourmets-gesundheitsbewusste\/#article\",\"isPartOf\":{\"@id\":\"https:\/\/www.vomfeld.at\/blog\/zwiebelnein-leitfaden-gourmets-gesundheitsbewusste\/\"},\"author\":{\"name\":\"Johanna\",\"@id\":\"https:\/\/www.vomfeld.at\/blog\/#\/schema\/person\/8dab792dce4e00bc69ebf949f6eab1bf\"},\"headline\":\"Zwiebeln Schicht f\u00fcr Schicht: Ein Leitfaden f\u00fcr Gourmets und Gesundheitsbewusste\",\"datePublished\":\"2024-02-07T10:43:06+00:00\",\"mainEntityOfPage\":{\"@id\":\"https:\/\/www.vomfeld.at\/blog\/zwiebelnein-leitfaden-gourmets-gesundheitsbewusste\/\"},\"wordCount\":1776,\"publisher\":{\"@id\":\"https:\/\/www.vomfeld.at\/blog\/#organization\"},\"image\":{\"@id\":\"https:\/\/www.vomfeld.at\/blog\/zwiebelnein-leitfaden-gourmets-gesundheitsbewusste\/#primaryimage\"},\"thumbnailUrl\":\"https:\/\/www.vomfeld.at\/blog\/wp-content\/uploads\/2024\/02\/rote-zwiebel-deko.jpg\",\"articleSection\":[\"Produkte\"],\"inLanguage\":\"de\"},{\"@type\":\"WebPage\",\"@id\":\"https:\/\/www.vomfeld.at\/blog\/zwiebelnein-leitfaden-gourmets-gesundheitsbewusste\/\",\"url\":\"https:\/\/www.vomfeld.at\/blog\/zwiebelnein-leitfaden-gourmets-gesundheitsbewusste\/\",\"name\":\"Zwiebeln Schicht f\u00fcr Schicht: Ein Leitfaden | vomfeld.at\",\"isPartOf\":{\"@id\":\"https:\/\/www.vomfeld.at\/blog\/#website\"},\"primaryImageOfPage\":{\"@id\":\"https:\/\/www.vomfeld.at\/blog\/zwiebelnein-leitfaden-gourmets-gesundheitsbewusste\/#primaryimage\"},\"image\":{\"@id\":\"https:\/\/www.vomfeld.at\/blog\/zwiebelnein-leitfaden-gourmets-gesundheitsbewusste\/#primaryimage\"},\"thumbnailUrl\":\"https:\/\/www.vomfeld.at\/blog\/wp-content\/uploads\/2024\/02\/rote-zwiebel-deko.jpg\",\"datePublished\":\"2024-02-07T10:43:06+00:00\",\"description\":\"Von der K\u00fcchenzwiebel bis zur Schalotte: Ein interessanter Guide f\u00fcr Zwiebel-Liebhaber mit 3 leckeren Rezepten.\",\"breadcrumb\":{\"@id\":\"https:\/\/www.vomfeld.at\/blog\/zwiebelnein-leitfaden-gourmets-gesundheitsbewusste\/#breadcrumb\"},\"inLanguage\":\"de\",\"potentialAction\":[{\"@type\":\"ReadAction\",\"target\":[\"https:\/\/www.vomfeld.at\/blog\/zwiebelnein-leitfaden-gourmets-gesundheitsbewusste\/\"]}]},{\"@type\":\"ImageObject\",\"inLanguage\":\"de\",\"@id\":\"https:\/\/www.vomfeld.at\/blog\/zwiebelnein-leitfaden-gourmets-gesundheitsbewusste\/#primaryimage\",\"url\":\"https:\/\/www.vomfeld.at\/blog\/wp-content\/uploads\/2024\/02\/rote-zwiebel-deko.jpg\",\"contentUrl\":\"https:\/\/www.vomfeld.at\/blog\/wp-content\/uploads\/2024\/02\/rote-zwiebel-deko.jpg\",\"width\":1600,\"height\":900,\"caption\":\"Aufgeschnittene rote Zwiebel mit Deko\"},{\"@type\":\"BreadcrumbList\",\"@id\":\"https:\/\/www.vomfeld.at\/blog\/zwiebelnein-leitfaden-gourmets-gesundheitsbewusste\/#breadcrumb\",\"itemListElement\":[{\"@type\":\"ListItem\",\"position\":1,\"name\":\"Startseite\",\"item\":\"https:\/\/www.vomfeld.at\/blog\/\"},{\"@type\":\"ListItem\",\"position\":2,\"name\":\"Zwiebeln Schicht f\u00fcr Schicht: Ein Leitfaden f\u00fcr Gourmets und Gesundheitsbewusste\"}]},{\"@type\":\"WebSite\",\"@id\":\"https:\/\/www.vomfeld.at\/blog\/#website\",\"url\":\"https:\/\/www.vomfeld.at\/blog\/\",\"name\":\"Johanna vom Feld Blog\",\"description\":\"Mehr aus Lebensmitteln vom Feld machen\",\"publisher\":{\"@id\":\"https:\/\/www.vomfeld.at\/blog\/#organization\"},\"potentialAction\":[{\"@type\":\"SearchAction\",\"target\":{\"@type\":\"EntryPoint\",\"urlTemplate\":\"https:\/\/www.vomfeld.at\/blog\/?s={search_term_string}\"},\"query-input\":{\"@type\":\"PropertyValueSpecification\",\"valueRequired\":true,\"valueName\":\"search_term_string\"}}],\"inLanguage\":\"de\"},{\"@type\":\"Organization\",\"@id\":\"https:\/\/www.vomfeld.at\/blog\/#organization\",\"name\":\"Johanna vom Feld\",\"url\":\"https:\/\/www.vomfeld.at\/blog\/\",\"logo\":{\"@type\":\"ImageObject\",\"inLanguage\":\"de\",\"@id\":\"https:\/\/www.vomfeld.at\/blog\/#\/schema\/logo\/image\/\",\"url\":\"https:\/\/www.vomfeld.at\/blog\/wp-content\/uploads\/2018\/10\/vomfeld-logo-large.png\",\"contentUrl\":\"https:\/\/www.vomfeld.at\/blog\/wp-content\/uploads\/2018\/10\/vomfeld-logo-large.png\",\"width\":340,\"height\":200,\"caption\":\"Johanna vom Feld\"},\"image\":{\"@id\":\"https:\/\/www.vomfeld.at\/blog\/#\/schema\/logo\/image\/\"},\"sameAs\":[\"https:\/\/www.facebook.com\/vomfeld.at\/\"]},{\"@type\":\"Person\",\"@id\":\"https:\/\/www.vomfeld.at\/blog\/#\/schema\/person\/8dab792dce4e00bc69ebf949f6eab1bf\",\"name\":\"Johanna\"}]}<\/script>\n<!-- \/ Yoast SEO plugin. -->","yoast_head_json":{"title":"Zwiebeln Schicht f\u00fcr Schicht: Ein Leitfaden | vomfeld.at","description":"Von der K\u00fcchenzwiebel bis zur Schalotte: Ein interessanter Guide f\u00fcr Zwiebel-Liebhaber mit 3 leckeren Rezepten.","robots":{"index":"index","follow":"follow","max-snippet":"max-snippet:-1","max-image-preview":"max-image-preview:large","max-video-preview":"max-video-preview:-1"},"canonical":"https:\/\/www.vomfeld.at\/blog\/zwiebelnein-leitfaden-gourmets-gesundheitsbewusste\/","og_locale":"de_DE","og_type":"article","og_title":"Zwiebeln Schicht f\u00fcr Schicht: Ein Leitfaden | vomfeld.at","og_description":"Von der K\u00fcchenzwiebel bis zur Schalotte: Ein interessanter Guide f\u00fcr Zwiebel-Liebhaber mit 3 leckeren Rezepten.","og_url":"https:\/\/www.vomfeld.at\/blog\/zwiebelnein-leitfaden-gourmets-gesundheitsbewusste\/","og_site_name":"Johanna vom Feld Blog","article_publisher":"https:\/\/www.facebook.com\/vomfeld.at\/","article_published_time":"2024-02-07T10:43:06+00:00","og_image":[{"width":1600,"height":900,"url":"https:\/\/www.vomfeld.at\/blog\/wp-content\/uploads\/2024\/02\/rote-zwiebel-deko.jpg","type":"image\/jpeg"}],"author":"Johanna","twitter_card":"summary_large_image","twitter_misc":{"Verfasst von":"Johanna","Gesch\u00e4tzte Lesezeit":"9\u00a0Minuten"},"schema":{"@context":"https:\/\/schema.org","@graph":[{"@type":"Article","@id":"https:\/\/www.vomfeld.at\/blog\/zwiebelnein-leitfaden-gourmets-gesundheitsbewusste\/#article","isPartOf":{"@id":"https:\/\/www.vomfeld.at\/blog\/zwiebelnein-leitfaden-gourmets-gesundheitsbewusste\/"},"author":{"name":"Johanna","@id":"https:\/\/www.vomfeld.at\/blog\/#\/schema\/person\/8dab792dce4e00bc69ebf949f6eab1bf"},"headline":"Zwiebeln Schicht f\u00fcr Schicht: Ein Leitfaden f\u00fcr Gourmets und Gesundheitsbewusste","datePublished":"2024-02-07T10:43:06+00:00","mainEntityOfPage":{"@id":"https:\/\/www.vomfeld.at\/blog\/zwiebelnein-leitfaden-gourmets-gesundheitsbewusste\/"},"wordCount":1776,"publisher":{"@id":"https:\/\/www.vomfeld.at\/blog\/#organization"},"image":{"@id":"https:\/\/www.vomfeld.at\/blog\/zwiebelnein-leitfaden-gourmets-gesundheitsbewusste\/#primaryimage"},"thumbnailUrl":"https:\/\/www.vomfeld.at\/blog\/wp-content\/uploads\/2024\/02\/rote-zwiebel-deko.jpg","articleSection":["Produkte"],"inLanguage":"de"},{"@type":"WebPage","@id":"https:\/\/www.vomfeld.at\/blog\/zwiebelnein-leitfaden-gourmets-gesundheitsbewusste\/","url":"https:\/\/www.vomfeld.at\/blog\/zwiebelnein-leitfaden-gourmets-gesundheitsbewusste\/","name":"Zwiebeln Schicht f\u00fcr Schicht: Ein Leitfaden | vomfeld.at","isPartOf":{"@id":"https:\/\/www.vomfeld.at\/blog\/#website"},"primaryImageOfPage":{"@id":"https:\/\/www.vomfeld.at\/blog\/zwiebelnein-leitfaden-gourmets-gesundheitsbewusste\/#primaryimage"},"image":{"@id":"https:\/\/www.vomfeld.at\/blog\/zwiebelnein-leitfaden-gourmets-gesundheitsbewusste\/#primaryimage"},"thumbnailUrl":"https:\/\/www.vomfeld.at\/blog\/wp-content\/uploads\/2024\/02\/rote-zwiebel-deko.jpg","datePublished":"2024-02-07T10:43:06+00:00","description":"Von der K\u00fcchenzwiebel bis zur Schalotte: Ein interessanter Guide f\u00fcr Zwiebel-Liebhaber mit 3 leckeren Rezepten.","breadcrumb":{"@id":"https:\/\/www.vomfeld.at\/blog\/zwiebelnein-leitfaden-gourmets-gesundheitsbewusste\/#breadcrumb"},"inLanguage":"de","potentialAction":[{"@type":"ReadAction","target":["https:\/\/www.vomfeld.at\/blog\/zwiebelnein-leitfaden-gourmets-gesundheitsbewusste\/"]}]},{"@type":"ImageObject","inLanguage":"de","@id":"https:\/\/www.vomfeld.at\/blog\/zwiebelnein-leitfaden-gourmets-gesundheitsbewusste\/#primaryimage","url":"https:\/\/www.vomfeld.at\/blog\/wp-content\/uploads\/2024\/02\/rote-zwiebel-deko.jpg","contentUrl":"https:\/\/www.vomfeld.at\/blog\/wp-content\/uploads\/2024\/02\/rote-zwiebel-deko.jpg","width":1600,"height":900,"caption":"Aufgeschnittene rote Zwiebel mit Deko"},{"@type":"BreadcrumbList","@id":"https:\/\/www.vomfeld.at\/blog\/zwiebelnein-leitfaden-gourmets-gesundheitsbewusste\/#breadcrumb","itemListElement":[{"@type":"ListItem","position":1,"name":"Startseite","item":"https:\/\/www.vomfeld.at\/blog\/"},{"@type":"ListItem","position":2,"name":"Zwiebeln Schicht f\u00fcr Schicht: Ein Leitfaden f\u00fcr Gourmets und Gesundheitsbewusste"}]},{"@type":"WebSite","@id":"https:\/\/www.vomfeld.at\/blog\/#website","url":"https:\/\/www.vomfeld.at\/blog\/","name":"Johanna vom Feld Blog","description":"Mehr aus Lebensmitteln vom Feld machen","publisher":{"@id":"https:\/\/www.vomfeld.at\/blog\/#organization"},"potentialAction":[{"@type":"SearchAction","target":{"@type":"EntryPoint","urlTemplate":"https:\/\/www.vomfeld.at\/blog\/?s={search_term_string}"},"query-input":{"@type":"PropertyValueSpecification","valueRequired":true,"valueName":"search_term_string"}}],"inLanguage":"de"},{"@type":"Organization","@id":"https:\/\/www.vomfeld.at\/blog\/#organization","name":"Johanna vom Feld","url":"https:\/\/www.vomfeld.at\/blog\/","logo":{"@type":"ImageObject","inLanguage":"de","@id":"https:\/\/www.vomfeld.at\/blog\/#\/schema\/logo\/image\/","url":"https:\/\/www.vomfeld.at\/blog\/wp-content\/uploads\/2018\/10\/vomfeld-logo-large.png","contentUrl":"https:\/\/www.vomfeld.at\/blog\/wp-content\/uploads\/2018\/10\/vomfeld-logo-large.png","width":340,"height":200,"caption":"Johanna vom Feld"},"image":{"@id":"https:\/\/www.vomfeld.at\/blog\/#\/schema\/logo\/image\/"},"sameAs":["https:\/\/www.facebook.com\/vomfeld.at\/"]},{"@type":"Person","@id":"https:\/\/www.vomfeld.at\/blog\/#\/schema\/person\/8dab792dce4e00bc69ebf949f6eab1bf","name":"Johanna"}]}},"_links":{"self":[{"href":"https:\/\/www.vomfeld.at\/blog\/wp-json\/wp\/v2\/posts\/7454","targetHints":{"allow":["GET"]}}],"collection":[{"href":"https:\/\/www.vomfeld.at\/blog\/wp-json\/wp\/v2\/posts"}],"about":[{"href":"https:\/\/www.vomfeld.at\/blog\/wp-json\/wp\/v2\/types\/post"}],"author":[{"embeddable":true,"href":"https:\/\/www.vomfeld.at\/blog\/wp-json\/wp\/v2\/users\/3"}],"replies":[{"embeddable":true,"href":"https:\/\/www.vomfeld.at\/blog\/wp-json\/wp\/v2\/comments?post=7454"}],"version-history":[{"count":2,"href":"https:\/\/www.vomfeld.at\/blog\/wp-json\/wp\/v2\/posts\/7454\/revisions"}],"predecessor-version":[{"id":7459,"href":"https:\/\/www.vomfeld.at\/blog\/wp-json\/wp\/v2\/posts\/7454\/revisions\/7459"}],"wp:featuredmedia":[{"embeddable":true,"href":"https:\/\/www.vomfeld.at\/blog\/wp-json\/wp\/v2\/media\/7457"}],"wp:attachment":[{"href":"https:\/\/www.vomfeld.at\/blog\/wp-json\/wp\/v2\/media?parent=7454"}],"wp:term":[{"taxonomy":"category","embeddable":true,"href":"https:\/\/www.vomfeld.at\/blog\/wp-json\/wp\/v2\/categories?post=7454"},{"taxonomy":"post_tag","embeddable":true,"href":"https:\/\/www.vomfeld.at\/blog\/wp-json\/wp\/v2\/tags?post=7454"}],"curies":[{"name":"wp","href":"https:\/\/api.w.org\/{rel}","templated":true}]}}