{"id":7423,"date":"2023-12-13T15:11:29","date_gmt":"2023-12-13T14:11:29","guid":{"rendered":"https:\/\/www.vomfeld.at\/blog\/?p=7423"},"modified":"2023-12-13T15:11:29","modified_gmt":"2023-12-13T14:11:29","slug":"kraut-kohl-vitamine-winter","status":"publish","type":"post","link":"https:\/\/www.vomfeld.at\/blog\/kraut-kohl-vitamine-winter\/","title":{"rendered":"Kraut als Vitaminlieferant im Winter"},"content":{"rendered":"[vc_row type=&#8220;in_container&#8220; full_screen_row_position=&#8220;middle&#8220; column_margin=&#8220;default&#8220; column_direction=&#8220;default&#8220; column_direction_tablet=&#8220;default&#8220; column_direction_phone=&#8220;default&#8220; scene_position=&#8220;center&#8220; text_color=&#8220;dark&#8220; text_align=&#8220;left&#8220; row_border_radius=&#8220;none&#8220; row_border_radius_applies=&#8220;bg&#8220; overflow=&#8220;visible&#8220; overlay_strength=&#8220;0.3&#8243; gradient_direction=&#8220;left_to_right&#8220; shape_divider_position=&#8220;bottom&#8220; bg_image_animation=&#8220;none&#8220;][vc_column column_padding=&#8220;no-extra-padding&#8220; column_padding_tablet=&#8220;inherit&#8220; column_padding_phone=&#8220;inherit&#8220; column_padding_position=&#8220;all&#8220; column_element_direction_desktop=&#8220;default&#8220; column_element_spacing=&#8220;default&#8220; desktop_text_alignment=&#8220;default&#8220; tablet_text_alignment=&#8220;default&#8220; phone_text_alignment=&#8220;default&#8220; background_color_opacity=&#8220;1&#8243; background_hover_color_opacity=&#8220;1&#8243; column_backdrop_filter=&#8220;none&#8220; column_shadow=&#8220;none&#8220; column_border_radius=&#8220;none&#8220; column_link_target=&#8220;_self&#8220; column_position=&#8220;default&#8220; gradient_direction=&#8220;left_to_right&#8220; overlay_strength=&#8220;0.3&#8243; width=&#8220;1\/1&#8243; tablet_width_inherit=&#8220;default&#8220; animation_type=&#8220;default&#8220; bg_image_animation=&#8220;none&#8220; border_type=&#8220;simple&#8220; column_border_width=&#8220;none&#8220; column_border_style=&#8220;solid&#8220;][vc_column_text]<span style=\"font-weight: 400;\">Im Winter ist die Auswahl an heimischen Obst- und Gem\u00fcsesorten im Vergleich zu den Sommermonaten eher bescheiden. Doch auch zur kalten Jahreszeit gibt es regionales Gem\u00fcse, das <strong>wertvolle Vitamine und Mineralstoffe<\/strong> liefert.<\/span><\/p>\n<p><span style=\"font-weight: 400;\">Zum Wintergem\u00fcse z\u00e4hlen <strong>Wurzeln und Knollen,<\/strong> wie die Wurzelpetersilie, Topinambur, Pastinake, Karotte, Kartoffel, Lauch und rote R\u00fcbe. Doch verschiedenste Kohlsorten, umgangssprachlich auch Kraut genannt, sind wohl die wahren Helden der kalten Jahreszeit.<\/span><\/p>\n<p><span style=\"font-weight: 400;\">Wir, von Johanna vom Feld, haben die verschiedenen Kohlsorten mal genauer unter die Lupe genommen und dabei viel Interessantes entdeckt, das wir im folgenden Beitrag mit dir teilen m\u00f6chten.<\/span><\/p>\n<h2>Kraut oder Kohl<\/h2>\n<p><span style=\"font-weight: 400;\">Der Name ist recht irref\u00fchrend, denn eigentlich handelt es sich beim Kraut um <a href=\"https:\/\/www.vomfeld.at\/c\/gemuese\/brokkoli-kohl\/\" target=\"_blank\" rel=\"noopener\">Kohl<\/a>. In S\u00fcddeutschland und \u00d6sterreich werden aber bestimmte Kohlsorten gerne als Kraut bezeichnet.<\/span><\/p>\n<p><span style=\"font-weight: 400;\">So ist beispielsweise der <strong>Wei\u00dfkohl als Wei\u00dfkraut<\/strong> bekannt und der <strong>Blaukohl als Blaukraut.<\/strong> Und gleichzeitig handelt es sich dabei auch gleich um eine fertige Beilage und gilt nicht nur als Bezeichnung f\u00fcr die Gem\u00fcsesorte.<\/span><\/p>\n<p><span style=\"font-weight: 400;\">Das kann schon alles sehr verwirrend sein, deshalb schauen wir uns das gleich mal genauer an.<\/span><\/p>\n<p><span style=\"font-weight: 400;\">Unter dem Begriff <a href=\"https:\/\/www.vomfeld.at\/c\/gemuese\/brokkoli-kohl\/\" target=\"_blank\" rel=\"noopener\">Kraut<\/a> versteht man eine krautige, nutzbare Pflanze, deren <strong>oberirdischen Teile nicht verholzen<\/strong> und meist verzehrbar sind. So z\u00e4hlen K\u00fcchenkr\u00e4uter und Wildkr\u00e4uter genauso dazu wie auch der Gem\u00fcsekohl, z.B. Blaukraut und Sauerkraut.<\/span><\/p>\n<p><span style=\"font-weight: 400;\">Kohl geh\u00f6rt zu der Gattung der <strong>Kreuzbl\u00fctler<\/strong> und z\u00e4hlt zu den wichtigsten Kulturpflanzen in Europa und Asien. Aktuell sind ca. 35 verschiedene Arten bekannt, wobei nur wenige Sorten regelm\u00e4\u00dfig auf unseren Tellern landen.<\/span><\/p>\n<p><span style=\"font-weight: 400;\">Die wohl <strong>h\u00e4ufigsten Gem\u00fcsekohlsorten<\/strong> sind:<\/span><\/p>\n<ul>\n<li style=\"font-weight: 400;\" aria-level=\"1\"><b>Blumenkohl<\/b><span style=\"font-weight: 400;\">, auch Karfiol genannt, hat einen wei\u00dfen Kopf mit fleischigen zusammenstehenden Bl\u00fctensprossen. Es gibt auch weitere Z\u00fcchtungen in violett, gr\u00fcn oder orange. Man kann diese Sorte wunderbar in Eint\u00f6pfen verwenden, backen, braten oder garen und auch als Reisersatz zubereiten.<\/span><\/li>\n<li style=\"font-weight: 400;\" aria-level=\"1\"><span style=\"font-weight: 400;\">Der <\/span><b>Kopfkohl<\/b><span style=\"font-weight: 400;\"> untergliedert sich in Wei\u00dfkohl (Wei\u00dfkraut) &#8211; dazu geh\u00f6rt auch der Spitzkohl \u2013 Blaukohl (Blaukraut) und Wirsing. Diese Sorten werden zur krautigen Beilage als Sauerkraut oder Blaukraut mit Apfel weiterverarbeitet, eignen sich aber auch wunderbar zur Zubereitung von Rouladen oder P\u00e4ckchen.<\/span><\/li>\n<li style=\"font-weight: 400;\" aria-level=\"1\"><b>Rosenkohl<\/b><span style=\"font-weight: 400;\">, eher bekannt als Kohlsprossen, hat ein besonders nussiges Aroma und ist sowohl in Eint\u00f6pfen, Aufl\u00e4ufen und Pasta-Gerichten auch etwas f\u00fcrs Auge.<\/span><\/li>\n<li style=\"font-weight: 400;\" aria-level=\"1\"><b>Kohlrabi <\/b><span style=\"font-weight: 400;\">ist eine Sorte, die besonders gut bek\u00f6mmlich ist und sowohl roh als auch gekocht sehr aromatisch schmeckt. Kohlrabi l\u00e4sst sich auch gut als Kartoffelersatz in der K\u00fcche verwenden.<\/span><\/li>\n<li style=\"font-weight: 400;\" aria-level=\"1\"><b>Brokkoli<\/b><span style=\"font-weight: 400;\"> ist das Schlankmacher-Gem\u00fcse schlechthin. Sein knackig nussiges Aroma und die vielen Zubereitungsm\u00f6glichkeiten machen diese Kohlsorte besonders beliebt. Er enth\u00e4lt wertvolle Bitterstoffe, die sich positiv auf die Verdauung auswirken. Da Kinder jedoch Bitterstoffe viel intensiver wahrnehmen, ist es empfehlenswert, Brokkoli mit anderen Gem\u00fcsesorten zu mischen und mit Gew\u00fcrzen und Kr\u00e4utern zu verfeinern.<\/span><\/li>\n<\/ul>\n[\/vc_column_text][divider line_type=&#8220;No Line&#8220; custom_height=&#8220;20&#8243;][image_with_animation image_url=&#8220;7424&#8243; image_size=&#8220;full&#8220; animation_type=&#8220;entrance&#8220; animation=&#8220;Fade In&#8220; animation_easing=&#8220;default&#8220; animation_movement_type=&#8220;transform_y&#8220; hover_animation=&#8220;none&#8220; alignment=&#8220;center&#8220; img_link_large=&#8220;yes&#8220; border_radius=&#8220;none&#8220; box_shadow=&#8220;none&#8220; image_loading=&#8220;default&#8220; max_width=&#8220;100%&#8220; max_width_mobile=&#8220;default&#8220;][divider line_type=&#8220;No Line&#8220; custom_height=&#8220;20&#8243;][vc_column_text]\n<h2>Wichtige N\u00e4hrstofflieferanten im Winter<\/h2>\n<p><span style=\"font-weight: 400;\">Gerade im Winter ist nur eine geringe Auswahl heimischer Gem\u00fcsesorten erh\u00e4ltlich. Doch um sich auch zur kalten Jahreszeit mit wichtigen Vitaminen und Mineralstoffen zu versorgen, lohnt es sich, die verschiedenen Kohlsorten <strong>regelm\u00e4\u00dfig in den Speiseplan zu integrieren.<\/strong><\/span><\/p>\n<p><span style=\"font-weight: 400;\">Alle Sorten haben den Vorteil, dass sie besonders kalorien- und fettarm sind und sich dadurch positiv auf die Herzgesundheit und den Cholesterinspiegel auswirken. Dieses Gem\u00fcse enth\u00e4lt <strong>viel Vitamin C,<\/strong> das f\u00fcr das Immunsystem wichtig ist. Beta-Carotin und Calcium sind ebenfalls enthalten.<\/span><\/p>\n<p><span style=\"font-weight: 400;\">Besonders der <strong>Gr\u00fcnkohl enth\u00e4lt viel Calcium,<\/strong> das f\u00fcr starke Knochen und Z\u00e4hne wichtig ist und die Aufnahme von Vitamin D beg\u00fcnstigt. Wertvolle Ballaststoffe, die in den verschiedenen Gem\u00fcsekohlsorten vorhanden sind, f\u00f6rdern die Darmgesundheit und haben einen positiven Einfluss auf den Blutzuckerspiegel.<\/span><\/p>\n<p><span style=\"font-weight: 400;\">Da der Verzehr von Kohl bei Menschen mit empfindlichem Magen-Darm-Trakt gelegentlich zu Bl\u00e4hungen f\u00fchrt, sollte man Speisen <strong>mit entbl\u00e4henden Gew\u00fcrzen und Kr\u00e4utern verfeinern,<\/strong> wie beispielsweise K\u00fcmmel, Kreuzk\u00fcmmel, Bohnenkraut und Fenchel. <\/span><\/p>\n<p><span style=\"font-weight: 400;\">Personen mit Schilddr\u00fcsenfehlfunktion sollten bei der Verzehrmenge von Kohl achtsam sein, da es die <strong>Aufnahme von Jod mindern kann.<\/strong> Daher Speisen, die mit Gem\u00fcsekohl zubereitet werden, mit jodiertem Salz w\u00fcrzen. Fermentiertes Kraut, wie das Sauerkraut oder Kimchi, enthalten zudem noch wertvolles Vitamin B12, das wichtig f\u00fcr die Nerven ist und bei einem dauerhaften Mangel zu irreversiblen Sch\u00e4den f\u00fchren kann.<\/span><\/p>\n<p><span style=\"font-weight: 400;\">Da es haupts\u00e4chlich in tierischen Lebensmitteln vorkommt, haben Vegetarier oder Veganer ein erh\u00f6htes Risiko eines Vitamin B12-Mangels. Ebenfalls enth\u00e4lt <strong>fermentiertes Kraut<\/strong> wichtige N\u00e4hrstoffe f\u00fcr die Darmflora, was sich positiv auf die Darmgesundheit und das Immunsystem auswirkt.<\/span><\/p>\n<p><span style=\"font-weight: 400;\">Es lohnt sich in mehrfacher Hinsicht, Gem\u00fcsekohl regelm\u00e4\u00dfig zuzubereiten und zu verzehren.<\/span><\/p>\n<h2>Mehr als nur Sauerkraut<\/h2>\n<p><span style=\"font-weight: 400;\">Kohl, oder auch Kraut genannt, ist vielseitig und abwechslungsreich in der K\u00fcche einsetzbar und liefert in den Wintermonaten wertvolle Vitamine und Mineralstoffe. Wir haben dir ein paar <strong>Rezepte<\/strong> zusammengestellt, die aus diesem Wintergem\u00fcse ein kulinarisches Highlight zaubern.<\/span>[\/vc_column_text][divider line_type=&#8220;No Line&#8220; custom_height=&#8220;20&#8243;][image_with_animation image_url=&#8220;7426&#8243; image_size=&#8220;full&#8220; animation_type=&#8220;entrance&#8220; animation=&#8220;Fade In&#8220; animation_easing=&#8220;default&#8220; animation_movement_type=&#8220;transform_y&#8220; hover_animation=&#8220;none&#8220; alignment=&#8220;center&#8220; img_link_large=&#8220;yes&#8220; border_radius=&#8220;none&#8220; box_shadow=&#8220;none&#8220; image_loading=&#8220;default&#8220; max_width=&#8220;100%&#8220; max_width_mobile=&#8220;default&#8220;][divider line_type=&#8220;No Line&#8220; custom_height=&#8220;20&#8243;][vc_column_text]\n<h2>Krautfleckerl mit wei\u00dfen Bohnen<\/h2>\n<p><strong>Zutaten f\u00fcr 2-3 Portionen:<\/strong><\/p>\n<ul>\n<li style=\"font-weight: 400;\" aria-level=\"1\"><span style=\"font-weight: 400;\">400g Wei\u00dfkraut<\/span><\/li>\n<li style=\"font-weight: 400;\" aria-level=\"1\"><span style=\"font-weight: 400;\">200g Fleckerlnudeln<\/span><\/li>\n<li style=\"font-weight: 400;\" aria-level=\"1\"><span style=\"font-weight: 400;\">200g gegarte wei\u00dfe Bohnen aus der Dose oder dem Glas<\/span><\/li>\n<li style=\"font-weight: 400;\" aria-level=\"1\"><span style=\"font-weight: 400;\">150ml Gem\u00fcsesuppe<\/span><\/li>\n<li style=\"font-weight: 400;\" aria-level=\"1\"><span style=\"font-weight: 400;\">20g Butter<\/span><\/li>\n<li style=\"font-weight: 400;\" aria-level=\"1\"><span style=\"font-weight: 400;\">1 gro\u00dfe rote Zwiebel<\/span><\/li>\n<li style=\"font-weight: 400;\" aria-level=\"1\"><span style=\"font-weight: 400;\">1 EL Zucker<\/span><\/li>\n<li style=\"font-weight: 400;\" aria-level=\"1\"><span style=\"font-weight: 400;\">1 EL Essig<\/span><\/li>\n<li style=\"font-weight: 400;\" aria-level=\"1\"><span style=\"font-weight: 400;\">Salz, Pfeffer, gemahlener K\u00fcmmel<\/span><\/li>\n<\/ul>\n<p><strong>Zubereitung:<\/strong><\/p>\n<ol>\n<li style=\"font-weight: 400;\" aria-level=\"1\"><span style=\"font-weight: 400;\">Die Nudeln nach Packungsanleitung zubereiten.<\/span><\/li>\n<li style=\"font-weight: 400;\" aria-level=\"1\"><span style=\"font-weight: 400;\">Zwiebel sch\u00e4len und fein hacken. Die Bohnen abgie\u00dfen und abtropfen lassen.<\/span><\/li>\n<li style=\"font-weight: 400;\" aria-level=\"1\"><span style=\"font-weight: 400;\">Strunk vom Wei\u00dfkraut herausschneiden und das Kraut in 2-3 cm gro\u00dfe Rechtecke schneiden.<\/span><\/li>\n<li style=\"font-weight: 400;\" aria-level=\"1\"><span style=\"font-weight: 400;\">Butter und Zucker in einer hohen Pfanne karamellisieren, Zwiebel zuf\u00fcgen und bei geringer Hitze goldbraun r\u00f6sten.<\/span><\/li>\n<li style=\"font-weight: 400;\" aria-level=\"1\"><span style=\"font-weight: 400;\">Das geschnittene Kraut zuf\u00fcgen, gut miteinander vermengen, mit Essig und Gem\u00fcsesuppe abl\u00f6schen und 4-5 Minuten bei geringer Hitze k\u00f6cheln lassen.<\/span><\/li>\n<li style=\"font-weight: 400;\" aria-level=\"1\"><span style=\"font-weight: 400;\">Die gekochten Nudeln und Bohnen zuf\u00fcgen und vermischen. Mit den Gew\u00fcrzen abschmecken und vor dem Servieren noch 2 Minuten auf niedriger Flamme ziehen lassen.<\/span><\/li>\n<\/ol>\n<h2>Rotkraut-Kartoffel-Gratin<\/h2>\n<p><strong>Zutaten f\u00fcr 2-3 Portionen:<\/strong><\/p>\n<ul>\n<li style=\"font-weight: 400;\" aria-level=\"1\"><span style=\"font-weight: 400;\">400g Kartoffeln<\/span><\/li>\n<li style=\"font-weight: 400;\" aria-level=\"1\"><span style=\"font-weight: 400;\">400g Rotkraut<\/span><\/li>\n<li style=\"font-weight: 400;\" aria-level=\"1\"><span style=\"font-weight: 400;\">200ml Schlagobers<\/span><\/li>\n<li style=\"font-weight: 400;\" aria-level=\"1\"><span style=\"font-weight: 400;\">100g Feta<\/span><\/li>\n<li style=\"font-weight: 400;\" aria-level=\"1\"><span style=\"font-weight: 400;\">1 Apfel<\/span><\/li>\n<li style=\"font-weight: 400;\" aria-level=\"1\"><span style=\"font-weight: 400;\">Salz, Pfeffer, Thymian<\/span><\/li>\n<\/ul>\n<p><strong>Zubereitung:<\/strong><\/p>\n<ol>\n<li style=\"font-weight: 400;\" aria-level=\"1\"><span style=\"font-weight: 400;\">Das Backrohr auf 200\u00b0C bei Ober-\/Unterhitze (Umluft: 180\u00b0C) vorheizen.<\/span><\/li>\n<li style=\"font-weight: 400;\" aria-level=\"1\"><span style=\"font-weight: 400;\">Rotkraut waschen und die Bl\u00e4tter einzeln abl\u00f6sen. Anschlie\u00dfend die Bl\u00e4tter in kochendem Salzwasser 3 Minuten blanchieren, mit einer Schaumkelle herausnehmen und abtropfen lassen. Den Strunk aus den Bl\u00e4ttern herausschneiden.<\/span><\/li>\n<li style=\"font-weight: 400;\" aria-level=\"1\"><span style=\"font-weight: 400;\">Kartoffeln sch\u00e4len und in feine Scheiben hobeln. Danach ebenfalls 5 Minuten in kochendem Salzwasser vorgaren.<\/span><\/li>\n<li style=\"font-weight: 400;\" aria-level=\"1\"><span style=\"font-weight: 400;\">Apfel waschen, entkernen und ebenfalls in feine Scheiben schneiden.<\/span><\/li>\n<li style=\"font-weight: 400;\" aria-level=\"1\"><span style=\"font-weight: 400;\">Rotkrautbl\u00e4tter, Kartoffeln und Apfelscheiben abwechselnd in eine Auflaufform schichten.<\/span><\/li>\n<li style=\"font-weight: 400;\" aria-level=\"1\"><span style=\"font-weight: 400;\">Schlagobers mit Salz, Pfeffer und Thymian w\u00fcrzen und \u00fcber die Gem\u00fcse-Apfel-Mischung gie\u00dfen.<\/span><\/li>\n<li style=\"font-weight: 400;\" aria-level=\"1\"><span style=\"font-weight: 400;\">Den Feta mit den H\u00e4nden \u00fcber das Gratin kr\u00fcmeln und das Gratin im Backrohr f\u00fcr 40 Minuten backen.<\/span><\/li>\n<\/ol>\n<h2>Wirsingp\u00e4ckchen mit Quinoa<\/h2>\n<p><strong>Zutaten f\u00fcr 2-3 Portionen:<\/strong><\/p>\n<ul>\n<li style=\"font-weight: 400;\" aria-level=\"1\"><span style=\"font-weight: 400;\">150g Quinoa<\/span><\/li>\n<li style=\"font-weight: 400;\" aria-level=\"1\"><span style=\"font-weight: 400;\">100g R\u00e4uchertofu<\/span><\/li>\n<li style=\"font-weight: 400;\" aria-level=\"1\"><span style=\"font-weight: 400;\">50ml Gem\u00fcsesuppe<\/span><\/li>\n<li style=\"font-weight: 400;\" aria-level=\"1\"><span style=\"font-weight: 400;\">4 gro\u00dfe Wirsingbl\u00e4tter<\/span><\/li>\n<li style=\"font-weight: 400;\" aria-level=\"1\"><span style=\"font-weight: 400;\">1 kleine Zwiebel<\/span><\/li>\n<li style=\"font-weight: 400;\" aria-level=\"1\"><span style=\"font-weight: 400;\">1 EL Oliven\u00f6l<\/span><\/li>\n<li style=\"font-weight: 400;\" aria-level=\"1\"><span style=\"font-weight: 400;\">Salz, Pfeffer, gemahlener Kreuzk\u00fcmmel<\/span><\/li>\n<li style=\"font-weight: 400;\" aria-level=\"1\"><span style=\"font-weight: 400;\">Optional: K\u00fcchengarn<\/span><\/li>\n<\/ul>\n<p><strong><em>Zubereitung:<\/em><\/strong><\/p>\n<ol>\n<li style=\"font-weight: 400;\" aria-level=\"1\"><span style=\"font-weight: 400;\">Das Backrohr auf 180\u00b0C bei Ober-\/Unterhitze (Umluft: 160\u00b0C) vorheizen.<\/span><\/li>\n<li style=\"font-weight: 400;\" aria-level=\"1\"><span style=\"font-weight: 400;\">Quinoa waschen und nach Packungsanleitung zubereiten.<\/span><\/li>\n<li style=\"font-weight: 400;\" aria-level=\"1\"><span style=\"font-weight: 400;\">Wirsingbl\u00e4tter waschen und in kochendem Salzwasser 2-3 Minuten blanchieren. Anschlie\u00dfend herausnehmen, in Eiswasser abschrecken und mit einem K\u00fcchentuch trocknen.<\/span><\/li>\n<li style=\"font-weight: 400;\" aria-level=\"1\"><span style=\"font-weight: 400;\">R\u00e4uchertofu abtropfen lassen und klein w\u00fcrfeln. Zwiebel sch\u00e4len und fein hacken.<\/span><\/li>\n<li style=\"font-weight: 400;\" aria-level=\"1\"><span style=\"font-weight: 400;\">Tofu und Zwiebel mit Oliven\u00f6l in einer Pfanne 3-4 Minuten anbraten. Quinoa zuf\u00fcgen, w\u00fcrzen und gut miteinander vermengen.<\/span><\/li>\n<li style=\"font-weight: 400;\" aria-level=\"1\"><span style=\"font-weight: 400;\">Die Wirsingbl\u00e4tter mit dem Quinoa-Mix f\u00fcllen, die Bl\u00e4tter einschlagen und zu P\u00e4ckchen formen und optional mit einem K\u00fcchengarn fixieren.<\/span><\/li>\n<li style=\"font-weight: 400;\" aria-level=\"1\"><span style=\"font-weight: 400;\">Die P\u00e4ckchen in eine Auflaufform legen, mit der Gem\u00fcsesuppe \u00fcbergie\u00dfen und im vorgeheizten Backrohr 10 bis 15 Minuten garen.<\/span><\/li>\n<\/ol>\n<p><span style=\"font-weight: 400;\">\u00a0<\/span><\/p>\n<p><span style=\"font-weight: 400;\">Egal, ob du es Kraut oder Kohl nennst, es ist DAS heimische Wintergem\u00fcse schlechthin und liefert besonders in der kalten Jahreszeit wertvolle Vitamine und Mineralstoffe.<\/span><\/p>\n<p><span style=\"font-weight: 400;\">Da es nur wenige Kalorien enth\u00e4lt und zudem auch fettarm ist, wird die sonst so \u00fcppige Winterk\u00fcche leicht und bek\u00f6mmlich. Wertvolle Ballaststoffe f\u00f6rdern die Darmgesundheit und haben so auch positiven Einfluss auf das Immunsystem.<\/span><\/p>\n<p><span style=\"font-weight: 400;\">Verschiedene Kohlsorten bieten auch eine Vielfalt an Zubereitungsm\u00f6glichkeiten und sorgen f\u00fcr Abwechslung auf dem Speiseplan. Wer darauf achtet, beim Einkauf den Geldbeutel zu schonen, ist mit dem Kauf saisonaler und regionaler Produkte gut beraten, denn diese Gem\u00fcsesorten sind meist besonders g\u00fcnstig.<\/span><\/p>\n<p><span style=\"font-weight: 400;\"> So kann man nicht nur sparen, sondern gleichzeitig auch zum Klimaschutz beitragen und die Gesundheit und das Wohlbefinden kulinarisch positiv beeinflussen.<\/span>[\/vc_column_text][\/vc_column][\/vc_row]\n","protected":false},"excerpt":{"rendered":"<p>[vc_row type=&#8220;in_container&#8220; full_screen_row_position=&#8220;middle&#8220; column_margin=&#8220;default&#8220; column_direction=&#8220;default&#8220; column_direction_tablet=&#8220;default&#8220; column_direction_phone=&#8220;default&#8220; scene_position=&#8220;center&#8220; text_color=&#8220;dark&#8220; text_align=&#8220;left&#8220; row_border_radius=&#8220;none&#8220; row_border_radius_applies=&#8220;bg&#8220; overflow=&#8220;visible&#8220; overlay_strength=&#8220;0.3&#8243; gradient_direction=&#8220;left_to_right&#8220;&#8230;<\/p>\n","protected":false},"author":3,"featured_media":7425,"comment_status":"closed","ping_status":"closed","sticky":false,"template":"","format":"standard","meta":{"footnotes":""},"categories":[24],"tags":[],"class_list":{"0":"post-7423","1":"post","2":"type-post","3":"status-publish","4":"format-standard","5":"has-post-thumbnail","7":"category-produkte"},"yoast_head":"<!-- This site is optimized with the Yoast SEO plugin v25.4 - https:\/\/yoast.com\/wordpress\/plugins\/seo\/ -->\n<title>Kraut als Vitaminlieferant im Winter | vomfeld.at<\/title>\n<meta name=\"description\" content=\"Kraut und Kohl sind wertvolle Lieferanten f\u00fcr Vitamine im Winter! Erfahre mehr dar\u00fcber und lerne unsere 3 Lieblingsrezepte kennen.\" \/>\n<meta name=\"robots\" content=\"index, follow, max-snippet:-1, max-image-preview:large, max-video-preview:-1\" \/>\n<link rel=\"canonical\" href=\"https:\/\/www.vomfeld.at\/blog\/kraut-kohl-vitamine-winter\/\" \/>\n<meta property=\"og:locale\" content=\"de_DE\" \/>\n<meta property=\"og:type\" content=\"article\" \/>\n<meta property=\"og:title\" content=\"Kraut als Vitaminlieferant im Winter | vomfeld.at\" \/>\n<meta property=\"og:description\" content=\"Kraut und Kohl sind wertvolle Lieferanten f\u00fcr Vitamine im Winter! Erfahre mehr dar\u00fcber und lerne unsere 3 Lieblingsrezepte kennen.\" \/>\n<meta property=\"og:url\" content=\"https:\/\/www.vomfeld.at\/blog\/kraut-kohl-vitamine-winter\/\" \/>\n<meta property=\"og:site_name\" content=\"Johanna vom Feld Blog\" \/>\n<meta property=\"article:publisher\" content=\"https:\/\/www.facebook.com\/vomfeld.at\/\" \/>\n<meta property=\"article:published_time\" content=\"2023-12-13T14:11:29+00:00\" \/>\n<meta property=\"og:image\" content=\"https:\/\/www.vomfeld.at\/blog\/wp-content\/uploads\/2023\/12\/kohlsprossen-teller.jpg\" \/>\n\t<meta property=\"og:image:width\" content=\"1600\" \/>\n\t<meta property=\"og:image:height\" content=\"1067\" \/>\n\t<meta property=\"og:image:type\" content=\"image\/jpeg\" \/>\n<meta name=\"author\" content=\"Johanna\" \/>\n<meta name=\"twitter:card\" content=\"summary_large_image\" \/>\n<meta name=\"twitter:label1\" content=\"Verfasst von\" \/>\n\t<meta name=\"twitter:data1\" content=\"Johanna\" \/>\n\t<meta name=\"twitter:label2\" content=\"Gesch\u00e4tzte Lesezeit\" \/>\n\t<meta name=\"twitter:data2\" content=\"8\u00a0Minuten\" \/>\n<script type=\"application\/ld+json\" class=\"yoast-schema-graph\">{\"@context\":\"https:\/\/schema.org\",\"@graph\":[{\"@type\":\"Article\",\"@id\":\"https:\/\/www.vomfeld.at\/blog\/kraut-kohl-vitamine-winter\/#article\",\"isPartOf\":{\"@id\":\"https:\/\/www.vomfeld.at\/blog\/kraut-kohl-vitamine-winter\/\"},\"author\":{\"name\":\"Johanna\",\"@id\":\"https:\/\/www.vomfeld.at\/blog\/#\/schema\/person\/8dab792dce4e00bc69ebf949f6eab1bf\"},\"headline\":\"Kraut als Vitaminlieferant im Winter\",\"datePublished\":\"2023-12-13T14:11:29+00:00\",\"mainEntityOfPage\":{\"@id\":\"https:\/\/www.vomfeld.at\/blog\/kraut-kohl-vitamine-winter\/\"},\"wordCount\":1666,\"publisher\":{\"@id\":\"https:\/\/www.vomfeld.at\/blog\/#organization\"},\"image\":{\"@id\":\"https:\/\/www.vomfeld.at\/blog\/kraut-kohl-vitamine-winter\/#primaryimage\"},\"thumbnailUrl\":\"https:\/\/www.vomfeld.at\/blog\/wp-content\/uploads\/2023\/12\/kohlsprossen-teller.jpg\",\"articleSection\":[\"Produkte\"],\"inLanguage\":\"de\"},{\"@type\":\"WebPage\",\"@id\":\"https:\/\/www.vomfeld.at\/blog\/kraut-kohl-vitamine-winter\/\",\"url\":\"https:\/\/www.vomfeld.at\/blog\/kraut-kohl-vitamine-winter\/\",\"name\":\"Kraut als Vitaminlieferant im Winter | vomfeld.at\",\"isPartOf\":{\"@id\":\"https:\/\/www.vomfeld.at\/blog\/#website\"},\"primaryImageOfPage\":{\"@id\":\"https:\/\/www.vomfeld.at\/blog\/kraut-kohl-vitamine-winter\/#primaryimage\"},\"image\":{\"@id\":\"https:\/\/www.vomfeld.at\/blog\/kraut-kohl-vitamine-winter\/#primaryimage\"},\"thumbnailUrl\":\"https:\/\/www.vomfeld.at\/blog\/wp-content\/uploads\/2023\/12\/kohlsprossen-teller.jpg\",\"datePublished\":\"2023-12-13T14:11:29+00:00\",\"description\":\"Kraut und Kohl sind wertvolle Lieferanten f\u00fcr Vitamine im Winter! Erfahre mehr dar\u00fcber und lerne unsere 3 Lieblingsrezepte kennen.\",\"breadcrumb\":{\"@id\":\"https:\/\/www.vomfeld.at\/blog\/kraut-kohl-vitamine-winter\/#breadcrumb\"},\"inLanguage\":\"de\",\"potentialAction\":[{\"@type\":\"ReadAction\",\"target\":[\"https:\/\/www.vomfeld.at\/blog\/kraut-kohl-vitamine-winter\/\"]}]},{\"@type\":\"ImageObject\",\"inLanguage\":\"de\",\"@id\":\"https:\/\/www.vomfeld.at\/blog\/kraut-kohl-vitamine-winter\/#primaryimage\",\"url\":\"https:\/\/www.vomfeld.at\/blog\/wp-content\/uploads\/2023\/12\/kohlsprossen-teller.jpg\",\"contentUrl\":\"https:\/\/www.vomfeld.at\/blog\/wp-content\/uploads\/2023\/12\/kohlsprossen-teller.jpg\",\"width\":1600,\"height\":1067,\"caption\":\"Kohlsprossen auf einem Teller\"},{\"@type\":\"BreadcrumbList\",\"@id\":\"https:\/\/www.vomfeld.at\/blog\/kraut-kohl-vitamine-winter\/#breadcrumb\",\"itemListElement\":[{\"@type\":\"ListItem\",\"position\":1,\"name\":\"Startseite\",\"item\":\"https:\/\/www.vomfeld.at\/blog\/\"},{\"@type\":\"ListItem\",\"position\":2,\"name\":\"Kraut als Vitaminlieferant im Winter\"}]},{\"@type\":\"WebSite\",\"@id\":\"https:\/\/www.vomfeld.at\/blog\/#website\",\"url\":\"https:\/\/www.vomfeld.at\/blog\/\",\"name\":\"Johanna vom Feld Blog\",\"description\":\"Mehr aus Lebensmitteln vom Feld machen\",\"publisher\":{\"@id\":\"https:\/\/www.vomfeld.at\/blog\/#organization\"},\"potentialAction\":[{\"@type\":\"SearchAction\",\"target\":{\"@type\":\"EntryPoint\",\"urlTemplate\":\"https:\/\/www.vomfeld.at\/blog\/?s={search_term_string}\"},\"query-input\":{\"@type\":\"PropertyValueSpecification\",\"valueRequired\":true,\"valueName\":\"search_term_string\"}}],\"inLanguage\":\"de\"},{\"@type\":\"Organization\",\"@id\":\"https:\/\/www.vomfeld.at\/blog\/#organization\",\"name\":\"Johanna vom Feld\",\"url\":\"https:\/\/www.vomfeld.at\/blog\/\",\"logo\":{\"@type\":\"ImageObject\",\"inLanguage\":\"de\",\"@id\":\"https:\/\/www.vomfeld.at\/blog\/#\/schema\/logo\/image\/\",\"url\":\"https:\/\/www.vomfeld.at\/blog\/wp-content\/uploads\/2018\/10\/vomfeld-logo-large.png\",\"contentUrl\":\"https:\/\/www.vomfeld.at\/blog\/wp-content\/uploads\/2018\/10\/vomfeld-logo-large.png\",\"width\":340,\"height\":200,\"caption\":\"Johanna vom Feld\"},\"image\":{\"@id\":\"https:\/\/www.vomfeld.at\/blog\/#\/schema\/logo\/image\/\"},\"sameAs\":[\"https:\/\/www.facebook.com\/vomfeld.at\/\"]},{\"@type\":\"Person\",\"@id\":\"https:\/\/www.vomfeld.at\/blog\/#\/schema\/person\/8dab792dce4e00bc69ebf949f6eab1bf\",\"name\":\"Johanna\"}]}<\/script>\n<!-- \/ Yoast SEO plugin. -->","yoast_head_json":{"title":"Kraut als Vitaminlieferant im Winter | vomfeld.at","description":"Kraut und Kohl sind wertvolle Lieferanten f\u00fcr Vitamine im Winter! Erfahre mehr dar\u00fcber und lerne unsere 3 Lieblingsrezepte kennen.","robots":{"index":"index","follow":"follow","max-snippet":"max-snippet:-1","max-image-preview":"max-image-preview:large","max-video-preview":"max-video-preview:-1"},"canonical":"https:\/\/www.vomfeld.at\/blog\/kraut-kohl-vitamine-winter\/","og_locale":"de_DE","og_type":"article","og_title":"Kraut als Vitaminlieferant im Winter | vomfeld.at","og_description":"Kraut und Kohl sind wertvolle Lieferanten f\u00fcr Vitamine im Winter! Erfahre mehr dar\u00fcber und lerne unsere 3 Lieblingsrezepte kennen.","og_url":"https:\/\/www.vomfeld.at\/blog\/kraut-kohl-vitamine-winter\/","og_site_name":"Johanna vom Feld Blog","article_publisher":"https:\/\/www.facebook.com\/vomfeld.at\/","article_published_time":"2023-12-13T14:11:29+00:00","og_image":[{"width":1600,"height":1067,"url":"https:\/\/www.vomfeld.at\/blog\/wp-content\/uploads\/2023\/12\/kohlsprossen-teller.jpg","type":"image\/jpeg"}],"author":"Johanna","twitter_card":"summary_large_image","twitter_misc":{"Verfasst von":"Johanna","Gesch\u00e4tzte Lesezeit":"8\u00a0Minuten"},"schema":{"@context":"https:\/\/schema.org","@graph":[{"@type":"Article","@id":"https:\/\/www.vomfeld.at\/blog\/kraut-kohl-vitamine-winter\/#article","isPartOf":{"@id":"https:\/\/www.vomfeld.at\/blog\/kraut-kohl-vitamine-winter\/"},"author":{"name":"Johanna","@id":"https:\/\/www.vomfeld.at\/blog\/#\/schema\/person\/8dab792dce4e00bc69ebf949f6eab1bf"},"headline":"Kraut als Vitaminlieferant im Winter","datePublished":"2023-12-13T14:11:29+00:00","mainEntityOfPage":{"@id":"https:\/\/www.vomfeld.at\/blog\/kraut-kohl-vitamine-winter\/"},"wordCount":1666,"publisher":{"@id":"https:\/\/www.vomfeld.at\/blog\/#organization"},"image":{"@id":"https:\/\/www.vomfeld.at\/blog\/kraut-kohl-vitamine-winter\/#primaryimage"},"thumbnailUrl":"https:\/\/www.vomfeld.at\/blog\/wp-content\/uploads\/2023\/12\/kohlsprossen-teller.jpg","articleSection":["Produkte"],"inLanguage":"de"},{"@type":"WebPage","@id":"https:\/\/www.vomfeld.at\/blog\/kraut-kohl-vitamine-winter\/","url":"https:\/\/www.vomfeld.at\/blog\/kraut-kohl-vitamine-winter\/","name":"Kraut als Vitaminlieferant im Winter | vomfeld.at","isPartOf":{"@id":"https:\/\/www.vomfeld.at\/blog\/#website"},"primaryImageOfPage":{"@id":"https:\/\/www.vomfeld.at\/blog\/kraut-kohl-vitamine-winter\/#primaryimage"},"image":{"@id":"https:\/\/www.vomfeld.at\/blog\/kraut-kohl-vitamine-winter\/#primaryimage"},"thumbnailUrl":"https:\/\/www.vomfeld.at\/blog\/wp-content\/uploads\/2023\/12\/kohlsprossen-teller.jpg","datePublished":"2023-12-13T14:11:29+00:00","description":"Kraut und Kohl sind wertvolle Lieferanten f\u00fcr Vitamine im Winter! Erfahre mehr dar\u00fcber und lerne unsere 3 Lieblingsrezepte kennen.","breadcrumb":{"@id":"https:\/\/www.vomfeld.at\/blog\/kraut-kohl-vitamine-winter\/#breadcrumb"},"inLanguage":"de","potentialAction":[{"@type":"ReadAction","target":["https:\/\/www.vomfeld.at\/blog\/kraut-kohl-vitamine-winter\/"]}]},{"@type":"ImageObject","inLanguage":"de","@id":"https:\/\/www.vomfeld.at\/blog\/kraut-kohl-vitamine-winter\/#primaryimage","url":"https:\/\/www.vomfeld.at\/blog\/wp-content\/uploads\/2023\/12\/kohlsprossen-teller.jpg","contentUrl":"https:\/\/www.vomfeld.at\/blog\/wp-content\/uploads\/2023\/12\/kohlsprossen-teller.jpg","width":1600,"height":1067,"caption":"Kohlsprossen auf einem Teller"},{"@type":"BreadcrumbList","@id":"https:\/\/www.vomfeld.at\/blog\/kraut-kohl-vitamine-winter\/#breadcrumb","itemListElement":[{"@type":"ListItem","position":1,"name":"Startseite","item":"https:\/\/www.vomfeld.at\/blog\/"},{"@type":"ListItem","position":2,"name":"Kraut als Vitaminlieferant im Winter"}]},{"@type":"WebSite","@id":"https:\/\/www.vomfeld.at\/blog\/#website","url":"https:\/\/www.vomfeld.at\/blog\/","name":"Johanna vom Feld Blog","description":"Mehr aus Lebensmitteln vom Feld machen","publisher":{"@id":"https:\/\/www.vomfeld.at\/blog\/#organization"},"potentialAction":[{"@type":"SearchAction","target":{"@type":"EntryPoint","urlTemplate":"https:\/\/www.vomfeld.at\/blog\/?s={search_term_string}"},"query-input":{"@type":"PropertyValueSpecification","valueRequired":true,"valueName":"search_term_string"}}],"inLanguage":"de"},{"@type":"Organization","@id":"https:\/\/www.vomfeld.at\/blog\/#organization","name":"Johanna vom Feld","url":"https:\/\/www.vomfeld.at\/blog\/","logo":{"@type":"ImageObject","inLanguage":"de","@id":"https:\/\/www.vomfeld.at\/blog\/#\/schema\/logo\/image\/","url":"https:\/\/www.vomfeld.at\/blog\/wp-content\/uploads\/2018\/10\/vomfeld-logo-large.png","contentUrl":"https:\/\/www.vomfeld.at\/blog\/wp-content\/uploads\/2018\/10\/vomfeld-logo-large.png","width":340,"height":200,"caption":"Johanna vom Feld"},"image":{"@id":"https:\/\/www.vomfeld.at\/blog\/#\/schema\/logo\/image\/"},"sameAs":["https:\/\/www.facebook.com\/vomfeld.at\/"]},{"@type":"Person","@id":"https:\/\/www.vomfeld.at\/blog\/#\/schema\/person\/8dab792dce4e00bc69ebf949f6eab1bf","name":"Johanna"}]}},"_links":{"self":[{"href":"https:\/\/www.vomfeld.at\/blog\/wp-json\/wp\/v2\/posts\/7423","targetHints":{"allow":["GET"]}}],"collection":[{"href":"https:\/\/www.vomfeld.at\/blog\/wp-json\/wp\/v2\/posts"}],"about":[{"href":"https:\/\/www.vomfeld.at\/blog\/wp-json\/wp\/v2\/types\/post"}],"author":[{"embeddable":true,"href":"https:\/\/www.vomfeld.at\/blog\/wp-json\/wp\/v2\/users\/3"}],"replies":[{"embeddable":true,"href":"https:\/\/www.vomfeld.at\/blog\/wp-json\/wp\/v2\/comments?post=7423"}],"version-history":[{"count":2,"href":"https:\/\/www.vomfeld.at\/blog\/wp-json\/wp\/v2\/posts\/7423\/revisions"}],"predecessor-version":[{"id":7428,"href":"https:\/\/www.vomfeld.at\/blog\/wp-json\/wp\/v2\/posts\/7423\/revisions\/7428"}],"wp:featuredmedia":[{"embeddable":true,"href":"https:\/\/www.vomfeld.at\/blog\/wp-json\/wp\/v2\/media\/7425"}],"wp:attachment":[{"href":"https:\/\/www.vomfeld.at\/blog\/wp-json\/wp\/v2\/media?parent=7423"}],"wp:term":[{"taxonomy":"category","embeddable":true,"href":"https:\/\/www.vomfeld.at\/blog\/wp-json\/wp\/v2\/categories?post=7423"},{"taxonomy":"post_tag","embeddable":true,"href":"https:\/\/www.vomfeld.at\/blog\/wp-json\/wp\/v2\/tags?post=7423"}],"curies":[{"name":"wp","href":"https:\/\/api.w.org\/{rel}","templated":true}]}}