{"id":7415,"date":"2023-11-29T09:25:07","date_gmt":"2023-11-29T08:25:07","guid":{"rendered":"https:\/\/www.vomfeld.at\/blog\/?p=7415"},"modified":"2023-11-29T09:25:07","modified_gmt":"2023-11-29T08:25:07","slug":"fit-durch-den-winter-saisonale-produkte","status":"publish","type":"post","link":"https:\/\/www.vomfeld.at\/blog\/fit-durch-den-winter-saisonale-produkte\/","title":{"rendered":"Fit durch den Winter mit saisonalen Produkten"},"content":{"rendered":"[vc_row type=&#8220;in_container&#8220; full_screen_row_position=&#8220;middle&#8220; column_margin=&#8220;default&#8220; column_direction=&#8220;default&#8220; column_direction_tablet=&#8220;default&#8220; column_direction_phone=&#8220;default&#8220; scene_position=&#8220;center&#8220; text_color=&#8220;dark&#8220; text_align=&#8220;left&#8220; row_border_radius=&#8220;none&#8220; row_border_radius_applies=&#8220;bg&#8220; overflow=&#8220;visible&#8220; overlay_strength=&#8220;0.3&#8243; gradient_direction=&#8220;left_to_right&#8220; shape_divider_position=&#8220;bottom&#8220; bg_image_animation=&#8220;none&#8220;][vc_column column_padding=&#8220;no-extra-padding&#8220; column_padding_tablet=&#8220;inherit&#8220; column_padding_phone=&#8220;inherit&#8220; column_padding_position=&#8220;all&#8220; column_element_direction_desktop=&#8220;default&#8220; column_element_spacing=&#8220;default&#8220; desktop_text_alignment=&#8220;default&#8220; tablet_text_alignment=&#8220;default&#8220; phone_text_alignment=&#8220;default&#8220; background_color_opacity=&#8220;1&#8243; background_hover_color_opacity=&#8220;1&#8243; column_backdrop_filter=&#8220;none&#8220; column_shadow=&#8220;none&#8220; column_border_radius=&#8220;none&#8220; column_link_target=&#8220;_self&#8220; column_position=&#8220;default&#8220; gradient_direction=&#8220;left_to_right&#8220; overlay_strength=&#8220;0.3&#8243; width=&#8220;1\/1&#8243; tablet_width_inherit=&#8220;default&#8220; animation_type=&#8220;default&#8220; bg_image_animation=&#8220;none&#8220; border_type=&#8220;simple&#8220; column_border_width=&#8220;none&#8220; column_border_style=&#8220;solid&#8220;][vc_column_text]<span style=\"font-weight: 400;\">Im Winter m\u00fcssen wir mit weniger Tageslicht auskommen und auch die Auswahl an heimischen Obst- und Gem\u00fcsesorten ist viel geringer als in den Sommermonaten. Frische Lebensmittel liefern eine Vielzahl an wichtigen N\u00e4hrstoffen, die wir f\u00fcr zahlreiche Funktionen im K\u00f6rper ben\u00f6tigen und die auch wesentlichen <strong>Einfluss auf die Gesundheit und das Wohlbefinden<\/strong> haben.<\/span><\/p>\n<p><span style=\"font-weight: 400;\">Speziell zur kalten Jahreszeit ist der Bedarf an bestimmten Vitaminen und Mineralstoffen h\u00f6her, da unser <strong>Immunsystem<\/strong> vermehrt mit Viren und Bakterien zu k\u00e4mpfen hat. Um auch regional und saisonal gut versorgt durch den Winter zu kommen, kl\u00e4ren wir in diesem Beitrag auf, welche N\u00e4hrstoffe besonders kritisch sind.<\/span><\/p>\n<p><span style=\"font-weight: 400;\">Wir zeigen dir, mit welchen Zutaten eine leckere <strong>N\u00e4hrstoffversorgung zur kalten Jahreszeit<\/strong> gelingt.<\/span><\/p>\n<h2>N\u00e4hrstoffe f\u00fcr die kalten Wintermonate<\/h2>\n<p><span style=\"font-weight: 400;\">Grunds\u00e4tzlich ben\u00f6tigt man das ganze Jahr \u00fcber die gleiche Menge an Vitaminen und Mineralstoffen, da nicht alle N\u00e4hrstoffe \u00fcber einen l\u00e4ngeren Zeitraum im K\u00f6rper gespeichert werden k\u00f6nnen. <\/span><\/p>\n<p><span style=\"font-weight: 400;\">Wasserl\u00f6sliche Vitamine m\u00fcssen <strong>t\u00e4glich zugef\u00fchrt<\/strong> werden, da der K\u00f6rper \u00fcbersch\u00fcssige Mengen ausscheidet. Zu diesen Vitaminen z\u00e4hlen die B-Vitamine und Vitamin C. Fettl\u00f6sliche Vitamine, dazu geh\u00f6ren Vitamin A, D, E und K, kann der K\u00f6rper hingegen \u00fcber einen l\u00e4ngeren Zeitraum in den Zellen speichern bzw. zum Teil auch selbst herstellen.<\/span><\/p>\n<p><span style=\"font-weight: 400;\">Als kritischer N\u00e4hrstoff in den Wintermonaten wird oft das <strong>Vitamin D<\/strong> genannt. Es wird vom K\u00f6rper selbst gebildet, wobei man daf\u00fcr einige Minuten nat\u00fcrlichem Sonnenlicht ausgesetzt sein muss.<\/span><\/p>\n<p><span style=\"font-weight: 400;\">In den Sommermonaten verbringt man mehr Zeit im Freien und tr\u00e4gt kurze Kleidung, sodass die Sonnenstrahlen auf die Haut auftreffen k\u00f6nnen und es gibt auch gen\u00fcgend Tageslicht. In den Wintermonaten sind die Tage k\u00fcrzer und wir tragen vorwiegend warme Kleidung, wodurch die <strong>Bildung von Vitamin D im K\u00f6rper erschwert<\/strong> wird.<\/span><\/p>\n<p><span style=\"font-weight: 400;\">Wer also im Sommer zu wenig Sonnenlicht ausgesetzt war oder schlecht Vitamin D bilden kann, k\u00f6nnte im Winter einen Mangel aufweisen. Durch den Verzehr <strong>fettreicher Fische,<\/strong> wie z.B. Lachs, Hering oder Makrele, Eigelb und verschiedener Speisepilze kann man dem K\u00f6rper Vitamin D zuf\u00fchren.<\/span><\/p>\n<p><span style=\"font-weight: 400;\">Die kalte Jahreszeit ist ber\u00fcchtigt als die Zeit der <strong>Viren und Bakterien.<\/strong> Das belastet das Immunsystem und so manche N\u00e4hrstoffe werden vermehrt f\u00fcr das Gesundbleiben oder Gesundwerden ben\u00f6tigt. Speziell Vitamin C und D, Selen, Eisen und Zink sind wichtige N\u00e4hrstoffe, die der K\u00f6rper f\u00fcr die Immunabwehr, die Blutbildung und den Sauerstofftransport ben\u00f6tigt.<\/span><\/p>\n<p><span style=\"font-weight: 400;\">Doch der Mensch ben\u00f6tigt vor allem <strong>Makron\u00e4hrstoffe.<\/strong> Dazu geh\u00f6ren Eiwei\u00df, Fett und Kohlenhydrate. Kohlenhydrate dienen als Energiequelle, denn an kalten Tagen verbraucht der K\u00f6rper besonders viel Energie.<\/span><\/p>\n<p><span style=\"font-weight: 400;\"><strong>Fette<\/strong> werden zur Aufnahme von Vitaminen und zum Schutz der Zellen ben\u00f6tigt.<\/span><\/p>\n<p><span style=\"font-weight: 400;\"><strong>Eiwei\u00df<\/strong> ist ein essentieller N\u00e4hrstoff, der mit der Nahrung aufgenommen werden muss und als Baustoff f\u00fcr die Zellen gebraucht wird. Eiwei\u00df ist auch ein wichtiger Bestandteil der Immunabwehr.<\/span>[\/vc_column_text][divider line_type=&#8220;No Line&#8220; custom_height=&#8220;20&#8243;][image_with_animation image_url=&#8220;7416&#8243; image_size=&#8220;full&#8220; animation_type=&#8220;entrance&#8220; animation=&#8220;Fade In&#8220; animation_easing=&#8220;default&#8220; animation_movement_type=&#8220;transform_y&#8220; hover_animation=&#8220;none&#8220; alignment=&#8220;center&#8220; img_link_large=&#8220;yes&#8220; border_radius=&#8220;none&#8220; box_shadow=&#8220;none&#8220; image_loading=&#8220;default&#8220; max_width=&#8220;100%&#8220; max_width_mobile=&#8220;default&#8220;][divider line_type=&#8220;No Line&#8220; custom_height=&#8220;20&#8243;][vc_column_text]\n<h2>Winterliche Vitaminlieferanten<\/h2>\n<p><span style=\"font-weight: 400;\">Eine ausgewogene Ern\u00e4hrung ist das ganze Jahr \u00fcber empfehlenswert. Wer sich vorwiegend regional und saisonal ern\u00e4hren m\u00f6chte, sollte daher besonderes Augenmerk auf eine abwechslungsreiche Speisenzusammenstellung legen.<\/span><\/p>\n<p><span style=\"font-weight: 400;\">So versorgst du dich mit wichtigen N\u00e4hrstoffen im Winter.<\/span><\/p>\n<p><span style=\"font-weight: 400;\"><strong>Makron\u00e4hrstoffe<\/strong> sollten in unterschiedlichen Anteilen in jeder Mahlzeit vorhanden sein.<\/span><\/p>\n<h3>Kohlenhydrate<\/h3>\n<p><span style=\"font-weight: 400;\">Sie dienen als Energiequelle, liefern wertvolle Vitamine und Mineralstoffe und als Vollkornprodukt auch wichtige Ballaststoffe. Heimisches Getreide, wie z.B. Hafer, Mais, Gerste, Hirse, Weizen, Dinkel und auch regional angebauter Reis, sind daher gute Energielieferanten.<\/span><\/p>\n<p><span style=\"font-weight: 400;\">Vorzugsweise sollte man zu Vollkornprodukten greifen, da sie hohe Mengen an Eisen, Magnesium, Zink und B-Vitaminen enthalten.<\/span><\/p>\n<h3>Fette<\/h3>\n<p><span style=\"font-weight: 400;\">Besonders hochwertige Fette mit mehrfach unges\u00e4ttigten Fetts\u00e4uren beg\u00fcnstigen die Aufnahme fettl\u00f6slicher Vitamine, werden f\u00fcr den Zellschutz ben\u00f6tigt und hemmen Entz\u00fcndungen im K\u00f6rper.<\/span><\/p>\n<p><span style=\"font-weight: 400;\">Gute regionale Fettlieferanten sind beispielsweise Waln\u00fcsse, Leinsamen, K\u00fcrbiskerne, Sonnenblumenkerne und Hanfsamen. Auch heimischer Fisch dient als gute Fettquelle.<\/span><\/p>\n<h3>Eiwei\u00df<\/h3>\n<p><span style=\"font-weight: 400;\">Dabei handelt es sich um einen essentiellen N\u00e4hrstoff, der mit der Nahrung zugef\u00fchrt werden muss. Die darin enthaltenen Aminos\u00e4uren werden als Baustoff f\u00fcr die Zellen ben\u00f6tigt. Eiwei\u00df hat ebenfalls wichtige Funktionen bei der Hormonbildung und Immunabwehr.<\/span><\/p>\n<p><span style=\"font-weight: 400;\">Heimischer Fisch, Fleisch, Eier, Milch und Milchprodukte, vorzugsweise in BIO-Qualit\u00e4t, dienen als gute Eiwei\u00dfquelle, da die Aminos\u00e4uren gut verstoffwechselt werden k\u00f6nnen.<\/span><\/p>\n<p><span style=\"font-weight: 400;\">Regionale H\u00fclsenfr\u00fcchte, wie z.B. Linsen, Bohnen aller Art und Erbsen dienen als gute pflanzliche Proteinquelle.<\/span><\/p>\n<p><span style=\"font-weight: 400;\">\u00a0<\/span><\/p>\n<p><span style=\"font-weight: 400;\"><strong>Mikron\u00e4hrstoffe <\/strong>hingegen, zu denen Vitamine, Mineralstoffe und sekund\u00e4re Pflanzenstoffe z\u00e4hlen, sind vor allem in Vollkorngetreide, Obst, Gem\u00fcse und Kr\u00e4utern in hohen Mengen zu finden.<\/span><\/p>\n<p><span style=\"font-weight: 400;\">Um sich im Winter trotz geringer Auswahl frischer Produkte bestm\u00f6glich mit N\u00e4hrstoffen zu versorgen, sollte man seine Speisen m\u00f6glichst abwechslungsreich und vielseitig zusammenstellen, auf eine gute Vorratshaltung achten und Speisen gerne auch mit Produkten, die man im Sommer haltbar gemacht hat, kombinieren.<\/span><\/p>\n<h3>Winterobst aus der Region<\/h3>\n<p><span style=\"font-weight: 400;\">Im Winter ist oft nur Lagerobst aus heimischem Anbau erh\u00e4ltlich, wie beispielsweise <a href=\"https:\/\/www.vomfeld.at\/c\/obst\/aepfel-birnen-trauben\/\" target=\"_blank\" rel=\"noopener\">Apfel und Birne<\/a>. Sie liefern wertvolle Vitamine und Mineralstoffe, vor allem wenn man sie samt der Schale verzehrt.<\/span><\/p>\n<p><span style=\"font-weight: 400;\">F\u00fcr mehr Abwechslung kann man gefrorenes oder zu Marmelade und Mus weiterverarbeitetes Sommerobst genie\u00dfen.<\/span><\/p>\n<h3>Heimisches, saisonales Wintergem\u00fcse<\/h3>\n<p><span style=\"font-weight: 400;\">Lagergem\u00fcse, wie z.B. Karotten, Kartoffeln, Zwiebel, Knoblauch und K\u00fcrbis, sind besonders gute Basiszutaten f\u00fcr jede Speise. Verschiedene <a href=\"https:\/\/www.vomfeld.at\/c\/gemuese\/brokkoli-kohl\/\" target=\"_blank\" rel=\"noopener\">Kohlsorten<\/a> und <a href=\"https:\/\/www.vomfeld.at\/c\/gemuese\/wurzelgemuese\/\" target=\"_blank\" rel=\"noopener\">Wurzelgem\u00fcse<\/a> liefern in der kalten Jahreszeit viele N\u00e4hrstoffe.<\/span><\/p>\n<p><span style=\"font-weight: 400;\">Dazu z\u00e4hlen: Kohlsprossen, Kohlrabi, Wei\u00dfkraut, Rotkraut, Wirsing, Petersilienwurzel, Topinambur und Rettich. Auch Wintersalat, wie z.B. der Vogerlsalat, liefert knackige Frische und wichtige Vitamine und Mineralstoffe.<\/span><\/p>\n<p><span style=\"font-weight: 400;\">Pilze sind mittlerweile ganzj\u00e4hrig aus heimischem Anbau erh\u00e4ltlich und sind eine gute pflanzliche Vitamin D-Quelle.<\/span><\/p>\n<h3>Gew\u00fcrze und Kr\u00e4uter<\/h3>\n<p><span style=\"font-weight: 400;\">Getrocknete Kr\u00e4uter und verschiedene Gew\u00fcrze machen Speisen nicht nur zu einem besonderen Geschmackserlebnis, sie enthalten wertvolle sekund\u00e4re Pflanzenstoffe, die sich positiv auf bestimmte K\u00f6rperfunktionen auswirken.<\/span><\/p>\n<p><span style=\"font-weight: 400;\">Scharf gew\u00fcrzte Speisen w\u00e4rmen an besonders kalten Tagen von innen, stimulieren die Verdauungsfunktion und unterst\u00fctzen das Immunsystem bei der Abwehr von Viren und Bakterien.<\/span>[\/vc_column_text][divider line_type=&#8220;No Line&#8220; custom_height=&#8220;20&#8243;][image_with_animation image_url=&#8220;7417&#8243; image_size=&#8220;full&#8220; animation_type=&#8220;entrance&#8220; animation=&#8220;Fade In&#8220; animation_easing=&#8220;default&#8220; animation_movement_type=&#8220;transform_y&#8220; hover_animation=&#8220;none&#8220; alignment=&#8220;center&#8220; img_link_large=&#8220;yes&#8220; border_radius=&#8220;none&#8220; box_shadow=&#8220;none&#8220; image_loading=&#8220;default&#8220; max_width=&#8220;100%&#8220; max_width_mobile=&#8220;default&#8220;][divider line_type=&#8220;No Line&#8220; custom_height=&#8220;20&#8243;][vc_column_text]\n<h2>Genussvolle N\u00e4hrstoffversorgung<\/h2>\n<p><span style=\"font-weight: 400;\">Die Auswahl an heimischen Obst- und Gem\u00fcsesorten ist im Winter nicht so umfangreich wie zur warmen Jahreszeit. Dennoch lassen sich aus den saisonalen Produkten Gerichte zubereiten, die nicht nur gut schmecken, sondern den K\u00f6rper auch mit wertvollen Vitaminen und Mineralstoffen versorgen.<\/span><\/p>\n<p><span style=\"font-weight: 400;\">Besonders Suppen w\u00e4rmen an kalten Tagen von innen. Wir haben daher ein schnell zubereitetes <strong>Wintersuppenrezept<\/strong> f\u00fcr dich.<\/span><\/p>\n<h3>Kohlrabicremesuppe<\/h3>\n<p><strong>Zutaten f\u00fcr 2 Portionen:<\/strong><\/p>\n<ul>\n<li style=\"font-weight: 400;\" aria-level=\"1\"><span style=\"font-weight: 400;\">400ml Gem\u00fcsesuppe<\/span><\/li>\n<li style=\"font-weight: 400;\" aria-level=\"1\"><span style=\"font-weight: 400;\">300g Kohlrabi<\/span><\/li>\n<li style=\"font-weight: 400;\" aria-level=\"1\"><span style=\"font-weight: 400;\">100g Kartoffeln<\/span><\/li>\n<li style=\"font-weight: 400;\" aria-level=\"1\"><span style=\"font-weight: 400;\">100ml Schlagobers oder vegane Alternative<\/span><\/li>\n<li style=\"font-weight: 400;\" aria-level=\"1\"><span style=\"font-weight: 400;\">50g gehackte N\u00fcsse<\/span><\/li>\n<li style=\"font-weight: 400;\" aria-level=\"1\"><span style=\"font-weight: 400;\">10g Butter oder vegane Alternative<\/span><\/li>\n<li style=\"font-weight: 400;\" aria-level=\"1\"><span style=\"font-weight: 400;\">1 Zwiebel<\/span><\/li>\n<li style=\"font-weight: 400;\" aria-level=\"1\"><span style=\"font-weight: 400;\">1 Knoblauchzehe<\/span><\/li>\n<li style=\"font-weight: 400;\" aria-level=\"1\"><span style=\"font-weight: 400;\">\u00a0<\/span><span style=\"font-weight: 400;\">Salz, Pfeffer, Muskatnuss<\/span><\/li>\n<\/ul>\n<p><strong>Zubereitung:<\/strong><\/p>\n<ol>\n<li style=\"font-weight: 400;\" aria-level=\"1\"><span style=\"font-weight: 400;\">Kohlrabi und Kartoffeln sch\u00e4len und in kleine W\u00fcrfel schneiden.<\/span><\/li>\n<li style=\"font-weight: 400;\" aria-level=\"1\"><span style=\"font-weight: 400;\">Zwiebel und Knoblauch sch\u00e4len und fein hacken. Anschlie\u00dfend in einem Topf mit der Butter kurz anschwitzen.<\/span><\/li>\n<li style=\"font-weight: 400;\" aria-level=\"1\"><span style=\"font-weight: 400;\">Kohlrabi und Kartoffeln zuf\u00fcgen, mit Gem\u00fcsesuppe und Schlagobers abl\u00f6schen und bei mittlerer Hitze 10-15 Minuten k\u00f6cheln lassen.<\/span><\/li>\n<li style=\"font-weight: 400;\" aria-level=\"1\"><span style=\"font-weight: 400;\">Mit Salz, Pfeffer und Muskatnuss w\u00fcrzen und mit dem Stabmixer fein p\u00fcrieren.<\/span><\/li>\n<li style=\"font-weight: 400;\" aria-level=\"1\"><span style=\"font-weight: 400;\">Auf zwei Suppenteller verteilen und mit den gehackten N\u00fcssen garnieren.<\/span><\/li>\n<\/ol>\n<p><span style=\"font-weight: 400;\">\u00a0<\/span><\/p>\n<p><span style=\"font-weight: 400;\">Grunds\u00e4tzlich sollte man das ganze Jahr \u00fcber auf eine ausgewogene Ern\u00e4hrung achten, doch besonders in den kalten Wintermonaten ist der Bedarf an wertvollen Vitaminen und Mineralstoffen hoch.<\/span><\/p>\n<p><span style=\"font-weight: 400;\">Wenig Sonnenlicht und eine geringe Auswahl an frischen Lebensmitteln k\u00f6nnen bei manchen Menschen einen Mangel verursachen. Um M\u00fcdigkeit und Abgeschlagenheit vorzubeugen und das Krankheitsrisiko zu reduzieren, lohnt es sich, auf eine abwechslungsreiche Speisenzusammenstellung zu achten. Dann ist es auch sehr gut m\u00f6glich, sich mit regionalen und saisonalen Produkten <strong>\u00fcber den Winter ausreichend mit N\u00e4hrstoffen zu versorgen.<\/strong><\/span><\/p>\n<p><span style=\"font-weight: 400;\">Eine gute <strong>Vorratshaltung<\/strong> und eine ausgewogene Zusammensetzung der Speisen aus regionalen und saisonalen Lebensmitteln, kombiniert mit haltbar gemachten Produkten aus dem Sommer, sorgen f\u00fcr einen genussvollen Winter und eine ausreichende Vitamin- und Mineralstoffzufuhr.<\/span><\/p>\n<p><span style=\"font-weight: 400;\">Der Einsatz verschiedener <strong>Gew\u00fcrze und getrockneter Kr\u00e4uter<\/strong> macht jedes Gericht einzigartig. Essen ist mehr als nur eine Notwendigkeit, es bedeutet Genuss und dient auch der Gesundheitspr\u00e4vention, wenn man auf eine ausgewogene Ern\u00e4hrung achtet.<\/span>[\/vc_column_text][\/vc_column][\/vc_row]\n","protected":false},"excerpt":{"rendered":"<p>[vc_row type=&#8220;in_container&#8220; full_screen_row_position=&#8220;middle&#8220; column_margin=&#8220;default&#8220; column_direction=&#8220;default&#8220; column_direction_tablet=&#8220;default&#8220; column_direction_phone=&#8220;default&#8220; scene_position=&#8220;center&#8220; text_color=&#8220;dark&#8220; text_align=&#8220;left&#8220; row_border_radius=&#8220;none&#8220; row_border_radius_applies=&#8220;bg&#8220; overflow=&#8220;visible&#8220; overlay_strength=&#8220;0.3&#8243; gradient_direction=&#8220;left_to_right&#8220;&#8230;<\/p>\n","protected":false},"author":3,"featured_media":7418,"comment_status":"closed","ping_status":"closed","sticky":false,"template":"","format":"standard","meta":{"footnotes":""},"categories":[5],"tags":[],"class_list":{"0":"post-7415","1":"post","2":"type-post","3":"status-publish","4":"format-standard","5":"has-post-thumbnail","7":"category-ernaehrung"},"yoast_head":"<!-- This site is optimized with the Yoast SEO plugin v25.4 - https:\/\/yoast.com\/wordpress\/plugins\/seo\/ -->\n<title>Fit durch den Winter: Wichtige N\u00e4hrstoffe f\u00fcr dein Immunsystem<\/title>\n<meta name=\"description\" content=\"Entdecke, welche N\u00e4hrstoffe im Winter entscheidend sind und erhalte Tipps f\u00fcr eine ausgewogene Ern\u00e4hrung mit saisonalen Produkten.\" \/>\n<meta name=\"robots\" content=\"index, follow, max-snippet:-1, max-image-preview:large, max-video-preview:-1\" \/>\n<link rel=\"canonical\" href=\"https:\/\/www.vomfeld.at\/blog\/fit-durch-den-winter-saisonale-produkte\/\" \/>\n<meta property=\"og:locale\" content=\"de_DE\" \/>\n<meta property=\"og:type\" content=\"article\" \/>\n<meta property=\"og:title\" content=\"Fit durch den Winter: Wichtige N\u00e4hrstoffe f\u00fcr dein Immunsystem\" \/>\n<meta property=\"og:description\" content=\"Entdecke, welche N\u00e4hrstoffe im Winter entscheidend sind und erhalte Tipps f\u00fcr eine ausgewogene Ern\u00e4hrung mit saisonalen Produkten.\" \/>\n<meta property=\"og:url\" content=\"https:\/\/www.vomfeld.at\/blog\/fit-durch-den-winter-saisonale-produkte\/\" \/>\n<meta property=\"og:site_name\" content=\"Johanna vom Feld Blog\" \/>\n<meta property=\"article:publisher\" content=\"https:\/\/www.facebook.com\/vomfeld.at\/\" \/>\n<meta property=\"article:published_time\" content=\"2023-11-29T08:25:07+00:00\" \/>\n<meta property=\"og:image\" content=\"https:\/\/www.vomfeld.at\/blog\/wp-content\/uploads\/2023\/11\/obststand-winter.jpg\" \/>\n\t<meta property=\"og:image:width\" content=\"1600\" \/>\n\t<meta property=\"og:image:height\" content=\"1067\" \/>\n\t<meta property=\"og:image:type\" content=\"image\/jpeg\" \/>\n<meta name=\"author\" content=\"Johanna\" \/>\n<meta name=\"twitter:card\" content=\"summary_large_image\" \/>\n<meta name=\"twitter:label1\" content=\"Verfasst von\" \/>\n\t<meta name=\"twitter:data1\" content=\"Johanna\" \/>\n\t<meta name=\"twitter:label2\" content=\"Gesch\u00e4tzte Lesezeit\" \/>\n\t<meta name=\"twitter:data2\" content=\"8\u00a0Minuten\" \/>\n<script type=\"application\/ld+json\" class=\"yoast-schema-graph\">{\"@context\":\"https:\/\/schema.org\",\"@graph\":[{\"@type\":\"Article\",\"@id\":\"https:\/\/www.vomfeld.at\/blog\/fit-durch-den-winter-saisonale-produkte\/#article\",\"isPartOf\":{\"@id\":\"https:\/\/www.vomfeld.at\/blog\/fit-durch-den-winter-saisonale-produkte\/\"},\"author\":{\"name\":\"Johanna\",\"@id\":\"https:\/\/www.vomfeld.at\/blog\/#\/schema\/person\/8dab792dce4e00bc69ebf949f6eab1bf\"},\"headline\":\"Fit durch den Winter mit saisonalen Produkten\",\"datePublished\":\"2023-11-29T08:25:07+00:00\",\"mainEntityOfPage\":{\"@id\":\"https:\/\/www.vomfeld.at\/blog\/fit-durch-den-winter-saisonale-produkte\/\"},\"wordCount\":1633,\"publisher\":{\"@id\":\"https:\/\/www.vomfeld.at\/blog\/#organization\"},\"image\":{\"@id\":\"https:\/\/www.vomfeld.at\/blog\/fit-durch-den-winter-saisonale-produkte\/#primaryimage\"},\"thumbnailUrl\":\"https:\/\/www.vomfeld.at\/blog\/wp-content\/uploads\/2023\/11\/obststand-winter.jpg\",\"articleSection\":[\"Ern\u00e4hrung\"],\"inLanguage\":\"de\"},{\"@type\":\"WebPage\",\"@id\":\"https:\/\/www.vomfeld.at\/blog\/fit-durch-den-winter-saisonale-produkte\/\",\"url\":\"https:\/\/www.vomfeld.at\/blog\/fit-durch-den-winter-saisonale-produkte\/\",\"name\":\"Fit durch den Winter: Wichtige N\u00e4hrstoffe f\u00fcr dein Immunsystem\",\"isPartOf\":{\"@id\":\"https:\/\/www.vomfeld.at\/blog\/#website\"},\"primaryImageOfPage\":{\"@id\":\"https:\/\/www.vomfeld.at\/blog\/fit-durch-den-winter-saisonale-produkte\/#primaryimage\"},\"image\":{\"@id\":\"https:\/\/www.vomfeld.at\/blog\/fit-durch-den-winter-saisonale-produkte\/#primaryimage\"},\"thumbnailUrl\":\"https:\/\/www.vomfeld.at\/blog\/wp-content\/uploads\/2023\/11\/obststand-winter.jpg\",\"datePublished\":\"2023-11-29T08:25:07+00:00\",\"description\":\"Entdecke, welche N\u00e4hrstoffe im Winter entscheidend sind und erhalte Tipps f\u00fcr eine ausgewogene Ern\u00e4hrung mit saisonalen Produkten.\",\"breadcrumb\":{\"@id\":\"https:\/\/www.vomfeld.at\/blog\/fit-durch-den-winter-saisonale-produkte\/#breadcrumb\"},\"inLanguage\":\"de\",\"potentialAction\":[{\"@type\":\"ReadAction\",\"target\":[\"https:\/\/www.vomfeld.at\/blog\/fit-durch-den-winter-saisonale-produkte\/\"]}]},{\"@type\":\"ImageObject\",\"inLanguage\":\"de\",\"@id\":\"https:\/\/www.vomfeld.at\/blog\/fit-durch-den-winter-saisonale-produkte\/#primaryimage\",\"url\":\"https:\/\/www.vomfeld.at\/blog\/wp-content\/uploads\/2023\/11\/obststand-winter.jpg\",\"contentUrl\":\"https:\/\/www.vomfeld.at\/blog\/wp-content\/uploads\/2023\/11\/obststand-winter.jpg\",\"width\":1600,\"height\":1067,\"caption\":\"Obststand im Schneefall\"},{\"@type\":\"BreadcrumbList\",\"@id\":\"https:\/\/www.vomfeld.at\/blog\/fit-durch-den-winter-saisonale-produkte\/#breadcrumb\",\"itemListElement\":[{\"@type\":\"ListItem\",\"position\":1,\"name\":\"Startseite\",\"item\":\"https:\/\/www.vomfeld.at\/blog\/\"},{\"@type\":\"ListItem\",\"position\":2,\"name\":\"Fit durch den Winter mit saisonalen Produkten\"}]},{\"@type\":\"WebSite\",\"@id\":\"https:\/\/www.vomfeld.at\/blog\/#website\",\"url\":\"https:\/\/www.vomfeld.at\/blog\/\",\"name\":\"Johanna vom Feld Blog\",\"description\":\"Mehr aus Lebensmitteln vom Feld machen\",\"publisher\":{\"@id\":\"https:\/\/www.vomfeld.at\/blog\/#organization\"},\"potentialAction\":[{\"@type\":\"SearchAction\",\"target\":{\"@type\":\"EntryPoint\",\"urlTemplate\":\"https:\/\/www.vomfeld.at\/blog\/?s={search_term_string}\"},\"query-input\":{\"@type\":\"PropertyValueSpecification\",\"valueRequired\":true,\"valueName\":\"search_term_string\"}}],\"inLanguage\":\"de\"},{\"@type\":\"Organization\",\"@id\":\"https:\/\/www.vomfeld.at\/blog\/#organization\",\"name\":\"Johanna vom Feld\",\"url\":\"https:\/\/www.vomfeld.at\/blog\/\",\"logo\":{\"@type\":\"ImageObject\",\"inLanguage\":\"de\",\"@id\":\"https:\/\/www.vomfeld.at\/blog\/#\/schema\/logo\/image\/\",\"url\":\"https:\/\/www.vomfeld.at\/blog\/wp-content\/uploads\/2018\/10\/vomfeld-logo-large.png\",\"contentUrl\":\"https:\/\/www.vomfeld.at\/blog\/wp-content\/uploads\/2018\/10\/vomfeld-logo-large.png\",\"width\":340,\"height\":200,\"caption\":\"Johanna vom Feld\"},\"image\":{\"@id\":\"https:\/\/www.vomfeld.at\/blog\/#\/schema\/logo\/image\/\"},\"sameAs\":[\"https:\/\/www.facebook.com\/vomfeld.at\/\"]},{\"@type\":\"Person\",\"@id\":\"https:\/\/www.vomfeld.at\/blog\/#\/schema\/person\/8dab792dce4e00bc69ebf949f6eab1bf\",\"name\":\"Johanna\"}]}<\/script>\n<!-- \/ Yoast SEO plugin. -->","yoast_head_json":{"title":"Fit durch den Winter: Wichtige N\u00e4hrstoffe f\u00fcr dein Immunsystem","description":"Entdecke, welche N\u00e4hrstoffe im Winter entscheidend sind und erhalte Tipps f\u00fcr eine ausgewogene Ern\u00e4hrung mit saisonalen Produkten.","robots":{"index":"index","follow":"follow","max-snippet":"max-snippet:-1","max-image-preview":"max-image-preview:large","max-video-preview":"max-video-preview:-1"},"canonical":"https:\/\/www.vomfeld.at\/blog\/fit-durch-den-winter-saisonale-produkte\/","og_locale":"de_DE","og_type":"article","og_title":"Fit durch den Winter: Wichtige N\u00e4hrstoffe f\u00fcr dein Immunsystem","og_description":"Entdecke, welche N\u00e4hrstoffe im Winter entscheidend sind und erhalte Tipps f\u00fcr eine ausgewogene Ern\u00e4hrung mit saisonalen Produkten.","og_url":"https:\/\/www.vomfeld.at\/blog\/fit-durch-den-winter-saisonale-produkte\/","og_site_name":"Johanna vom Feld Blog","article_publisher":"https:\/\/www.facebook.com\/vomfeld.at\/","article_published_time":"2023-11-29T08:25:07+00:00","og_image":[{"width":1600,"height":1067,"url":"https:\/\/www.vomfeld.at\/blog\/wp-content\/uploads\/2023\/11\/obststand-winter.jpg","type":"image\/jpeg"}],"author":"Johanna","twitter_card":"summary_large_image","twitter_misc":{"Verfasst von":"Johanna","Gesch\u00e4tzte Lesezeit":"8\u00a0Minuten"},"schema":{"@context":"https:\/\/schema.org","@graph":[{"@type":"Article","@id":"https:\/\/www.vomfeld.at\/blog\/fit-durch-den-winter-saisonale-produkte\/#article","isPartOf":{"@id":"https:\/\/www.vomfeld.at\/blog\/fit-durch-den-winter-saisonale-produkte\/"},"author":{"name":"Johanna","@id":"https:\/\/www.vomfeld.at\/blog\/#\/schema\/person\/8dab792dce4e00bc69ebf949f6eab1bf"},"headline":"Fit durch den Winter mit saisonalen Produkten","datePublished":"2023-11-29T08:25:07+00:00","mainEntityOfPage":{"@id":"https:\/\/www.vomfeld.at\/blog\/fit-durch-den-winter-saisonale-produkte\/"},"wordCount":1633,"publisher":{"@id":"https:\/\/www.vomfeld.at\/blog\/#organization"},"image":{"@id":"https:\/\/www.vomfeld.at\/blog\/fit-durch-den-winter-saisonale-produkte\/#primaryimage"},"thumbnailUrl":"https:\/\/www.vomfeld.at\/blog\/wp-content\/uploads\/2023\/11\/obststand-winter.jpg","articleSection":["Ern\u00e4hrung"],"inLanguage":"de"},{"@type":"WebPage","@id":"https:\/\/www.vomfeld.at\/blog\/fit-durch-den-winter-saisonale-produkte\/","url":"https:\/\/www.vomfeld.at\/blog\/fit-durch-den-winter-saisonale-produkte\/","name":"Fit durch den Winter: Wichtige N\u00e4hrstoffe f\u00fcr dein Immunsystem","isPartOf":{"@id":"https:\/\/www.vomfeld.at\/blog\/#website"},"primaryImageOfPage":{"@id":"https:\/\/www.vomfeld.at\/blog\/fit-durch-den-winter-saisonale-produkte\/#primaryimage"},"image":{"@id":"https:\/\/www.vomfeld.at\/blog\/fit-durch-den-winter-saisonale-produkte\/#primaryimage"},"thumbnailUrl":"https:\/\/www.vomfeld.at\/blog\/wp-content\/uploads\/2023\/11\/obststand-winter.jpg","datePublished":"2023-11-29T08:25:07+00:00","description":"Entdecke, welche N\u00e4hrstoffe im Winter entscheidend sind und erhalte Tipps f\u00fcr eine ausgewogene Ern\u00e4hrung mit saisonalen Produkten.","breadcrumb":{"@id":"https:\/\/www.vomfeld.at\/blog\/fit-durch-den-winter-saisonale-produkte\/#breadcrumb"},"inLanguage":"de","potentialAction":[{"@type":"ReadAction","target":["https:\/\/www.vomfeld.at\/blog\/fit-durch-den-winter-saisonale-produkte\/"]}]},{"@type":"ImageObject","inLanguage":"de","@id":"https:\/\/www.vomfeld.at\/blog\/fit-durch-den-winter-saisonale-produkte\/#primaryimage","url":"https:\/\/www.vomfeld.at\/blog\/wp-content\/uploads\/2023\/11\/obststand-winter.jpg","contentUrl":"https:\/\/www.vomfeld.at\/blog\/wp-content\/uploads\/2023\/11\/obststand-winter.jpg","width":1600,"height":1067,"caption":"Obststand im Schneefall"},{"@type":"BreadcrumbList","@id":"https:\/\/www.vomfeld.at\/blog\/fit-durch-den-winter-saisonale-produkte\/#breadcrumb","itemListElement":[{"@type":"ListItem","position":1,"name":"Startseite","item":"https:\/\/www.vomfeld.at\/blog\/"},{"@type":"ListItem","position":2,"name":"Fit durch den Winter mit saisonalen Produkten"}]},{"@type":"WebSite","@id":"https:\/\/www.vomfeld.at\/blog\/#website","url":"https:\/\/www.vomfeld.at\/blog\/","name":"Johanna vom Feld Blog","description":"Mehr aus Lebensmitteln vom Feld machen","publisher":{"@id":"https:\/\/www.vomfeld.at\/blog\/#organization"},"potentialAction":[{"@type":"SearchAction","target":{"@type":"EntryPoint","urlTemplate":"https:\/\/www.vomfeld.at\/blog\/?s={search_term_string}"},"query-input":{"@type":"PropertyValueSpecification","valueRequired":true,"valueName":"search_term_string"}}],"inLanguage":"de"},{"@type":"Organization","@id":"https:\/\/www.vomfeld.at\/blog\/#organization","name":"Johanna vom Feld","url":"https:\/\/www.vomfeld.at\/blog\/","logo":{"@type":"ImageObject","inLanguage":"de","@id":"https:\/\/www.vomfeld.at\/blog\/#\/schema\/logo\/image\/","url":"https:\/\/www.vomfeld.at\/blog\/wp-content\/uploads\/2018\/10\/vomfeld-logo-large.png","contentUrl":"https:\/\/www.vomfeld.at\/blog\/wp-content\/uploads\/2018\/10\/vomfeld-logo-large.png","width":340,"height":200,"caption":"Johanna vom Feld"},"image":{"@id":"https:\/\/www.vomfeld.at\/blog\/#\/schema\/logo\/image\/"},"sameAs":["https:\/\/www.facebook.com\/vomfeld.at\/"]},{"@type":"Person","@id":"https:\/\/www.vomfeld.at\/blog\/#\/schema\/person\/8dab792dce4e00bc69ebf949f6eab1bf","name":"Johanna"}]}},"_links":{"self":[{"href":"https:\/\/www.vomfeld.at\/blog\/wp-json\/wp\/v2\/posts\/7415","targetHints":{"allow":["GET"]}}],"collection":[{"href":"https:\/\/www.vomfeld.at\/blog\/wp-json\/wp\/v2\/posts"}],"about":[{"href":"https:\/\/www.vomfeld.at\/blog\/wp-json\/wp\/v2\/types\/post"}],"author":[{"embeddable":true,"href":"https:\/\/www.vomfeld.at\/blog\/wp-json\/wp\/v2\/users\/3"}],"replies":[{"embeddable":true,"href":"https:\/\/www.vomfeld.at\/blog\/wp-json\/wp\/v2\/comments?post=7415"}],"version-history":[{"count":2,"href":"https:\/\/www.vomfeld.at\/blog\/wp-json\/wp\/v2\/posts\/7415\/revisions"}],"predecessor-version":[{"id":7420,"href":"https:\/\/www.vomfeld.at\/blog\/wp-json\/wp\/v2\/posts\/7415\/revisions\/7420"}],"wp:featuredmedia":[{"embeddable":true,"href":"https:\/\/www.vomfeld.at\/blog\/wp-json\/wp\/v2\/media\/7418"}],"wp:attachment":[{"href":"https:\/\/www.vomfeld.at\/blog\/wp-json\/wp\/v2\/media?parent=7415"}],"wp:term":[{"taxonomy":"category","embeddable":true,"href":"https:\/\/www.vomfeld.at\/blog\/wp-json\/wp\/v2\/categories?post=7415"},{"taxonomy":"post_tag","embeddable":true,"href":"https:\/\/www.vomfeld.at\/blog\/wp-json\/wp\/v2\/tags?post=7415"}],"curies":[{"name":"wp","href":"https:\/\/api.w.org\/{rel}","templated":true}]}}