{"id":7409,"date":"2023-11-15T14:57:52","date_gmt":"2023-11-15T13:57:52","guid":{"rendered":"https:\/\/www.vomfeld.at\/blog\/?p=7409"},"modified":"2023-11-15T14:57:52","modified_gmt":"2023-11-15T13:57:52","slug":"oele-fette-gesund-geniessen-richtig-verwenden","status":"publish","type":"post","link":"https:\/\/www.vomfeld.at\/blog\/oele-fette-gesund-geniessen-richtig-verwenden\/","title":{"rendered":"\u00d6le und Fette: Gesund genie\u00dfen und richtig verwenden"},"content":{"rendered":"[vc_row type=&#8220;in_container&#8220; full_screen_row_position=&#8220;middle&#8220; column_margin=&#8220;default&#8220; column_direction=&#8220;default&#8220; column_direction_tablet=&#8220;default&#8220; column_direction_phone=&#8220;default&#8220; scene_position=&#8220;center&#8220; text_color=&#8220;dark&#8220; text_align=&#8220;left&#8220; row_border_radius=&#8220;none&#8220; row_border_radius_applies=&#8220;bg&#8220; overflow=&#8220;visible&#8220; overlay_strength=&#8220;0.3&#8243; gradient_direction=&#8220;left_to_right&#8220; shape_divider_position=&#8220;bottom&#8220; bg_image_animation=&#8220;none&#8220;][vc_column column_padding=&#8220;no-extra-padding&#8220; column_padding_tablet=&#8220;inherit&#8220; column_padding_phone=&#8220;inherit&#8220; column_padding_position=&#8220;all&#8220; column_element_direction_desktop=&#8220;default&#8220; column_element_spacing=&#8220;default&#8220; desktop_text_alignment=&#8220;default&#8220; tablet_text_alignment=&#8220;default&#8220; phone_text_alignment=&#8220;default&#8220; background_color_opacity=&#8220;1&#8243; background_hover_color_opacity=&#8220;1&#8243; column_backdrop_filter=&#8220;none&#8220; column_shadow=&#8220;none&#8220; column_border_radius=&#8220;none&#8220; column_link_target=&#8220;_self&#8220; column_position=&#8220;default&#8220; gradient_direction=&#8220;left_to_right&#8220; overlay_strength=&#8220;0.3&#8243; width=&#8220;1\/1&#8243; tablet_width_inherit=&#8220;default&#8220; animation_type=&#8220;default&#8220; bg_image_animation=&#8220;none&#8220; border_type=&#8220;simple&#8220; column_border_width=&#8220;none&#8220; column_border_style=&#8220;solid&#8220;][vc_column_text]<span style=\"font-weight: 400;\">In der Ern\u00e4hrungslehre z\u00e4hlen Kohlenhydrate, Eiwei\u00df und Fett zu den Makron\u00e4hrstoffen und dienen dem K\u00f6rper als Geschmacks- und Energietr\u00e4ger und als Baustoff f\u00fcr K\u00f6rperzellen.<\/span><\/p>\n<p><span style=\"font-weight: 400;\">Sie haben auch wichtige Funktionen bei der Aufnahme von Vitaminen und Bildung von Hormonen. Doch neben Kohlenhydraten in Form von Zucker und Wei\u00dfmehlprodukten ist auch der Verzehr von zu viel Fett ein oftmals genannter <strong>Grund f\u00fcr \u00dcbergewicht und zahlreiche Zivilisationskrankheiten.<\/strong><\/span><\/p>\n<p><span style=\"font-weight: 400;\">Im folgenden Beitrag setzen wir daher einen Schwerpunkt zum Thema \u00d6le und Fette und kl\u00e4ren auf, welchen Einfluss dieser Makron\u00e4hrstoff auf die Gesundheit hat und worauf man beim Kauf und der Verwendung von Pflanzen\u00f6len achten sollte.<\/span><\/p>\n<h2>Fett in der Ern\u00e4hrung<\/h2>\n<p><span style=\"font-weight: 400;\">Kohlenhydrate gelten als <strong>Energie- und Geschmackstr\u00e4ger.<\/strong> Eiwei\u00df z\u00e4hlt zu den essentiellen N\u00e4hrstoffen, die man \u00fcber die Nahrung zuf\u00fchren muss, da wertvolle Aminos\u00e4uren enthalten sind, die der K\u00f6rper nicht selbst herstellen kann.<\/span><\/p>\n<p><span style=\"font-weight: 400;\">Diese werden f\u00fcr den Zellbau ben\u00f6tigt. Fett wird oft eine untergeordnete Rolle beigemessen, dennoch ist dieser N\u00e4hrstoff keinesfalls zu verachten. Dieser Makron\u00e4hrstoff ist <strong>f\u00fcr die Aufnahme von fettl\u00f6slichen Vitaminen notwendig,<\/strong> auch f\u00fcr den <strong>Zellschutz<\/strong> und die <strong>Hormonbildung<\/strong> sind Fette wichtig.<\/span><\/p>\n<p><span style=\"font-weight: 400;\">Ebenfalls dient dieser N\u00e4hrstoff als Energie- und Geschmackstr\u00e4ger. 1g Fett liefert 9 Kilokalorien. Es ist der Makron\u00e4hrstoff mit der <strong>h\u00f6chsten Energiedichte.<\/strong><\/span><\/p>\n<p><span style=\"font-weight: 400;\">Wie wir alle wissen, wirkt sich eine zu hohe Zufuhr von Kalorien ohne entsprechenden Energieverbrauch negativ auf das K\u00f6rpergewicht aus. Daher ist es vor allem bei Fett wichtig, <strong>auf die Qualit\u00e4t zu achten<\/strong> und nur wenig davon zu konsumieren.<\/span><\/p>\n<p><span style=\"font-weight: 400;\">Die Qualit\u00e4t wird im Wesentlichen von den enthaltenen Fetts\u00e4uren bestimmt, die vorwiegend in ges\u00e4ttigte und unges\u00e4ttigte Fetts\u00e4uren unterteilt werden. Mehrfach unges\u00e4ttigte Fetts\u00e4uren, wie z.B. <strong>Omega 3 und Omega 6,<\/strong> haben entz\u00fcndungshemmende Eigenschaften, sch\u00fctzen Blut- und Herzgef\u00e4\u00dfe und beeinflussen das Cholesterin positiv.<\/span><\/p>\n<p><span style=\"font-weight: 400;\">Vor allem <strong>pflanzliche \u00d6le, N\u00fcsse und Samen<\/strong> haben hohe Anteile an unges\u00e4ttigten Fetts\u00e4uren und enthalten oftmals auch gleich fettl\u00f6sliche Vitamine. Zu den <strong>fettl\u00f6slichen Vitaminen<\/strong> z\u00e4hlen die Vitamine A, D, E und K. Sie sind in vielen Obst- und Gem\u00fcsesorten enthalten und sollten daher gleichzeitig mit einer geringen Menge hochwertiger \u00d6le verzehrt werden, um eine bessere Aufnahme der Vitamine zu gew\u00e4hrleisten.<\/span><\/p>\n<p><span style=\"font-weight: 400;\">Daher gilt als allgemeine Empfehlung, <strong>t\u00e4glich ein bis zwei Essl\u00f6ffel pflanzliche \u00d6le, N\u00fcsse oder Samen<\/strong> zu verzehren. Auch in Avocado sind wertvolle Fetts\u00e4uren und fettl\u00f6sliche Vitamine enthalten. Tierische Fette, wie z.B. Butter, Schmalz, Schlagobers, etc., sollte man eher sparsam und selten verwenden, da sie \u00fcber einen hohen Anteil an ges\u00e4ttigten Fetts\u00e4uren verf\u00fcgen, was sich negativ auf die Blutfettwerte auswirken und das Risiko zahlreicher Zivilisationskrankheiten erh\u00f6hen kann.<\/span><\/p>\n<p><span style=\"font-weight: 400;\">In S\u00fc\u00dfigkeiten, bestimmten Geb\u00e4cksorten und frittierten Lebensmitteln sind <strong>Transfette<\/strong> enthalten. Sie kommen h\u00e4ufig in industriell stark verarbeiteten Produkten vor und haben <strong>krebserregende Eigenschaften.<\/strong><\/span><\/p>\n<p><span style=\"font-weight: 400;\">Auch bei zu hoch erhitzten \u00d6len und Fetten entstehen diese gesundheitssch\u00e4dlichen Transfetts\u00e4uren. Daher sollte man auf die richtige Verwendung der \u00d6le achten und industriell stark verarbeitete Produkte eher meiden.<\/span>[\/vc_column_text][divider line_type=&#8220;No Line&#8220; custom_height=&#8220;20&#8243;][image_with_animation image_url=&#8220;7411&#8243; image_size=&#8220;full&#8220; animation_type=&#8220;entrance&#8220; animation=&#8220;Fade In&#8220; animation_easing=&#8220;default&#8220; animation_movement_type=&#8220;transform_y&#8220; hover_animation=&#8220;none&#8220; alignment=&#8220;center&#8220; img_link_large=&#8220;yes&#8220; border_radius=&#8220;none&#8220; box_shadow=&#8220;none&#8220; image_loading=&#8220;default&#8220; max_width=&#8220;100%&#8220; max_width_mobile=&#8220;default&#8220;][divider line_type=&#8220;No Line&#8220; custom_height=&#8220;20&#8243;][vc_column_text]\n<h2>\u00d6le richtig verwenden<\/h2>\n<p><span style=\"font-weight: 400;\">Grunds\u00e4tzlich sollte man unterscheiden, ob es sich um ein \u00d6l oder ein Fett handelt. Dabei gilt: <strong>\u00d6le sind fl\u00fcssig, Fette sind fest.<\/strong><\/span><\/p>\n<p><span style=\"font-weight: 400;\"> Bekanntlich best\u00e4tigen Ausnahmen die Regel und so z\u00e4hlt Kokos\u00f6l bzw. Kokosfett als Spezialfall. Denn bei Zimmertemperatur ist Kokos\u00f6l fest, ab etwa 23\u00b0C verfl\u00fcssigt es sich. Hochwertige pflanzliche \u00d6le liefern wertvolle Fetts\u00e4uren.<\/span><\/p>\n<p><span style=\"font-weight: 400;\">Doch <strong>nicht jedes \u00d6l ist zum Erhitzen geeignet.<\/strong> Wir haben im Folgenden einige pflanzliche \u00d6le und ihre Eigenschaften f\u00fcr dich aufgelistet:<\/span><\/p>\n<ul>\n<li style=\"font-weight: 400;\" aria-level=\"1\"><b>Oliven\u00f6l:<\/b><span style=\"font-weight: 400;\"> Native Oliven\u00f6le haben eine gute Fetts\u00e4urenzusammensetzung und eignen sich sowohl f\u00fcr den kalten Genuss als auch f\u00fcr das Erhitzen bis zu maximal 180\u00b0C.<\/span><\/li>\n<li style=\"font-weight: 400;\" aria-level=\"1\"><b>Lein\u00f6l: <\/b><span style=\"font-weight: 400;\">Es ist das \u00d6l mit dem h\u00f6chsten Anteil an Omega 3-Fetts\u00e4uren und gilt daher als besonders gesund. Es hat eine leicht bittere Note und ist nur f\u00fcr kalte Gerichte zu empfehlen. Lein\u00f6l sollte im K\u00fchlschrank gelagert werden und ist nur wenige Wochen bzw. Monate haltbar.<\/span><\/li>\n<li style=\"font-weight: 400;\" aria-level=\"1\"><b>K\u00fcrbiskern\u00f6l:<\/b><span style=\"font-weight: 400;\"> Kaltgepresstes K\u00fcrbiskern\u00f6l hat eine tiefgr\u00fcne bis fast schwarze F\u00e4rbung und verf\u00fcgt \u00fcber einen nussig milden Geschmack. Es eignet sich hervorragend f\u00fcr die Verwendung von Aufstrichen, Salaten oder als Garnierung \u00fcber warme Speisen. Das \u00d6l ist jedoch nicht zum Erhitzen geeignet.<\/span><\/li>\n<li style=\"font-weight: 400;\" aria-level=\"1\"><b>Raps\u00f6l:<\/b><span style=\"font-weight: 400;\"> Es z\u00e4hlt zu den ges\u00fcndesten \u00d6len, da es \u00fcber einen hohen Anteil unges\u00e4ttigter Fetts\u00e4uren verf\u00fcgt. Kaltgepresstes Raps\u00f6l ist eher dunkel gef\u00e4rbt und nur f\u00fcr kalte Speisen geeignet. Sein Geschmack ist nussig. Raffiniertes Raps\u00f6l dagegen ist blassgelb, geschmacksneutral und zum Kochen und Braten geeignet.<\/span><\/li>\n<li style=\"font-weight: 400;\" aria-level=\"1\"><b>Distel\u00f6l:<\/b><span style=\"font-weight: 400;\"> Dieses \u00d6l enth\u00e4lt wertvolle Linols\u00e4ure, was sich positiv auf das Cholesterin und die Gef\u00e4\u00dfe auswirkt. Es ist jedoch nur f\u00fcr kalte Gerichte geeignet.<\/span><\/li>\n<li style=\"font-weight: 400;\" aria-level=\"1\"><b>Walnuss\u00f6l:<\/b><span style=\"font-weight: 400;\"> Verf\u00fcgt \u00fcber wertvolle Fetts\u00e4uren und ist f\u00fcr sein besonders nussiges Aroma bekannt. Es ist nur f\u00fcr kalte Speisen geeignet und verfeinert Aufstriche, Suppen, M\u00fcsli und Salat.<\/span><\/li>\n<li style=\"font-weight: 400;\" aria-level=\"1\"><b>Traubenkern\u00f6l:<\/b><span style=\"font-weight: 400;\"> Kaltgepresstes \u00d6l ist nur f\u00fcr kalte Speisen, wie z.B. Smoothie, Salate und M\u00fcsli geeignet oder kann zum Verfeinern warmer Speisen genutzt werden. Das \u00d6l ist reich an wertvollen Antioxidantien, die die K\u00f6rperzellen sch\u00fctzen und den Alterungsprozess positiv beeinflussen. Zum Erhitzen ist nur raffiniertes Traubenkern\u00f6l geeignet, jedoch ist es geschmacksneutral.<\/span><\/li>\n<li style=\"font-weight: 400;\" aria-level=\"1\"><b>Sonnenblumen\u00f6l:<\/b><span style=\"font-weight: 400;\"> Dieses \u00d6l enth\u00e4lt Phytosterine, die sich positiv auf den Cholesterinspiegel auswirken. Das \u00d6l ist sowohl f\u00fcr kalte als auch f\u00fcr warme Speisen verwendbar und eignet sich zum Braten und Backen. Raffinierte \u00d6le k\u00f6nnen auch zum Frittieren verwendet werden.<\/span><\/li>\n<\/ul>\n<h2>So werden \u00d6le zum Genuss<\/h2>\n<p><span style=\"font-weight: 400;\">Fett ist nicht nur wichtig f\u00fcr die Aufnahme fettl\u00f6slicher Vitamine, es ist auch ein Geschmackstr\u00e4ger, der Speisen besonders schmackhaft macht. Wir haben daher ein paar Rezepte f\u00fcr dich zusammengestellt, mit denen dir der richtige Einsatz der jeweiligen \u00d6le gelingt und zu einem kulinarischen Erlebnis wird.<\/span>[\/vc_column_text][divider line_type=&#8220;No Line&#8220; custom_height=&#8220;20&#8243;][image_with_animation image_url=&#8220;7410&#8243; image_size=&#8220;full&#8220; animation_type=&#8220;entrance&#8220; animation=&#8220;Fade In&#8220; animation_easing=&#8220;default&#8220; animation_movement_type=&#8220;transform_y&#8220; hover_animation=&#8220;none&#8220; alignment=&#8220;center&#8220; img_link_large=&#8220;yes&#8220; border_radius=&#8220;none&#8220; box_shadow=&#8220;none&#8220; image_loading=&#8220;default&#8220; max_width=&#8220;100%&#8220; max_width_mobile=&#8220;default&#8220;][divider line_type=&#8220;No Line&#8220; custom_height=&#8220;20&#8243;][vc_column_text]\n<h2>Kr\u00e4uter- und Gew\u00fcrz\u00f6le selber machen<\/h2>\n<p><strong>Basiszutat:<\/strong><\/p>\n<ul>\n<li style=\"font-weight: 400;\" aria-level=\"1\"><span style=\"font-weight: 400;\">250ml hochwertiges Oliven\u00f6l<\/span><\/li>\n<\/ul>\n<p><strong>Kr\u00e4uter- und Gew\u00fcrzvarianten pro 250ml \u00d6l:<\/strong><\/p>\n<ul>\n<li style=\"font-weight: 400;\" aria-level=\"1\"><span style=\"font-weight: 400;\">2 Knoblauchzehen und 2 Zweige frischer Rosmarin<\/span><\/li>\n<li style=\"font-weight: 400;\" aria-level=\"1\"><span style=\"font-weight: 400;\">2 Chilischoten<\/span><\/li>\n<li style=\"font-weight: 400;\" aria-level=\"1\"><span style=\"font-weight: 400;\">5 Zweige frischer Thymian<\/span><\/li>\n<li style=\"font-weight: 400;\" aria-level=\"1\"><span style=\"font-weight: 400;\">15-20 B\u00e4rlauchknospen<\/span><\/li>\n<\/ul>\n<p><strong>Zubereitungsanleitungen f\u00fcr die jeweiligen Mischungen:<\/strong><\/p>\n<ul>\n<li style=\"font-weight: 400;\" aria-level=\"1\"><span style=\"font-weight: 400;\">Kr\u00e4uter waschen und trocken sch\u00fctteln oder mit einem K\u00fcchentuch trocken tupfen.<\/span><\/li>\n<li style=\"font-weight: 400;\" aria-level=\"1\"><span style=\"font-weight: 400;\">Knoblauch sch\u00e4len.<\/span><\/li>\n<li style=\"font-weight: 400;\" aria-level=\"1\"><span style=\"font-weight: 400;\">Chilischoten waschen, trocknen und in feine Ringe schneiden.<\/span><\/li>\n<li style=\"font-weight: 400;\" aria-level=\"1\"><span style=\"font-weight: 400;\">B\u00e4rlauchknospen waschen und mit einem K\u00fcchentuch trocken tupfen.<\/span><\/li>\n<\/ul>\n<p><span style=\"font-weight: 400;\">Die jeweiligen Zutaten in ein verschlie\u00dfbares Glas oder in eine Flasche f\u00fcllen und mit dem \u00d6l aufgie\u00dfen. Verschlie\u00dfen und f\u00fcr mehrere Wochen ziehen lassen.<\/span><\/p>\n<p><strong>Tipp:<\/strong><\/p>\n<p><span style=\"font-weight: 400;\">Wenn man das \u00d6l bereits verwendet, k\u00f6nnen die Kr\u00e4uter- und Gew\u00fcrze im Glas oder der Flasche verbleiben, so lange sie mit \u00d6l bedeckt sind. Sobald sie jedoch nicht mehr vollst\u00e4ndig im \u00d6l eingelegt sind, sollte man diese entfernen, um einen Schimmel- oder F\u00e4ulnisbefall zu vermeiden.<\/span><\/p>\n<h3>Topfencreme mit Fr\u00fcchten und Lein\u00f6l<\/h3>\n<p><strong>Zutaten f\u00fcr 2 Portionen:<\/strong><\/p>\n<ul>\n<li style=\"font-weight: 400;\" aria-level=\"1\"><span style=\"font-weight: 400;\">250g Topfen<\/span><\/li>\n<li style=\"font-weight: 400;\" aria-level=\"1\"><span style=\"font-weight: 400;\">100ml Milch (alternativ: unges\u00fc\u00dfter Hafer- oder Mandeldrink)<\/span><\/li>\n<li style=\"font-weight: 400;\" aria-level=\"1\"><span style=\"font-weight: 400;\">100g frische Beeren nach Wahl<\/span><\/li>\n<li style=\"font-weight: 400;\" aria-level=\"1\"><span style=\"font-weight: 400;\">20g geschrotete Leinsamen oder Chiasamen<\/span><\/li>\n<li style=\"font-weight: 400;\" aria-level=\"1\"><span style=\"font-weight: 400;\">20ml Lein\u00f6l<\/span><\/li>\n<li style=\"font-weight: 400;\" aria-level=\"1\"><span style=\"font-weight: 400;\">1 Banane<\/span><\/li>\n<li style=\"font-weight: 400;\" aria-level=\"1\"><span style=\"font-weight: 400;\">1 Nektarine<\/span><\/li>\n<\/ul>\n<p><strong>Zubereitung:<\/strong><\/p>\n<ul>\n<li style=\"font-weight: 400;\" aria-level=\"1\"><span style=\"font-weight: 400;\">Topfen mit Milch, Lein\u00f6l und den Samen in einen Standmixer f\u00fcllen und fein p\u00fcrieren. Alternativ kann man auch alle Zutaten in ein hohes Gef\u00e4\u00df geben und mit dem P\u00fcrierstab mixen.<\/span><\/li>\n<li style=\"font-weight: 400;\" aria-level=\"1\"><span style=\"font-weight: 400;\">Beeren waschen, abtropfen lassen und verlesen.<\/span><\/li>\n<li style=\"font-weight: 400;\" aria-level=\"1\"><span style=\"font-weight: 400;\">Banane sch\u00e4len und in Scheiben schneiden.<\/span><\/li>\n<li style=\"font-weight: 400;\" aria-level=\"1\"><span style=\"font-weight: 400;\">Nektarine waschen, entkernen und in mundgerechte St\u00fccke schneiden.<\/span><\/li>\n<li style=\"font-weight: 400;\" aria-level=\"1\"><span style=\"font-weight: 400;\">Die Topfencreme auf zwei Sch\u00e4lchen verteilen und mit den Beeren, den Bananenscheiben und Nektarinenst\u00fcckchen garnieren.<\/span><\/li>\n<\/ul>\n<p><strong>Tipp:<\/strong><\/p>\n<p><span style=\"font-weight: 400;\">Dieses Rezept eignet sich hervorragend als leichtes Fr\u00fchst\u00fcck oder als sommerliches Dessert. In verschlie\u00dfbaren Gl\u00e4sern l\u00e4sst sich dieses Rezept wunderbar vorbereiten und ist gek\u00fchlt 2-3 Tage haltbar.<\/span><\/p>\n<h3>K\u00fcrbiskern\u00f6l-Aufstrich<\/h3>\n<p><strong>Zutaten f\u00fcr 2-3 Portionen:<\/strong><\/p>\n<ul>\n<li style=\"font-weight: 400;\" aria-level=\"1\"><span style=\"font-weight: 400;\">\u00a0<\/span><span style=\"font-weight: 400;\">250g Topfen<\/span><\/li>\n<li style=\"font-weight: 400;\" aria-level=\"1\"><span style=\"font-weight: 400;\">100g Naturjoghurt<\/span><\/li>\n<li style=\"font-weight: 400;\" aria-level=\"1\"><span style=\"font-weight: 400;\">50g K\u00fcrbiskerne<\/span><\/li>\n<li style=\"font-weight: 400;\" aria-level=\"1\"><span style=\"font-weight: 400;\">20ml K\u00fcrbiskern\u00f6l<\/span><\/li>\n<li style=\"font-weight: 400;\" aria-level=\"1\"><span style=\"font-weight: 400;\">1 Knoblauchzehe<\/span><\/li>\n<li style=\"font-weight: 400;\" aria-level=\"1\"><span style=\"font-weight: 400;\">\u00bd Bund frische Petersilie<\/span><\/li>\n<li style=\"font-weight: 400;\" aria-level=\"1\"><span style=\"font-weight: 400;\">\u00a0<\/span><span style=\"font-weight: 400;\">Salz, Pfeffer<\/span><\/li>\n<\/ul>\n<p><strong>Zubereitung:<\/strong><\/p>\n<ol>\n<li style=\"font-weight: 400;\" aria-level=\"1\"><span style=\"font-weight: 400;\">K\u00fcrbiskerne in einer Pfanne ohne \u00d6l kurz anr\u00f6sten und beiseitestellen.<\/span><\/li>\n<li style=\"font-weight: 400;\" aria-level=\"1\"><span style=\"font-weight: 400;\">Knoblauch sch\u00e4len und grob hacken.<\/span><\/li>\n<li style=\"font-weight: 400;\" aria-level=\"1\"><span style=\"font-weight: 400;\">Petersilie waschen, trocken sch\u00fctteln und in grobe St\u00fccke schneiden.<\/span><\/li>\n<li style=\"font-weight: 400;\" aria-level=\"1\"><span style=\"font-weight: 400;\">K\u00fcrbiskerne, Topfen, Joghurt, K\u00fcrbiskern\u00f6l, Knoblauch und Petersilie in einer K\u00fcchenmaschine gut miteinander vermengen. Alternativ kann man auch einen Standmixer oder P\u00fcrierstab verwenden.<\/span><\/li>\n<li style=\"font-weight: 400;\" aria-level=\"1\"><span style=\"font-weight: 400;\">Mit Salz und Pfeffer w\u00fcrzen und bis zum Verzehr im K\u00fchlschrank lagern.<\/span><\/li>\n<\/ol>\n<p><strong>Tipp:<\/strong><\/p>\n<p><span style=\"font-weight: 400;\">Dieses Rezept eignet sich als Brotaufstrich oder als Dip zu Gem\u00fcsesticks. Auch als Pesto-Ersatz ist dieser Aufstrich gut einsetzbar. Hierf\u00fcr den Aufstrich mit den warmen, gekochten Nudeln vermengen, jedoch nicht erhitzen und servieren. Im K\u00fchlschrank gelagert ist der Aufstrich 2-3 Tage haltbar.<\/span><\/p>\n<p><span style=\"font-weight: 400;\">\u00a0<\/span><\/p>\n<p><span style=\"font-weight: 400;\">\u00d6le und Fette sind in geringen Mengen wichtige Bestandteile in der ausgewogenen Ern\u00e4hrung. Sie sind n\u00f6tig, um die fettl\u00f6slichen Vitamine A, D, E und K aufnehmen zu k\u00f6nnen und beeinflussen den Zellschutz und die Hormonbildung.<\/span><\/p>\n<p><span style=\"font-weight: 400;\">Auch dienen \u00d6le und Fette als Energie- und Geschmackstr\u00e4ger. Dabei ist es wichtig, hochwertige pflanzliche \u00d6le zu verzehren und je nach Sorte f\u00fcr warme oder kalte Speisen zu verwenden.<\/span><\/p>\n<p><span style=\"font-weight: 400;\">Tierische Fette sollten sparsam und selten auf dem Speiseplan stehen, da sie \u00fcber einen hohen Anteil ges\u00e4ttigter Fetts\u00e4uren verf\u00fcgen. Industriell stark verarbeitete Produkte enthalten h\u00e4ufig krebserregende und gesundheitssch\u00e4dliche Transfette und sollten daher eher vermieden werden.<\/span><\/p>\n<p><span style=\"font-weight: 400;\">Zu einer ausgewogenen Ern\u00e4hrung geh\u00f6ren gesunde Fette in Form von hochwertigen pflanzlichen \u00d6len, N\u00fcssen und Samen dazu und leisten einen wichtigen Beitrag zur eigenen Gesundheit. Dabei lohnt es sich, auch bei der Verwendung der \u00d6le f\u00fcr Abwechslung zu sorgen.<\/span><\/p>\n<h2><\/h2>\n[\/vc_column_text][\/vc_column][\/vc_row]\n","protected":false},"excerpt":{"rendered":"<p>[vc_row type=&#8220;in_container&#8220; full_screen_row_position=&#8220;middle&#8220; column_margin=&#8220;default&#8220; column_direction=&#8220;default&#8220; column_direction_tablet=&#8220;default&#8220; column_direction_phone=&#8220;default&#8220; scene_position=&#8220;center&#8220; text_color=&#8220;dark&#8220; text_align=&#8220;left&#8220; row_border_radius=&#8220;none&#8220; row_border_radius_applies=&#8220;bg&#8220; overflow=&#8220;visible&#8220; overlay_strength=&#8220;0.3&#8243; gradient_direction=&#8220;left_to_right&#8220;&#8230;<\/p>\n","protected":false},"author":3,"featured_media":7412,"comment_status":"closed","ping_status":"closed","sticky":false,"template":"","format":"standard","meta":{"footnotes":""},"categories":[5],"tags":[],"class_list":{"0":"post-7409","1":"post","2":"type-post","3":"status-publish","4":"format-standard","5":"has-post-thumbnail","7":"category-ernaehrung"},"yoast_head":"<!-- This site is optimized with the Yoast SEO plugin v25.4 - https:\/\/yoast.com\/wordpress\/plugins\/seo\/ -->\n<title>\u00d6le und Fette: Gesund genie\u00dfen und richtig verwenden<\/title>\n<meta name=\"description\" content=\"Erfahre, warum Fette essenziell f\u00fcr deine Gesundheit sind und wie du die Vielfalt der pflanzlichen \u00d6le optimal nutzen kannst.\" \/>\n<meta name=\"robots\" content=\"index, follow, max-snippet:-1, max-image-preview:large, max-video-preview:-1\" \/>\n<link rel=\"canonical\" href=\"https:\/\/www.vomfeld.at\/blog\/oele-fette-gesund-geniessen-richtig-verwenden\/\" \/>\n<meta property=\"og:locale\" content=\"de_DE\" \/>\n<meta property=\"og:type\" content=\"article\" \/>\n<meta property=\"og:title\" content=\"\u00d6le und Fette: Gesund genie\u00dfen und richtig verwenden\" \/>\n<meta property=\"og:description\" content=\"Erfahre, warum Fette essenziell f\u00fcr deine Gesundheit sind und wie du die Vielfalt der pflanzlichen \u00d6le optimal nutzen kannst.\" \/>\n<meta property=\"og:url\" content=\"https:\/\/www.vomfeld.at\/blog\/oele-fette-gesund-geniessen-richtig-verwenden\/\" \/>\n<meta property=\"og:site_name\" content=\"Johanna vom Feld Blog\" \/>\n<meta property=\"article:publisher\" content=\"https:\/\/www.facebook.com\/vomfeld.at\/\" \/>\n<meta property=\"article:published_time\" content=\"2023-11-15T13:57:52+00:00\" \/>\n<meta property=\"og:image\" content=\"https:\/\/www.vomfeld.at\/blog\/wp-content\/uploads\/2023\/11\/olivengarten-maedchen.jpg\" \/>\n\t<meta property=\"og:image:width\" content=\"1600\" \/>\n\t<meta property=\"og:image:height\" content=\"1067\" \/>\n\t<meta property=\"og:image:type\" content=\"image\/jpeg\" \/>\n<meta name=\"author\" content=\"Johanna\" \/>\n<meta name=\"twitter:card\" content=\"summary_large_image\" \/>\n<meta name=\"twitter:label1\" content=\"Verfasst von\" \/>\n\t<meta name=\"twitter:data1\" content=\"Johanna\" \/>\n\t<meta name=\"twitter:label2\" content=\"Gesch\u00e4tzte Lesezeit\" \/>\n\t<meta name=\"twitter:data2\" content=\"9\u00a0Minuten\" \/>\n<script type=\"application\/ld+json\" class=\"yoast-schema-graph\">{\"@context\":\"https:\/\/schema.org\",\"@graph\":[{\"@type\":\"Article\",\"@id\":\"https:\/\/www.vomfeld.at\/blog\/oele-fette-gesund-geniessen-richtig-verwenden\/#article\",\"isPartOf\":{\"@id\":\"https:\/\/www.vomfeld.at\/blog\/oele-fette-gesund-geniessen-richtig-verwenden\/\"},\"author\":{\"name\":\"Johanna\",\"@id\":\"https:\/\/www.vomfeld.at\/blog\/#\/schema\/person\/8dab792dce4e00bc69ebf949f6eab1bf\"},\"headline\":\"\u00d6le und Fette: Gesund genie\u00dfen und richtig verwenden\",\"datePublished\":\"2023-11-15T13:57:52+00:00\",\"mainEntityOfPage\":{\"@id\":\"https:\/\/www.vomfeld.at\/blog\/oele-fette-gesund-geniessen-richtig-verwenden\/\"},\"wordCount\":1900,\"publisher\":{\"@id\":\"https:\/\/www.vomfeld.at\/blog\/#organization\"},\"image\":{\"@id\":\"https:\/\/www.vomfeld.at\/blog\/oele-fette-gesund-geniessen-richtig-verwenden\/#primaryimage\"},\"thumbnailUrl\":\"https:\/\/www.vomfeld.at\/blog\/wp-content\/uploads\/2023\/11\/olivengarten-maedchen.jpg\",\"articleSection\":[\"Ern\u00e4hrung\"],\"inLanguage\":\"de\"},{\"@type\":\"WebPage\",\"@id\":\"https:\/\/www.vomfeld.at\/blog\/oele-fette-gesund-geniessen-richtig-verwenden\/\",\"url\":\"https:\/\/www.vomfeld.at\/blog\/oele-fette-gesund-geniessen-richtig-verwenden\/\",\"name\":\"\u00d6le und Fette: Gesund genie\u00dfen und richtig verwenden\",\"isPartOf\":{\"@id\":\"https:\/\/www.vomfeld.at\/blog\/#website\"},\"primaryImageOfPage\":{\"@id\":\"https:\/\/www.vomfeld.at\/blog\/oele-fette-gesund-geniessen-richtig-verwenden\/#primaryimage\"},\"image\":{\"@id\":\"https:\/\/www.vomfeld.at\/blog\/oele-fette-gesund-geniessen-richtig-verwenden\/#primaryimage\"},\"thumbnailUrl\":\"https:\/\/www.vomfeld.at\/blog\/wp-content\/uploads\/2023\/11\/olivengarten-maedchen.jpg\",\"datePublished\":\"2023-11-15T13:57:52+00:00\",\"description\":\"Erfahre, warum Fette essenziell f\u00fcr deine Gesundheit sind und wie du die Vielfalt der pflanzlichen \u00d6le optimal nutzen kannst.\",\"breadcrumb\":{\"@id\":\"https:\/\/www.vomfeld.at\/blog\/oele-fette-gesund-geniessen-richtig-verwenden\/#breadcrumb\"},\"inLanguage\":\"de\",\"potentialAction\":[{\"@type\":\"ReadAction\",\"target\":[\"https:\/\/www.vomfeld.at\/blog\/oele-fette-gesund-geniessen-richtig-verwenden\/\"]}]},{\"@type\":\"ImageObject\",\"inLanguage\":\"de\",\"@id\":\"https:\/\/www.vomfeld.at\/blog\/oele-fette-gesund-geniessen-richtig-verwenden\/#primaryimage\",\"url\":\"https:\/\/www.vomfeld.at\/blog\/wp-content\/uploads\/2023\/11\/olivengarten-maedchen.jpg\",\"contentUrl\":\"https:\/\/www.vomfeld.at\/blog\/wp-content\/uploads\/2023\/11\/olivengarten-maedchen.jpg\",\"width\":1600,\"height\":1067,\"caption\":\"M\u00e4dchen steht zwischen Olivenb\u00e4umen\"},{\"@type\":\"BreadcrumbList\",\"@id\":\"https:\/\/www.vomfeld.at\/blog\/oele-fette-gesund-geniessen-richtig-verwenden\/#breadcrumb\",\"itemListElement\":[{\"@type\":\"ListItem\",\"position\":1,\"name\":\"Startseite\",\"item\":\"https:\/\/www.vomfeld.at\/blog\/\"},{\"@type\":\"ListItem\",\"position\":2,\"name\":\"\u00d6le und Fette: Gesund genie\u00dfen und richtig verwenden\"}]},{\"@type\":\"WebSite\",\"@id\":\"https:\/\/www.vomfeld.at\/blog\/#website\",\"url\":\"https:\/\/www.vomfeld.at\/blog\/\",\"name\":\"Johanna vom Feld Blog\",\"description\":\"Mehr aus Lebensmitteln vom Feld machen\",\"publisher\":{\"@id\":\"https:\/\/www.vomfeld.at\/blog\/#organization\"},\"potentialAction\":[{\"@type\":\"SearchAction\",\"target\":{\"@type\":\"EntryPoint\",\"urlTemplate\":\"https:\/\/www.vomfeld.at\/blog\/?s={search_term_string}\"},\"query-input\":{\"@type\":\"PropertyValueSpecification\",\"valueRequired\":true,\"valueName\":\"search_term_string\"}}],\"inLanguage\":\"de\"},{\"@type\":\"Organization\",\"@id\":\"https:\/\/www.vomfeld.at\/blog\/#organization\",\"name\":\"Johanna vom Feld\",\"url\":\"https:\/\/www.vomfeld.at\/blog\/\",\"logo\":{\"@type\":\"ImageObject\",\"inLanguage\":\"de\",\"@id\":\"https:\/\/www.vomfeld.at\/blog\/#\/schema\/logo\/image\/\",\"url\":\"https:\/\/www.vomfeld.at\/blog\/wp-content\/uploads\/2018\/10\/vomfeld-logo-large.png\",\"contentUrl\":\"https:\/\/www.vomfeld.at\/blog\/wp-content\/uploads\/2018\/10\/vomfeld-logo-large.png\",\"width\":340,\"height\":200,\"caption\":\"Johanna vom Feld\"},\"image\":{\"@id\":\"https:\/\/www.vomfeld.at\/blog\/#\/schema\/logo\/image\/\"},\"sameAs\":[\"https:\/\/www.facebook.com\/vomfeld.at\/\"]},{\"@type\":\"Person\",\"@id\":\"https:\/\/www.vomfeld.at\/blog\/#\/schema\/person\/8dab792dce4e00bc69ebf949f6eab1bf\",\"name\":\"Johanna\"}]}<\/script>\n<!-- \/ Yoast SEO plugin. -->","yoast_head_json":{"title":"\u00d6le und Fette: Gesund genie\u00dfen und richtig verwenden","description":"Erfahre, warum Fette essenziell f\u00fcr deine Gesundheit sind und wie du die Vielfalt der pflanzlichen \u00d6le optimal nutzen kannst.","robots":{"index":"index","follow":"follow","max-snippet":"max-snippet:-1","max-image-preview":"max-image-preview:large","max-video-preview":"max-video-preview:-1"},"canonical":"https:\/\/www.vomfeld.at\/blog\/oele-fette-gesund-geniessen-richtig-verwenden\/","og_locale":"de_DE","og_type":"article","og_title":"\u00d6le und Fette: Gesund genie\u00dfen und richtig verwenden","og_description":"Erfahre, warum Fette essenziell f\u00fcr deine Gesundheit sind und wie du die Vielfalt der pflanzlichen \u00d6le optimal nutzen kannst.","og_url":"https:\/\/www.vomfeld.at\/blog\/oele-fette-gesund-geniessen-richtig-verwenden\/","og_site_name":"Johanna vom Feld Blog","article_publisher":"https:\/\/www.facebook.com\/vomfeld.at\/","article_published_time":"2023-11-15T13:57:52+00:00","og_image":[{"width":1600,"height":1067,"url":"https:\/\/www.vomfeld.at\/blog\/wp-content\/uploads\/2023\/11\/olivengarten-maedchen.jpg","type":"image\/jpeg"}],"author":"Johanna","twitter_card":"summary_large_image","twitter_misc":{"Verfasst von":"Johanna","Gesch\u00e4tzte Lesezeit":"9\u00a0Minuten"},"schema":{"@context":"https:\/\/schema.org","@graph":[{"@type":"Article","@id":"https:\/\/www.vomfeld.at\/blog\/oele-fette-gesund-geniessen-richtig-verwenden\/#article","isPartOf":{"@id":"https:\/\/www.vomfeld.at\/blog\/oele-fette-gesund-geniessen-richtig-verwenden\/"},"author":{"name":"Johanna","@id":"https:\/\/www.vomfeld.at\/blog\/#\/schema\/person\/8dab792dce4e00bc69ebf949f6eab1bf"},"headline":"\u00d6le und Fette: Gesund genie\u00dfen und richtig verwenden","datePublished":"2023-11-15T13:57:52+00:00","mainEntityOfPage":{"@id":"https:\/\/www.vomfeld.at\/blog\/oele-fette-gesund-geniessen-richtig-verwenden\/"},"wordCount":1900,"publisher":{"@id":"https:\/\/www.vomfeld.at\/blog\/#organization"},"image":{"@id":"https:\/\/www.vomfeld.at\/blog\/oele-fette-gesund-geniessen-richtig-verwenden\/#primaryimage"},"thumbnailUrl":"https:\/\/www.vomfeld.at\/blog\/wp-content\/uploads\/2023\/11\/olivengarten-maedchen.jpg","articleSection":["Ern\u00e4hrung"],"inLanguage":"de"},{"@type":"WebPage","@id":"https:\/\/www.vomfeld.at\/blog\/oele-fette-gesund-geniessen-richtig-verwenden\/","url":"https:\/\/www.vomfeld.at\/blog\/oele-fette-gesund-geniessen-richtig-verwenden\/","name":"\u00d6le und Fette: Gesund genie\u00dfen und richtig verwenden","isPartOf":{"@id":"https:\/\/www.vomfeld.at\/blog\/#website"},"primaryImageOfPage":{"@id":"https:\/\/www.vomfeld.at\/blog\/oele-fette-gesund-geniessen-richtig-verwenden\/#primaryimage"},"image":{"@id":"https:\/\/www.vomfeld.at\/blog\/oele-fette-gesund-geniessen-richtig-verwenden\/#primaryimage"},"thumbnailUrl":"https:\/\/www.vomfeld.at\/blog\/wp-content\/uploads\/2023\/11\/olivengarten-maedchen.jpg","datePublished":"2023-11-15T13:57:52+00:00","description":"Erfahre, warum Fette essenziell f\u00fcr deine Gesundheit sind und wie du die Vielfalt der pflanzlichen \u00d6le optimal nutzen kannst.","breadcrumb":{"@id":"https:\/\/www.vomfeld.at\/blog\/oele-fette-gesund-geniessen-richtig-verwenden\/#breadcrumb"},"inLanguage":"de","potentialAction":[{"@type":"ReadAction","target":["https:\/\/www.vomfeld.at\/blog\/oele-fette-gesund-geniessen-richtig-verwenden\/"]}]},{"@type":"ImageObject","inLanguage":"de","@id":"https:\/\/www.vomfeld.at\/blog\/oele-fette-gesund-geniessen-richtig-verwenden\/#primaryimage","url":"https:\/\/www.vomfeld.at\/blog\/wp-content\/uploads\/2023\/11\/olivengarten-maedchen.jpg","contentUrl":"https:\/\/www.vomfeld.at\/blog\/wp-content\/uploads\/2023\/11\/olivengarten-maedchen.jpg","width":1600,"height":1067,"caption":"M\u00e4dchen steht zwischen Olivenb\u00e4umen"},{"@type":"BreadcrumbList","@id":"https:\/\/www.vomfeld.at\/blog\/oele-fette-gesund-geniessen-richtig-verwenden\/#breadcrumb","itemListElement":[{"@type":"ListItem","position":1,"name":"Startseite","item":"https:\/\/www.vomfeld.at\/blog\/"},{"@type":"ListItem","position":2,"name":"\u00d6le und Fette: Gesund genie\u00dfen und richtig verwenden"}]},{"@type":"WebSite","@id":"https:\/\/www.vomfeld.at\/blog\/#website","url":"https:\/\/www.vomfeld.at\/blog\/","name":"Johanna vom Feld Blog","description":"Mehr aus Lebensmitteln vom Feld machen","publisher":{"@id":"https:\/\/www.vomfeld.at\/blog\/#organization"},"potentialAction":[{"@type":"SearchAction","target":{"@type":"EntryPoint","urlTemplate":"https:\/\/www.vomfeld.at\/blog\/?s={search_term_string}"},"query-input":{"@type":"PropertyValueSpecification","valueRequired":true,"valueName":"search_term_string"}}],"inLanguage":"de"},{"@type":"Organization","@id":"https:\/\/www.vomfeld.at\/blog\/#organization","name":"Johanna vom Feld","url":"https:\/\/www.vomfeld.at\/blog\/","logo":{"@type":"ImageObject","inLanguage":"de","@id":"https:\/\/www.vomfeld.at\/blog\/#\/schema\/logo\/image\/","url":"https:\/\/www.vomfeld.at\/blog\/wp-content\/uploads\/2018\/10\/vomfeld-logo-large.png","contentUrl":"https:\/\/www.vomfeld.at\/blog\/wp-content\/uploads\/2018\/10\/vomfeld-logo-large.png","width":340,"height":200,"caption":"Johanna vom Feld"},"image":{"@id":"https:\/\/www.vomfeld.at\/blog\/#\/schema\/logo\/image\/"},"sameAs":["https:\/\/www.facebook.com\/vomfeld.at\/"]},{"@type":"Person","@id":"https:\/\/www.vomfeld.at\/blog\/#\/schema\/person\/8dab792dce4e00bc69ebf949f6eab1bf","name":"Johanna"}]}},"_links":{"self":[{"href":"https:\/\/www.vomfeld.at\/blog\/wp-json\/wp\/v2\/posts\/7409","targetHints":{"allow":["GET"]}}],"collection":[{"href":"https:\/\/www.vomfeld.at\/blog\/wp-json\/wp\/v2\/posts"}],"about":[{"href":"https:\/\/www.vomfeld.at\/blog\/wp-json\/wp\/v2\/types\/post"}],"author":[{"embeddable":true,"href":"https:\/\/www.vomfeld.at\/blog\/wp-json\/wp\/v2\/users\/3"}],"replies":[{"embeddable":true,"href":"https:\/\/www.vomfeld.at\/blog\/wp-json\/wp\/v2\/comments?post=7409"}],"version-history":[{"count":1,"href":"https:\/\/www.vomfeld.at\/blog\/wp-json\/wp\/v2\/posts\/7409\/revisions"}],"predecessor-version":[{"id":7413,"href":"https:\/\/www.vomfeld.at\/blog\/wp-json\/wp\/v2\/posts\/7409\/revisions\/7413"}],"wp:featuredmedia":[{"embeddable":true,"href":"https:\/\/www.vomfeld.at\/blog\/wp-json\/wp\/v2\/media\/7412"}],"wp:attachment":[{"href":"https:\/\/www.vomfeld.at\/blog\/wp-json\/wp\/v2\/media?parent=7409"}],"wp:term":[{"taxonomy":"category","embeddable":true,"href":"https:\/\/www.vomfeld.at\/blog\/wp-json\/wp\/v2\/categories?post=7409"},{"taxonomy":"post_tag","embeddable":true,"href":"https:\/\/www.vomfeld.at\/blog\/wp-json\/wp\/v2\/tags?post=7409"}],"curies":[{"name":"wp","href":"https:\/\/api.w.org\/{rel}","templated":true}]}}