{"id":7396,"date":"2023-10-18T10:49:32","date_gmt":"2023-10-18T08:49:32","guid":{"rendered":"https:\/\/www.vomfeld.at\/blog\/?p=7396"},"modified":"2023-10-18T10:49:32","modified_gmt":"2023-10-18T08:49:32","slug":"mehr-farbe-auf-dem-teller-mit-rohnen","status":"publish","type":"post","link":"https:\/\/www.vomfeld.at\/blog\/mehr-farbe-auf-dem-teller-mit-rohnen\/","title":{"rendered":"Mehr Farbe auf dem Teller mit Rohnen"},"content":{"rendered":"[vc_row type=&#8220;in_container&#8220; full_screen_row_position=&#8220;middle&#8220; column_margin=&#8220;default&#8220; column_direction=&#8220;default&#8220; column_direction_tablet=&#8220;default&#8220; column_direction_phone=&#8220;default&#8220; scene_position=&#8220;center&#8220; text_color=&#8220;dark&#8220; text_align=&#8220;left&#8220; row_border_radius=&#8220;none&#8220; row_border_radius_applies=&#8220;bg&#8220; overflow=&#8220;visible&#8220; overlay_strength=&#8220;0.3&#8243; gradient_direction=&#8220;left_to_right&#8220; shape_divider_position=&#8220;bottom&#8220; bg_image_animation=&#8220;none&#8220;][vc_column column_padding=&#8220;no-extra-padding&#8220; column_padding_tablet=&#8220;inherit&#8220; column_padding_phone=&#8220;inherit&#8220; column_padding_position=&#8220;all&#8220; column_element_direction_desktop=&#8220;default&#8220; column_element_spacing=&#8220;default&#8220; desktop_text_alignment=&#8220;default&#8220; tablet_text_alignment=&#8220;default&#8220; phone_text_alignment=&#8220;default&#8220; background_color_opacity=&#8220;1&#8243; background_hover_color_opacity=&#8220;1&#8243; column_backdrop_filter=&#8220;none&#8220; column_shadow=&#8220;none&#8220; column_border_radius=&#8220;none&#8220; column_link_target=&#8220;_self&#8220; column_position=&#8220;default&#8220; gradient_direction=&#8220;left_to_right&#8220; overlay_strength=&#8220;0.3&#8243; width=&#8220;1\/1&#8243; tablet_width_inherit=&#8220;default&#8220; animation_type=&#8220;default&#8220; bg_image_animation=&#8220;none&#8220; border_type=&#8220;simple&#8220; column_border_width=&#8220;none&#8220; column_border_style=&#8220;solid&#8220;][vc_column_text]<span style=\"font-weight: 400;\">Rote R\u00fcben, oder auch Rohnen genannt, galten lange Zeit eher als Arme-Leute-Essen. Doch wir sind der Auffassung, dieser Gedanke wird diesem Gem\u00fcse nicht gerecht.<\/span><\/p>\n<p><span style=\"font-weight: 400;\">Diese R\u00fcben sorgen nicht nur durch ihre <strong>F\u00e4rbung<\/strong> f\u00fcr besonderen Genuss auf dem Teller, sie liefern zudem auch noch <strong>wertvolle Vitamine und Mineralien.<\/strong><\/span><\/p>\n<p><span style=\"font-weight: 400;\">Wir haben die R\u00fcben mal genauer unter die Lupe genommen und Wissenswertes dazu in diesem Beitrag f\u00fcr dich zusammengefasst.<\/span><\/p>\n<h2>Mehr als nur ein Wintergem\u00fcse<\/h2>\n<p><span style=\"font-weight: 400;\">Den genauen Ursprung der Pflanze vermutet man in <strong>Nordafrika.<\/strong> Sie wurde in der Antike von den R\u00f6mern \u00fcber den gesamten Mittelmeerraum verteilt.<\/span><\/p>\n<p><span style=\"font-weight: 400;\">Die durchgehend rote F\u00e4rbung ist einer Veredelung im 19. bzw. 20. Jahrhundert zu verdanken. Botanisch gesehen ist die rote R\u00fcbe <strong>mit Mangold und Zuckerr\u00fcbe verwandt.<\/strong><\/span><\/p>\n<p><span style=\"font-weight: 400;\">Dieses Gem\u00fcse hat viele Namen. In Deutschland ist sie eher unter dem Namen \u201eRote Bete\u201c oder \u201eRote Beete\u201c bekannt, in der Schweiz nennt man sie \u201eRande\u201c und in \u00d6sterreich wird sie als \u201eRote R\u00fcbe\u201c oder \u201eRohne\u201c bezeichnet.<\/span><\/p>\n<p><span style=\"font-weight: 400;\">Dabei handelt es sich um eine zweij\u00e4hrige krautige Pflanze, deren R\u00fcbe <strong>bis zu 600g schwer<\/strong> werden kann und eine runde bis birnenf\u00f6rmige Gestalt annimmt.<\/span><\/p>\n<p><span style=\"font-weight: 400;\">Sie w\u00e4chst vorwiegend in gem\u00e4\u00dfigten Klimazonen und ist frisch geerntet als <strong>klassisches Herbst- bzw. Wintergem\u00fcse<\/strong> bekannt. Doch durch gute Lagerung und Haltbarmachung sind die R\u00fcben ganzj\u00e4hrig erh\u00e4ltlich.<\/span><\/p>\n<p><span style=\"font-weight: 400;\">Die Aussaat erfolgt von April bis Juli, nach drei bis vier Monaten kann die R\u00fcbe bereits geerntet werden.<\/span><\/p>\n<p><span style=\"font-weight: 400;\">Besonders im Norden und Osten Europas sind rote R\u00fcben ein wesentlicher Bestandteil der K\u00fcche und auch hierzulande gewinnt dieses Gem\u00fcse zunehmend an Beliebtheit.<\/span><\/p>\n<h2>Kr\u00e4ftige Farbe mit Mehrwert<\/h2>\n<p><span style=\"font-weight: 400;\">Aufgrund ihrer kr\u00e4ftigen roten F\u00e4rbung, hervorgerufen durch den <strong>Farbstoff Betanin,<\/strong> wird die rote R\u00fcbe als Lebensmittelfarbe eingesetzt.<\/span><\/p>\n<p><span style=\"font-weight: 400;\">Dem Glykosid Betanin wird eine antioxidative Eigenschaft zugesprochen, das vor Zellsch\u00e4den im K\u00f6rper durch freie Radikale sch\u00fctzt. Rote R\u00fcben <strong>enthalten viel Wasser<\/strong> und sind ein kalorienarmes Gem\u00fcse.<\/span><\/p>\n<p><span style=\"font-weight: 400;\">Zu den wertvollen Inhaltsstoffen z\u00e4hlen verschiedene <strong>B-Vitamine, Kalium und Eisen.<\/strong> Wegen des hohen Eisengehalts wurden rote R\u00fcben bereits in der Antike gegen An\u00e4mie (Blutarmut) eingesetzt. Im Gem\u00fcse enthaltene sekund\u00e4re Pflanzenstoffe wirken entz\u00fcndungshemmend.<\/span><\/p>\n<p><span style=\"font-weight: 400;\">Aufgrund des Farbstoffs und Eisengehalts kann sich der Urin nach dem Verzehr r\u00f6tlich f\u00e4rben, Darmausscheidungen k\u00f6nnen eine rote bis schwarze Farbe annehmen. Das ist jedoch nur vor\u00fcbergehend und v\u00f6llig harmlos.<\/span><\/p>\n<p><span style=\"font-weight: 400;\">Menschen, die zu Nierensteinen oder Gicht neigen, sollten dieses Gem\u00fcse jedoch nur in geringen Mengen verzehren, da es <strong>Oxals\u00e4ure<\/strong> enth\u00e4lt. Au\u00dferdem sind Nitrate in der R\u00fcbe gespeichert, die bei falscher Lagerung Nitrite bilden, die bei \u00dcberdosierung die Sauerstoffanreicherung im Blut hemmen k\u00f6nnen und auch krebsbildende Eigenschaften aufweisen.<\/span><\/p>\n<p><span style=\"font-weight: 400;\">Nitrite k\u00f6nnen aber in geringer Dosierung auch positive Eigenschaften auf den Blutdruck haben. So wird der Saft der roten R\u00fcbe gerne als Heilmittel gegen Bluthochdruck eingesetzt.<\/span>[\/vc_column_text][divider line_type=&#8220;No Line&#8220; custom_height=&#8220;20&#8243;][image_with_animation image_url=&#8220;7399&#8243; image_size=&#8220;full&#8220; animation_type=&#8220;entrance&#8220; animation=&#8220;Fade In&#8220; animation_easing=&#8220;default&#8220; animation_movement_type=&#8220;transform_y&#8220; hover_animation=&#8220;none&#8220; alignment=&#8220;center&#8220; img_link_large=&#8220;yes&#8220; border_radius=&#8220;none&#8220; box_shadow=&#8220;none&#8220; image_loading=&#8220;default&#8220; max_width=&#8220;100%&#8220; max_width_mobile=&#8220;default&#8220;][divider line_type=&#8220;No Line&#8220; custom_height=&#8220;20&#8243;][vc_column_text]\n<h2>Frisch auf dem Tisch<\/h2>\n<p><span style=\"font-weight: 400;\">Wir haben hier ein paar <strong>K\u00fcchentipps<\/strong> f\u00fcr dich zusammengestellt, die dich beim Einkauf und der Zubereitung von roten R\u00fcben unterst\u00fctzen:<\/span><\/p>\n<ul>\n<li style=\"font-weight: 400;\" aria-level=\"1\"><span style=\"font-weight: 400;\">Achte beim Einkauf frischer R\u00fcben darauf, dass die R\u00fcbe fest ist und die <strong>Schale keine Sch\u00e4den<\/strong> und Sch\u00e4dlings- oder Pilzbefall aufweist. Der Geschmack ist von der Gr\u00f6\u00dfe der R\u00fcbe abh\u00e4ngig. So schmecken <strong>kleine R\u00fcben eher mild<\/strong> und zart, <strong>gr\u00f6\u00dfere Exemplare k\u00f6nnen holzig sein.<\/strong><\/span><\/li>\n<li style=\"font-weight: 400;\" aria-level=\"1\"><span style=\"font-weight: 400;\">Beim Kauf von gegarten R\u00fcben wirf einen Blick auf die Zutatenliste. Gegarte oder gekochte R\u00fcben <strong>sollten ohne Zuckerzus\u00e4tze und Konservierungsstoffe auskommen.<\/strong><\/span><\/li>\n<li style=\"font-weight: 400;\" aria-level=\"1\"><span style=\"font-weight: 400;\">Frische R\u00fcben sind im Gem\u00fcsefach des K\u00fchlschranks oder in einem gut gek\u00fchlten Keller <strong>bis zu zwei Wochen haltbar.<\/strong><\/span><\/li>\n<li style=\"font-weight: 400;\" aria-level=\"1\"><span style=\"font-weight: 400;\">Du m\u00f6chtest rote R\u00fcben roh verzehren? Kein Problem. Achte jedoch darauf, dass die R\u00fcben stark f\u00e4rben und verwende f\u00fcr die Zubereitung <strong>Handschuhe,<\/strong> vor allem beim Sch\u00e4len und Raspeln. Sie verf\u00e4rben sehr leicht Kunststoffgeschirr und Holzbretter.<\/span><\/li>\n<li style=\"font-weight: 400;\" aria-level=\"1\"><span style=\"font-weight: 400;\">Um die R\u00fcben gekocht zu verzehren, sollte man sie unter flie\u00dfendem Wasser sauber b\u00fcrsten und anschlie\u00dfend wie Kartoffeln in einem Topf mit Wasser ca. 20-30 Minuten gar kochen. Anschlie\u00dfend abgie\u00dfen, mit kaltem Wasser abschrecken und sch\u00e4len.<\/span><\/li>\n<li style=\"font-weight: 400;\" aria-level=\"1\"><span style=\"font-weight: 400;\">Auch die <strong>Bl\u00e4tter sind verzehrbar,<\/strong> sollten jedoch vorher gekocht werden.<\/span><\/li>\n<li style=\"font-weight: 400;\" aria-level=\"1\"><span style=\"font-weight: 400;\">Aufgrund des enthaltenen Farbstoffs Betanin werden rote R\u00fcben in der Lebensmittelindustrie als <strong>Naturf\u00e4rbemittel<\/strong> eingesetzt. Daher kann man Speisen ebenso zuhause mit roten R\u00fcben eine besondere Farbe verleihen und auch <strong>Ostereier<\/strong> lassen sich gut mit diesem Gem\u00fcse f\u00e4rben.<\/span><\/li>\n<li style=\"font-weight: 400;\" aria-level=\"1\"><span style=\"font-weight: 400;\">Grunds\u00e4tzlich kann man rote R\u00fcben roh oder gekocht verzehren. Um jedoch die Eisenaufnahme zu f\u00f6rdern und die Nitritbildung zu reduzieren, ist es empfehlenswert, Gerichte mit roten R\u00fcben <strong>gemeinsam mit Vitamin C-haltigen Lebensmitteln oder Getr\u00e4nken zuzubereiten<\/strong> bzw. zu verzehren.<\/span><\/li>\n<\/ul>\n<h2>Farbe auf dem Teller<\/h2>\n<p><span style=\"font-weight: 400;\">Rote R\u00fcben kann man vielf\u00e4ltig zubereiten und sorgen f\u00fcr tolle Farben auf dem Speiseteller. Wir haben in unserer Rezeptkiste gekramt und ein paar tolle Rezepte f\u00fcr dich herausgesucht.<\/span>[\/vc_column_text][divider line_type=&#8220;No Line&#8220; custom_height=&#8220;20&#8243;][image_with_animation image_url=&#8220;7397&#8243; image_size=&#8220;full&#8220; animation_type=&#8220;entrance&#8220; animation=&#8220;Fade In&#8220; animation_easing=&#8220;default&#8220; animation_movement_type=&#8220;transform_y&#8220; hover_animation=&#8220;none&#8220; alignment=&#8220;center&#8220; img_link_large=&#8220;yes&#8220; border_radius=&#8220;none&#8220; box_shadow=&#8220;none&#8220; image_loading=&#8220;default&#8220; max_width=&#8220;100%&#8220; max_width_mobile=&#8220;default&#8220;][divider line_type=&#8220;No Line&#8220; custom_height=&#8220;20&#8243;][vc_column_text]\n<h2>Rote R\u00fcben Pizza mit Pesto und Rucola<\/h2>\n<p><strong>Zutaten f\u00fcr 1 Backblech:<\/strong><\/p>\n<ul>\n<li style=\"font-weight: 400;\" aria-level=\"1\"><span style=\"font-weight: 400;\">300g gegarte rote R\u00fcben<\/span><\/li>\n<li style=\"font-weight: 400;\" aria-level=\"1\"><span style=\"font-weight: 400;\">150g Creme fra\u00eeche<\/span><\/li>\n<li style=\"font-weight: 400;\" aria-level=\"1\"><span style=\"font-weight: 400;\">125g Mozzarella<\/span><\/li>\n<li style=\"font-weight: 400;\" aria-level=\"1\"><span style=\"font-weight: 400;\">100g Rucola<\/span><\/li>\n<li style=\"font-weight: 400;\" aria-level=\"1\"><span style=\"font-weight: 400;\">40g Basilikum-Pesto<\/span><\/li>\n<li style=\"font-weight: 400;\" aria-level=\"1\"><span style=\"font-weight: 400;\">1 Packung Pizzateig aus dem K\u00fchlregal<\/span><\/li>\n<li style=\"font-weight: 400;\" aria-level=\"1\"><span style=\"font-weight: 400;\">Salz, Pfeffer<\/span><\/li>\n<\/ul>\n<p><strong>Zubereitung:<\/strong><\/p>\n<ol>\n<li style=\"font-weight: 400;\" aria-level=\"1\"><span style=\"font-weight: 400;\">Backrohr auf 220\u00b0C (Ober-\/Unterhitze) vorheizen. Pizzateig samt Papier auf einem Backblech entrollen.<\/span><\/li>\n<li style=\"font-weight: 400;\" aria-level=\"1\"><span style=\"font-weight: 400;\">Creme fra\u00eeche und Pesto miteinander verr\u00fchren und auf dem Pizzateig gleichm\u00e4\u00dfig verstreichen.<\/span><\/li>\n<li style=\"font-weight: 400;\" aria-level=\"1\"><span style=\"font-weight: 400;\">Die gegarten roten R\u00fcben in feine Scheiben schneiden und auf dem Pizzateig verteilen.<\/span><\/li>\n<li style=\"font-weight: 400;\" aria-level=\"1\"><span style=\"font-weight: 400;\">Mozzarella abtropfen lassen, mit den H\u00e4nden in St\u00fccke zupfen und auf der Pizza verteilen.<\/span><\/li>\n<li style=\"font-weight: 400;\" aria-level=\"1\"><span style=\"font-weight: 400;\">Mit Salz und Pfeffer w\u00fcrzen und im hei\u00dfen Backrohr 10-12 Minuten backen.<\/span><\/li>\n<li style=\"font-weight: 400;\" aria-level=\"1\"><span style=\"font-weight: 400;\">Rucola waschen, trocknen und die fertiggebackene Pizza damit garnieren. Die Pizza in St\u00fccke schneiden und warm genie\u00dfen.<\/span><\/li>\n<\/ol>\n<p><span style=\"font-weight: 400;\">\u00a0<\/span><\/p>\n<h2>Rote R\u00fcben-Couscous-Salat mit Feta<\/h2>\n<p><strong><em>Zutaten f\u00fcr 2 Portionen:<\/em><\/strong><\/p>\n<ul>\n<li style=\"font-weight: 400;\" aria-level=\"1\"><span style=\"font-weight: 400;\">200g gegarte rote R\u00fcben<\/span><\/li>\n<li style=\"font-weight: 400;\" aria-level=\"1\"><span style=\"font-weight: 400;\">120g Couscous<\/span><\/li>\n<li style=\"font-weight: 400;\" aria-level=\"1\"><span style=\"font-weight: 400;\">100g Vogerlsalat<\/span><\/li>\n<li style=\"font-weight: 400;\" aria-level=\"1\"><span style=\"font-weight: 400;\">100g Feta<\/span><\/li>\n<li style=\"font-weight: 400;\" aria-level=\"1\"><span style=\"font-weight: 400;\">50g getrocknete Soft-Marillen<\/span><\/li>\n<li style=\"font-weight: 400;\" aria-level=\"1\"><span style=\"font-weight: 400;\">2 EL Oliven\u00f6l<\/span><\/li>\n<li style=\"font-weight: 400;\" aria-level=\"1\"><span style=\"font-weight: 400;\">1 Jungzwiebel<\/span><\/li>\n<li style=\"font-weight: 400;\" aria-level=\"1\"><span style=\"font-weight: 400;\">Salz, Pfeffer<\/span><\/li>\n<\/ul>\n<p><strong><em>Zubereitung:<\/em><\/strong><\/p>\n<ol>\n<li style=\"font-weight: 400;\" aria-level=\"1\"><span style=\"font-weight: 400;\">Couscous mit 120ml hei\u00dfem Wasser aufgie\u00dfen und zugedeckt 10 Minuten quellen lassen.<\/span><\/li>\n<li style=\"font-weight: 400;\" aria-level=\"1\"><span style=\"font-weight: 400;\">Vogerlsalat waschen, trocknen und verlesen.<\/span><\/li>\n<li style=\"font-weight: 400;\" aria-level=\"1\"><span style=\"font-weight: 400;\">Soft-Marillen fein w\u00fcrfeln. Jungzwiebel waschen, Wurzeln entfernen und in feine Ringe schneiden.<\/span><\/li>\n<li style=\"font-weight: 400;\" aria-level=\"1\"><span style=\"font-weight: 400;\">Rote R\u00fcben halbieren und in feine Scheiben schneiden.<\/span><\/li>\n<li style=\"font-weight: 400;\" aria-level=\"1\"><span style=\"font-weight: 400;\">Oliven\u00f6l in der Pfanne erhitzen, Marillen und Jungzwiebel darin 2-3 Minuten anr\u00f6sten.<\/span><\/li>\n<li style=\"font-weight: 400;\" aria-level=\"1\"><span style=\"font-weight: 400;\">Anschlie\u00dfend mit dem Couscous, den roten R\u00fcben und dem Vogerlsalat vermengen und mit Salz und Pfeffer w\u00fcrzen.<\/span><\/li>\n<li style=\"font-weight: 400;\" aria-level=\"1\"><span style=\"font-weight: 400;\">Auf zwei Schalen oder Teller verteilen. Den Feta mit den H\u00e4nden zerbr\u00f6seln, dar\u00fcberstreuen und genie\u00dfen.<\/span><\/li>\n<\/ol>\n<p><span style=\"font-weight: 400;\">\u00a0<\/span><\/p>\n<h2>W\u00fcrzige Kichererbsen-Rote R\u00fcben-Reispfanne mit Bratk\u00e4se<\/h2>\n<p><strong>Zutaten f\u00fcr 2 Portionen:<\/strong><\/p>\n<ul>\n<li style=\"font-weight: 400;\" aria-level=\"1\"><span style=\"font-weight: 400;\">200g gegarte Kichererbsen aus der Dose oder Glas<\/span><\/li>\n<li style=\"font-weight: 400;\" aria-level=\"1\"><span style=\"font-weight: 400;\">200g gegarte rote R\u00fcben<\/span><\/li>\n<li style=\"font-weight: 400;\" aria-level=\"1\"><span style=\"font-weight: 400;\">100g Vollkornreis<\/span><\/li>\n<li style=\"font-weight: 400;\" aria-level=\"1\"><span style=\"font-weight: 400;\">100g frischer Spinat<\/span><\/li>\n<li style=\"font-weight: 400;\" aria-level=\"1\"><span style=\"font-weight: 400;\">100g Bratk\u00e4se<\/span><\/li>\n<li style=\"font-weight: 400;\" aria-level=\"1\"><span style=\"font-weight: 400;\">3 EL Oliven\u00f6l<\/span><\/li>\n<li style=\"font-weight: 400;\" aria-level=\"1\"><span style=\"font-weight: 400;\">1 rote Zwiebel<\/span><\/li>\n<li style=\"font-weight: 400;\" aria-level=\"1\"><span style=\"font-weight: 400;\">1 kleiner Bund frischer Koriander oder Petersilie<\/span><\/li>\n<li style=\"font-weight: 400;\" aria-level=\"1\"><span style=\"font-weight: 400;\">Salz, Pfeffer, gemahlener Kreuzk\u00fcmmel, Chiliflocken<\/span><\/li>\n<\/ul>\n<p><strong>Zubereitung:<\/strong><\/p>\n<ol>\n<li style=\"font-weight: 400;\" aria-level=\"1\"><span style=\"font-weight: 400;\">Vollkornreis nach Packungsanleitung zubereiten.<\/span><\/li>\n<li style=\"font-weight: 400;\" aria-level=\"1\"><span style=\"font-weight: 400;\">Kichererbsen durch ein Sieb abgie\u00dfen, mit Wasser abbrausen und abtropfen lassen.<\/span><\/li>\n<li style=\"font-weight: 400;\" aria-level=\"1\"><span style=\"font-weight: 400;\">Zwiebel sch\u00e4len und fein w\u00fcrfeln. Rote R\u00fcben halbieren und in feine Scheiben schneiden.<\/span><\/li>\n<li style=\"font-weight: 400;\" aria-level=\"1\"><span style=\"font-weight: 400;\">Spinat waschen, trocknen und verlesen.<\/span><\/li>\n<li style=\"font-weight: 400;\" aria-level=\"1\"><span style=\"font-weight: 400;\">Bratk\u00e4se aus der Packung nehmen, in ca. 1cm gro\u00dfe W\u00fcrfel schneiden und zusammen mit 1 EL Oliven\u00f6l in einer Pfanne von allen Seiten goldbraun anbraten.<\/span><\/li>\n<li style=\"font-weight: 400;\" aria-level=\"1\"><span style=\"font-weight: 400;\">Kichererbsen, rote R\u00fcben und Zwiebel zuf\u00fcgen und nochmal 2-3 Minuten anbraten.<\/span><\/li>\n<li style=\"font-weight: 400;\" aria-level=\"1\"><span style=\"font-weight: 400;\">Anschlie\u00dfend den Reis und den frischen Spinat zuf\u00fcgen, mit Salz, Pfeffer, Kreuzk\u00fcmmel und Chiliflocken w\u00fcrzen, das restliche Oliven\u00f6l zuf\u00fcgen und gut miteinander vermengen.<\/span><\/li>\n<li style=\"font-weight: 400;\" aria-level=\"1\"><span style=\"font-weight: 400;\">Auf zwei Teller anrichten und mit frischem Koriander garnieren und genie\u00dfen.<\/span><\/li>\n<\/ol>\n<p><span style=\"font-weight: 400;\">\u00a0<\/span><\/p>\n<p><span style=\"font-weight: 400;\">Fr\u00fcher als Arme-Leute-Essen abgestempelt, gewinnen rote R\u00fcben zunehmend an Beliebtheit in der heimischen K\u00fcche.<\/span><\/p>\n<p><span style=\"font-weight: 400;\">Vor allem f\u00fcr Liebhaber der veganen bzw. vegetarischen K\u00fcche sind sie <strong>ideale Eisenlieferanten.<\/strong> Wertvolle Inhaltsstoffe, wie beispielsweise B-Vitamine und sekund\u00e4re Pflanzenstoffe wirken zudem entz\u00fcndungshemmend und antioxidativ.<\/span><\/p>\n<p><span style=\"font-weight: 400;\">Rote R\u00fcben k\u00f6nnen sowohl roh als auch gekocht verzehrt werden und sind vielseitig in der K\u00fcche einsetzbar. Durch den enthaltenen Farbstoffs Betanin, der f\u00fcr die besonders intensive Farbe der R\u00fcbe sorgt, lassen sich auf nat\u00fcrliche Weise Speisen einf\u00e4rben.<\/span><\/p>\n<p><span style=\"font-weight: 400;\">Rote R\u00fcben werden regional angebaut und sind vor allem eine preisg\u00fcnstige M\u00f6glichkeit, den Gem\u00fcseanteil in den Mahlzeiten zu erh\u00f6hen.<\/span><\/p>\n<p><span style=\"font-weight: 400;\">Zaubere Farbe auf deinen Speiseteller und lass dich von unseren Rezeptideen zum Genuss von roten R\u00fcben verf\u00fchren.<\/span>[\/vc_column_text][\/vc_column][\/vc_row]\n","protected":false},"excerpt":{"rendered":"<p>[vc_row type=&#8220;in_container&#8220; full_screen_row_position=&#8220;middle&#8220; column_margin=&#8220;default&#8220; column_direction=&#8220;default&#8220; column_direction_tablet=&#8220;default&#8220; column_direction_phone=&#8220;default&#8220; scene_position=&#8220;center&#8220; text_color=&#8220;dark&#8220; text_align=&#8220;left&#8220; row_border_radius=&#8220;none&#8220; row_border_radius_applies=&#8220;bg&#8220; overflow=&#8220;visible&#8220; overlay_strength=&#8220;0.3&#8243; gradient_direction=&#8220;left_to_right&#8220;&#8230;<\/p>\n","protected":false},"author":3,"featured_media":7398,"comment_status":"closed","ping_status":"closed","sticky":false,"template":"","format":"standard","meta":{"footnotes":""},"categories":[24],"tags":[],"class_list":{"0":"post-7396","1":"post","2":"type-post","3":"status-publish","4":"format-standard","5":"has-post-thumbnail","7":"category-produkte"},"yoast_head":"<!-- This site is optimized with the Yoast SEO plugin v25.4 - https:\/\/yoast.com\/wordpress\/plugins\/seo\/ -->\n<title>Mehr Farbe auf dem Teller mit Rohnen | vomfeld.at<\/title>\n<meta name=\"description\" content=\"Tauche ein in die Welt der roten R\u00fcben: Erkunde leckere Rezepte und entdecke, wie dieses Gem\u00fcse deinen Speiseplan bereichert.\" \/>\n<meta name=\"robots\" content=\"index, follow, max-snippet:-1, max-image-preview:large, max-video-preview:-1\" \/>\n<link rel=\"canonical\" href=\"https:\/\/www.vomfeld.at\/blog\/mehr-farbe-auf-dem-teller-mit-rohnen\/\" \/>\n<meta property=\"og:locale\" content=\"de_DE\" \/>\n<meta property=\"og:type\" content=\"article\" \/>\n<meta property=\"og:title\" content=\"Mehr Farbe auf dem Teller mit Rohnen | vomfeld.at\" \/>\n<meta property=\"og:description\" content=\"Tauche ein in die Welt der roten R\u00fcben: Erkunde leckere Rezepte und entdecke, wie dieses Gem\u00fcse deinen Speiseplan bereichert.\" \/>\n<meta property=\"og:url\" content=\"https:\/\/www.vomfeld.at\/blog\/mehr-farbe-auf-dem-teller-mit-rohnen\/\" \/>\n<meta property=\"og:site_name\" content=\"Johanna vom Feld Blog\" \/>\n<meta property=\"article:publisher\" content=\"https:\/\/www.facebook.com\/vomfeld.at\/\" \/>\n<meta property=\"article:published_time\" content=\"2023-10-18T08:49:32+00:00\" \/>\n<meta property=\"og:image\" content=\"https:\/\/www.vomfeld.at\/blog\/wp-content\/uploads\/2023\/10\/rote-rueben-salat.jpg\" \/>\n\t<meta property=\"og:image:width\" content=\"1600\" \/>\n\t<meta property=\"og:image:height\" content=\"1068\" \/>\n\t<meta property=\"og:image:type\" content=\"image\/jpeg\" \/>\n<meta name=\"author\" content=\"Johanna\" \/>\n<meta name=\"twitter:card\" content=\"summary_large_image\" \/>\n<meta name=\"twitter:label1\" content=\"Verfasst von\" \/>\n\t<meta name=\"twitter:data1\" content=\"Johanna\" \/>\n\t<meta name=\"twitter:label2\" content=\"Gesch\u00e4tzte Lesezeit\" \/>\n\t<meta name=\"twitter:data2\" content=\"8\u00a0Minuten\" \/>\n<script type=\"application\/ld+json\" class=\"yoast-schema-graph\">{\"@context\":\"https:\/\/schema.org\",\"@graph\":[{\"@type\":\"Article\",\"@id\":\"https:\/\/www.vomfeld.at\/blog\/mehr-farbe-auf-dem-teller-mit-rohnen\/#article\",\"isPartOf\":{\"@id\":\"https:\/\/www.vomfeld.at\/blog\/mehr-farbe-auf-dem-teller-mit-rohnen\/\"},\"author\":{\"name\":\"Johanna\",\"@id\":\"https:\/\/www.vomfeld.at\/blog\/#\/schema\/person\/8dab792dce4e00bc69ebf949f6eab1bf\"},\"headline\":\"Mehr Farbe auf dem Teller mit Rohnen\",\"datePublished\":\"2023-10-18T08:49:32+00:00\",\"mainEntityOfPage\":{\"@id\":\"https:\/\/www.vomfeld.at\/blog\/mehr-farbe-auf-dem-teller-mit-rohnen\/\"},\"wordCount\":1683,\"publisher\":{\"@id\":\"https:\/\/www.vomfeld.at\/blog\/#organization\"},\"image\":{\"@id\":\"https:\/\/www.vomfeld.at\/blog\/mehr-farbe-auf-dem-teller-mit-rohnen\/#primaryimage\"},\"thumbnailUrl\":\"https:\/\/www.vomfeld.at\/blog\/wp-content\/uploads\/2023\/10\/rote-rueben-salat.jpg\",\"articleSection\":[\"Produkte\"],\"inLanguage\":\"de\"},{\"@type\":\"WebPage\",\"@id\":\"https:\/\/www.vomfeld.at\/blog\/mehr-farbe-auf-dem-teller-mit-rohnen\/\",\"url\":\"https:\/\/www.vomfeld.at\/blog\/mehr-farbe-auf-dem-teller-mit-rohnen\/\",\"name\":\"Mehr Farbe auf dem Teller mit Rohnen | vomfeld.at\",\"isPartOf\":{\"@id\":\"https:\/\/www.vomfeld.at\/blog\/#website\"},\"primaryImageOfPage\":{\"@id\":\"https:\/\/www.vomfeld.at\/blog\/mehr-farbe-auf-dem-teller-mit-rohnen\/#primaryimage\"},\"image\":{\"@id\":\"https:\/\/www.vomfeld.at\/blog\/mehr-farbe-auf-dem-teller-mit-rohnen\/#primaryimage\"},\"thumbnailUrl\":\"https:\/\/www.vomfeld.at\/blog\/wp-content\/uploads\/2023\/10\/rote-rueben-salat.jpg\",\"datePublished\":\"2023-10-18T08:49:32+00:00\",\"description\":\"Tauche ein in die Welt der roten R\u00fcben: Erkunde leckere Rezepte und entdecke, wie dieses Gem\u00fcse deinen Speiseplan bereichert.\",\"breadcrumb\":{\"@id\":\"https:\/\/www.vomfeld.at\/blog\/mehr-farbe-auf-dem-teller-mit-rohnen\/#breadcrumb\"},\"inLanguage\":\"de\",\"potentialAction\":[{\"@type\":\"ReadAction\",\"target\":[\"https:\/\/www.vomfeld.at\/blog\/mehr-farbe-auf-dem-teller-mit-rohnen\/\"]}]},{\"@type\":\"ImageObject\",\"inLanguage\":\"de\",\"@id\":\"https:\/\/www.vomfeld.at\/blog\/mehr-farbe-auf-dem-teller-mit-rohnen\/#primaryimage\",\"url\":\"https:\/\/www.vomfeld.at\/blog\/wp-content\/uploads\/2023\/10\/rote-rueben-salat.jpg\",\"contentUrl\":\"https:\/\/www.vomfeld.at\/blog\/wp-content\/uploads\/2023\/10\/rote-rueben-salat.jpg\",\"width\":1600,\"height\":1068,\"caption\":\"Salat mit roten R\u00fcben\"},{\"@type\":\"BreadcrumbList\",\"@id\":\"https:\/\/www.vomfeld.at\/blog\/mehr-farbe-auf-dem-teller-mit-rohnen\/#breadcrumb\",\"itemListElement\":[{\"@type\":\"ListItem\",\"position\":1,\"name\":\"Startseite\",\"item\":\"https:\/\/www.vomfeld.at\/blog\/\"},{\"@type\":\"ListItem\",\"position\":2,\"name\":\"Mehr Farbe auf dem Teller mit Rohnen\"}]},{\"@type\":\"WebSite\",\"@id\":\"https:\/\/www.vomfeld.at\/blog\/#website\",\"url\":\"https:\/\/www.vomfeld.at\/blog\/\",\"name\":\"Johanna vom Feld Blog\",\"description\":\"Mehr aus Lebensmitteln vom Feld machen\",\"publisher\":{\"@id\":\"https:\/\/www.vomfeld.at\/blog\/#organization\"},\"potentialAction\":[{\"@type\":\"SearchAction\",\"target\":{\"@type\":\"EntryPoint\",\"urlTemplate\":\"https:\/\/www.vomfeld.at\/blog\/?s={search_term_string}\"},\"query-input\":{\"@type\":\"PropertyValueSpecification\",\"valueRequired\":true,\"valueName\":\"search_term_string\"}}],\"inLanguage\":\"de\"},{\"@type\":\"Organization\",\"@id\":\"https:\/\/www.vomfeld.at\/blog\/#organization\",\"name\":\"Johanna vom Feld\",\"url\":\"https:\/\/www.vomfeld.at\/blog\/\",\"logo\":{\"@type\":\"ImageObject\",\"inLanguage\":\"de\",\"@id\":\"https:\/\/www.vomfeld.at\/blog\/#\/schema\/logo\/image\/\",\"url\":\"https:\/\/www.vomfeld.at\/blog\/wp-content\/uploads\/2018\/10\/vomfeld-logo-large.png\",\"contentUrl\":\"https:\/\/www.vomfeld.at\/blog\/wp-content\/uploads\/2018\/10\/vomfeld-logo-large.png\",\"width\":340,\"height\":200,\"caption\":\"Johanna vom Feld\"},\"image\":{\"@id\":\"https:\/\/www.vomfeld.at\/blog\/#\/schema\/logo\/image\/\"},\"sameAs\":[\"https:\/\/www.facebook.com\/vomfeld.at\/\"]},{\"@type\":\"Person\",\"@id\":\"https:\/\/www.vomfeld.at\/blog\/#\/schema\/person\/8dab792dce4e00bc69ebf949f6eab1bf\",\"name\":\"Johanna\"}]}<\/script>\n<!-- \/ Yoast SEO plugin. -->","yoast_head_json":{"title":"Mehr Farbe auf dem Teller mit Rohnen | vomfeld.at","description":"Tauche ein in die Welt der roten R\u00fcben: Erkunde leckere Rezepte und entdecke, wie dieses Gem\u00fcse deinen Speiseplan bereichert.","robots":{"index":"index","follow":"follow","max-snippet":"max-snippet:-1","max-image-preview":"max-image-preview:large","max-video-preview":"max-video-preview:-1"},"canonical":"https:\/\/www.vomfeld.at\/blog\/mehr-farbe-auf-dem-teller-mit-rohnen\/","og_locale":"de_DE","og_type":"article","og_title":"Mehr Farbe auf dem Teller mit Rohnen | vomfeld.at","og_description":"Tauche ein in die Welt der roten R\u00fcben: Erkunde leckere Rezepte und entdecke, wie dieses Gem\u00fcse deinen Speiseplan bereichert.","og_url":"https:\/\/www.vomfeld.at\/blog\/mehr-farbe-auf-dem-teller-mit-rohnen\/","og_site_name":"Johanna vom Feld Blog","article_publisher":"https:\/\/www.facebook.com\/vomfeld.at\/","article_published_time":"2023-10-18T08:49:32+00:00","og_image":[{"width":1600,"height":1068,"url":"https:\/\/www.vomfeld.at\/blog\/wp-content\/uploads\/2023\/10\/rote-rueben-salat.jpg","type":"image\/jpeg"}],"author":"Johanna","twitter_card":"summary_large_image","twitter_misc":{"Verfasst von":"Johanna","Gesch\u00e4tzte Lesezeit":"8\u00a0Minuten"},"schema":{"@context":"https:\/\/schema.org","@graph":[{"@type":"Article","@id":"https:\/\/www.vomfeld.at\/blog\/mehr-farbe-auf-dem-teller-mit-rohnen\/#article","isPartOf":{"@id":"https:\/\/www.vomfeld.at\/blog\/mehr-farbe-auf-dem-teller-mit-rohnen\/"},"author":{"name":"Johanna","@id":"https:\/\/www.vomfeld.at\/blog\/#\/schema\/person\/8dab792dce4e00bc69ebf949f6eab1bf"},"headline":"Mehr Farbe auf dem Teller mit Rohnen","datePublished":"2023-10-18T08:49:32+00:00","mainEntityOfPage":{"@id":"https:\/\/www.vomfeld.at\/blog\/mehr-farbe-auf-dem-teller-mit-rohnen\/"},"wordCount":1683,"publisher":{"@id":"https:\/\/www.vomfeld.at\/blog\/#organization"},"image":{"@id":"https:\/\/www.vomfeld.at\/blog\/mehr-farbe-auf-dem-teller-mit-rohnen\/#primaryimage"},"thumbnailUrl":"https:\/\/www.vomfeld.at\/blog\/wp-content\/uploads\/2023\/10\/rote-rueben-salat.jpg","articleSection":["Produkte"],"inLanguage":"de"},{"@type":"WebPage","@id":"https:\/\/www.vomfeld.at\/blog\/mehr-farbe-auf-dem-teller-mit-rohnen\/","url":"https:\/\/www.vomfeld.at\/blog\/mehr-farbe-auf-dem-teller-mit-rohnen\/","name":"Mehr Farbe auf dem Teller mit Rohnen | vomfeld.at","isPartOf":{"@id":"https:\/\/www.vomfeld.at\/blog\/#website"},"primaryImageOfPage":{"@id":"https:\/\/www.vomfeld.at\/blog\/mehr-farbe-auf-dem-teller-mit-rohnen\/#primaryimage"},"image":{"@id":"https:\/\/www.vomfeld.at\/blog\/mehr-farbe-auf-dem-teller-mit-rohnen\/#primaryimage"},"thumbnailUrl":"https:\/\/www.vomfeld.at\/blog\/wp-content\/uploads\/2023\/10\/rote-rueben-salat.jpg","datePublished":"2023-10-18T08:49:32+00:00","description":"Tauche ein in die Welt der roten R\u00fcben: Erkunde leckere Rezepte und entdecke, wie dieses Gem\u00fcse deinen Speiseplan bereichert.","breadcrumb":{"@id":"https:\/\/www.vomfeld.at\/blog\/mehr-farbe-auf-dem-teller-mit-rohnen\/#breadcrumb"},"inLanguage":"de","potentialAction":[{"@type":"ReadAction","target":["https:\/\/www.vomfeld.at\/blog\/mehr-farbe-auf-dem-teller-mit-rohnen\/"]}]},{"@type":"ImageObject","inLanguage":"de","@id":"https:\/\/www.vomfeld.at\/blog\/mehr-farbe-auf-dem-teller-mit-rohnen\/#primaryimage","url":"https:\/\/www.vomfeld.at\/blog\/wp-content\/uploads\/2023\/10\/rote-rueben-salat.jpg","contentUrl":"https:\/\/www.vomfeld.at\/blog\/wp-content\/uploads\/2023\/10\/rote-rueben-salat.jpg","width":1600,"height":1068,"caption":"Salat mit roten R\u00fcben"},{"@type":"BreadcrumbList","@id":"https:\/\/www.vomfeld.at\/blog\/mehr-farbe-auf-dem-teller-mit-rohnen\/#breadcrumb","itemListElement":[{"@type":"ListItem","position":1,"name":"Startseite","item":"https:\/\/www.vomfeld.at\/blog\/"},{"@type":"ListItem","position":2,"name":"Mehr Farbe auf dem Teller mit Rohnen"}]},{"@type":"WebSite","@id":"https:\/\/www.vomfeld.at\/blog\/#website","url":"https:\/\/www.vomfeld.at\/blog\/","name":"Johanna vom Feld Blog","description":"Mehr aus Lebensmitteln vom Feld machen","publisher":{"@id":"https:\/\/www.vomfeld.at\/blog\/#organization"},"potentialAction":[{"@type":"SearchAction","target":{"@type":"EntryPoint","urlTemplate":"https:\/\/www.vomfeld.at\/blog\/?s={search_term_string}"},"query-input":{"@type":"PropertyValueSpecification","valueRequired":true,"valueName":"search_term_string"}}],"inLanguage":"de"},{"@type":"Organization","@id":"https:\/\/www.vomfeld.at\/blog\/#organization","name":"Johanna vom Feld","url":"https:\/\/www.vomfeld.at\/blog\/","logo":{"@type":"ImageObject","inLanguage":"de","@id":"https:\/\/www.vomfeld.at\/blog\/#\/schema\/logo\/image\/","url":"https:\/\/www.vomfeld.at\/blog\/wp-content\/uploads\/2018\/10\/vomfeld-logo-large.png","contentUrl":"https:\/\/www.vomfeld.at\/blog\/wp-content\/uploads\/2018\/10\/vomfeld-logo-large.png","width":340,"height":200,"caption":"Johanna vom Feld"},"image":{"@id":"https:\/\/www.vomfeld.at\/blog\/#\/schema\/logo\/image\/"},"sameAs":["https:\/\/www.facebook.com\/vomfeld.at\/"]},{"@type":"Person","@id":"https:\/\/www.vomfeld.at\/blog\/#\/schema\/person\/8dab792dce4e00bc69ebf949f6eab1bf","name":"Johanna"}]}},"_links":{"self":[{"href":"https:\/\/www.vomfeld.at\/blog\/wp-json\/wp\/v2\/posts\/7396","targetHints":{"allow":["GET"]}}],"collection":[{"href":"https:\/\/www.vomfeld.at\/blog\/wp-json\/wp\/v2\/posts"}],"about":[{"href":"https:\/\/www.vomfeld.at\/blog\/wp-json\/wp\/v2\/types\/post"}],"author":[{"embeddable":true,"href":"https:\/\/www.vomfeld.at\/blog\/wp-json\/wp\/v2\/users\/3"}],"replies":[{"embeddable":true,"href":"https:\/\/www.vomfeld.at\/blog\/wp-json\/wp\/v2\/comments?post=7396"}],"version-history":[{"count":2,"href":"https:\/\/www.vomfeld.at\/blog\/wp-json\/wp\/v2\/posts\/7396\/revisions"}],"predecessor-version":[{"id":7401,"href":"https:\/\/www.vomfeld.at\/blog\/wp-json\/wp\/v2\/posts\/7396\/revisions\/7401"}],"wp:featuredmedia":[{"embeddable":true,"href":"https:\/\/www.vomfeld.at\/blog\/wp-json\/wp\/v2\/media\/7398"}],"wp:attachment":[{"href":"https:\/\/www.vomfeld.at\/blog\/wp-json\/wp\/v2\/media?parent=7396"}],"wp:term":[{"taxonomy":"category","embeddable":true,"href":"https:\/\/www.vomfeld.at\/blog\/wp-json\/wp\/v2\/categories?post=7396"},{"taxonomy":"post_tag","embeddable":true,"href":"https:\/\/www.vomfeld.at\/blog\/wp-json\/wp\/v2\/tags?post=7396"}],"curies":[{"name":"wp","href":"https:\/\/api.w.org\/{rel}","templated":true}]}}