{"id":7379,"date":"2023-09-20T10:09:34","date_gmt":"2023-09-20T08:09:34","guid":{"rendered":"https:\/\/www.vomfeld.at\/blog\/?p=7379"},"modified":"2023-09-28T14:13:51","modified_gmt":"2023-09-28T12:13:51","slug":"wissenswertes-rezepte-gurken","status":"publish","type":"post","link":"https:\/\/www.vomfeld.at\/blog\/wissenswertes-rezepte-gurken\/","title":{"rendered":"Mehr als nur Salatzutat &#8211; Wissenswertes und leckere Rezepte mit Gurken"},"content":{"rendered":"[vc_row type=&#8220;in_container&#8220; full_screen_row_position=&#8220;middle&#8220; column_margin=&#8220;default&#8220; column_direction=&#8220;default&#8220; column_direction_tablet=&#8220;default&#8220; column_direction_phone=&#8220;default&#8220; scene_position=&#8220;center&#8220; text_color=&#8220;dark&#8220; text_align=&#8220;left&#8220; row_border_radius=&#8220;none&#8220; row_border_radius_applies=&#8220;bg&#8220; overflow=&#8220;visible&#8220; overlay_strength=&#8220;0.3&#8243; gradient_direction=&#8220;left_to_right&#8220; shape_divider_position=&#8220;bottom&#8220; bg_image_animation=&#8220;none&#8220;][vc_column column_padding=&#8220;no-extra-padding&#8220; column_padding_tablet=&#8220;inherit&#8220; column_padding_phone=&#8220;inherit&#8220; column_padding_position=&#8220;all&#8220; column_element_direction_desktop=&#8220;default&#8220; column_element_spacing=&#8220;default&#8220; desktop_text_alignment=&#8220;default&#8220; tablet_text_alignment=&#8220;default&#8220; phone_text_alignment=&#8220;default&#8220; background_color_opacity=&#8220;1&#8243; background_hover_color_opacity=&#8220;1&#8243; column_backdrop_filter=&#8220;none&#8220; column_shadow=&#8220;none&#8220; column_border_radius=&#8220;none&#8220; column_link_target=&#8220;_self&#8220; column_position=&#8220;default&#8220; gradient_direction=&#8220;left_to_right&#8220; overlay_strength=&#8220;0.3&#8243; width=&#8220;1\/1&#8243; tablet_width_inherit=&#8220;default&#8220; animation_type=&#8220;default&#8220; bg_image_animation=&#8220;none&#8220; border_type=&#8220;simple&#8220; column_border_width=&#8220;none&#8220; column_border_style=&#8220;solid&#8220;][vc_column_text]Mit dem am Horizont und Temperaturen, die langsam fallen, wechseln auch unsere kulinarischen Vorlieben. In dieser Jahreszeit taucht ein Gem\u00fcse auf, das zwar nicht typisch herbstlich ist, aber dennoch seine besondere Rolle spielt: Die <a href=\"https:\/\/www.vomfeld.at\/p\/salatgurke\/\" target=\"_blank\" rel=\"noopener\">Gurke<\/a><\/p>\n<p>Obwohl sie normalerweise mit Sommer und erfrischenden Salaten in Verbindung gebracht wird, kann die Gurke auch im Herbst ihren Platz auf unseren Tellern finden.<\/p>\n<p>Ihre knackige Beschaffenheit und ihre leichter Geschmack bieten einen angenehmen <strong>Kontrast zu den herzhaften Herbstgerichten. <\/strong><\/p>\n<p>Wir haben uns genauer mit der vielseitigen Gurke auseinandergesetzt und pr\u00e4sentieren in diesem Beitrag interessante Informationen dazu.<\/p>\n<h2>Einmal um die ganze Welt<\/h2>\n<p><span style=\"font-weight: 400;\">Die Gurke z\u00e4hlt zu den K\u00fcrbisgew\u00e4chsen und ist <strong>mit <a href=\"https:\/\/www.vomfeld.at\/c\/obst\/melonen-mangos\/\" target=\"_blank\" rel=\"noopener\">Melone<\/a> und Zucchini verwandt.<\/strong> Ihren Ursprung vermutet man in Indien, wobei die Pflanze weltweit in warmen Klimazonen w\u00e4chst.<\/span><\/p>\n<p><span style=\"font-weight: 400;\">Da die Gurke \u00fcber einen <strong>hohen Wasseranteil<\/strong> verf\u00fcgt, ben\u00f6tigt sie f\u00fcr das Wachstum auch reichlich Wasser. Daher w\u00e4chst dieses Gem\u00fcse auch in den wasserreichen Tropen sehr gut. Sie ist <strong>frostempfindlich<\/strong> und z\u00e4hlt weltweit zu den wirtschaftlich wichtigsten Nutzpflanzen.<\/span><\/p>\n<p><span style=\"font-weight: 400;\">Bei der Gurke handelt es sich um eine <strong>einj\u00e4hrige Pflanze,<\/strong> die kletternde Eigenschaften hat, da sie sich bis zu vier Meter am Boden ausbreitet. Die Pflanze als auch die Bl\u00e4tter sind rau behaart, die Bl\u00fcten sind kelchf\u00f6rmig und gelb.<\/span><\/p>\n<p><span style=\"font-weight: 400;\">Bei der Frucht handelt es sich um eine <strong>Panzerbeere,<\/strong> da sie aus einem einzigen Fruchtknoten gebildet wird. Je nach Sorte ist die Schale der Gurke gr\u00fcn bis gelb, die Form ist l\u00e4nglich rund bis schmal eif\u00f6rmig und unterschiedlich stark gekr\u00fcmmt.<\/span><\/p>\n<p><span style=\"font-weight: 400;\">Die Salatgurke, auch <strong>Schlangengurke<\/strong> genannt, ist nur leicht gekr\u00fcmmt und verf\u00fcgt \u00fcber eine glatte bis leicht gerillte dunkelgr\u00fcne Schale. Das Fruchtfleisch ist wei\u00df bis hellgr\u00fcn.<\/span><\/p>\n<p><span style=\"font-weight: 400;\">Der Anbau heimischer Gurken erfolgt im <strong>Fr\u00fchjahr<\/strong> aufgrund ihrer Frostempfindlichkeit vorwiegend in Gew\u00e4chsh\u00e4usern und Folientunneln und sind bereits ab Mai erh\u00e4ltlich.<\/span><\/p>\n<p><span style=\"font-weight: 400;\"><strong>Freilandgurken<\/strong> werden zwischen Juni und Oktober zum Kauf angeboten, wobei es Gurken fast ganzj\u00e4hrig im Handel zu erwerben gibt.<\/span><\/p>\n<h2>Erfrischung gef\u00e4llig?<\/h2>\n<p><span style=\"font-weight: 400;\">Gurken bestehen bis zu 95% aus Wasser und sind daher besonders an hei\u00dfen Tagen ein empfehlenswertes Gem\u00fcse. Sie liefern mit nur 12 kcal pro 100g <strong>wenig Kalorien,<\/strong> sind jedoch reich an <strong>Vitamin A, K und B-Vitaminen<\/strong> und verf\u00fcgen \u00fcber einen nennenswerten Anteil an Magnesium, Calcium und Kalium.<\/span><\/p>\n<p><span style=\"font-weight: 400;\">Enthaltene <strong>Cucurbitacine<\/strong> z\u00e4hlen zu den Bitterstoffen. Diese wirken verdauungsf\u00f6rdernd und regen die Enzymbildung in Leber, Galle und Bauchspeicheldr\u00fcse an.<\/span><\/p>\n<p><span style=\"font-weight: 400;\">Der hohe Wassergehalt liefert wertvolle Fl\u00fcssigkeit und regt zudem den Stoffwechsel an. Die Schale ist verzehrbar, jedoch ist diese f\u00fcr manche Menschen schwer verdaulich.<\/span><\/p>\n<p><span style=\"font-weight: 400;\">Doch nicht nur auf dem Speiseplan machen Gurken eine gute Figur, auch als <strong>Beautyprodukt<\/strong> f\u00fcr die \u00e4u\u00dfere Anwendung sind sie bestens geeignet. <\/span><span style=\"font-weight: 400;\">Bei m\u00fcden und verquollenen Augen kann man kalte Gurkenscheiben auflegen, diese wirken abschwellend und feuchtigkeitsspendend.<\/span><\/p>\n<p><span style=\"font-weight: 400;\">Auch kann man Gurkenscheiben auf das gereinigte Gesicht und Dekollet\u00e9 legen, um die Haut mit einer Extraportion Feuchtigkeit zu versorgen. Speziell im Sommer sorgt die Gurke so auch \u00e4u\u00dferlich f\u00fcr K\u00fchlung.<\/span>[\/vc_column_text][divider line_type=&#8220;No Line&#8220; custom_height=&#8220;20&#8243;][image_with_animation image_url=&#8220;7380&#8243; image_size=&#8220;full&#8220; animation_type=&#8220;entrance&#8220; animation=&#8220;Fade In&#8220; animation_easing=&#8220;default&#8220; animation_movement_type=&#8220;transform_y&#8220; hover_animation=&#8220;none&#8220; alignment=&#8220;center&#8220; img_link_large=&#8220;yes&#8220; border_radius=&#8220;none&#8220; box_shadow=&#8220;none&#8220; image_loading=&#8220;default&#8220; max_width=&#8220;100%&#8220; max_width_mobile=&#8220;default&#8220;][divider line_type=&#8220;No Line&#8220; custom_height=&#8220;20&#8243;][vc_column_text]\n<h2>Einkauf und Lagerung<\/h2>\n<p><span style=\"font-weight: 400;\">Beim Kauf sollte man darauf achten, dass die <strong>Schale gleichm\u00e4\u00dfig gef\u00e4rbt<\/strong> ist und keine Sch\u00e4den aufweist. Die Gurke sollte sich <strong>fest und knackig anf\u00fchlen.<\/strong><\/span><\/p>\n<p><span style=\"font-weight: 400;\">Sie ist k\u00e4lteempfindlich und sollte daher idealerweise zwischen 8\u00b0C und 15\u00b0C in einem <strong>dunklen Keller oder Vorratsraum<\/strong> gelagert werden. Unter guten Lagerbedingungen ist dieses Gem\u00fcse bis zu drei Wochen haltbar.<\/span><\/p>\n<p><span style=\"font-weight: 400;\">Die <strong>Lagerung im K\u00fchlschrank reduziert die Haltbarkeit<\/strong> auf drei bis vier Tage. F\u00fcr die Zubereitung m\u00fcssen Gurken nur gewaschen werden. Je nach Rezept kann man sie dann in beliebige Form schneiden und weiterverarbeiten.<\/span><\/p>\n<p><span style=\"font-weight: 400;\">Gurken mit dicker Schale, oder wenn man sie nur schwer verdauen kann, sollte man vor der Zubereitung sch\u00e4len. Aufgrund des hohen Wassergehalts ist dieses Gem\u00fcse <strong>nicht zum Einfrieren geeignet.<\/strong><\/span><\/p>\n<p><span style=\"font-weight: 400;\"> Ebenfalls sollte man angeschnittene Gurken rasch verbrauchen und nicht lange lagern, da sich Keime und Schimmelpilze rasch vermehren.<\/span><\/p>\n<p><span style=\"font-weight: 400;\">Bittere Gurkensorten kann man in Scheiben schneiden, mit Salz bestreuen und einige Minuten entw\u00e4ssern lassen. Anschlie\u00dfend das Wasser mit einem K\u00fcchentuch abtupfen, das macht sie bek\u00f6mmlicher.<\/span><\/p>\n<p><span style=\"font-weight: 400;\">Dieses Gem\u00fcse kann sowohl roh als auch gekocht verzehrt werden, wobei die Gurke hierzulande vorwiegend als Salat auf den Tellern landet.<\/span><\/p>\n<h2>Frisch auf den Tisch<\/h2>\n<p><span style=\"font-weight: 400;\">Die Gurke schmeckt im Salat oder als Snackgem\u00fcse erfrischend lecker. Doch auch gekocht liefert dieses Gem\u00fcse jede Menge Geschmack.<\/span><\/p>\n<p><span style=\"font-weight: 400;\">Wir haben dir ein paar <strong>Rezeptideen<\/strong> zusammengestellt, die zeigen, wie vielseitig dieses Gem\u00fcse in der K\u00fcche einsetzbar ist.<\/span>[\/vc_column_text][divider line_type=&#8220;No Line&#8220; custom_height=&#8220;20&#8243;][image_with_animation image_url=&#8220;7381&#8243; image_size=&#8220;full&#8220; animation_type=&#8220;entrance&#8220; animation=&#8220;Fade In&#8220; animation_easing=&#8220;default&#8220; animation_movement_type=&#8220;transform_y&#8220; hover_animation=&#8220;none&#8220; alignment=&#8220;center&#8220; img_link_large=&#8220;yes&#8220; border_radius=&#8220;none&#8220; box_shadow=&#8220;none&#8220; image_loading=&#8220;default&#8220; max_width=&#8220;100%&#8220; max_width_mobile=&#8220;default&#8220;][divider line_type=&#8220;No Line&#8220; custom_height=&#8220;20&#8243;][vc_column_text]\n<h2>Kalte Gurkensuppe mit Croutons<\/h2>\n<p><span style=\"font-weight: 400;\">Dieses Rezept ist ideal f\u00fcr hei\u00dfe Sommertage.<\/span><\/p>\n<p><strong>Zutaten f\u00fcr 2 Portionen:<\/strong><\/p>\n<ul>\n<li style=\"font-weight: 400;\" aria-level=\"1\"><span style=\"font-weight: 400;\">200g Sauerrahm<\/span><\/li>\n<li style=\"font-weight: 400;\" aria-level=\"1\"><span style=\"font-weight: 400;\">200ml Gem\u00fcsesuppe<\/span><\/li>\n<li style=\"font-weight: 400;\" aria-level=\"1\"><span style=\"font-weight: 400;\">50g Semmelw\u00fcrfel<\/span><\/li>\n<li style=\"font-weight: 400;\" aria-level=\"1\"><span style=\"font-weight: 400;\">2 EL Apfelessig<\/span><\/li>\n<li style=\"font-weight: 400;\" aria-level=\"1\"><span style=\"font-weight: 400;\">2 Salatgurken<\/span><\/li>\n<li style=\"font-weight: 400;\" aria-level=\"1\"><span style=\"font-weight: 400;\">2 EL Oliven\u00f6l<\/span><\/li>\n<li style=\"font-weight: 400;\" aria-level=\"1\"><span style=\"font-weight: 400;\">1 kleine rote Zwiebel<\/span><\/li>\n<li style=\"font-weight: 400;\" aria-level=\"1\"><span style=\"font-weight: 400;\">1 Knoblauchzehe<\/span><\/li>\n<li style=\"font-weight: 400;\" aria-level=\"1\"><span style=\"font-weight: 400;\">1 EL <a href=\"https:\/\/www.vomfeld.at\/p\/bio-kristallzucker\/\" target=\"_blank\" rel=\"noopener\">Zucker<\/a><\/span><\/li>\n<li style=\"font-weight: 400;\" aria-level=\"1\"><span style=\"font-weight: 400;\">Salz, Pfeffer<\/span><\/li>\n<li style=\"font-weight: 400;\" aria-level=\"1\"><span style=\"font-weight: 400;\">Frischer Dill zum Dekorieren<\/span><\/li>\n<\/ul>\n<p><strong>Zubereitung:<\/strong><\/p>\n<ol>\n<li style=\"font-weight: 400;\" aria-level=\"1\"><span style=\"font-weight: 400;\">Knoblauch und Zwiebel sch\u00e4len, fein w\u00fcrfeln und mit 1 EL Oliven\u00f6l in einer Pfanne 1-2 Minuten anr\u00f6sten.<\/span><\/li>\n<li style=\"font-weight: 400;\" aria-level=\"1\"><span style=\"font-weight: 400;\">Salatgurken waschen, Enden abschneiden und sch\u00e4len. In W\u00fcrfel schneiden und zusammen mit der ger\u00f6steten Zwiebel und dem Knoblauch in eine gro\u00dfe Sch\u00fcssel f\u00fcllen.<\/span><\/li>\n<li style=\"font-weight: 400;\" aria-level=\"1\"><span style=\"font-weight: 400;\">Sauerrahm, Gem\u00fcsesuppe und Apfelessig zuf\u00fcgen und mit dem Stabmixer fein p\u00fcrieren.<\/span><\/li>\n<li style=\"font-weight: 400;\" aria-level=\"1\"><span style=\"font-weight: 400;\">Mit Salz, Pfeffer und Zucker w\u00fcrzen und im K\u00fchlschrank f\u00fcr 1 Stunde ziehen lassen.<\/span><\/li>\n<li style=\"font-weight: 400;\" aria-level=\"1\"><span style=\"font-weight: 400;\">Semmelw\u00fcrfel mit 1 EL Oliven\u00f6l in einer Pfanne goldbraun anr\u00f6sten und beiseitestellen.<\/span><\/li>\n<li style=\"font-weight: 400;\" aria-level=\"1\"><span style=\"font-weight: 400;\">Suppe in Gl\u00e4ser oder Schalen anrichten und mit Croutons bestreuen.<\/span><\/li>\n<li style=\"font-weight: 400;\" aria-level=\"1\"><span style=\"font-weight: 400;\">Dill waschen, Dillspitzen abzupfen und die Suppe damit dekorieren.<\/span><\/li>\n<\/ol>\n<h2>Greek Style Pasta<\/h2>\n<p><strong>Zutaten f\u00fcr 2 Portionen:<\/strong><\/p>\n<ul>\n<li style=\"font-weight: 400;\" aria-level=\"1\"><span style=\"font-weight: 400;\">150g Pasta nach Wahl<\/span><\/li>\n<li style=\"font-weight: 400;\" aria-level=\"1\"><span style=\"font-weight: 400;\">100g Cherrytomaten<\/span><\/li>\n<li style=\"font-weight: 400;\" aria-level=\"1\"><span style=\"font-weight: 400;\">60g <a href=\"https:\/\/www.vomfeld.at\/p\/bio-feta\/\" target=\"_blank\" rel=\"noopener\">Feta<\/a><\/span><\/li>\n<li style=\"font-weight: 400;\" aria-level=\"1\"><span style=\"font-weight: 400;\">3 EL Oliven\u00f6l<\/span><\/li>\n<li style=\"font-weight: 400;\" aria-level=\"1\"><span style=\"font-weight: 400;\">1 gr\u00fcne Spitzpaprika<\/span><\/li>\n<li style=\"font-weight: 400;\" aria-level=\"1\"><span style=\"font-weight: 400;\">1 kleine rote Zwiebel<\/span><\/li>\n<li style=\"font-weight: 400;\" aria-level=\"1\"><span style=\"font-weight: 400;\">1 kleine Salatgurke<\/span><\/li>\n<li style=\"font-weight: 400;\" aria-level=\"1\"><span style=\"font-weight: 400;\">Salz, Pfeffer, Oregano<\/span><\/li>\n<\/ul>\n<p><strong>Zubereitung:<\/strong><\/p>\n<ol>\n<li style=\"font-weight: 400;\" aria-level=\"1\"><span style=\"font-weight: 400;\">Pasta nach Packungsanleitung zubereiten, abgie\u00dfen und etwas Nudelwasser auffangen.<\/span><\/li>\n<li style=\"font-weight: 400;\" aria-level=\"1\"><span style=\"font-weight: 400;\">Zwiebel sch\u00e4len und in feine Ringe schneiden. Den Feta abtropfen lassen.<\/span><\/li>\n<li style=\"font-weight: 400;\" aria-level=\"1\"><span style=\"font-weight: 400;\">Paprika waschen, entkernen und in feine Streifen schneiden. Cherrytomaten waschen, Gr\u00fcn entfernen und vierteln.<\/span><\/li>\n<li style=\"font-weight: 400;\" aria-level=\"1\"><span style=\"font-weight: 400;\">Salatgurke waschen, sch\u00e4len, der L\u00e4nge nach halbieren und in Scheiben schneiden.<\/span><\/li>\n<li style=\"font-weight: 400;\" aria-level=\"1\"><span style=\"font-weight: 400;\">Gem\u00fcse in der Pfanne mit 1 EL Oliven\u00f6l 2-3 Minuten anr\u00f6sten. Pasta zuf\u00fcgen, etwas Nudelwasser dazugeben und mit Salz, Pfeffer und Oregano w\u00fcrzen.<\/span><\/li>\n<li style=\"font-weight: 400;\" aria-level=\"1\"><span style=\"font-weight: 400;\">Auf zwei Teller verteilen, mit dem restlichen Oliven\u00f6l betr\u00e4ufeln und den Feta mit den H\u00e4ndeln \u00fcber die Pasta kr\u00fcmeln.<\/span><\/li>\n<\/ol>\n<h2>\u00dcberbackener Kartoffel-Gurken-Auflauf<\/h2>\n<p><strong>Zutaten f\u00fcr 2 Portionen:<\/strong><\/p>\n<ul>\n<li style=\"font-weight: 400;\" aria-level=\"1\"><span style=\"font-weight: 400;\">300g Kartoffeln<\/span><\/li>\n<li style=\"font-weight: 400;\" aria-level=\"1\"><span style=\"font-weight: 400;\">150g Tomaten<\/span><\/li>\n<li style=\"font-weight: 400;\" aria-level=\"1\"><span style=\"font-weight: 400;\">100g geriebener K\u00e4se<\/span><\/li>\n<li style=\"font-weight: 400;\" aria-level=\"1\"><span style=\"font-weight: 400;\">100g Frischk\u00e4se mit Kr\u00e4utern<\/span><\/li>\n<li style=\"font-weight: 400;\" aria-level=\"1\"><span style=\"font-weight: 400;\">2 <a href=\"https:\/\/www.vomfeld.at\/c\/kuehlregal\/eier\/\" target=\"_blank\" rel=\"noopener\">Eier<\/a><\/span><\/li>\n<li style=\"font-weight: 400;\" aria-level=\"1\"><span style=\"font-weight: 400;\">2 Knoblauchzehen<\/span><\/li>\n<li style=\"font-weight: 400;\" aria-level=\"1\"><span style=\"font-weight: 400;\">1 Salatgurke<\/span><\/li>\n<li style=\"font-weight: 400;\" aria-level=\"1\"><span style=\"font-weight: 400;\">1 Zwiebel<\/span><\/li>\n<li style=\"font-weight: 400;\" aria-level=\"1\"><span style=\"font-weight: 400;\">1 EL Oliven\u00f6l<\/span><\/li>\n<li style=\"font-weight: 400;\" aria-level=\"1\"><span style=\"font-weight: 400;\">Salz, Pfeffer<\/span><\/li>\n<\/ul>\n<p><strong>Zubereitung:<\/strong><\/p>\n<ol>\n<li style=\"font-weight: 400;\" aria-level=\"1\"><span style=\"font-weight: 400;\">Kartoffeln ungesch\u00e4lt in einem Topf mit Wasser nur halb garkochen. Anschlie\u00dfend abgie\u00dfen, sch\u00e4len und in grobe St\u00fccke schneiden.<\/span><\/li>\n<li style=\"font-weight: 400;\" aria-level=\"1\"><span style=\"font-weight: 400;\">Das Backrohr auf 200\u00b0C (Ober-\/Unterhitze) vorheizen.<\/span><\/li>\n<li style=\"font-weight: 400;\" aria-level=\"1\"><span style=\"font-weight: 400;\">Salatgurke sch\u00e4len und in St\u00fccke schneiden. Tomaten waschen, Strunk entfernen und ebenfalls st\u00fcckeln.<\/span><\/li>\n<li style=\"font-weight: 400;\" aria-level=\"1\"><span style=\"font-weight: 400;\">Knoblauch und Zwiebel sch\u00e4len und fein w\u00fcrfeln.<\/span><\/li>\n<li style=\"font-weight: 400;\" aria-level=\"1\"><span style=\"font-weight: 400;\">Eine Auflaufform mit Oliven\u00f6l ausfetten und die gekochten Kartoffeln, Salatgurke, Tomaten, Zwiebel und Knoblauch einf\u00fcllen.<\/span><\/li>\n<li style=\"font-weight: 400;\" aria-level=\"1\"><span style=\"font-weight: 400;\">Frischk\u00e4se mit den Eiern vermengen, mit Salz und Pfeffer w\u00fcrzen und in die Auflaufform gie\u00dfen.<\/span><\/li>\n<li style=\"font-weight: 400;\" aria-level=\"1\"><span style=\"font-weight: 400;\">Mit dem geriebenen K\u00e4se bestreuen und im vorgeheizten Backrohr 30-40 Minuten backen.<\/span><\/li>\n<\/ol>\n<p><span style=\"font-weight: 400;\">\u00a0<\/span><\/p>\n<p><span style=\"font-weight: 400;\">Gurken sind k\u00e4lteempfindlich und bestehen zu 95% aus Wasser. Vor allem in der warmen Jahreszeit ist dieses Gem\u00fcse daher besonders empfehlenswert, da es kalorienarm und erfrischend ist.<\/span><\/p>\n<p><span style=\"font-weight: 400;\"> Zudem liefern Gurken wertvolle Vitamine und Mineralstoffe und aufgrund des hohen Wassergehalts wertvolle Fl\u00fcssigkeit.<\/span><\/p>\n<p><span style=\"font-weight: 400;\">Achte beim Einkauf darauf, dass die Gurke fest und knackig ist und die Schale keine Sch\u00e4den aufweist. Richtig gelagert, ist sie bis zu drei Wochen haltbar. Bei Lagerung im K\u00fchlschrank sollte sie innerhalb weniger Tage verzehrt werden.<\/span><\/p>\n<p><span style=\"font-weight: 400;\">Vor allem angeschnittene Gurken rasch aufbrauchen, da sich Keime und Schimmelpilze sonst schnell vermehren k\u00f6nnen.<\/span><\/p>\n<p><span style=\"font-weight: 400;\">Auch als nat\u00fcrliches Beautyprodukt f\u00fcr die \u00e4u\u00dfere Anwendung sind Gurken bestens geeignet. Wenn man frische k\u00fchle Gurkenscheiben auf das gereinigte Gesicht und Dekollet\u00e9 auflegt, wird die Haut mit einer Extraportion Feuchtigkeit versorgt.<\/span><\/p>\n<p><span style=\"font-weight: 400;\">Auf dem Teller sorgen Gurken mit ihrem Geschmack f\u00fcr Urlaubsstimmung. Egal ob als Salat, Snackgem\u00fcse oder gekocht, dieses Gem\u00fcse ist vielseitig in der K\u00fcche einsetzbar.<\/span><\/p>\n<p><span style=\"font-weight: 400;\">Sorge f\u00fcr Abwechslung auf deinem Speiseplan und lass dich von unseren Rezeptideen inspirieren.<\/span>[\/vc_column_text][\/vc_column][\/vc_row]\n","protected":false},"excerpt":{"rendered":"<p>[vc_row type=&#8220;in_container&#8220; full_screen_row_position=&#8220;middle&#8220; column_margin=&#8220;default&#8220; column_direction=&#8220;default&#8220; column_direction_tablet=&#8220;default&#8220; column_direction_phone=&#8220;default&#8220; scene_position=&#8220;center&#8220; text_color=&#8220;dark&#8220; text_align=&#8220;left&#8220; row_border_radius=&#8220;none&#8220; row_border_radius_applies=&#8220;bg&#8220; overflow=&#8220;visible&#8220; overlay_strength=&#8220;0.3&#8243; gradient_direction=&#8220;left_to_right&#8220;&#8230;<\/p>\n","protected":false},"author":3,"featured_media":7382,"comment_status":"closed","ping_status":"closed","sticky":false,"template":"","format":"standard","meta":{"footnotes":""},"categories":[24],"tags":[],"class_list":{"0":"post-7379","1":"post","2":"type-post","3":"status-publish","4":"format-standard","5":"has-post-thumbnail","7":"category-produkte"},"yoast_head":"<!-- This site is optimized with the Yoast SEO plugin v25.4 - https:\/\/yoast.com\/wordpress\/plugins\/seo\/ -->\n<title>Gurken: Wissenswertes und leckere Rezepte<\/title>\n<meta name=\"description\" content=\"Erfahre alles \u00fcber die Gurke: Von ihrer Herkunft bis hin zu k\u00f6stlichen Rezepten - entdecke die erfrischende Welt der Salatgurken.\" \/>\n<meta name=\"robots\" content=\"index, follow, max-snippet:-1, max-image-preview:large, max-video-preview:-1\" \/>\n<link rel=\"canonical\" href=\"https:\/\/www.vomfeld.at\/blog\/wissenswertes-rezepte-gurken\/\" \/>\n<meta property=\"og:locale\" content=\"de_DE\" \/>\n<meta property=\"og:type\" content=\"article\" \/>\n<meta property=\"og:title\" content=\"Gurken: Wissenswertes und leckere Rezepte\" \/>\n<meta property=\"og:description\" content=\"Erfahre alles \u00fcber die Gurke: Von ihrer Herkunft bis hin zu k\u00f6stlichen Rezepten - entdecke die erfrischende Welt der Salatgurken.\" \/>\n<meta property=\"og:url\" content=\"https:\/\/www.vomfeld.at\/blog\/wissenswertes-rezepte-gurken\/\" \/>\n<meta property=\"og:site_name\" content=\"Johanna vom Feld Blog\" \/>\n<meta property=\"article:publisher\" content=\"https:\/\/www.facebook.com\/vomfeld.at\/\" \/>\n<meta property=\"article:published_time\" content=\"2023-09-20T08:09:34+00:00\" \/>\n<meta property=\"article:modified_time\" content=\"2023-09-28T12:13:51+00:00\" \/>\n<meta property=\"og:image\" content=\"https:\/\/www.vomfeld.at\/blog\/wp-content\/uploads\/2023\/09\/salatgurke-gewaechs.jpg\" \/>\n\t<meta property=\"og:image:width\" content=\"1600\" \/>\n\t<meta property=\"og:image:height\" content=\"900\" \/>\n\t<meta property=\"og:image:type\" content=\"image\/jpeg\" \/>\n<meta name=\"author\" content=\"Johanna\" \/>\n<meta name=\"twitter:card\" content=\"summary_large_image\" \/>\n<meta name=\"twitter:label1\" content=\"Verfasst von\" \/>\n\t<meta name=\"twitter:data1\" content=\"Johanna\" \/>\n\t<meta name=\"twitter:label2\" content=\"Gesch\u00e4tzte Lesezeit\" \/>\n\t<meta name=\"twitter:data2\" content=\"8\u00a0Minuten\" \/>\n<script type=\"application\/ld+json\" class=\"yoast-schema-graph\">{\"@context\":\"https:\/\/schema.org\",\"@graph\":[{\"@type\":\"Article\",\"@id\":\"https:\/\/www.vomfeld.at\/blog\/wissenswertes-rezepte-gurken\/#article\",\"isPartOf\":{\"@id\":\"https:\/\/www.vomfeld.at\/blog\/wissenswertes-rezepte-gurken\/\"},\"author\":{\"name\":\"Johanna\",\"@id\":\"https:\/\/www.vomfeld.at\/blog\/#\/schema\/person\/8dab792dce4e00bc69ebf949f6eab1bf\"},\"headline\":\"Mehr als nur Salatzutat &#8211; Wissenswertes und leckere Rezepte mit Gurken\",\"datePublished\":\"2023-09-20T08:09:34+00:00\",\"dateModified\":\"2023-09-28T12:13:51+00:00\",\"mainEntityOfPage\":{\"@id\":\"https:\/\/www.vomfeld.at\/blog\/wissenswertes-rezepte-gurken\/\"},\"wordCount\":1654,\"publisher\":{\"@id\":\"https:\/\/www.vomfeld.at\/blog\/#organization\"},\"image\":{\"@id\":\"https:\/\/www.vomfeld.at\/blog\/wissenswertes-rezepte-gurken\/#primaryimage\"},\"thumbnailUrl\":\"https:\/\/www.vomfeld.at\/blog\/wp-content\/uploads\/2023\/09\/salatgurke-gewaechs.jpg\",\"articleSection\":[\"Produkte\"],\"inLanguage\":\"de\"},{\"@type\":\"WebPage\",\"@id\":\"https:\/\/www.vomfeld.at\/blog\/wissenswertes-rezepte-gurken\/\",\"url\":\"https:\/\/www.vomfeld.at\/blog\/wissenswertes-rezepte-gurken\/\",\"name\":\"Gurken: Wissenswertes und leckere Rezepte\",\"isPartOf\":{\"@id\":\"https:\/\/www.vomfeld.at\/blog\/#website\"},\"primaryImageOfPage\":{\"@id\":\"https:\/\/www.vomfeld.at\/blog\/wissenswertes-rezepte-gurken\/#primaryimage\"},\"image\":{\"@id\":\"https:\/\/www.vomfeld.at\/blog\/wissenswertes-rezepte-gurken\/#primaryimage\"},\"thumbnailUrl\":\"https:\/\/www.vomfeld.at\/blog\/wp-content\/uploads\/2023\/09\/salatgurke-gewaechs.jpg\",\"datePublished\":\"2023-09-20T08:09:34+00:00\",\"dateModified\":\"2023-09-28T12:13:51+00:00\",\"description\":\"Erfahre alles \u00fcber die Gurke: Von ihrer Herkunft bis hin zu k\u00f6stlichen Rezepten - entdecke die erfrischende Welt der Salatgurken.\",\"breadcrumb\":{\"@id\":\"https:\/\/www.vomfeld.at\/blog\/wissenswertes-rezepte-gurken\/#breadcrumb\"},\"inLanguage\":\"de\",\"potentialAction\":[{\"@type\":\"ReadAction\",\"target\":[\"https:\/\/www.vomfeld.at\/blog\/wissenswertes-rezepte-gurken\/\"]}]},{\"@type\":\"ImageObject\",\"inLanguage\":\"de\",\"@id\":\"https:\/\/www.vomfeld.at\/blog\/wissenswertes-rezepte-gurken\/#primaryimage\",\"url\":\"https:\/\/www.vomfeld.at\/blog\/wp-content\/uploads\/2023\/09\/salatgurke-gewaechs.jpg\",\"contentUrl\":\"https:\/\/www.vomfeld.at\/blog\/wp-content\/uploads\/2023\/09\/salatgurke-gewaechs.jpg\",\"width\":1600,\"height\":900,\"caption\":\"Salatgurke w\u00e4chst am Boden\"},{\"@type\":\"BreadcrumbList\",\"@id\":\"https:\/\/www.vomfeld.at\/blog\/wissenswertes-rezepte-gurken\/#breadcrumb\",\"itemListElement\":[{\"@type\":\"ListItem\",\"position\":1,\"name\":\"Startseite\",\"item\":\"https:\/\/www.vomfeld.at\/blog\/\"},{\"@type\":\"ListItem\",\"position\":2,\"name\":\"Mehr als nur Salatzutat &#8211; Wissenswertes und leckere Rezepte mit Gurken\"}]},{\"@type\":\"WebSite\",\"@id\":\"https:\/\/www.vomfeld.at\/blog\/#website\",\"url\":\"https:\/\/www.vomfeld.at\/blog\/\",\"name\":\"Johanna vom Feld Blog\",\"description\":\"Mehr aus Lebensmitteln vom Feld machen\",\"publisher\":{\"@id\":\"https:\/\/www.vomfeld.at\/blog\/#organization\"},\"potentialAction\":[{\"@type\":\"SearchAction\",\"target\":{\"@type\":\"EntryPoint\",\"urlTemplate\":\"https:\/\/www.vomfeld.at\/blog\/?s={search_term_string}\"},\"query-input\":{\"@type\":\"PropertyValueSpecification\",\"valueRequired\":true,\"valueName\":\"search_term_string\"}}],\"inLanguage\":\"de\"},{\"@type\":\"Organization\",\"@id\":\"https:\/\/www.vomfeld.at\/blog\/#organization\",\"name\":\"Johanna vom Feld\",\"url\":\"https:\/\/www.vomfeld.at\/blog\/\",\"logo\":{\"@type\":\"ImageObject\",\"inLanguage\":\"de\",\"@id\":\"https:\/\/www.vomfeld.at\/blog\/#\/schema\/logo\/image\/\",\"url\":\"https:\/\/www.vomfeld.at\/blog\/wp-content\/uploads\/2018\/10\/vomfeld-logo-large.png\",\"contentUrl\":\"https:\/\/www.vomfeld.at\/blog\/wp-content\/uploads\/2018\/10\/vomfeld-logo-large.png\",\"width\":340,\"height\":200,\"caption\":\"Johanna vom Feld\"},\"image\":{\"@id\":\"https:\/\/www.vomfeld.at\/blog\/#\/schema\/logo\/image\/\"},\"sameAs\":[\"https:\/\/www.facebook.com\/vomfeld.at\/\"]},{\"@type\":\"Person\",\"@id\":\"https:\/\/www.vomfeld.at\/blog\/#\/schema\/person\/8dab792dce4e00bc69ebf949f6eab1bf\",\"name\":\"Johanna\"}]}<\/script>\n<!-- \/ Yoast SEO plugin. -->","yoast_head_json":{"title":"Gurken: Wissenswertes und leckere Rezepte","description":"Erfahre alles \u00fcber die Gurke: Von ihrer Herkunft bis hin zu k\u00f6stlichen Rezepten - entdecke die erfrischende Welt der Salatgurken.","robots":{"index":"index","follow":"follow","max-snippet":"max-snippet:-1","max-image-preview":"max-image-preview:large","max-video-preview":"max-video-preview:-1"},"canonical":"https:\/\/www.vomfeld.at\/blog\/wissenswertes-rezepte-gurken\/","og_locale":"de_DE","og_type":"article","og_title":"Gurken: Wissenswertes und leckere Rezepte","og_description":"Erfahre alles \u00fcber die Gurke: Von ihrer Herkunft bis hin zu k\u00f6stlichen Rezepten - entdecke die erfrischende Welt der Salatgurken.","og_url":"https:\/\/www.vomfeld.at\/blog\/wissenswertes-rezepte-gurken\/","og_site_name":"Johanna vom Feld Blog","article_publisher":"https:\/\/www.facebook.com\/vomfeld.at\/","article_published_time":"2023-09-20T08:09:34+00:00","article_modified_time":"2023-09-28T12:13:51+00:00","og_image":[{"width":1600,"height":900,"url":"https:\/\/www.vomfeld.at\/blog\/wp-content\/uploads\/2023\/09\/salatgurke-gewaechs.jpg","type":"image\/jpeg"}],"author":"Johanna","twitter_card":"summary_large_image","twitter_misc":{"Verfasst von":"Johanna","Gesch\u00e4tzte Lesezeit":"8\u00a0Minuten"},"schema":{"@context":"https:\/\/schema.org","@graph":[{"@type":"Article","@id":"https:\/\/www.vomfeld.at\/blog\/wissenswertes-rezepte-gurken\/#article","isPartOf":{"@id":"https:\/\/www.vomfeld.at\/blog\/wissenswertes-rezepte-gurken\/"},"author":{"name":"Johanna","@id":"https:\/\/www.vomfeld.at\/blog\/#\/schema\/person\/8dab792dce4e00bc69ebf949f6eab1bf"},"headline":"Mehr als nur Salatzutat &#8211; Wissenswertes und leckere Rezepte mit Gurken","datePublished":"2023-09-20T08:09:34+00:00","dateModified":"2023-09-28T12:13:51+00:00","mainEntityOfPage":{"@id":"https:\/\/www.vomfeld.at\/blog\/wissenswertes-rezepte-gurken\/"},"wordCount":1654,"publisher":{"@id":"https:\/\/www.vomfeld.at\/blog\/#organization"},"image":{"@id":"https:\/\/www.vomfeld.at\/blog\/wissenswertes-rezepte-gurken\/#primaryimage"},"thumbnailUrl":"https:\/\/www.vomfeld.at\/blog\/wp-content\/uploads\/2023\/09\/salatgurke-gewaechs.jpg","articleSection":["Produkte"],"inLanguage":"de"},{"@type":"WebPage","@id":"https:\/\/www.vomfeld.at\/blog\/wissenswertes-rezepte-gurken\/","url":"https:\/\/www.vomfeld.at\/blog\/wissenswertes-rezepte-gurken\/","name":"Gurken: Wissenswertes und leckere Rezepte","isPartOf":{"@id":"https:\/\/www.vomfeld.at\/blog\/#website"},"primaryImageOfPage":{"@id":"https:\/\/www.vomfeld.at\/blog\/wissenswertes-rezepte-gurken\/#primaryimage"},"image":{"@id":"https:\/\/www.vomfeld.at\/blog\/wissenswertes-rezepte-gurken\/#primaryimage"},"thumbnailUrl":"https:\/\/www.vomfeld.at\/blog\/wp-content\/uploads\/2023\/09\/salatgurke-gewaechs.jpg","datePublished":"2023-09-20T08:09:34+00:00","dateModified":"2023-09-28T12:13:51+00:00","description":"Erfahre alles \u00fcber die Gurke: Von ihrer Herkunft bis hin zu k\u00f6stlichen Rezepten - entdecke die erfrischende Welt der Salatgurken.","breadcrumb":{"@id":"https:\/\/www.vomfeld.at\/blog\/wissenswertes-rezepte-gurken\/#breadcrumb"},"inLanguage":"de","potentialAction":[{"@type":"ReadAction","target":["https:\/\/www.vomfeld.at\/blog\/wissenswertes-rezepte-gurken\/"]}]},{"@type":"ImageObject","inLanguage":"de","@id":"https:\/\/www.vomfeld.at\/blog\/wissenswertes-rezepte-gurken\/#primaryimage","url":"https:\/\/www.vomfeld.at\/blog\/wp-content\/uploads\/2023\/09\/salatgurke-gewaechs.jpg","contentUrl":"https:\/\/www.vomfeld.at\/blog\/wp-content\/uploads\/2023\/09\/salatgurke-gewaechs.jpg","width":1600,"height":900,"caption":"Salatgurke w\u00e4chst am Boden"},{"@type":"BreadcrumbList","@id":"https:\/\/www.vomfeld.at\/blog\/wissenswertes-rezepte-gurken\/#breadcrumb","itemListElement":[{"@type":"ListItem","position":1,"name":"Startseite","item":"https:\/\/www.vomfeld.at\/blog\/"},{"@type":"ListItem","position":2,"name":"Mehr als nur Salatzutat &#8211; Wissenswertes und leckere Rezepte mit Gurken"}]},{"@type":"WebSite","@id":"https:\/\/www.vomfeld.at\/blog\/#website","url":"https:\/\/www.vomfeld.at\/blog\/","name":"Johanna vom Feld Blog","description":"Mehr aus Lebensmitteln vom Feld machen","publisher":{"@id":"https:\/\/www.vomfeld.at\/blog\/#organization"},"potentialAction":[{"@type":"SearchAction","target":{"@type":"EntryPoint","urlTemplate":"https:\/\/www.vomfeld.at\/blog\/?s={search_term_string}"},"query-input":{"@type":"PropertyValueSpecification","valueRequired":true,"valueName":"search_term_string"}}],"inLanguage":"de"},{"@type":"Organization","@id":"https:\/\/www.vomfeld.at\/blog\/#organization","name":"Johanna vom Feld","url":"https:\/\/www.vomfeld.at\/blog\/","logo":{"@type":"ImageObject","inLanguage":"de","@id":"https:\/\/www.vomfeld.at\/blog\/#\/schema\/logo\/image\/","url":"https:\/\/www.vomfeld.at\/blog\/wp-content\/uploads\/2018\/10\/vomfeld-logo-large.png","contentUrl":"https:\/\/www.vomfeld.at\/blog\/wp-content\/uploads\/2018\/10\/vomfeld-logo-large.png","width":340,"height":200,"caption":"Johanna vom Feld"},"image":{"@id":"https:\/\/www.vomfeld.at\/blog\/#\/schema\/logo\/image\/"},"sameAs":["https:\/\/www.facebook.com\/vomfeld.at\/"]},{"@type":"Person","@id":"https:\/\/www.vomfeld.at\/blog\/#\/schema\/person\/8dab792dce4e00bc69ebf949f6eab1bf","name":"Johanna"}]}},"_links":{"self":[{"href":"https:\/\/www.vomfeld.at\/blog\/wp-json\/wp\/v2\/posts\/7379","targetHints":{"allow":["GET"]}}],"collection":[{"href":"https:\/\/www.vomfeld.at\/blog\/wp-json\/wp\/v2\/posts"}],"about":[{"href":"https:\/\/www.vomfeld.at\/blog\/wp-json\/wp\/v2\/types\/post"}],"author":[{"embeddable":true,"href":"https:\/\/www.vomfeld.at\/blog\/wp-json\/wp\/v2\/users\/3"}],"replies":[{"embeddable":true,"href":"https:\/\/www.vomfeld.at\/blog\/wp-json\/wp\/v2\/comments?post=7379"}],"version-history":[{"count":4,"href":"https:\/\/www.vomfeld.at\/blog\/wp-json\/wp\/v2\/posts\/7379\/revisions"}],"predecessor-version":[{"id":7387,"href":"https:\/\/www.vomfeld.at\/blog\/wp-json\/wp\/v2\/posts\/7379\/revisions\/7387"}],"wp:featuredmedia":[{"embeddable":true,"href":"https:\/\/www.vomfeld.at\/blog\/wp-json\/wp\/v2\/media\/7382"}],"wp:attachment":[{"href":"https:\/\/www.vomfeld.at\/blog\/wp-json\/wp\/v2\/media?parent=7379"}],"wp:term":[{"taxonomy":"category","embeddable":true,"href":"https:\/\/www.vomfeld.at\/blog\/wp-json\/wp\/v2\/categories?post=7379"},{"taxonomy":"post_tag","embeddable":true,"href":"https:\/\/www.vomfeld.at\/blog\/wp-json\/wp\/v2\/tags?post=7379"}],"curies":[{"name":"wp","href":"https:\/\/api.w.org\/{rel}","templated":true}]}}