{"id":7366,"date":"2023-08-23T11:07:55","date_gmt":"2023-08-23T09:07:55","guid":{"rendered":"https:\/\/www.vomfeld.at\/blog\/?p=7366"},"modified":"2023-08-23T11:07:55","modified_gmt":"2023-08-23T09:07:55","slug":"melanzani-geschmack-zubereitung-vorteile","status":"publish","type":"post","link":"https:\/\/www.vomfeld.at\/blog\/melanzani-geschmack-zubereitung-vorteile\/","title":{"rendered":"Die Welt der Melanzani: Geschmack, Zubereitung und Vorteile"},"content":{"rendered":"[vc_row type=&#8220;in_container&#8220; full_screen_row_position=&#8220;middle&#8220; column_margin=&#8220;default&#8220; column_direction=&#8220;default&#8220; column_direction_tablet=&#8220;default&#8220; column_direction_phone=&#8220;default&#8220; scene_position=&#8220;center&#8220; text_color=&#8220;dark&#8220; text_align=&#8220;left&#8220; row_border_radius=&#8220;none&#8220; row_border_radius_applies=&#8220;bg&#8220; overflow=&#8220;visible&#8220; overlay_strength=&#8220;0.3&#8243; gradient_direction=&#8220;left_to_right&#8220; shape_divider_position=&#8220;bottom&#8220; bg_image_animation=&#8220;none&#8220;][vc_column column_padding=&#8220;no-extra-padding&#8220; column_padding_tablet=&#8220;inherit&#8220; column_padding_phone=&#8220;inherit&#8220; column_padding_position=&#8220;all&#8220; column_element_direction_desktop=&#8220;default&#8220; column_element_spacing=&#8220;default&#8220; desktop_text_alignment=&#8220;default&#8220; tablet_text_alignment=&#8220;default&#8220; phone_text_alignment=&#8220;default&#8220; background_color_opacity=&#8220;1&#8243; background_hover_color_opacity=&#8220;1&#8243; column_backdrop_filter=&#8220;none&#8220; column_shadow=&#8220;none&#8220; column_border_radius=&#8220;none&#8220; column_link_target=&#8220;_self&#8220; column_position=&#8220;default&#8220; gradient_direction=&#8220;left_to_right&#8220; overlay_strength=&#8220;0.3&#8243; width=&#8220;1\/1&#8243; tablet_width_inherit=&#8220;default&#8220; animation_type=&#8220;default&#8220; bg_image_animation=&#8220;none&#8220; border_type=&#8220;simple&#8220; column_border_width=&#8220;none&#8220; column_border_style=&#8220;solid&#8220;][vc_column_text]<span style=\"font-weight: 400;\">Die <a href=\"https:\/\/www.vomfeld.at\/p\/melanzani\/\" target=\"_blank\" rel=\"noopener\">Melanzani<\/a> ist ein Gem\u00fcse, das aus der <strong>mediterranen K\u00fcche<\/strong> kaum mehr wegzudenken ist. Ihre spezielle Form und Farbe sticht besonders im Gem\u00fcseregal hervor.<\/span><\/p>\n<p><span style=\"font-weight: 400;\">Ihr <strong>milder, unauff\u00e4lliger Geschmack<\/strong> macht eine abwechslungsreiche Zubereitung m\u00f6glich. Wir haben uns mal genauer angesehen, was Melanzani so besonders macht und worauf man bei der Zubereitung achten sollte.<\/span><\/p>\n<h2>Warum Eierfrucht?<\/h2>\n<p><span style=\"font-weight: 400;\">Die Melanzani wird vorwiegend in \u00d6sterreich so genannt, in Italien nennt man sie Melanzana, doch als <strong>Aubergine<\/strong> wird sie in den meisten L\u00e4ndern bezeichnet. Urspr\u00fcnglich stammt dieses Gem\u00fcse aus Asien, wo die Pflanze <strong>bereits vor 4000 Jahren kultiviert<\/strong> wurde.<\/span><\/p>\n<p><span style=\"font-weight: 400;\">W\u00e4hrend dieses Gem\u00fcse bei uns erst seit wenigen Jahrzehnten angebaut und verzehrt wird, wird sie in S\u00fcdeuropa bereits seit mehreren Jahrhunderten angepflanzt. Vermutlich fand die Melanzani <strong>\u00fcber Persien den Weg nach Spanien und weiter nach Italien,<\/strong> wo sie seit dem 15. Jahrhundert kultiviert wird.<\/span><\/p>\n<p><span style=\"font-weight: 400;\">Dieses Gem\u00fcse ist ein <strong>Nachtschattengew\u00e4chs,<\/strong> zu dem auch Kartoffeln oder Tomaten z\u00e4hlen. Es gibt viele verschiedene Sorten, wobei in Europa am h\u00e4ufigsten jene Sorte angebaut wird, die eine keulenf\u00f6rmige Frucht ausbildet mit <strong>dunkelvioletter bis schwarzer Schale.<\/strong><\/span><\/p>\n<p><span style=\"font-weight: 400;\">Sie wird bis zu 20 cm lang und ist aufgrund der enthaltenen Bitterstoffe <strong>nicht f\u00fcr den Rohverzehr geeignet.<\/strong> Daher sollte sie vor dem Verzehr ged\u00fcnstet, gebraten, gekocht oder gebacken werden.<\/span><\/p>\n<p><span style=\"font-weight: 400;\">Andere Formen, die vorwiegend in Asien angebaut werden, sind zum Rohverzehr und auch f\u00fcr die s\u00fc\u00dfe Zubereitung geeignet. Immer h\u00e4ufiger findet man auch bei uns exotische Sorten, deren Schale gr\u00fcn, wei\u00df oder bunt gestreift ist, auch gelbe Varianten sind teilweise erh\u00e4ltlich.<\/span><\/p>\n<p><span style=\"font-weight: 400;\">Die Frucht wird als Beerenfrucht bezeichnet. Das Fruchtfleisch ist wei\u00dflich-gelb bis creme gef\u00e4rbt und hat eine <strong>schwammige Konsistenz mit kleinen Kernen.<\/strong><\/span><\/p>\n<p><span style=\"font-weight: 400;\">Die Melanzani hat kaum Eigengeschmack, wodurch sich durch die Zugabe verschiedenster Gew\u00fcrze der Geschmack beliebig variieren l\u00e4sst.<\/span><\/p>\n<p><span style=\"font-weight: 400;\">Dieses Gem\u00fcse wird auch <strong>Eierfrucht<\/strong> genannt, wobei nicht ganz zuzuordnen ist, ob es an der wei\u00dfen F\u00e4rbung der Schale oder des Fruchtfleisches liegt oder ob es mit einer fr\u00fcheren Fruchtform, die dem Ei \u00e4hnelt, zu tun hat.<\/span>[\/vc_column_text][divider line_type=&#8220;No Line&#8220; custom_height=&#8220;20&#8243;][image_with_animation image_url=&#8220;7369&#8243; image_size=&#8220;full&#8220; animation_type=&#8220;entrance&#8220; animation=&#8220;Fade In&#8220; animation_easing=&#8220;default&#8220; animation_movement_type=&#8220;transform_y&#8220; hover_animation=&#8220;none&#8220; alignment=&#8220;center&#8220; img_link_large=&#8220;yes&#8220; border_radius=&#8220;none&#8220; box_shadow=&#8220;none&#8220; image_loading=&#8220;default&#8220; max_width=&#8220;100%&#8220; max_width_mobile=&#8220;default&#8220;][divider line_type=&#8220;No Line&#8220; custom_height=&#8220;20&#8243;][vc_column_text]\n<h2>Gesund und lecker<\/h2>\n<p><span style=\"font-weight: 400;\">Melanzani verf\u00fcgt \u00fcber wenig Eigengeschmack, liefert aber wertvolle N\u00e4hrstoffe. So wirken Anthocyane blutdruckregulierend. Dabei handelt es sich um nat\u00fcrliche Farbstoffe, die zu den sekund\u00e4ren Pflanzenstoffen z\u00e4hlen.<\/span><\/p>\n<p><span style=\"font-weight: 400;\">Die enthaltenen <strong>fettl\u00f6slichen Ballaststoffe<\/strong> k\u00f6nnen positiven Einfluss auf einen erh\u00f6hten Cholesterinspiegel haben. Der hohe Anteil an Kalium und der niedrige Salzgehalt wirken sanft entw\u00e4ssernd und aktivieren den Stoffwechsel.<\/span><\/p>\n<p><span style=\"font-weight: 400;\"><strong>Bitterstoffe regen die Verdauung an<\/strong> und regulieren die Produktion der Verdauungss\u00e4fte. Diese Stoffe sorgen jedoch auch daf\u00fcr, dass die bei uns vorwiegend erh\u00e4ltliche Melanzani-Sorte nicht roh verzehrbar ist. Sie sollte vor dem Verzehr unbedingt erhitzt werden, wodurch das enthaltene Solanin zerst\u00f6rt wird, da sonst Magen- und Darmbeschwerden auftreten k\u00f6nnen.<\/span><\/p>\n<p><span style=\"font-weight: 400;\">Wenn man vor der Zubereitung die angeschnittene Melanzani salzt, einige Minuten rasten l\u00e4sst und anschlie\u00dfend mit einem K\u00fcchentuch abtupft, werden die Bitterstoffe bereits reduziert. Die <strong>meisten Vitamine und Mineralstoffe befinden sich in der Schale, die man unbedingt mitessen sollte.<\/strong><\/span><\/p>\n<p><span style=\"font-weight: 400;\">Es sind auch geringe Mengen Magnesium, Kalzium und Vitamin A enthalten. Wenn man die Frucht anschneidet, br\u00e4unt sie recht rasch.<\/span><\/p>\n<p><span style=\"font-weight: 400;\">Sind Fruchtfleisch und Kerne beim Anschneiden bereits braun, handelt es sich um ein \u00fcberreifes Exemplar. Reife Fr\u00fcchte erkennt man an der prallen und matt gl\u00e4nzenden Schale. Am besten lagert man Melanzani <strong>bei Zimmertemperatur getrennt von anderen Obst- und Gem\u00fcsesorten f\u00fcr 1-2 Tage.<\/strong><\/span><\/p>\n<p><span style=\"font-weight: 400;\">Im K\u00fchlschrank werden sie recht rasch schrumpelig. Daher sollte man die reifen Fr\u00fcchte nach dem Einkauf rasch zubereiten und verzehren. F\u00fcr die Zubereitung ist kein gro\u00dfer Aufwand n\u00f6tig. Lediglich waschen, Kelch und Stielansatz abschneiden und nach Belieben zubereiten.<\/span><\/p>\n<h2>Der Geschmack der Melanzani<\/h2>\n<p><span style=\"font-weight: 400;\">Nat\u00fcrlich kann man Melanzani in Scheiben geschnitten grillen und braten und in Eint\u00f6pfen verarbeiten. Mit unseren <strong>Rezeptideen<\/strong> m\u00f6chten wir dir die vielseitigen Zubereitungsm\u00f6glichkeiten aufzeigen und dir ein besonderes Geschmackserlebnis bescheren.<\/span>[\/vc_column_text][divider line_type=&#8220;No Line&#8220; custom_height=&#8220;20&#8243;][image_with_animation image_url=&#8220;7368&#8243; image_size=&#8220;full&#8220; animation_type=&#8220;entrance&#8220; animation=&#8220;Fade In&#8220; animation_easing=&#8220;default&#8220; animation_movement_type=&#8220;transform_y&#8220; hover_animation=&#8220;none&#8220; alignment=&#8220;center&#8220; img_link_large=&#8220;yes&#8220; border_radius=&#8220;none&#8220; box_shadow=&#8220;none&#8220; image_loading=&#8220;default&#8220; max_width=&#8220;100%&#8220; max_width_mobile=&#8220;default&#8220;][divider line_type=&#8220;No Line&#8220; custom_height=&#8220;20&#8243;][vc_column_text]\n<h2>Mini-Melanzani-Pizzas<\/h2>\n<p><strong>Zutaten f\u00fcr 2-3 Portionen:<\/strong><\/p>\n<ul>\n<li style=\"font-weight: 400;\" aria-level=\"1\"><span style=\"font-weight: 400;\">100g geriebener K\u00e4se<\/span><\/li>\n<li style=\"font-weight: 400;\" aria-level=\"1\"><span style=\"font-weight: 400;\">50g Champignons<\/span><\/li>\n<li style=\"font-weight: 400;\" aria-level=\"1\"><span style=\"font-weight: 400;\">50g Mais aus dem Glas<\/span><\/li>\n<li style=\"font-weight: 400;\" aria-level=\"1\"><span style=\"font-weight: 400;\">50ml passierte Tomaten<\/span><\/li>\n<li style=\"font-weight: 400;\" aria-level=\"1\"><span style=\"font-weight: 400;\">2 EL Oliven\u00f6l<\/span><\/li>\n<li style=\"font-weight: 400;\" aria-level=\"1\"><span style=\"font-weight: 400;\">2 <a href=\"https:\/\/www.vomfeld.at\/p\/melanzani\/\" target=\"_blank\" rel=\"noopener\">Melanzani<\/a><\/span><\/li>\n<li style=\"font-weight: 400;\" aria-level=\"1\"><span style=\"font-weight: 400;\">1 rote Spitzpaprika<\/span><\/li>\n<li style=\"font-weight: 400;\" aria-level=\"1\"><span style=\"font-weight: 400;\">Salz, Pfeffer, Oregano<\/span><\/li>\n<\/ul>\n<p><strong>Zubereitung:<\/strong><\/p>\n<ol>\n<li style=\"font-weight: 400;\" aria-level=\"1\"><span style=\"font-weight: 400;\">Melanzani waschen, in Scheiben schneiden und auf ein mit Backpapier belegtes Backblech legen.<\/span><\/li>\n<li style=\"font-weight: 400;\" aria-level=\"1\"><span style=\"font-weight: 400;\">Mit Oliven\u00f6l bestreichen, salzen und bei 200\u00b0C im nicht vorgeheizten Backrohr 15 Minuten backen.<\/span><\/li>\n<li style=\"font-weight: 400;\" aria-level=\"1\"><span style=\"font-weight: 400;\">In der Zwischenzeit den Mais abgie\u00dfen und abtropfen lassen. Die Champignons mit einem K\u00fcchentuch putzen und in Scheiben schneiden. Spitzpaprika waschen, entkernen und klein w\u00fcrfeln.<\/span><\/li>\n<li style=\"font-weight: 400;\" aria-level=\"1\"><span style=\"font-weight: 400;\">Die Melanzanischeiben mit der Tomatensauce bestreichen und mit Salz und Pfeffer w\u00fcrzen.<\/span><\/li>\n<li style=\"font-weight: 400;\" aria-level=\"1\"><span style=\"font-weight: 400;\">Das Gem\u00fcse gleichm\u00e4\u00dfig darauf verteilen und mit dem geriebenen K\u00e4se bestreuen. Nun im Backrohr f\u00fcr weitere 5-8 Minuten backen, bis der K\u00e4se zerlaufen ist.<\/span><\/li>\n<li style=\"font-weight: 400;\" aria-level=\"1\"><span style=\"font-weight: 400;\">Vor dem Verzehr kurz abk\u00fchlen lassen und mit Oregano w\u00fcrzen.<\/span><\/li>\n<\/ol>\n<h2>Gef\u00fcllte Melanzani<\/h2>\n<p><strong>Zutaten f\u00fcr 2 Portionen:<\/strong><\/p>\n<ul>\n<li style=\"font-weight: 400;\" aria-level=\"1\"><span style=\"font-weight: 400;\">200ml Gem\u00fcsesuppe<\/span><\/li>\n<li style=\"font-weight: 400;\" aria-level=\"1\"><span style=\"font-weight: 400;\">200g gehackte Tomaten aus der Dose<\/span><\/li>\n<li style=\"font-weight: 400;\" aria-level=\"1\"><span style=\"font-weight: 400;\">80g Mozzarella<\/span><\/li>\n<li style=\"font-weight: 400;\" aria-level=\"1\"><span style=\"font-weight: 400;\">70g Basmatireis<\/span><\/li>\n<li style=\"font-weight: 400;\" aria-level=\"1\"><span style=\"font-weight: 400;\">2 Melanzani<\/span><\/li>\n<li style=\"font-weight: 400;\" aria-level=\"1\"><span style=\"font-weight: 400;\">1 kleine gelbe Paprika<\/span><\/li>\n<li style=\"font-weight: 400;\" aria-level=\"1\"><span style=\"font-weight: 400;\">1 rote Zwiebel<\/span><\/li>\n<li style=\"font-weight: 400;\" aria-level=\"1\"><span style=\"font-weight: 400;\">1 Knoblauchzehe<\/span><\/li>\n<li style=\"font-weight: 400;\" aria-level=\"1\"><span style=\"font-weight: 400;\">\u00bd Bund frische Petersilie<\/span><\/li>\n<li style=\"font-weight: 400;\" aria-level=\"1\"><span style=\"font-weight: 400;\">Salz, Pfeffer, Paprikapulver (edels\u00fc\u00df oder scharf)<\/span><\/li>\n<\/ul>\n<p><strong>Zubereitung:<\/strong><\/p>\n<ol>\n<li style=\"font-weight: 400;\" aria-level=\"1\"><span style=\"font-weight: 400;\">Reis mit der Gem\u00fcsesuppe in einen Topf f\u00fcllen und 15 Minuten k\u00f6cheln lassen, bis die Fl\u00fcssigkeit vollst\u00e4ndig aufgesogen ist.<\/span><\/li>\n<li style=\"font-weight: 400;\" aria-level=\"1\"><span style=\"font-weight: 400;\">Melanzani waschen, der L\u00e4nge nach halbieren und mit einem L\u00f6ffel oder Kugelausstecher das Fruchtfleisch herausl\u00f6sen, dabei ca. 1 cm Rand lassen. Mit Salz bestreuen und 10 Minuten ziehen lassen.<\/span><\/li>\n<li style=\"font-weight: 400;\" aria-level=\"1\"><span style=\"font-weight: 400;\">Paprika waschen, entkernen und in kleine W\u00fcrfel schneiden. Knoblauch und Zwiebel sch\u00e4len und klein w\u00fcrfeln.<\/span><\/li>\n<li style=\"font-weight: 400;\" aria-level=\"1\"><span style=\"font-weight: 400;\">Petersilie waschen, trocken sch\u00fctteln und fein hacken. Mozzarella abgie\u00dfen, abtropfen lassen und in Scheiben schneiden.<\/span><\/li>\n<li style=\"font-weight: 400;\" aria-level=\"1\"><span style=\"font-weight: 400;\">Melanzani mit einem K\u00fcchenpapier trocken tupfen und in eine Auflaufform legen.<\/span><\/li>\n<li style=\"font-weight: 400;\" aria-level=\"1\"><span style=\"font-weight: 400;\">Reis mit Paprika, Zwiebel und Knoblauch vermengen, die gehackten Tomaten zuf\u00fcgen, mit Salz, Pfeffer und Paprikapulver w\u00fcrzen und gut miteinander vermengen.<\/span><\/li>\n<li style=\"font-weight: 400;\" aria-level=\"1\"><span style=\"font-weight: 400;\">Den Reis-Mix in die Melanzanih\u00e4lften f\u00fcllen und mit dem Mozzarella belegen. Anschlie\u00dfend im vorgeheizten Backrohr bei 200\u00b0C (Ober-\/Unterhitze) 30-35 Minuten backen.<\/span><\/li>\n<li style=\"font-weight: 400;\" aria-level=\"1\"><span style=\"font-weight: 400;\">Vor dem Verzehr kurz ausk\u00fchlen lassen und mit der gehackten Petersilie garnieren.<\/span><\/li>\n<\/ol>\n<p><strong>Tipp:<\/strong><\/p>\n<p><span style=\"font-weight: 400;\">Das ausgel\u00f6ste Fruchtfleisch in St\u00fccke schneiden und zur F\u00fcllung geben. Es l\u00e4sst sich auch gut einfrieren und f\u00fcr Suppen oder Eint\u00f6pfe verwenden.<\/span><\/p>\n<h2>Mediterrane Melanzani-Kichererbsen-Pfanne<\/h2>\n<p><strong>Zutaten f\u00fcr 2 Portionen:<\/strong><\/p>\n<ul>\n<li style=\"font-weight: 400;\" aria-level=\"1\"><span style=\"font-weight: 400;\">200g gegarte Kichererbsen<\/span><\/li>\n<li style=\"font-weight: 400;\" aria-level=\"1\"><span style=\"font-weight: 400;\">200g gehackte Tomaten aus der Dose<\/span><\/li>\n<li style=\"font-weight: 400;\" aria-level=\"1\"><span style=\"font-weight: 400;\">100g Frischk\u00e4se mit Kr\u00e4utern<\/span><\/li>\n<li style=\"font-weight: 400;\" aria-level=\"1\"><span style=\"font-weight: 400;\">100ml Gem\u00fcsesuppe<\/span><\/li>\n<li style=\"font-weight: 400;\" aria-level=\"1\"><span style=\"font-weight: 400;\">80g Couscous<\/span><\/li>\n<li style=\"font-weight: 400;\" aria-level=\"1\"><span style=\"font-weight: 400;\">40g Ajvar (mild oder scharf)<\/span><\/li>\n<li style=\"font-weight: 400;\" aria-level=\"1\"><span style=\"font-weight: 400;\">2 Knoblauchzehen<\/span><\/li>\n<li style=\"font-weight: 400;\" aria-level=\"1\"><span style=\"font-weight: 400;\">1 EL Oliven\u00f6l<\/span><\/li>\n<li style=\"font-weight: 400;\" aria-level=\"1\"><span style=\"font-weight: 400;\">1 Melanzani<\/span><\/li>\n<li style=\"font-weight: 400;\" aria-level=\"1\"><span style=\"font-weight: 400;\">1 gelbe Paprika<\/span><\/li>\n<li style=\"font-weight: 400;\" aria-level=\"1\"><span style=\"font-weight: 400;\">1 rote Zwiebel<\/span><\/li>\n<li style=\"font-weight: 400;\" aria-level=\"1\"><span style=\"font-weight: 400;\">\u00bd Bund frische Petersilie<\/span><\/li>\n<li style=\"font-weight: 400;\" aria-level=\"1\"><span style=\"font-weight: 400;\">Salz, Pfeffer, gemahlener Kreuzk\u00fcmmel<\/span><\/li>\n<\/ul>\n<p><strong>Zubereitung:<\/strong><\/p>\n<ol>\n<li style=\"font-weight: 400;\" aria-level=\"1\"><span style=\"font-weight: 400;\">Zwiebel und Knoblauch sch\u00e4len und fein hacken.<\/span><\/li>\n<li style=\"font-weight: 400;\" aria-level=\"1\"><span style=\"font-weight: 400;\">Melanzani waschen und in W\u00fcrfel schneiden. Paprika waschen, entkernen und ebenfalls klein w\u00fcrfeln.<\/span><\/li>\n<li style=\"font-weight: 400;\" aria-level=\"1\"><span style=\"font-weight: 400;\">Kichererbsen abgie\u00dfen, absp\u00fclen und abtropfen lassen. Petersilie waschen, trocken sch\u00fctteln und fein hacken.<\/span><\/li>\n<li style=\"font-weight: 400;\" aria-level=\"1\"><span style=\"font-weight: 400;\">Zwiebel, Knoblauch, Paprika und Melanzani mit dem Oliven\u00f6l in einer Pfanne scharf anbraten. Anschlie\u00dfend mit Gem\u00fcsesuppe und den gehackten Tomaten abl\u00f6schen.<\/span><\/li>\n<li style=\"font-weight: 400;\" aria-level=\"1\"><span style=\"font-weight: 400;\">Ajvar und Frischk\u00e4se unterr\u00fchren, mit Salz, Pfeffer und gemahlenem Kreuzk\u00fcmmel w\u00fcrzen und bei niedriger Hitze zugedeckt 10 Minuten k\u00f6cheln lassen.<\/span><\/li>\n<li style=\"font-weight: 400;\" aria-level=\"1\"><span style=\"font-weight: 400;\">In der Zwischenzeit den Couscous in einer Schale oder einem Topf mit der gleichen Menge hei\u00dfem Wasser \u00fcbergie\u00dfen und zugedeckt quellen lassen.<\/span><\/li>\n<li style=\"font-weight: 400;\" aria-level=\"1\"><span style=\"font-weight: 400;\">Melanzani-Kichererbsen-Pfanne und Couscous auf zwei Teller verteilen und mit der gehackten Petersilie garnieren.<\/span><\/li>\n<\/ol>\n<p><span style=\"font-weight: 400;\">Melanzani, oder auch Aubergine genannt, wird bereits seit Jahrtausenden in Asien kultiviert und ist erst seit wenigen Jahrzehnten auch in \u00d6sterreich auf dem Teller zu finden.<\/span><\/p>\n<p><span style=\"font-weight: 400;\">Das Gem\u00fcse ist kalorienarm und liefert viele N\u00e4hrstoffe, wie z.B. sekund\u00e4re Pflanzenstoffe, die besonders positiven Einfluss auf Verdauung und die Blutfette haben. Man kann es also gerne auch als Schlankgem\u00fcse bezeichnen.<\/span><\/p>\n<p><span style=\"font-weight: 400;\">Melanzani verf\u00fcgt \u00fcber wenig Eigengeschmack, was vielf\u00e4ltige Zubereitungen erm\u00f6glicht. Durch Verwendung verschiedenster Gew\u00fcrze und Kr\u00e4uter l\u00e4sst sich jedes Gericht mit Melanzani neu entdecken. <\/span><\/p>\n<p><span style=\"font-weight: 400;\">Mit unseren Rezeptideen kannst du f\u00fcr Abwechslung auf deinem Speiseplan sorgen und deinen K\u00f6rper mit wertvollen N\u00e4hrstoffen versorgen.<\/span>[\/vc_column_text][\/vc_column][\/vc_row]\n","protected":false},"excerpt":{"rendered":"<p>[vc_row type=&#8220;in_container&#8220; full_screen_row_position=&#8220;middle&#8220; column_margin=&#8220;default&#8220; column_direction=&#8220;default&#8220; column_direction_tablet=&#8220;default&#8220; column_direction_phone=&#8220;default&#8220; scene_position=&#8220;center&#8220; text_color=&#8220;dark&#8220; text_align=&#8220;left&#8220; row_border_radius=&#8220;none&#8220; row_border_radius_applies=&#8220;bg&#8220; overflow=&#8220;visible&#8220; overlay_strength=&#8220;0.3&#8243; gradient_direction=&#8220;left_to_right&#8220;&#8230;<\/p>\n","protected":false},"author":3,"featured_media":7367,"comment_status":"closed","ping_status":"closed","sticky":false,"template":"","format":"standard","meta":{"footnotes":""},"categories":[24],"tags":[],"class_list":{"0":"post-7366","1":"post","2":"type-post","3":"status-publish","4":"format-standard","5":"has-post-thumbnail","7":"category-produkte"},"yoast_head":"<!-- This site is optimized with the Yoast SEO plugin v25.4 - https:\/\/yoast.com\/wordpress\/plugins\/seo\/ -->\n<title>Die Welt der Melanzani: Geschmack, Zubereitung und Vorteile<\/title>\n<meta name=\"description\" content=\"Entdecke die kulinarische Vielfalt der Melanzani, auch Aubergine genannt. Rezeptideen und tolle Fakten zu dieser gesunden Eierfrucht.\" \/>\n<meta name=\"robots\" content=\"index, follow, max-snippet:-1, max-image-preview:large, max-video-preview:-1\" \/>\n<link rel=\"canonical\" href=\"https:\/\/www.vomfeld.at\/blog\/melanzani-geschmack-zubereitung-vorteile\/\" \/>\n<meta property=\"og:locale\" content=\"de_DE\" \/>\n<meta property=\"og:type\" content=\"article\" \/>\n<meta property=\"og:title\" content=\"Die Welt der Melanzani: Geschmack, Zubereitung und Vorteile\" \/>\n<meta property=\"og:description\" content=\"Entdecke die kulinarische Vielfalt der Melanzani, auch Aubergine genannt. Rezeptideen und tolle Fakten zu dieser gesunden Eierfrucht.\" \/>\n<meta property=\"og:url\" content=\"https:\/\/www.vomfeld.at\/blog\/melanzani-geschmack-zubereitung-vorteile\/\" \/>\n<meta property=\"og:site_name\" content=\"Johanna vom Feld Blog\" \/>\n<meta property=\"article:publisher\" content=\"https:\/\/www.facebook.com\/vomfeld.at\/\" \/>\n<meta property=\"article:published_time\" content=\"2023-08-23T09:07:55+00:00\" \/>\n<meta property=\"og:image\" content=\"https:\/\/www.vomfeld.at\/blog\/wp-content\/uploads\/2023\/08\/melanzani-strauch.jpg\" \/>\n\t<meta property=\"og:image:width\" content=\"1600\" \/>\n\t<meta property=\"og:image:height\" content=\"900\" \/>\n\t<meta property=\"og:image:type\" content=\"image\/jpeg\" \/>\n<meta name=\"author\" content=\"Johanna\" \/>\n<meta name=\"twitter:card\" content=\"summary_large_image\" \/>\n<meta name=\"twitter:label1\" content=\"Verfasst von\" \/>\n\t<meta name=\"twitter:data1\" content=\"Johanna\" \/>\n\t<meta name=\"twitter:label2\" content=\"Gesch\u00e4tzte Lesezeit\" \/>\n\t<meta name=\"twitter:data2\" content=\"8\u00a0Minuten\" \/>\n<script type=\"application\/ld+json\" class=\"yoast-schema-graph\">{\"@context\":\"https:\/\/schema.org\",\"@graph\":[{\"@type\":\"Article\",\"@id\":\"https:\/\/www.vomfeld.at\/blog\/melanzani-geschmack-zubereitung-vorteile\/#article\",\"isPartOf\":{\"@id\":\"https:\/\/www.vomfeld.at\/blog\/melanzani-geschmack-zubereitung-vorteile\/\"},\"author\":{\"name\":\"Johanna\",\"@id\":\"https:\/\/www.vomfeld.at\/blog\/#\/schema\/person\/8dab792dce4e00bc69ebf949f6eab1bf\"},\"headline\":\"Die Welt der Melanzani: Geschmack, Zubereitung und Vorteile\",\"datePublished\":\"2023-08-23T09:07:55+00:00\",\"mainEntityOfPage\":{\"@id\":\"https:\/\/www.vomfeld.at\/blog\/melanzani-geschmack-zubereitung-vorteile\/\"},\"wordCount\":1611,\"publisher\":{\"@id\":\"https:\/\/www.vomfeld.at\/blog\/#organization\"},\"image\":{\"@id\":\"https:\/\/www.vomfeld.at\/blog\/melanzani-geschmack-zubereitung-vorteile\/#primaryimage\"},\"thumbnailUrl\":\"https:\/\/www.vomfeld.at\/blog\/wp-content\/uploads\/2023\/08\/melanzani-strauch.jpg\",\"articleSection\":[\"Produkte\"],\"inLanguage\":\"de\"},{\"@type\":\"WebPage\",\"@id\":\"https:\/\/www.vomfeld.at\/blog\/melanzani-geschmack-zubereitung-vorteile\/\",\"url\":\"https:\/\/www.vomfeld.at\/blog\/melanzani-geschmack-zubereitung-vorteile\/\",\"name\":\"Die Welt der Melanzani: Geschmack, Zubereitung und Vorteile\",\"isPartOf\":{\"@id\":\"https:\/\/www.vomfeld.at\/blog\/#website\"},\"primaryImageOfPage\":{\"@id\":\"https:\/\/www.vomfeld.at\/blog\/melanzani-geschmack-zubereitung-vorteile\/#primaryimage\"},\"image\":{\"@id\":\"https:\/\/www.vomfeld.at\/blog\/melanzani-geschmack-zubereitung-vorteile\/#primaryimage\"},\"thumbnailUrl\":\"https:\/\/www.vomfeld.at\/blog\/wp-content\/uploads\/2023\/08\/melanzani-strauch.jpg\",\"datePublished\":\"2023-08-23T09:07:55+00:00\",\"description\":\"Entdecke die kulinarische Vielfalt der Melanzani, auch Aubergine genannt. Rezeptideen und tolle Fakten zu dieser gesunden Eierfrucht.\",\"breadcrumb\":{\"@id\":\"https:\/\/www.vomfeld.at\/blog\/melanzani-geschmack-zubereitung-vorteile\/#breadcrumb\"},\"inLanguage\":\"de\",\"potentialAction\":[{\"@type\":\"ReadAction\",\"target\":[\"https:\/\/www.vomfeld.at\/blog\/melanzani-geschmack-zubereitung-vorteile\/\"]}]},{\"@type\":\"ImageObject\",\"inLanguage\":\"de\",\"@id\":\"https:\/\/www.vomfeld.at\/blog\/melanzani-geschmack-zubereitung-vorteile\/#primaryimage\",\"url\":\"https:\/\/www.vomfeld.at\/blog\/wp-content\/uploads\/2023\/08\/melanzani-strauch.jpg\",\"contentUrl\":\"https:\/\/www.vomfeld.at\/blog\/wp-content\/uploads\/2023\/08\/melanzani-strauch.jpg\",\"width\":1600,\"height\":900,\"caption\":\"Melanzani am Strauch\"},{\"@type\":\"BreadcrumbList\",\"@id\":\"https:\/\/www.vomfeld.at\/blog\/melanzani-geschmack-zubereitung-vorteile\/#breadcrumb\",\"itemListElement\":[{\"@type\":\"ListItem\",\"position\":1,\"name\":\"Startseite\",\"item\":\"https:\/\/www.vomfeld.at\/blog\/\"},{\"@type\":\"ListItem\",\"position\":2,\"name\":\"Die Welt der Melanzani: Geschmack, Zubereitung und Vorteile\"}]},{\"@type\":\"WebSite\",\"@id\":\"https:\/\/www.vomfeld.at\/blog\/#website\",\"url\":\"https:\/\/www.vomfeld.at\/blog\/\",\"name\":\"Johanna vom Feld Blog\",\"description\":\"Mehr aus Lebensmitteln vom Feld machen\",\"publisher\":{\"@id\":\"https:\/\/www.vomfeld.at\/blog\/#organization\"},\"potentialAction\":[{\"@type\":\"SearchAction\",\"target\":{\"@type\":\"EntryPoint\",\"urlTemplate\":\"https:\/\/www.vomfeld.at\/blog\/?s={search_term_string}\"},\"query-input\":{\"@type\":\"PropertyValueSpecification\",\"valueRequired\":true,\"valueName\":\"search_term_string\"}}],\"inLanguage\":\"de\"},{\"@type\":\"Organization\",\"@id\":\"https:\/\/www.vomfeld.at\/blog\/#organization\",\"name\":\"Johanna vom Feld\",\"url\":\"https:\/\/www.vomfeld.at\/blog\/\",\"logo\":{\"@type\":\"ImageObject\",\"inLanguage\":\"de\",\"@id\":\"https:\/\/www.vomfeld.at\/blog\/#\/schema\/logo\/image\/\",\"url\":\"https:\/\/www.vomfeld.at\/blog\/wp-content\/uploads\/2018\/10\/vomfeld-logo-large.png\",\"contentUrl\":\"https:\/\/www.vomfeld.at\/blog\/wp-content\/uploads\/2018\/10\/vomfeld-logo-large.png\",\"width\":340,\"height\":200,\"caption\":\"Johanna vom Feld\"},\"image\":{\"@id\":\"https:\/\/www.vomfeld.at\/blog\/#\/schema\/logo\/image\/\"},\"sameAs\":[\"https:\/\/www.facebook.com\/vomfeld.at\/\"]},{\"@type\":\"Person\",\"@id\":\"https:\/\/www.vomfeld.at\/blog\/#\/schema\/person\/8dab792dce4e00bc69ebf949f6eab1bf\",\"name\":\"Johanna\"}]}<\/script>\n<!-- \/ Yoast SEO plugin. -->","yoast_head_json":{"title":"Die Welt der Melanzani: Geschmack, Zubereitung und Vorteile","description":"Entdecke die kulinarische Vielfalt der Melanzani, auch Aubergine genannt. Rezeptideen und tolle Fakten zu dieser gesunden Eierfrucht.","robots":{"index":"index","follow":"follow","max-snippet":"max-snippet:-1","max-image-preview":"max-image-preview:large","max-video-preview":"max-video-preview:-1"},"canonical":"https:\/\/www.vomfeld.at\/blog\/melanzani-geschmack-zubereitung-vorteile\/","og_locale":"de_DE","og_type":"article","og_title":"Die Welt der Melanzani: Geschmack, Zubereitung und Vorteile","og_description":"Entdecke die kulinarische Vielfalt der Melanzani, auch Aubergine genannt. Rezeptideen und tolle Fakten zu dieser gesunden Eierfrucht.","og_url":"https:\/\/www.vomfeld.at\/blog\/melanzani-geschmack-zubereitung-vorteile\/","og_site_name":"Johanna vom Feld Blog","article_publisher":"https:\/\/www.facebook.com\/vomfeld.at\/","article_published_time":"2023-08-23T09:07:55+00:00","og_image":[{"width":1600,"height":900,"url":"https:\/\/www.vomfeld.at\/blog\/wp-content\/uploads\/2023\/08\/melanzani-strauch.jpg","type":"image\/jpeg"}],"author":"Johanna","twitter_card":"summary_large_image","twitter_misc":{"Verfasst von":"Johanna","Gesch\u00e4tzte Lesezeit":"8\u00a0Minuten"},"schema":{"@context":"https:\/\/schema.org","@graph":[{"@type":"Article","@id":"https:\/\/www.vomfeld.at\/blog\/melanzani-geschmack-zubereitung-vorteile\/#article","isPartOf":{"@id":"https:\/\/www.vomfeld.at\/blog\/melanzani-geschmack-zubereitung-vorteile\/"},"author":{"name":"Johanna","@id":"https:\/\/www.vomfeld.at\/blog\/#\/schema\/person\/8dab792dce4e00bc69ebf949f6eab1bf"},"headline":"Die Welt der Melanzani: Geschmack, Zubereitung und Vorteile","datePublished":"2023-08-23T09:07:55+00:00","mainEntityOfPage":{"@id":"https:\/\/www.vomfeld.at\/blog\/melanzani-geschmack-zubereitung-vorteile\/"},"wordCount":1611,"publisher":{"@id":"https:\/\/www.vomfeld.at\/blog\/#organization"},"image":{"@id":"https:\/\/www.vomfeld.at\/blog\/melanzani-geschmack-zubereitung-vorteile\/#primaryimage"},"thumbnailUrl":"https:\/\/www.vomfeld.at\/blog\/wp-content\/uploads\/2023\/08\/melanzani-strauch.jpg","articleSection":["Produkte"],"inLanguage":"de"},{"@type":"WebPage","@id":"https:\/\/www.vomfeld.at\/blog\/melanzani-geschmack-zubereitung-vorteile\/","url":"https:\/\/www.vomfeld.at\/blog\/melanzani-geschmack-zubereitung-vorteile\/","name":"Die Welt der Melanzani: Geschmack, Zubereitung und Vorteile","isPartOf":{"@id":"https:\/\/www.vomfeld.at\/blog\/#website"},"primaryImageOfPage":{"@id":"https:\/\/www.vomfeld.at\/blog\/melanzani-geschmack-zubereitung-vorteile\/#primaryimage"},"image":{"@id":"https:\/\/www.vomfeld.at\/blog\/melanzani-geschmack-zubereitung-vorteile\/#primaryimage"},"thumbnailUrl":"https:\/\/www.vomfeld.at\/blog\/wp-content\/uploads\/2023\/08\/melanzani-strauch.jpg","datePublished":"2023-08-23T09:07:55+00:00","description":"Entdecke die kulinarische Vielfalt der Melanzani, auch Aubergine genannt. Rezeptideen und tolle Fakten zu dieser gesunden Eierfrucht.","breadcrumb":{"@id":"https:\/\/www.vomfeld.at\/blog\/melanzani-geschmack-zubereitung-vorteile\/#breadcrumb"},"inLanguage":"de","potentialAction":[{"@type":"ReadAction","target":["https:\/\/www.vomfeld.at\/blog\/melanzani-geschmack-zubereitung-vorteile\/"]}]},{"@type":"ImageObject","inLanguage":"de","@id":"https:\/\/www.vomfeld.at\/blog\/melanzani-geschmack-zubereitung-vorteile\/#primaryimage","url":"https:\/\/www.vomfeld.at\/blog\/wp-content\/uploads\/2023\/08\/melanzani-strauch.jpg","contentUrl":"https:\/\/www.vomfeld.at\/blog\/wp-content\/uploads\/2023\/08\/melanzani-strauch.jpg","width":1600,"height":900,"caption":"Melanzani am Strauch"},{"@type":"BreadcrumbList","@id":"https:\/\/www.vomfeld.at\/blog\/melanzani-geschmack-zubereitung-vorteile\/#breadcrumb","itemListElement":[{"@type":"ListItem","position":1,"name":"Startseite","item":"https:\/\/www.vomfeld.at\/blog\/"},{"@type":"ListItem","position":2,"name":"Die Welt der Melanzani: Geschmack, Zubereitung und Vorteile"}]},{"@type":"WebSite","@id":"https:\/\/www.vomfeld.at\/blog\/#website","url":"https:\/\/www.vomfeld.at\/blog\/","name":"Johanna vom Feld Blog","description":"Mehr aus Lebensmitteln vom Feld machen","publisher":{"@id":"https:\/\/www.vomfeld.at\/blog\/#organization"},"potentialAction":[{"@type":"SearchAction","target":{"@type":"EntryPoint","urlTemplate":"https:\/\/www.vomfeld.at\/blog\/?s={search_term_string}"},"query-input":{"@type":"PropertyValueSpecification","valueRequired":true,"valueName":"search_term_string"}}],"inLanguage":"de"},{"@type":"Organization","@id":"https:\/\/www.vomfeld.at\/blog\/#organization","name":"Johanna vom Feld","url":"https:\/\/www.vomfeld.at\/blog\/","logo":{"@type":"ImageObject","inLanguage":"de","@id":"https:\/\/www.vomfeld.at\/blog\/#\/schema\/logo\/image\/","url":"https:\/\/www.vomfeld.at\/blog\/wp-content\/uploads\/2018\/10\/vomfeld-logo-large.png","contentUrl":"https:\/\/www.vomfeld.at\/blog\/wp-content\/uploads\/2018\/10\/vomfeld-logo-large.png","width":340,"height":200,"caption":"Johanna vom Feld"},"image":{"@id":"https:\/\/www.vomfeld.at\/blog\/#\/schema\/logo\/image\/"},"sameAs":["https:\/\/www.facebook.com\/vomfeld.at\/"]},{"@type":"Person","@id":"https:\/\/www.vomfeld.at\/blog\/#\/schema\/person\/8dab792dce4e00bc69ebf949f6eab1bf","name":"Johanna"}]}},"_links":{"self":[{"href":"https:\/\/www.vomfeld.at\/blog\/wp-json\/wp\/v2\/posts\/7366","targetHints":{"allow":["GET"]}}],"collection":[{"href":"https:\/\/www.vomfeld.at\/blog\/wp-json\/wp\/v2\/posts"}],"about":[{"href":"https:\/\/www.vomfeld.at\/blog\/wp-json\/wp\/v2\/types\/post"}],"author":[{"embeddable":true,"href":"https:\/\/www.vomfeld.at\/blog\/wp-json\/wp\/v2\/users\/3"}],"replies":[{"embeddable":true,"href":"https:\/\/www.vomfeld.at\/blog\/wp-json\/wp\/v2\/comments?post=7366"}],"version-history":[{"count":2,"href":"https:\/\/www.vomfeld.at\/blog\/wp-json\/wp\/v2\/posts\/7366\/revisions"}],"predecessor-version":[{"id":7371,"href":"https:\/\/www.vomfeld.at\/blog\/wp-json\/wp\/v2\/posts\/7366\/revisions\/7371"}],"wp:featuredmedia":[{"embeddable":true,"href":"https:\/\/www.vomfeld.at\/blog\/wp-json\/wp\/v2\/media\/7367"}],"wp:attachment":[{"href":"https:\/\/www.vomfeld.at\/blog\/wp-json\/wp\/v2\/media?parent=7366"}],"wp:term":[{"taxonomy":"category","embeddable":true,"href":"https:\/\/www.vomfeld.at\/blog\/wp-json\/wp\/v2\/categories?post=7366"},{"taxonomy":"post_tag","embeddable":true,"href":"https:\/\/www.vomfeld.at\/blog\/wp-json\/wp\/v2\/tags?post=7366"}],"curies":[{"name":"wp","href":"https:\/\/api.w.org\/{rel}","templated":true}]}}