{"id":7337,"date":"2023-06-28T10:11:11","date_gmt":"2023-06-28T08:11:11","guid":{"rendered":"https:\/\/www.vomfeld.at\/blog\/?p=7337"},"modified":"2023-06-28T10:11:11","modified_gmt":"2023-06-28T08:11:11","slug":"gesund-und-exotisch-die-vorzuege-von-ananas-papaya-und-passionsfrucht","status":"publish","type":"post","link":"https:\/\/www.vomfeld.at\/blog\/gesund-und-exotisch-die-vorzuege-von-ananas-papaya-und-passionsfrucht\/","title":{"rendered":"Gesund und exotisch: Die Vorz\u00fcge von Ananas, Papaya und Passionsfrucht"},"content":{"rendered":"[vc_row type=&#8220;in_container&#8220; full_screen_row_position=&#8220;middle&#8220; column_margin=&#8220;default&#8220; column_direction=&#8220;default&#8220; column_direction_tablet=&#8220;default&#8220; column_direction_phone=&#8220;default&#8220; scene_position=&#8220;center&#8220; text_color=&#8220;dark&#8220; text_align=&#8220;left&#8220; row_border_radius=&#8220;none&#8220; row_border_radius_applies=&#8220;bg&#8220; overflow=&#8220;visible&#8220; overlay_strength=&#8220;0.3&#8243; gradient_direction=&#8220;left_to_right&#8220; shape_divider_position=&#8220;bottom&#8220; bg_image_animation=&#8220;none&#8220;][vc_column column_padding=&#8220;no-extra-padding&#8220; column_padding_tablet=&#8220;inherit&#8220; column_padding_phone=&#8220;inherit&#8220; column_padding_position=&#8220;all&#8220; column_element_direction_desktop=&#8220;default&#8220; column_element_spacing=&#8220;default&#8220; desktop_text_alignment=&#8220;default&#8220; tablet_text_alignment=&#8220;default&#8220; phone_text_alignment=&#8220;default&#8220; background_color_opacity=&#8220;1&#8243; background_hover_color_opacity=&#8220;1&#8243; column_backdrop_filter=&#8220;none&#8220; column_shadow=&#8220;none&#8220; column_border_radius=&#8220;none&#8220; column_link_target=&#8220;_self&#8220; column_position=&#8220;default&#8220; gradient_direction=&#8220;left_to_right&#8220; overlay_strength=&#8220;0.3&#8243; width=&#8220;1\/1&#8243; tablet_width_inherit=&#8220;default&#8220; animation_type=&#8220;default&#8220; bg_image_animation=&#8220;none&#8220; border_type=&#8220;simple&#8220; column_border_width=&#8220;none&#8220; column_border_style=&#8220;solid&#8220;][vc_column_text]<span style=\"font-weight: 400;\">Die Auswahl an verschiedensten Obst- und Gem\u00fcsesorten wird scheinbar immer umfangreicher. Wenn man sich die Marktst\u00e4nde und Verkaufsfl\u00e4chen so ansieht, findet man l\u00e4ngst nicht mehr nur heimisches Obst und Gem\u00fcse.<\/span><\/p>\n<p><span style=\"font-weight: 400;\">Einst z\u00e4hlte die Banane zu den <a href=\"https:\/\/www.vomfeld.at\/c\/obst\/exotische-fruechte\/\" target=\"_blank\" rel=\"noopener\">exotischen Fr\u00fcchten<\/a>, doch heutzutage ist sie aus den Obstregalen gar nicht mehr wegzudenken. Im Urlaub entdeckt man h\u00e4ufig neue Fr\u00fcchte f\u00fcr sich und vermisst dann zuhause den Geschmack des S\u00fcdens.<\/span><\/p>\n<p><span style=\"font-weight: 400;\">Einige exotische Fr\u00fcchte sind mittlerweile auch in \u00d6sterreich erh\u00e4ltlich. Wir haben <strong>Ananas, Papaya und Passionsfrucht<\/strong> mal genauer unter die Lupe genommen und m\u00f6chten dir nun die Vorz\u00fcge dieser Fr\u00fcchte im folgenden Beitrag n\u00e4herbringen.<\/span><\/p>\n<h2>Die Ananas<\/h2>\n<p><span style=\"font-weight: 400;\">Bei dieser Frucht handelt es sich wohl um die <strong>K\u00f6nigin der Fr\u00fcchte,<\/strong> denn sie tr\u00e4gt eine Krone. Die Ananas stammt urspr\u00fcnglich aus S\u00fcdamerika, wobei Botaniker den Ursprung in Paraguay vermuten. Sie wird vor allem in <strong>Mittel- und S\u00fcdamerika<\/strong> angebaut, als auch in Thailand, Afrika und China.<\/span><\/p>\n<p><span style=\"font-weight: 400;\">Man mag es kaum glauben, aber bis die Frucht geerntet werden kann, k\u00f6nnen bis zu drei Jahre vergehen. Es gibt mittlerweile ungef\u00e4hr <strong>100 verschiedene Sorten,<\/strong> die ein bis vier Kilo schwere Fr\u00fcchte ausbilden.<\/span><\/p>\n<p><span style=\"font-weight: 400;\">In \u00d6sterreich ist die Ananas <strong>fast ganzj\u00e4hrig erh\u00e4ltlich,<\/strong> wobei um die Weihnachtszeit das Angebot meist gr\u00f6\u00dfer ist. Die Frucht schmeckt s\u00fc\u00df-s\u00e4uerlich und sehr saftig.<\/span><\/p>\n<p><span style=\"font-weight: 400;\">Sie enth\u00e4lt Vitamin C und macht Eiwei\u00df aufgrund des enthaltenen Enzyms <strong>Bromelain<\/strong> bek\u00f6mmlicher. Das Enzym unterst\u00fctzt bei der Aufspaltung von Eiwei\u00df, so kann man beispielsweise Fleisch leichter verdauen, wenn es vor der Zubereitung in Ananassaft eingelegt wird.<\/span><\/p>\n<p><span style=\"font-weight: 400;\">Bromelain kann auch bei der Heilung von Prellungen und Bluterg\u00fcssen unterst\u00fctzend wirken und auch Schwellungen in der Nase und den Nasennebenh\u00f6hlen schneller abklingen lassen. Rohe Ananas sollte aufgrund des enthaltenen Enzyms <strong>nicht mit Gelatine vermengt werden,<\/strong> da es das Erstarren verhindert.<\/span><\/p>\n<p><span style=\"font-weight: 400;\">Ebenfalls sorgt dieses Bromelain daf\u00fcr, dass rohe Ananas Milchprodukten einen bitteren Geschmack verleiht. Die rohe Frucht kurz mit hei\u00dfem Wasser \u00fcbergie\u00dfen, kann den Effekt mildern.<\/span><\/p>\n<p><span style=\"font-weight: 400;\">Frische Ananas kann man gut erkennen, wenn sich die inneren Bl\u00e4tter leicht herauszupfen lassen. Hat man eine ganze reife Frucht gekauft, kann man sie bei Zimmertemperatur <strong>2-3 Tage lagern. <\/strong><\/span><\/p>\n<p><span style=\"font-weight: 400;\">Angeschnittene Fr\u00fcchte sollte man im K\u00fchlschrank aufbewahren und innerhalb von 1-2 Tagen verzehren.\u00a0<\/span><\/p>\n<h2>Die Papaya<\/h2>\n<p><span style=\"font-weight: 400;\">Die Papaya wird auch gerne als <strong>Baummelone<\/strong> bezeichnet, denn sie w\u00e4chst auf B\u00e4umen und \u00e4hnelt vom Aussehen und dem Geschmack her einer Zuckermelone. Sie stammt urspr\u00fcnglich aus S\u00fcdamerika und ist fast ganzj\u00e4hrig erh\u00e4ltlich.<\/span><\/p>\n<p><span style=\"font-weight: 400;\">Diese Frucht schmeckt s\u00fc\u00dflich mild und ist sehr saftig. Sie gilt als <strong>Schlankfrucht,<\/strong> denn der Verzehr unterst\u00fctzt die Eiwei\u00dfspaltung und kurbelt die Fettverbrennung an. Zudem verhindert das enthaltene Enzym Papain die Einlagerung von Depotfett im K\u00f6rper.<\/span><\/p>\n<p><span style=\"font-weight: 400;\">Papaya enth\u00e4lt zudem viel Vitamin A und C und ist reich an Kalium. Beim Einkauf sollte man darauf achten, reife Fr\u00fcchte zu kaufen, denn sie <strong>reifen kaum nach.<\/strong> Ob eine Papaya reif ist, kann man an ihrer gelb gef\u00e4rbten Schale erkennen und durch Nachgeben der Schale bei leichtem Fingerdruck.<\/span><\/p>\n<p><span style=\"font-weight: 400;\">Im K\u00fchlschrank ist die Frucht <strong>bis zu einer Woche haltbar,<\/strong> bei Zimmertemperatur sollte man sie innerhalb von 2-3 Tagen vollst\u00e4ndig verzehren. F\u00fcr eine l\u00e4ngere Haltbarkeit kann man das Fruchtfleisch auch p\u00fcrieren oder klein w\u00fcrfeln, mit Zitronensaft betr\u00e4ufeln und einfrieren.<\/span><\/p>\n<p><span style=\"font-weight: 400;\">Auch die Kerne der Papaya sind verzehrbar. Man sollte sie jedoch trocknen oder in einer Pfanne oder im Backrohr r\u00f6sten, um sie l\u00e4nger haltbar zu machen. Sie schmecken ein wenig nach Pfeffer und Kresse und enthalten gro\u00dfe Mengen des Enzyms <strong>Papain.<\/strong><\/span><\/p>\n<p><span style=\"font-weight: 400;\">Die getrockneten Kerne eignen sich wunderbar zu Salaten, Suppen und Eint\u00f6pfen.<\/span>[\/vc_column_text][divider line_type=&#8220;No Line&#8220; custom_height=&#8220;20&#8243;][image_with_animation image_url=&#8220;7339&#8243; image_size=&#8220;full&#8220; animation_type=&#8220;entrance&#8220; animation=&#8220;Fade In&#8220; animation_easing=&#8220;default&#8220; animation_movement_type=&#8220;transform_y&#8220; hover_animation=&#8220;none&#8220; alignment=&#8220;center&#8220; img_link_large=&#8220;yes&#8220; border_radius=&#8220;none&#8220; box_shadow=&#8220;none&#8220; image_loading=&#8220;default&#8220; max_width=&#8220;100%&#8220; max_width_mobile=&#8220;default&#8220;][divider line_type=&#8220;No Line&#8220; custom_height=&#8220;20&#8243;][vc_column_text]\n<h2>Die Passionsfrucht<\/h2>\n<p><span style=\"font-weight: 400;\">Die Passionsfrucht, auch <strong>Maracuja<\/strong> genannt, verdankt ihren Namen gl\u00e4ubigen Menschen, die in den sch\u00f6nen Bl\u00fcten mit ihren Stempeln die Dornenkrone Christi erkannten.<\/span><\/p>\n<p><span style=\"font-weight: 400;\">Doch wer den Geschmack dieser Frucht erstmal f\u00fcr sich entdeckt hat, wird dieses Obst mit Passion bzw. Leidenschaft verzehren. Ihren Ursprung findet man auch bei dieser Frucht in S\u00fcdamerika, wobei Brasilien als Hauptlieferant gilt.<\/span><\/p>\n<p><span style=\"font-weight: 400;\">Sie ist in \u00d6sterreich fast ganzj\u00e4hrig erh\u00e4ltlich und verf\u00fcgt \u00fcber einen einzigartigen s\u00fc\u00df-s\u00e4uerlichen Geschmack. Sie enth\u00e4lt Vitamin A und C und ist reich an Magnesium, Calcium und Phosphor. Sie wirkt sanft entw\u00e4ssernd und reduziert antioxidativen Stress.<\/span><\/p>\n<p><span style=\"font-weight: 400;\">Die Kerne enthalten wertvolle Ballaststoffe, die die Darmperistaltik anregen und zu einer gesunden Darmflora beitragen. Daher sollte man das Fruchtfleisch zusammen mit den Kernen verzehren.<\/span><\/p>\n<p><span style=\"font-weight: 400;\">Wer einen s\u00e4uerlich frischen Geschmack bevorzugt, sollte beim Einkauf zu Fr\u00fcchten mit glatter Schale greifen, f\u00fcr mehr S\u00fc\u00dfe sollte man Passionsfr\u00fcchte mit schrumpeliger Schale w\u00e4hlen.<\/span><\/p>\n<p><span style=\"font-weight: 400;\">Als Tropenfrucht kann dieses Obst mit K\u00e4lte nicht gut umgehen, daher sollte man sie bei Zimmertemperatur lagern. Ganze Fr\u00fcchte sind bis zu einer Woche haltbar, angeschnittene Fr\u00fcchte sollten lieber gleich verzehrt werden.<\/span><\/p>\n<h2>Urlaubsfeeling auf dem Teller<\/h2>\n<p><span style=\"font-weight: 400;\">Exotische Fr\u00fcchte schmecken wunderbar als Snack oder als Zutat im Obstsalat. Wir haben dir ein paar Rezeptideen zusammengestellt, mit denen du f\u00fcr einen ordentlichen Vitaminschub und Urlaubsfeeling auf dem Teller sorgen kannst.<\/span><\/p>\n<h3>Exotic Smoothie<\/h3>\n<p><strong>Zutaten f\u00fcr 2 Portionen:<\/strong><\/p>\n<ul>\n<li style=\"font-weight: 400;\" aria-level=\"1\"><span style=\"font-weight: 400;\">2 Passionsfr\u00fcchte<\/span><\/li>\n<li style=\"font-weight: 400;\" aria-level=\"1\"><span style=\"font-weight: 400;\">\u00bc Ananas<\/span><\/li>\n<li style=\"font-weight: 400;\" aria-level=\"1\"><span style=\"font-weight: 400;\">\u00bc Papaya<\/span><\/li>\n<li style=\"font-weight: 400;\" aria-level=\"1\"><span style=\"font-weight: 400;\">1 EL Honig oder Agavendicksaft<\/span><\/li>\n<li style=\"font-weight: 400;\" aria-level=\"1\"><span style=\"font-weight: 400;\">Saft einer halben Zitrone<\/span><\/li>\n<\/ul>\n<p><strong>Zubereitung:<\/strong><\/p>\n<ol>\n<li style=\"font-weight: 400;\" aria-level=\"1\"><span style=\"font-weight: 400;\">Ananas sch\u00e4len, Strunk entfernen und das Fruchtfleisch in grobe W\u00fcrfel schneiden.<\/span><\/li>\n<li style=\"font-weight: 400;\" aria-level=\"1\"><span style=\"font-weight: 400;\">Die Papaya ebenfalls sch\u00e4len, halbieren, die Kerne ausschaben und das Fruchtfleisch grob schneiden.<\/span><\/li>\n<li style=\"font-weight: 400;\" aria-level=\"1\"><span style=\"font-weight: 400;\">Die Passionsfr\u00fcchte halbieren und das Fruchtmark mit einem L\u00f6ffel ausschaben.<\/span><\/li>\n<li style=\"font-weight: 400;\" aria-level=\"1\"><span style=\"font-weight: 400;\">Zitrone halbieren und den Saft einer Zitronenh\u00e4lfte auspressen.<\/span><\/li>\n<li style=\"font-weight: 400;\" aria-level=\"1\"><span style=\"font-weight: 400;\">Die kleingeschnittenen Fr\u00fcchte und das Fruchtmark in einen Standmixer f\u00fcllen, Honig oder Agavendicksaft zuf\u00fcgen und mit dem Zitronensaft \u00fcbergie\u00dfen.<\/span><\/li>\n<li style=\"font-weight: 400;\" aria-level=\"1\"><span style=\"font-weight: 400;\">Alle Zutaten fein p\u00fcrieren und nach Belieben mit Wasser aufgie\u00dfen. In Gl\u00e4ser f\u00fcllen und genie\u00dfen.<\/span><\/li>\n<\/ol>\n[\/vc_column_text][divider line_type=&#8220;No Line&#8220; custom_height=&#8220;20&#8243;][image_with_animation image_url=&#8220;7340&#8243; image_size=&#8220;full&#8220; animation_type=&#8220;entrance&#8220; animation=&#8220;Fade In&#8220; animation_easing=&#8220;default&#8220; animation_movement_type=&#8220;transform_y&#8220; hover_animation=&#8220;none&#8220; alignment=&#8220;center&#8220; img_link_large=&#8220;yes&#8220; border_radius=&#8220;none&#8220; box_shadow=&#8220;none&#8220; image_loading=&#8220;default&#8220; max_width=&#8220;100%&#8220; max_width_mobile=&#8220;default&#8220;][divider line_type=&#8220;No Line&#8220; custom_height=&#8220;20&#8243;][vc_column_text]\n<h3>Kokosmilchreis mit exotischem R\u00f6ster<\/h3>\n<p><strong>Zutaten f\u00fcr 2 Portionen:<\/strong><\/p>\n<ul>\n<li style=\"font-weight: 400;\" aria-level=\"1\"><span style=\"font-weight: 400;\">400ml Kokosmilch aus der Dose<\/span><\/li>\n<li style=\"font-weight: 400;\" aria-level=\"1\"><span style=\"font-weight: 400;\">\u00a0<\/span><span style=\"font-weight: 400;\">300ml Wasser<\/span><\/li>\n<li style=\"font-weight: 400;\" aria-level=\"1\"><span style=\"font-weight: 400;\">125g Milchreis oder Risottoreis<\/span><\/li>\n<li style=\"font-weight: 400;\" aria-level=\"1\"><span style=\"font-weight: 400;\">70g Zucker<\/span><\/li>\n<li style=\"font-weight: 400;\" aria-level=\"1\"><span style=\"font-weight: 400;\">10g Maisst\u00e4rke<\/span><\/li>\n<li style=\"font-weight: 400;\" aria-level=\"1\"><span style=\"font-weight: 400;\">2 Passionsfr\u00fcchte<\/span><\/li>\n<li style=\"font-weight: 400;\" aria-level=\"1\"><span style=\"font-weight: 400;\">2 EL Kokosflocken<\/span><\/li>\n<li style=\"font-weight: 400;\" aria-level=\"1\"><span style=\"font-weight: 400;\">\u00bd Papaya<\/span><\/li>\n<li style=\"font-weight: 400;\" aria-level=\"1\"><span style=\"font-weight: 400;\">\u00bc Ananas<\/span><\/li>\n<\/ul>\n<p><strong>Zubereitung:<\/strong><\/p>\n<ol>\n<li style=\"font-weight: 400;\" aria-level=\"1\"><span style=\"font-weight: 400;\">Reis mit Kokosmilch, 200ml Wasser und 40g Zucker unter gelegentlichem R\u00fchren k\u00f6cheln, bis die Fl\u00fcssigkeit fast vollst\u00e4ndig aufgesogen ist und der Reis gar ist.<\/span><\/li>\n<li style=\"font-weight: 400;\" aria-level=\"1\"><span style=\"font-weight: 400;\">Ananas sch\u00e4len, Strunk entfernen und das Fruchtfleisch in kleine W\u00fcrfel schneiden.<\/span><\/li>\n<li style=\"font-weight: 400;\" aria-level=\"1\"><span style=\"font-weight: 400;\">Papaya sch\u00e4len, halbieren, Kerne mit einem L\u00f6ffel ausschaben und das Fruchtfleisch ebenfalls klein w\u00fcrfeln.<\/span><\/li>\n<li style=\"font-weight: 400;\" aria-level=\"1\"><span style=\"font-weight: 400;\">Die Passionsfr\u00fcchte halbieren und das Fruchtmark mit einem L\u00f6ffel entnehmen.<\/span><\/li>\n<li style=\"font-weight: 400;\" aria-level=\"1\"><span style=\"font-weight: 400;\">Die Ananas, Papaya und das Fruchtmark der Passionsfr\u00fcchte zusammen mit dem restlichen Zucker und 100ml Wasser in einer tiefen Pfanne zum Kochen bringen.<\/span><\/li>\n<li style=\"font-weight: 400;\" aria-level=\"1\"><span style=\"font-weight: 400;\">Maisst\u00e4rke mit 1-2 EL Wasser glattr\u00fchren und dem Fruchtmix zuf\u00fcgen. Unter R\u00fchren 2-3 Minuten k\u00f6cheln lassen, bis die Masse ein wenig eindickt.<\/span><\/li>\n<li style=\"font-weight: 400;\" aria-level=\"1\"><span style=\"font-weight: 400;\">Den Kokosmilchreis auf zwei Schalen verteilen, mit dem exotischen R\u00f6ster \u00fcbergie\u00dfen und mit den Kokosflocken garnieren.<\/span><\/li>\n<\/ol>\n<p><span style=\"font-weight: 400;\">\u00a0<\/span><\/p>\n<h3>Exotische Fr\u00fcchte-Tarte<\/h3>\n<p><strong>Zutaten f\u00fcr 1 Tarteform:<\/strong><\/p>\n<ul>\n<li style=\"font-weight: 400;\" aria-level=\"1\"><span style=\"font-weight: 400;\">150g glattes Mehl (z.B. Weizen oder Dinkel)<\/span><\/li>\n<li style=\"font-weight: 400;\" aria-level=\"1\"><span style=\"font-weight: 400;\">100g Butter<\/span><\/li>\n<li style=\"font-weight: 400;\" aria-level=\"1\"><span style=\"font-weight: 400;\">50g Staubzucker<\/span><\/li>\n<li style=\"font-weight: 400;\" aria-level=\"1\"><span style=\"font-weight: 400;\">20g Zucker<\/span><\/li>\n<li style=\"font-weight: 400;\" aria-level=\"1\"><span style=\"font-weight: 400;\">10g Kokosbl\u00fctensirup<\/span><\/li>\n<li style=\"font-weight: 400;\" aria-level=\"1\"><span style=\"font-weight: 400;\">2 EL Wasser<\/span><\/li>\n<li style=\"font-weight: 400;\" aria-level=\"1\"><span style=\"font-weight: 400;\">2 Passionsfr\u00fcchte<\/span><\/li>\n<li style=\"font-weight: 400;\" aria-level=\"1\"><span style=\"font-weight: 400;\">1 Prise Salz<\/span><\/li>\n<li style=\"font-weight: 400;\" aria-level=\"1\"><span style=\"font-weight: 400;\">\u00bd Papaya<\/span><\/li>\n<li style=\"font-weight: 400;\" aria-level=\"1\"><span style=\"font-weight: 400;\">\u00bd Ananas<\/span><\/li>\n<\/ul>\n<p><strong>Zubereitung:<\/strong><\/p>\n<ol>\n<li style=\"font-weight: 400;\" aria-level=\"1\"><span style=\"font-weight: 400;\">Mehl, Butter, Staubzucker, Wasser und eine Prise Salz miteinander vermengen und zu einem glatten Teig verkneten.<\/span><\/li>\n<li style=\"font-weight: 400;\" aria-level=\"1\"><span style=\"font-weight: 400;\">Zwischen zwei B\u00f6gen Backpapier zu einer runden Form ausrollen, mit samt der unteren Lage Backpapier in eine Tarteform legen und den Teig an den R\u00e4ndern hochziehen und andr\u00fccken.<\/span><\/li>\n<li style=\"font-weight: 400;\" aria-level=\"1\"><span style=\"font-weight: 400;\">Den Teig mit einer Gabel mehrfach einstechen und im vorgeheizten Backrohr bei 200\u00b0C (Ober-\/Unterhitze) ca. 20 Minuten hellbraun backen.<\/span><\/li>\n<li style=\"font-weight: 400;\" aria-level=\"1\"><span style=\"font-weight: 400;\">In der Zwischenzeit die Passionsfr\u00fcchte halbieren, das Fruchtmark entnehmen und zusammen mit dem Zucker in einem Topf kurz aufkochen und anschlie\u00dfend abk\u00fchlen lassen.<\/span><\/li>\n<li style=\"font-weight: 400;\" aria-level=\"1\"><span style=\"font-weight: 400;\">Ananas sch\u00e4len, Strunk entfernen und das Fruchtfleisch in 1-2 cm dicke Streifen schneiden.<\/span><\/li>\n<li style=\"font-weight: 400;\" aria-level=\"1\"><span style=\"font-weight: 400;\">Papaya ebenfalls sch\u00e4len, halbieren und die Kerne mit einem L\u00f6ffel entnehmen. Das Fruchtfleisch auch in 1-2 cm dicke Streifen schneiden.<\/span><\/li>\n<li style=\"font-weight: 400;\" aria-level=\"1\"><span style=\"font-weight: 400;\">Die Ananas- und Papaya-Streifen in einer Pfanne ohne \u00d6l beidseitig goldbraun anbraten.<\/span><\/li>\n<li style=\"font-weight: 400;\" aria-level=\"1\"><span style=\"font-weight: 400;\">Tarte aus der Form nehmen und mit den gekochten Passionsfr\u00fcchten gleichm\u00e4\u00dfig bestreichen. Anschlie\u00dfend abwechselnd mit den gebratenen Ananas- und Papaya-Streifen belegen.<\/span><\/li>\n<li style=\"font-weight: 400;\" aria-level=\"1\"><span style=\"font-weight: 400;\">Vor dem Servieren mit Kokosbl\u00fctensirup garnieren.<\/span><\/li>\n<\/ol>\n<p><span style=\"font-weight: 400;\">Um geschmacklich f\u00fcr mehr Abwechslung auf dem Obstteller zu sorgen, lohnt es sich, exotische Fr\u00fcchte zu probieren. Ananas, Papaya und Passionsfr\u00fcchte stammen urspr\u00fcnglich aus S\u00fcdamerika und sind in \u00d6sterreich fast ganzj\u00e4hrig erh\u00e4ltlich.<\/span><\/p>\n<p><span style=\"font-weight: 400;\">Diese Fr\u00fcchte liefern wertvolle Vitamine und Mineralstoffe, die viele K\u00f6rperfunktionen positiv beeinflussen. Der Genuss exotischer Fr\u00fcchte wirkt sich daher besonders <strong>positiv auf Gesundheit und Wohlbefinden<\/strong> aus. Achte beim Einkauf auf reife Fr\u00fcchte.<\/span><\/p>\n<p><span style=\"font-weight: 400;\">Bei richtiger Lagerung kannst du sie auch mehrere Tage genie\u00dfen. Exotisches Obst schmeckt vor allem roh erfrischend lecker.<\/span><\/p>\n<p><span style=\"font-weight: 400;\">Mit unseren Rezeptideen kannst du deinen Speiseplan erweitern und Urlaubsfeeling auf den Teller zaubern.<\/span>[\/vc_column_text][\/vc_column][\/vc_row]\n","protected":false},"excerpt":{"rendered":"<p>[vc_row type=&#8220;in_container&#8220; full_screen_row_position=&#8220;middle&#8220; column_margin=&#8220;default&#8220; column_direction=&#8220;default&#8220; column_direction_tablet=&#8220;default&#8220; column_direction_phone=&#8220;default&#8220; scene_position=&#8220;center&#8220; text_color=&#8220;dark&#8220; text_align=&#8220;left&#8220; row_border_radius=&#8220;none&#8220; row_border_radius_applies=&#8220;bg&#8220; overflow=&#8220;visible&#8220; overlay_strength=&#8220;0.3&#8243; gradient_direction=&#8220;left_to_right&#8220;&#8230;<\/p>\n","protected":false},"author":3,"featured_media":7338,"comment_status":"closed","ping_status":"closed","sticky":false,"template":"","format":"standard","meta":{"footnotes":""},"categories":[24],"tags":[],"class_list":{"0":"post-7337","1":"post","2":"type-post","3":"status-publish","4":"format-standard","5":"has-post-thumbnail","7":"category-produkte"},"yoast_head":"<!-- This site is optimized with the Yoast SEO plugin v25.4 - https:\/\/yoast.com\/wordpress\/plugins\/seo\/ -->\n<title>Gesund und exotisch: Ananas, Papaya und Mango | vomfeld.at<\/title>\n<meta name=\"description\" content=\"Erfahre die Vorz\u00fcge von Ananas, Papaya und Passionsfrucht. Entdecke k\u00f6stliche Rezepte und hol dir das Urlaubsfeeling auf den Teller.\" \/>\n<meta name=\"robots\" content=\"index, follow, max-snippet:-1, max-image-preview:large, max-video-preview:-1\" \/>\n<link rel=\"canonical\" href=\"https:\/\/www.vomfeld.at\/blog\/gesund-und-exotisch-die-vorzuege-von-ananas-papaya-und-passionsfrucht\/\" \/>\n<meta property=\"og:locale\" content=\"de_DE\" \/>\n<meta property=\"og:type\" content=\"article\" \/>\n<meta property=\"og:title\" content=\"Gesund und exotisch: Ananas, Papaya und Mango | vomfeld.at\" \/>\n<meta property=\"og:description\" content=\"Erfahre die Vorz\u00fcge von Ananas, Papaya und Passionsfrucht. Entdecke k\u00f6stliche Rezepte und hol dir das Urlaubsfeeling auf den Teller.\" \/>\n<meta property=\"og:url\" content=\"https:\/\/www.vomfeld.at\/blog\/gesund-und-exotisch-die-vorzuege-von-ananas-papaya-und-passionsfrucht\/\" \/>\n<meta property=\"og:site_name\" content=\"Johanna vom Feld Blog\" \/>\n<meta property=\"article:publisher\" content=\"https:\/\/www.facebook.com\/vomfeld.at\/\" \/>\n<meta property=\"article:published_time\" content=\"2023-06-28T08:11:11+00:00\" \/>\n<meta property=\"og:image\" content=\"https:\/\/www.vomfeld.at\/blog\/wp-content\/uploads\/2023\/06\/papaya-pink.jpg\" \/>\n\t<meta property=\"og:image:width\" content=\"1600\" \/>\n\t<meta property=\"og:image:height\" content=\"1000\" \/>\n\t<meta property=\"og:image:type\" content=\"image\/jpeg\" \/>\n<meta name=\"author\" content=\"Johanna\" \/>\n<meta name=\"twitter:card\" content=\"summary_large_image\" \/>\n<meta name=\"twitter:label1\" content=\"Verfasst von\" \/>\n\t<meta name=\"twitter:data1\" content=\"Johanna\" \/>\n\t<meta name=\"twitter:label2\" content=\"Gesch\u00e4tzte Lesezeit\" \/>\n\t<meta name=\"twitter:data2\" content=\"8\u00a0Minuten\" \/>\n<script type=\"application\/ld+json\" class=\"yoast-schema-graph\">{\"@context\":\"https:\/\/schema.org\",\"@graph\":[{\"@type\":\"Article\",\"@id\":\"https:\/\/www.vomfeld.at\/blog\/gesund-und-exotisch-die-vorzuege-von-ananas-papaya-und-passionsfrucht\/#article\",\"isPartOf\":{\"@id\":\"https:\/\/www.vomfeld.at\/blog\/gesund-und-exotisch-die-vorzuege-von-ananas-papaya-und-passionsfrucht\/\"},\"author\":{\"name\":\"Johanna\",\"@id\":\"https:\/\/www.vomfeld.at\/blog\/#\/schema\/person\/8dab792dce4e00bc69ebf949f6eab1bf\"},\"headline\":\"Gesund und exotisch: Die Vorz\u00fcge von Ananas, Papaya und Passionsfrucht\",\"datePublished\":\"2023-06-28T08:11:11+00:00\",\"mainEntityOfPage\":{\"@id\":\"https:\/\/www.vomfeld.at\/blog\/gesund-und-exotisch-die-vorzuege-von-ananas-papaya-und-passionsfrucht\/\"},\"wordCount\":1759,\"publisher\":{\"@id\":\"https:\/\/www.vomfeld.at\/blog\/#organization\"},\"image\":{\"@id\":\"https:\/\/www.vomfeld.at\/blog\/gesund-und-exotisch-die-vorzuege-von-ananas-papaya-und-passionsfrucht\/#primaryimage\"},\"thumbnailUrl\":\"https:\/\/www.vomfeld.at\/blog\/wp-content\/uploads\/2023\/06\/papaya-pink.jpg\",\"articleSection\":[\"Produkte\"],\"inLanguage\":\"de\"},{\"@type\":\"WebPage\",\"@id\":\"https:\/\/www.vomfeld.at\/blog\/gesund-und-exotisch-die-vorzuege-von-ananas-papaya-und-passionsfrucht\/\",\"url\":\"https:\/\/www.vomfeld.at\/blog\/gesund-und-exotisch-die-vorzuege-von-ananas-papaya-und-passionsfrucht\/\",\"name\":\"Gesund und exotisch: Ananas, Papaya und Mango | vomfeld.at\",\"isPartOf\":{\"@id\":\"https:\/\/www.vomfeld.at\/blog\/#website\"},\"primaryImageOfPage\":{\"@id\":\"https:\/\/www.vomfeld.at\/blog\/gesund-und-exotisch-die-vorzuege-von-ananas-papaya-und-passionsfrucht\/#primaryimage\"},\"image\":{\"@id\":\"https:\/\/www.vomfeld.at\/blog\/gesund-und-exotisch-die-vorzuege-von-ananas-papaya-und-passionsfrucht\/#primaryimage\"},\"thumbnailUrl\":\"https:\/\/www.vomfeld.at\/blog\/wp-content\/uploads\/2023\/06\/papaya-pink.jpg\",\"datePublished\":\"2023-06-28T08:11:11+00:00\",\"description\":\"Erfahre die Vorz\u00fcge von Ananas, Papaya und Passionsfrucht. Entdecke k\u00f6stliche Rezepte und hol dir das Urlaubsfeeling auf den Teller.\",\"breadcrumb\":{\"@id\":\"https:\/\/www.vomfeld.at\/blog\/gesund-und-exotisch-die-vorzuege-von-ananas-papaya-und-passionsfrucht\/#breadcrumb\"},\"inLanguage\":\"de\",\"potentialAction\":[{\"@type\":\"ReadAction\",\"target\":[\"https:\/\/www.vomfeld.at\/blog\/gesund-und-exotisch-die-vorzuege-von-ananas-papaya-und-passionsfrucht\/\"]}]},{\"@type\":\"ImageObject\",\"inLanguage\":\"de\",\"@id\":\"https:\/\/www.vomfeld.at\/blog\/gesund-und-exotisch-die-vorzuege-von-ananas-papaya-und-passionsfrucht\/#primaryimage\",\"url\":\"https:\/\/www.vomfeld.at\/blog\/wp-content\/uploads\/2023\/06\/papaya-pink.jpg\",\"contentUrl\":\"https:\/\/www.vomfeld.at\/blog\/wp-content\/uploads\/2023\/06\/papaya-pink.jpg\",\"width\":1600,\"height\":1000,\"caption\":\"Papaya auf pinker Unterlage\"},{\"@type\":\"BreadcrumbList\",\"@id\":\"https:\/\/www.vomfeld.at\/blog\/gesund-und-exotisch-die-vorzuege-von-ananas-papaya-und-passionsfrucht\/#breadcrumb\",\"itemListElement\":[{\"@type\":\"ListItem\",\"position\":1,\"name\":\"Startseite\",\"item\":\"https:\/\/www.vomfeld.at\/blog\/\"},{\"@type\":\"ListItem\",\"position\":2,\"name\":\"Gesund und exotisch: Die Vorz\u00fcge von Ananas, Papaya und Passionsfrucht\"}]},{\"@type\":\"WebSite\",\"@id\":\"https:\/\/www.vomfeld.at\/blog\/#website\",\"url\":\"https:\/\/www.vomfeld.at\/blog\/\",\"name\":\"Johanna vom Feld Blog\",\"description\":\"Mehr aus Lebensmitteln vom Feld machen\",\"publisher\":{\"@id\":\"https:\/\/www.vomfeld.at\/blog\/#organization\"},\"potentialAction\":[{\"@type\":\"SearchAction\",\"target\":{\"@type\":\"EntryPoint\",\"urlTemplate\":\"https:\/\/www.vomfeld.at\/blog\/?s={search_term_string}\"},\"query-input\":{\"@type\":\"PropertyValueSpecification\",\"valueRequired\":true,\"valueName\":\"search_term_string\"}}],\"inLanguage\":\"de\"},{\"@type\":\"Organization\",\"@id\":\"https:\/\/www.vomfeld.at\/blog\/#organization\",\"name\":\"Johanna vom Feld\",\"url\":\"https:\/\/www.vomfeld.at\/blog\/\",\"logo\":{\"@type\":\"ImageObject\",\"inLanguage\":\"de\",\"@id\":\"https:\/\/www.vomfeld.at\/blog\/#\/schema\/logo\/image\/\",\"url\":\"https:\/\/www.vomfeld.at\/blog\/wp-content\/uploads\/2018\/10\/vomfeld-logo-large.png\",\"contentUrl\":\"https:\/\/www.vomfeld.at\/blog\/wp-content\/uploads\/2018\/10\/vomfeld-logo-large.png\",\"width\":340,\"height\":200,\"caption\":\"Johanna vom Feld\"},\"image\":{\"@id\":\"https:\/\/www.vomfeld.at\/blog\/#\/schema\/logo\/image\/\"},\"sameAs\":[\"https:\/\/www.facebook.com\/vomfeld.at\/\"]},{\"@type\":\"Person\",\"@id\":\"https:\/\/www.vomfeld.at\/blog\/#\/schema\/person\/8dab792dce4e00bc69ebf949f6eab1bf\",\"name\":\"Johanna\"}]}<\/script>\n<!-- \/ Yoast SEO plugin. -->","yoast_head_json":{"title":"Gesund und exotisch: Ananas, Papaya und Mango | vomfeld.at","description":"Erfahre die Vorz\u00fcge von Ananas, Papaya und Passionsfrucht. Entdecke k\u00f6stliche Rezepte und hol dir das Urlaubsfeeling auf den Teller.","robots":{"index":"index","follow":"follow","max-snippet":"max-snippet:-1","max-image-preview":"max-image-preview:large","max-video-preview":"max-video-preview:-1"},"canonical":"https:\/\/www.vomfeld.at\/blog\/gesund-und-exotisch-die-vorzuege-von-ananas-papaya-und-passionsfrucht\/","og_locale":"de_DE","og_type":"article","og_title":"Gesund und exotisch: Ananas, Papaya und Mango | vomfeld.at","og_description":"Erfahre die Vorz\u00fcge von Ananas, Papaya und Passionsfrucht. Entdecke k\u00f6stliche Rezepte und hol dir das Urlaubsfeeling auf den Teller.","og_url":"https:\/\/www.vomfeld.at\/blog\/gesund-und-exotisch-die-vorzuege-von-ananas-papaya-und-passionsfrucht\/","og_site_name":"Johanna vom Feld Blog","article_publisher":"https:\/\/www.facebook.com\/vomfeld.at\/","article_published_time":"2023-06-28T08:11:11+00:00","og_image":[{"width":1600,"height":1000,"url":"https:\/\/www.vomfeld.at\/blog\/wp-content\/uploads\/2023\/06\/papaya-pink.jpg","type":"image\/jpeg"}],"author":"Johanna","twitter_card":"summary_large_image","twitter_misc":{"Verfasst von":"Johanna","Gesch\u00e4tzte Lesezeit":"8\u00a0Minuten"},"schema":{"@context":"https:\/\/schema.org","@graph":[{"@type":"Article","@id":"https:\/\/www.vomfeld.at\/blog\/gesund-und-exotisch-die-vorzuege-von-ananas-papaya-und-passionsfrucht\/#article","isPartOf":{"@id":"https:\/\/www.vomfeld.at\/blog\/gesund-und-exotisch-die-vorzuege-von-ananas-papaya-und-passionsfrucht\/"},"author":{"name":"Johanna","@id":"https:\/\/www.vomfeld.at\/blog\/#\/schema\/person\/8dab792dce4e00bc69ebf949f6eab1bf"},"headline":"Gesund und exotisch: Die Vorz\u00fcge von Ananas, Papaya und Passionsfrucht","datePublished":"2023-06-28T08:11:11+00:00","mainEntityOfPage":{"@id":"https:\/\/www.vomfeld.at\/blog\/gesund-und-exotisch-die-vorzuege-von-ananas-papaya-und-passionsfrucht\/"},"wordCount":1759,"publisher":{"@id":"https:\/\/www.vomfeld.at\/blog\/#organization"},"image":{"@id":"https:\/\/www.vomfeld.at\/blog\/gesund-und-exotisch-die-vorzuege-von-ananas-papaya-und-passionsfrucht\/#primaryimage"},"thumbnailUrl":"https:\/\/www.vomfeld.at\/blog\/wp-content\/uploads\/2023\/06\/papaya-pink.jpg","articleSection":["Produkte"],"inLanguage":"de"},{"@type":"WebPage","@id":"https:\/\/www.vomfeld.at\/blog\/gesund-und-exotisch-die-vorzuege-von-ananas-papaya-und-passionsfrucht\/","url":"https:\/\/www.vomfeld.at\/blog\/gesund-und-exotisch-die-vorzuege-von-ananas-papaya-und-passionsfrucht\/","name":"Gesund und exotisch: Ananas, Papaya und Mango | vomfeld.at","isPartOf":{"@id":"https:\/\/www.vomfeld.at\/blog\/#website"},"primaryImageOfPage":{"@id":"https:\/\/www.vomfeld.at\/blog\/gesund-und-exotisch-die-vorzuege-von-ananas-papaya-und-passionsfrucht\/#primaryimage"},"image":{"@id":"https:\/\/www.vomfeld.at\/blog\/gesund-und-exotisch-die-vorzuege-von-ananas-papaya-und-passionsfrucht\/#primaryimage"},"thumbnailUrl":"https:\/\/www.vomfeld.at\/blog\/wp-content\/uploads\/2023\/06\/papaya-pink.jpg","datePublished":"2023-06-28T08:11:11+00:00","description":"Erfahre die Vorz\u00fcge von Ananas, Papaya und Passionsfrucht. Entdecke k\u00f6stliche Rezepte und hol dir das Urlaubsfeeling auf den Teller.","breadcrumb":{"@id":"https:\/\/www.vomfeld.at\/blog\/gesund-und-exotisch-die-vorzuege-von-ananas-papaya-und-passionsfrucht\/#breadcrumb"},"inLanguage":"de","potentialAction":[{"@type":"ReadAction","target":["https:\/\/www.vomfeld.at\/blog\/gesund-und-exotisch-die-vorzuege-von-ananas-papaya-und-passionsfrucht\/"]}]},{"@type":"ImageObject","inLanguage":"de","@id":"https:\/\/www.vomfeld.at\/blog\/gesund-und-exotisch-die-vorzuege-von-ananas-papaya-und-passionsfrucht\/#primaryimage","url":"https:\/\/www.vomfeld.at\/blog\/wp-content\/uploads\/2023\/06\/papaya-pink.jpg","contentUrl":"https:\/\/www.vomfeld.at\/blog\/wp-content\/uploads\/2023\/06\/papaya-pink.jpg","width":1600,"height":1000,"caption":"Papaya auf pinker Unterlage"},{"@type":"BreadcrumbList","@id":"https:\/\/www.vomfeld.at\/blog\/gesund-und-exotisch-die-vorzuege-von-ananas-papaya-und-passionsfrucht\/#breadcrumb","itemListElement":[{"@type":"ListItem","position":1,"name":"Startseite","item":"https:\/\/www.vomfeld.at\/blog\/"},{"@type":"ListItem","position":2,"name":"Gesund und exotisch: Die Vorz\u00fcge von Ananas, Papaya und Passionsfrucht"}]},{"@type":"WebSite","@id":"https:\/\/www.vomfeld.at\/blog\/#website","url":"https:\/\/www.vomfeld.at\/blog\/","name":"Johanna vom Feld Blog","description":"Mehr aus Lebensmitteln vom Feld machen","publisher":{"@id":"https:\/\/www.vomfeld.at\/blog\/#organization"},"potentialAction":[{"@type":"SearchAction","target":{"@type":"EntryPoint","urlTemplate":"https:\/\/www.vomfeld.at\/blog\/?s={search_term_string}"},"query-input":{"@type":"PropertyValueSpecification","valueRequired":true,"valueName":"search_term_string"}}],"inLanguage":"de"},{"@type":"Organization","@id":"https:\/\/www.vomfeld.at\/blog\/#organization","name":"Johanna vom Feld","url":"https:\/\/www.vomfeld.at\/blog\/","logo":{"@type":"ImageObject","inLanguage":"de","@id":"https:\/\/www.vomfeld.at\/blog\/#\/schema\/logo\/image\/","url":"https:\/\/www.vomfeld.at\/blog\/wp-content\/uploads\/2018\/10\/vomfeld-logo-large.png","contentUrl":"https:\/\/www.vomfeld.at\/blog\/wp-content\/uploads\/2018\/10\/vomfeld-logo-large.png","width":340,"height":200,"caption":"Johanna vom Feld"},"image":{"@id":"https:\/\/www.vomfeld.at\/blog\/#\/schema\/logo\/image\/"},"sameAs":["https:\/\/www.facebook.com\/vomfeld.at\/"]},{"@type":"Person","@id":"https:\/\/www.vomfeld.at\/blog\/#\/schema\/person\/8dab792dce4e00bc69ebf949f6eab1bf","name":"Johanna"}]}},"_links":{"self":[{"href":"https:\/\/www.vomfeld.at\/blog\/wp-json\/wp\/v2\/posts\/7337","targetHints":{"allow":["GET"]}}],"collection":[{"href":"https:\/\/www.vomfeld.at\/blog\/wp-json\/wp\/v2\/posts"}],"about":[{"href":"https:\/\/www.vomfeld.at\/blog\/wp-json\/wp\/v2\/types\/post"}],"author":[{"embeddable":true,"href":"https:\/\/www.vomfeld.at\/blog\/wp-json\/wp\/v2\/users\/3"}],"replies":[{"embeddable":true,"href":"https:\/\/www.vomfeld.at\/blog\/wp-json\/wp\/v2\/comments?post=7337"}],"version-history":[{"count":1,"href":"https:\/\/www.vomfeld.at\/blog\/wp-json\/wp\/v2\/posts\/7337\/revisions"}],"predecessor-version":[{"id":7341,"href":"https:\/\/www.vomfeld.at\/blog\/wp-json\/wp\/v2\/posts\/7337\/revisions\/7341"}],"wp:featuredmedia":[{"embeddable":true,"href":"https:\/\/www.vomfeld.at\/blog\/wp-json\/wp\/v2\/media\/7338"}],"wp:attachment":[{"href":"https:\/\/www.vomfeld.at\/blog\/wp-json\/wp\/v2\/media?parent=7337"}],"wp:term":[{"taxonomy":"category","embeddable":true,"href":"https:\/\/www.vomfeld.at\/blog\/wp-json\/wp\/v2\/categories?post=7337"},{"taxonomy":"post_tag","embeddable":true,"href":"https:\/\/www.vomfeld.at\/blog\/wp-json\/wp\/v2\/tags?post=7337"}],"curies":[{"name":"wp","href":"https:\/\/api.w.org\/{rel}","templated":true}]}}