{"id":7318,"date":"2023-05-31T14:17:23","date_gmt":"2023-05-31T12:17:23","guid":{"rendered":"https:\/\/www.vomfeld.at\/blog\/?p=7318"},"modified":"2023-05-31T14:17:57","modified_gmt":"2023-05-31T12:17:57","slug":"brokkoli-gemuese-vitamine","status":"publish","type":"post","link":"https:\/\/www.vomfeld.at\/blog\/brokkoli-gemuese-vitamine\/","title":{"rendered":"Brokkoli: Gr\u00fcnes Schlankmacher-Gem\u00fcse voller Vitamine und Genuss"},"content":{"rendered":"[vc_row type=&#8220;in_container&#8220; full_screen_row_position=&#8220;middle&#8220; column_margin=&#8220;default&#8220; column_direction=&#8220;default&#8220; column_direction_tablet=&#8220;default&#8220; column_direction_phone=&#8220;default&#8220; scene_position=&#8220;center&#8220; text_color=&#8220;dark&#8220; text_align=&#8220;left&#8220; row_border_radius=&#8220;none&#8220; row_border_radius_applies=&#8220;bg&#8220; overflow=&#8220;visible&#8220; overlay_strength=&#8220;0.3&#8243; gradient_direction=&#8220;left_to_right&#8220; shape_divider_position=&#8220;bottom&#8220; bg_image_animation=&#8220;none&#8220;][vc_column column_padding=&#8220;no-extra-padding&#8220; column_padding_tablet=&#8220;inherit&#8220; column_padding_phone=&#8220;inherit&#8220; column_padding_position=&#8220;all&#8220; column_element_direction_desktop=&#8220;default&#8220; column_element_spacing=&#8220;default&#8220; desktop_text_alignment=&#8220;default&#8220; tablet_text_alignment=&#8220;default&#8220; phone_text_alignment=&#8220;default&#8220; background_color_opacity=&#8220;1&#8243; background_hover_color_opacity=&#8220;1&#8243; column_backdrop_filter=&#8220;none&#8220; column_shadow=&#8220;none&#8220; column_border_radius=&#8220;none&#8220; column_link_target=&#8220;_self&#8220; column_position=&#8220;default&#8220; gradient_direction=&#8220;left_to_right&#8220; overlay_strength=&#8220;0.3&#8243; width=&#8220;1\/1&#8243; tablet_width_inherit=&#8220;default&#8220; animation_type=&#8220;default&#8220; bg_image_animation=&#8220;none&#8220; border_type=&#8220;simple&#8220; column_border_width=&#8220;none&#8220; column_border_style=&#8220;solid&#8220;][vc_column_text]<span style=\"font-weight: 400;\">Das Gem\u00fcse ist gr\u00fcn und der Kopf besteht aus vielen kleinen R\u00f6schen. Der <a href=\"https:\/\/www.vomfeld.at\/c\/gemuese\/brokkoli-kohl\/\" target=\"_blank\" rel=\"noopener\">Brokkoli<\/a>, oder auch Broccoli geschrieben, ist ein Kohlgem\u00fcse, das vor allem in der <strong>Schlankmacher-K\u00fcche<\/strong> besonders beliebt ist.<\/span><\/p>\n<p><span style=\"font-weight: 400;\">Denn dieses Gem\u00fcse kann man abwechslungsreich zubereiten, hat wenig Kalorien und ist <strong>vollgepackt mit wertvollen Vitaminen und Mineralstoffen.<\/strong> Das sind gute Gr\u00fcnde f\u00fcr uns, Brokkoli mal genauer unter die Lupe zu nehmen.<\/span><\/p>\n<p><span style=\"font-weight: 400;\">Im folgenden Beitrag teilen wir unsere Erkenntnisse mit dir und kl\u00e4ren \u00fcber die gesundheitlichen Vorteile und Zubereitungsm\u00f6glichkeiten auf.<\/span><\/p>\n<h2>Ein Strau\u00df voller R\u00f6schen<\/h2>\n<p><span style=\"font-weight: 400;\">Brokkoli stammt urspr\u00fcnglich aus Kleinasien und wurde in Europa zuerst in Italien angebaut. Von dort aus eroberte das Gem\u00fcse ganz Europa und wurde im 18. Jahrhundert <strong>zuerst als Versuchspflanze in die USA eingef\u00fchrt.<\/strong> Mittlerweile wird Brokkoli in ganz Europa, den USA und Asien angebaut, vorwiegend jedoch in den westlichen Mittelmeerl\u00e4ndern.<\/span><\/p>\n<p><span style=\"font-weight: 400;\">Dieses Gem\u00fcse z\u00e4hlt zu den <strong>Kreuzbl\u00fctengew\u00e4chsen<\/strong> und ist mit Karfiol, auch Blumenkohl genannt, verwandt. Der Brokkolikopf hat durchschnittlich 25 cm Durchmesser und besteht aus vielen kleinen R\u00f6schen, deren Bl\u00fctenst\u00e4nde noch nicht voll entwickelt sind. Die Knospen sind jedoch gut zu erkennen.<\/span><\/p>\n<p><span style=\"font-weight: 400;\">Meist ist der Kopf gr\u00fcn bis tiefgr\u00fcn gef\u00e4rbt. Aufgrund seines leicht nussigen Geschmacks, \u00e4hnlich dem gr\u00fcnen Spargel, wird Brokkoli auch als Spargelkohl bezeichnet. Aus <strong>heimischem Anbau<\/strong> ist dieses Gem\u00fcse von <strong>Juni bis Oktober<\/strong> erh\u00e4ltlich.<\/span><\/p>\n<p><span style=\"font-weight: 400;\">Von Herbst bis ins Fr\u00fchjahr wird Brokkoli aus den s\u00fcdlichen Regionen eingef\u00fchrt. Somit ist dieses Kohlgem\u00fcse <strong>fast ganzj\u00e4hrig verf\u00fcgbar.<\/strong> Die kr\u00e4ftig gr\u00fcne Farbe ist dem Chlorophyll zu verdanken, das in gro\u00dfen Mengen enthalten ist.<\/span><\/p>\n<p><span style=\"font-weight: 400;\">Doch neue Z\u00fcchtungen haben daf\u00fcr gesorgt, dass dieses Gem\u00fcse gelegentlich auch in violett, gelb und wei\u00df erh\u00e4ltlich ist.<\/span><\/p>\n<h2>Ein Gem\u00fcse f\u00fcr die Gesundheit<\/h2>\n<p><span style=\"font-weight: 400;\">Brokkoli enth\u00e4lt viele wertvolle Vitamine und Mineralstoffe und hat positiven Einfluss auf die Gesundheit und das Wohlbefinden. Dieses Kohlgem\u00fcse enth\u00e4lt wertvolle Ballaststoffe und Proteine, die schnell satt machen.<\/span><\/p>\n<p><span style=\"font-weight: 400;\">Ballaststoffe haben zudem positive Wirkung auf die Darmgesundheit und optimieren die Verdauungsfunktion. <a href=\"https:\/\/www.vomfeld.at\/c\/gemuese\/brokkoli-kohl\/\" target=\"_blank\" rel=\"noopener\">Brokkoli<\/a> ist ein besonders kalorienarmes Gem\u00fcse, wodurch er vor allem bei figurbewussten Menschen besonders beliebt ist.<\/span><\/p>\n<p><span style=\"font-weight: 400;\">Zudem enth\u00e4lt er hohe Anteile an <strong>Vitamin A-Vorstufen,<\/strong> die im K\u00f6rper zu Vitamin A umgewandelt werden k\u00f6nnen. Auch B-Vitamine und Vitamin C und K sind in ausreichenden Mengen enthalten. Brokkoli liefert auch wertvolle Mineralstoffe, wie z.B. Kalium, Kalzium, Magnesium und Eisen.<\/span><\/p>\n<p><span style=\"font-weight: 400;\">Er wird als wahres Gesundheitsgem\u00fcse gepriesen, da er \u00fcber eine vorbeugende Wirkung gegen zahlreiche Krebsarten verf\u00fcgt. <strong>Sekund\u00e4re Pflanzenstoffe<\/strong> k\u00f6nnen sich auch positiv auf die Leistungsf\u00e4higkeit auswirken und auch geringf\u00fcgig gegen Sonnenbrand sch\u00fctzen.<\/span><\/p>\n<p><span style=\"font-weight: 400;\">Die Verwendung von Sonnenschutzcreme kann Brokkoli jedoch nicht ersetzen. Aufgrund der hohen Dichte an wertvollen N\u00e4hrstoffen und der geringen Kalorienmenge kann sich der Verzehr dieses Kohlgem\u00fcses positiv auf das K\u00f6rpergewicht und das Wohlbefinden auswirken.<\/span><\/p>\n<p><span style=\"font-weight: 400;\">Die regelm\u00e4\u00dfige Konsumation kann auch das Risiko einer Diabetes Typ 2-Erkrankung senken.<\/span>[\/vc_column_text][divider line_type=&#8220;No Line&#8220; custom_height=&#8220;20&#8243;][image_with_animation image_url=&#8220;7322&#8243; image_size=&#8220;full&#8220; animation_type=&#8220;entrance&#8220; animation=&#8220;Fade In&#8220; animation_easing=&#8220;default&#8220; animation_movement_type=&#8220;transform_y&#8220; hover_animation=&#8220;none&#8220; alignment=&#8220;center&#8220; img_link_large=&#8220;yes&#8220; border_radius=&#8220;none&#8220; box_shadow=&#8220;none&#8220; image_loading=&#8220;default&#8220; max_width=&#8220;100%&#8220; max_width_mobile=&#8220;default&#8220;][divider line_type=&#8220;No Line&#8220; custom_height=&#8220;20&#8243;][vc_column_text]\n<h2>Mehr Genuss und Frische<\/h2>\n<p><span style=\"font-weight: 400;\">Wenn du Brokkoli beim H\u00e4ndler deines Vertrauens kaufst, achte darauf, dass der <strong>Kopf fest<\/strong> ist und die Bl\u00fctenknospen fest geschlossen sind. Zudem sollten die R\u00f6schen <strong>nicht zu locker gewachsen<\/strong> sein und der Kopf sollte sich fest anf\u00fchlen und eine satte Farbe aufweisen.<\/span><\/p>\n<p><span style=\"font-weight: 400;\">Weit ge\u00f6ffnete Knospen und <strong>gelber Schimmer<\/strong> sind Anzeichen daf\u00fcr, dass es sich um ein \u00fcberreifes Gem\u00fcse handelt, was sich negativ auf den Geschmack und den N\u00e4hrstoffgehalt auswirkt. <\/span><\/p>\n<p><span style=\"font-weight: 400;\">Auch das Stielende sollte noch frisch und knackig aussehen, bei \u00dcberreife verholzt der Stiel. Brokkoli ist leider nicht sehr lange lagerf\u00e4hig und sollte daher nach dem Kauf rasch zubereitet werden. <strong>Im Gem\u00fcsefach des K\u00fchlschranks<\/strong> kann man das Gem\u00fcse <strong>2-3 Tage lagern.<\/strong><\/span><\/p>\n<p><span style=\"font-weight: 400;\">F\u00fcr eine l\u00e4ngere Haltbarkeit kann man die <strong>R\u00f6schen abtrennen und einfrieren.<\/strong> Den Stiel sollte man keinesfalls wegwerfen, denn er schmeckt zart nussig und ist knackiger als die R\u00f6schen.<\/span><\/p>\n<p><span style=\"font-weight: 400;\">Den Stiel sch\u00e4len, in Scheiben schneiden oder w\u00fcrfeln und in Suppen und Eint\u00f6pfen verwenden oder einige Minuten in Salzwasser garen. Auch die zarten Bl\u00e4tter kann man verwenden und kleingeschnitten kurz garen.<\/span><\/p>\n<h2>So schmeckt das Schlankmacher-Gem\u00fcse<\/h2>\n<p><span style=\"font-weight: 400;\">Brokkoli kann man in der K\u00fcche vielseitig verwenden. Wir haben in unserer Rezeptkiste gekramt und ein paar <strong>Ideen f\u00fcr dich<\/strong> herausgesucht, um dich vom Geschmack dieser Gem\u00fcsesorte zu begeistern.<\/span>[\/vc_column_text][divider line_type=&#8220;No Line&#8220; custom_height=&#8220;20&#8243;][image_with_animation image_url=&#8220;7323&#8243; image_size=&#8220;full&#8220; animation_type=&#8220;entrance&#8220; animation=&#8220;Fade In&#8220; animation_easing=&#8220;default&#8220; animation_movement_type=&#8220;transform_y&#8220; hover_animation=&#8220;none&#8220; alignment=&#8220;center&#8220; img_link_large=&#8220;yes&#8220; border_radius=&#8220;none&#8220; box_shadow=&#8220;none&#8220; image_loading=&#8220;default&#8220; max_width=&#8220;100%&#8220; max_width_mobile=&#8220;default&#8220;][divider line_type=&#8220;No Line&#8220; custom_height=&#8220;20&#8243;][vc_column_text]\n<h2>Brokkoli-Pizza Napoli<\/h2>\n<p><strong>Zutaten f\u00fcr 2 Portionen:<\/strong><\/p>\n<ul>\n<li style=\"font-weight: 400;\" aria-level=\"1\"><span style=\"font-weight: 400;\">500g <a href=\"https:\/\/www.vomfeld.at\/p\/brokkoli\/\" target=\"_blank\" rel=\"noopener\">Brokkoli<\/a><\/span><\/li>\n<li style=\"font-weight: 400;\" aria-level=\"1\"><span style=\"font-weight: 400;\">300ml passierte Tomaten<\/span><\/li>\n<li style=\"font-weight: 400;\" aria-level=\"1\"><span style=\"font-weight: 400;\">100g geriebener K\u00e4se<\/span><\/li>\n<li style=\"font-weight: 400;\" aria-level=\"1\"><span style=\"font-weight: 400;\">80g Mandelmehl<\/span><\/li>\n<li style=\"font-weight: 400;\" aria-level=\"1\"><span style=\"font-weight: 400;\">4 Eier<\/span><\/li>\n<li style=\"font-weight: 400;\" aria-level=\"1\"><span style=\"font-weight: 400;\">2 gro\u00dfe Tomaten<\/span><\/li>\n<li style=\"font-weight: 400;\" aria-level=\"1\"><span style=\"font-weight: 400;\">1 Kugel Mozzarella<\/span><\/li>\n<li style=\"font-weight: 400;\" aria-level=\"1\"><span style=\"font-weight: 400;\">1 Bund Basilikum<\/span><\/li>\n<li style=\"font-weight: 400;\" aria-level=\"1\"><span style=\"font-weight: 400;\">Salz, Pfeffer<\/span><\/li>\n<\/ul>\n<p><strong>Zubereitung:<\/strong><\/p>\n<ol>\n<li style=\"font-weight: 400;\" aria-level=\"1\"><span style=\"font-weight: 400;\">Backrohr auf 200\u00b0C (Ober-\/Unterhitze) vorheizen. Ein Backblech mit Backpapier belegen und bereitstellen.<\/span><\/li>\n<li style=\"font-weight: 400;\" aria-level=\"1\"><span style=\"font-weight: 400;\">Brokkoli waschen, die holzigen Teile des Strunks entfernen und in einer K\u00fcchenmaschine oder mit dem Messer zerkleinern, bis er ungef\u00e4hr die Gr\u00f6\u00dfe von Reisk\u00f6rnern hat.<\/span><\/li>\n<li style=\"font-weight: 400;\" aria-level=\"1\"><span style=\"font-weight: 400;\">Anschlie\u00dfend in einer gro\u00dfen Sch\u00fcssel mit Mandelmehl, geriebenem K\u00e4se und Eiern vermengen und mit Salz und Pfeffer w\u00fcrzen.<\/span><\/li>\n<li style=\"font-weight: 400;\" aria-level=\"1\"><span style=\"font-weight: 400;\">Die Masse auf dem Backblech ca. 1 cm hoch zu einem Rechteck oder zwei runden Pizzen formen und fest andr\u00fccken. Im Backofen f\u00fcr ca. 10-12 Minuten vorbacken, bis eine leichte Br\u00e4unung erkennbar ist.<\/span><\/li>\n<li style=\"font-weight: 400;\" aria-level=\"1\"><span style=\"font-weight: 400;\">W\u00e4hrenddessen den Mozzarella abgie\u00dfen. Die Tomaten waschen, Strunk entfernen und in Scheiben schneiden. Die Tomatensauce mit Salz und Pfeffer w\u00fcrzen.<\/span><\/li>\n<li style=\"font-weight: 400;\" aria-level=\"1\"><span style=\"font-weight: 400;\">Anschlie\u00dfend den Pizzaboden mit der Tomatensauce bestreichen, mit den Tomatenscheiben gleichm\u00e4\u00dfig belegen und den Mozzarella in St\u00fccke zupfen und dar\u00fcber verteilen.<\/span><\/li>\n<li style=\"font-weight: 400;\" aria-level=\"1\"><span style=\"font-weight: 400;\">Im Backrohr f\u00fcr weitere 10 Minuten backen, bis der K\u00e4se zerlaufen ist. Vor dem Verzehr etwas ausk\u00fchlen lassen und mit frischem Basilikum garnieren.<\/span><\/li>\n<\/ol>\n<h2>Brokkoli-Karfiol-Gratin<\/h2>\n<p><strong>Zutaten f\u00fcr 2 Portionen:<\/strong><\/p>\n<ul>\n<li><span style=\"font-weight: 400;\">300ml Milch<\/span><\/li>\n<li style=\"font-weight: 400;\" aria-level=\"1\"><span style=\"font-weight: 400;\">100g geriebener K\u00e4se<\/span><\/li>\n<li style=\"font-weight: 400;\" aria-level=\"1\"><span style=\"font-weight: 400;\">2 Eier<\/span><\/li>\n<li style=\"font-weight: 400;\" aria-level=\"1\"><span style=\"font-weight: 400;\">2 Knoblauchzehen<\/span><\/li>\n<li style=\"font-weight: 400;\" aria-level=\"1\"><span style=\"font-weight: 400;\">1 kleiner Brokkoli<\/span><\/li>\n<li style=\"font-weight: 400;\" aria-level=\"1\"><span style=\"font-weight: 400;\">1 kleiner Karfiol<\/span><\/li>\n<li style=\"font-weight: 400;\" aria-level=\"1\"><span style=\"font-weight: 400;\">1 rote Zwiebel<\/span><\/li>\n<li style=\"font-weight: 400;\" aria-level=\"1\"><span style=\"font-weight: 400;\">1 TL Butter<\/span><\/li>\n<li style=\"font-weight: 400;\" aria-level=\"1\"><span style=\"font-weight: 400;\">\u00bd Bund frische Petersilie<\/span><\/li>\n<li style=\"font-weight: 400;\" aria-level=\"1\"><span style=\"font-weight: 400;\">Salz, Pfeffer<\/span><\/li>\n<\/ul>\n<p><strong>Zubereitung:<\/strong><\/p>\n<ol>\n<li style=\"font-weight: 400;\" aria-level=\"1\"><span style=\"font-weight: 400;\">Backrohr auf 200\u00b0C (Ober-\/Unterhitze) vorheizen und eine Auflaufform mit der Butter einfetten.<\/span><\/li>\n<li style=\"font-weight: 400;\" aria-level=\"1\"><span style=\"font-weight: 400;\">Brokkoli und Karfiol waschen und in R\u00f6schen teilen. Einen Topf mit gesalzenem Wasser aufkochen und die R\u00f6schen darin 2-3 Minuten sieden. Anschlie\u00dfend abgie\u00dfen und mit kaltem Wasser absp\u00fclen.<\/span><\/li>\n<li style=\"font-weight: 400;\" aria-level=\"1\"><span style=\"font-weight: 400;\">Zwiebel und Knoblauch sch\u00e4len und fein hacken. Petersilie waschen, trocken sch\u00fctteln und ebenfalls fein hacken.<\/span><\/li>\n<li style=\"font-weight: 400;\" aria-level=\"1\"><span style=\"font-weight: 400;\">Milch und Eier miteinander verquirlen und mit Salz, Pfeffer und Petersilie w\u00fcrzen.<\/span><\/li>\n<li style=\"font-weight: 400;\" aria-level=\"1\"><span style=\"font-weight: 400;\">Brokkoli, Karfiol, Zwiebel und Knoblauch in der Auflaufform verteilen, mit dem Ei-Milch-Gemisch \u00fcbergie\u00dfen und dem K\u00e4se bestreuen.<\/span><\/li>\n<li style=\"font-weight: 400;\" aria-level=\"1\"><span style=\"font-weight: 400;\">Anschlie\u00dfend im vorgeheizten Backrohr 20 Minuten gratinieren.<\/span><\/li>\n<\/ol>\n<h2>Bunter Bulgur-Salat mit Brokkoli<\/h2>\n<p><strong>Zutaten f\u00fcr 2 Portionen:<\/strong><\/p>\n<ul>\n<li style=\"font-weight: 400;\" aria-level=\"1\"><span style=\"font-weight: 400;\">300g Brokkoli<\/span><\/li>\n<li style=\"font-weight: 400;\" aria-level=\"1\"><span style=\"font-weight: 400;\">200g gegarte Erbsen aus der Dose<\/span><\/li>\n<li style=\"font-weight: 400;\" aria-level=\"1\"><span style=\"font-weight: 400;\">100g Bulgur<\/span><\/li>\n<li style=\"font-weight: 400;\" aria-level=\"1\"><span style=\"font-weight: 400;\">\u00a0<\/span><span style=\"font-weight: 400;\">80g Cherrytomaten<\/span><\/li>\n<li style=\"font-weight: 400;\" aria-level=\"1\"><span style=\"font-weight: 400;\">2 Knoblauchzehen<\/span><\/li>\n<li style=\"font-weight: 400;\" aria-level=\"1\"><span style=\"font-weight: 400;\">2 EL Oliven\u00f6l<\/span><\/li>\n<li style=\"font-weight: 400;\" aria-level=\"1\"><span style=\"font-weight: 400;\">1 kleine Zwiebel<\/span><\/li>\n<li style=\"font-weight: 400;\" aria-level=\"1\"><span style=\"font-weight: 400;\">1 gelbe Paprika<\/span><\/li>\n<li style=\"font-weight: 400;\" aria-level=\"1\"><span style=\"font-weight: 400;\">Saft einer halben Zitrone<\/span><\/li>\n<li style=\"font-weight: 400;\" aria-level=\"1\"><span style=\"font-weight: 400;\">Salz, Pfeffer, Salatkr\u00e4uter<\/span><\/li>\n<\/ul>\n<p><strong>Zubereitung:<\/strong><\/p>\n<ol>\n<li style=\"font-weight: 400;\" aria-level=\"1\"><span style=\"font-weight: 400;\">Bulgur laut Packungsanleitung zubereiten. Zitrone halbieren und den Saft auspressen.<\/span><\/li>\n<li style=\"font-weight: 400;\" aria-level=\"1\"><span style=\"font-weight: 400;\">Brokkoli waschen, in R\u00f6schen teilen und in einem Topf mit gesalzenem Wasser 2-3 Minuten k\u00f6cheln lassen. Abgie\u00dfen und mit kaltem Wasser abschrecken.<\/span><\/li>\n<li style=\"font-weight: 400;\" aria-level=\"1\"><span style=\"font-weight: 400;\">Zwiebel und Knoblauch sch\u00e4len und fein hacken. Erbsen abgie\u00dfen und abtropfen lassen.<\/span><\/li>\n<li style=\"font-weight: 400;\" aria-level=\"1\"><span style=\"font-weight: 400;\">Cherrytomaten waschen, Rispen entfernen und vierteln. Paprika waschen, entkernen und in grobe St\u00fccke schneiden.<\/span><\/li>\n<li style=\"font-weight: 400;\" aria-level=\"1\"><span style=\"font-weight: 400;\">Zwiebel und Knoblauch mit Oliven\u00f6l in einer tiefen Pfanne kurz anschwitzen, Erbsen, Paprika und Brokkoli zuf\u00fcgen und unter R\u00fchren 2-3 Minuten anbraten.<\/span><\/li>\n<li style=\"font-weight: 400;\" aria-level=\"1\"><span style=\"font-weight: 400;\">In einer gro\u00dfen Sch\u00fcssel das gebratene Gem\u00fcse, Bulgur und Tomaten miteinander vermengen. Mit Salz, Pfeffer, Salatkr\u00e4utern und dem Zitronensaft w\u00fcrzen und nochmals gut vermischen.<\/span><\/li>\n<li style=\"font-weight: 400;\" aria-level=\"1\"><span style=\"font-weight: 400;\">Auf zwei Teller anrichten und lauwarm servieren.<\/span><\/li>\n<\/ol>\n<p><span style=\"font-weight: 400;\">\u00a0<\/span><\/p>\n<p><span style=\"font-weight: 400;\">Brokkoli ist ein fast ganzj\u00e4hrig erh\u00e4ltliches Gem\u00fcse, das zwar wenig Kalorien hat, aber \u00fcber eine Vielzahl wertvoller Vitamine, Mineralstoffe und sekund\u00e4rer Pflanzenstoffe verf\u00fcgt.<\/span><\/p>\n<p><span style=\"font-weight: 400;\">Der regelm\u00e4\u00dfige Verzehr wirkt sich positiv auf die Verdauung, das Immunsystem sowie das allgemeine Wohlbefinden aus. Der Genuss von Brokkoli hat eine vorbeugende Wirkung gegen zahlreiche Krebsarten und auch das Risiko einer Diabetes Typ 2-Erkrankung wird reduziert.<\/span><\/p>\n<p><span style=\"font-weight: 400;\">Der leicht nussige Geschmack, der etwas an gr\u00fcnen Spargel erinnert, verleiht vielen Speisen ein besonderes Aroma.<\/span><\/p>\n<p><span style=\"font-weight: 400;\">Es lohnt sich also, Brokkoli regelm\u00e4\u00dfig in den Speiseplan zu integrieren und auf kulinarischem Weg der eigenen Gesundheit etwas Gutes zu tun.<\/span>[\/vc_column_text][\/vc_column][\/vc_row]\n","protected":false},"excerpt":{"rendered":"<p>[vc_row type=&#8220;in_container&#8220; full_screen_row_position=&#8220;middle&#8220; column_margin=&#8220;default&#8220; column_direction=&#8220;default&#8220; column_direction_tablet=&#8220;default&#8220; column_direction_phone=&#8220;default&#8220; scene_position=&#8220;center&#8220; text_color=&#8220;dark&#8220; text_align=&#8220;left&#8220; row_border_radius=&#8220;none&#8220; row_border_radius_applies=&#8220;bg&#8220; overflow=&#8220;visible&#8220; overlay_strength=&#8220;0.3&#8243; gradient_direction=&#8220;left_to_right&#8220;&#8230;<\/p>\n","protected":false},"author":3,"featured_media":7320,"comment_status":"closed","ping_status":"closed","sticky":false,"template":"","format":"standard","meta":{"footnotes":""},"categories":[1,24],"tags":[],"class_list":{"0":"post-7318","1":"post","2":"type-post","3":"status-publish","4":"format-standard","5":"has-post-thumbnail","7":"category-allgemein","8":"category-produkte"},"yoast_head":"<!-- This site is optimized with the Yoast SEO plugin v25.4 - https:\/\/yoast.com\/wordpress\/plugins\/seo\/ -->\n<title>Knackig und frisch: Entdecke die kulinarische Vielfalt des Rettichs<\/title>\n<meta name=\"description\" content=\"Entdecke die gesundheitlichen Vorteile und vielf\u00e4ltigen M\u00f6glichkeiten mit Brokkoli. \u2714 Brokkoli-Pizza Napoli \u2714 Bulgur-Salat mit Brokkoli\" \/>\n<meta name=\"robots\" content=\"index, follow, max-snippet:-1, max-image-preview:large, max-video-preview:-1\" \/>\n<link rel=\"canonical\" href=\"https:\/\/www.vomfeld.at\/blog\/brokkoli-gemuese-vitamine\/\" \/>\n<meta property=\"og:locale\" content=\"de_DE\" \/>\n<meta property=\"og:type\" content=\"article\" \/>\n<meta property=\"og:title\" content=\"Knackig und frisch: Entdecke die kulinarische Vielfalt des Rettichs\" \/>\n<meta property=\"og:description\" content=\"Entdecke die gesundheitlichen Vorteile und vielf\u00e4ltigen M\u00f6glichkeiten mit Brokkoli. \u2714 Brokkoli-Pizza Napoli \u2714 Bulgur-Salat mit Brokkoli\" \/>\n<meta property=\"og:url\" content=\"https:\/\/www.vomfeld.at\/blog\/brokkoli-gemuese-vitamine\/\" \/>\n<meta property=\"og:site_name\" content=\"Johanna vom Feld Blog\" \/>\n<meta property=\"article:publisher\" content=\"https:\/\/www.facebook.com\/vomfeld.at\/\" \/>\n<meta property=\"article:published_time\" content=\"2023-05-31T12:17:23+00:00\" \/>\n<meta property=\"article:modified_time\" content=\"2023-05-31T12:17:57+00:00\" \/>\n<meta property=\"og:image\" content=\"https:\/\/www.vomfeld.at\/blog\/wp-content\/uploads\/2023\/05\/brokkoli-gruen.jpg\" \/>\n\t<meta property=\"og:image:width\" content=\"1600\" \/>\n\t<meta property=\"og:image:height\" content=\"1200\" \/>\n\t<meta property=\"og:image:type\" content=\"image\/jpeg\" \/>\n<meta name=\"author\" content=\"Johanna\" \/>\n<meta name=\"twitter:card\" content=\"summary_large_image\" \/>\n<meta name=\"twitter:label1\" content=\"Verfasst von\" \/>\n\t<meta name=\"twitter:data1\" content=\"Johanna\" \/>\n\t<meta name=\"twitter:label2\" content=\"Gesch\u00e4tzte Lesezeit\" \/>\n\t<meta name=\"twitter:data2\" content=\"8\u00a0Minuten\" \/>\n<script type=\"application\/ld+json\" class=\"yoast-schema-graph\">{\"@context\":\"https:\/\/schema.org\",\"@graph\":[{\"@type\":\"Article\",\"@id\":\"https:\/\/www.vomfeld.at\/blog\/brokkoli-gemuese-vitamine\/#article\",\"isPartOf\":{\"@id\":\"https:\/\/www.vomfeld.at\/blog\/brokkoli-gemuese-vitamine\/\"},\"author\":{\"name\":\"Johanna\",\"@id\":\"https:\/\/www.vomfeld.at\/blog\/#\/schema\/person\/8dab792dce4e00bc69ebf949f6eab1bf\"},\"headline\":\"Brokkoli: Gr\u00fcnes Schlankmacher-Gem\u00fcse voller Vitamine und Genuss\",\"datePublished\":\"2023-05-31T12:17:23+00:00\",\"dateModified\":\"2023-05-31T12:17:57+00:00\",\"mainEntityOfPage\":{\"@id\":\"https:\/\/www.vomfeld.at\/blog\/brokkoli-gemuese-vitamine\/\"},\"wordCount\":1632,\"publisher\":{\"@id\":\"https:\/\/www.vomfeld.at\/blog\/#organization\"},\"image\":{\"@id\":\"https:\/\/www.vomfeld.at\/blog\/brokkoli-gemuese-vitamine\/#primaryimage\"},\"thumbnailUrl\":\"https:\/\/www.vomfeld.at\/blog\/wp-content\/uploads\/2023\/05\/brokkoli-gruen.jpg\",\"articleSection\":{\"1\":\"Produkte\"},\"inLanguage\":\"de\"},{\"@type\":\"WebPage\",\"@id\":\"https:\/\/www.vomfeld.at\/blog\/brokkoli-gemuese-vitamine\/\",\"url\":\"https:\/\/www.vomfeld.at\/blog\/brokkoli-gemuese-vitamine\/\",\"name\":\"Knackig und frisch: Entdecke die kulinarische Vielfalt des Rettichs\",\"isPartOf\":{\"@id\":\"https:\/\/www.vomfeld.at\/blog\/#website\"},\"primaryImageOfPage\":{\"@id\":\"https:\/\/www.vomfeld.at\/blog\/brokkoli-gemuese-vitamine\/#primaryimage\"},\"image\":{\"@id\":\"https:\/\/www.vomfeld.at\/blog\/brokkoli-gemuese-vitamine\/#primaryimage\"},\"thumbnailUrl\":\"https:\/\/www.vomfeld.at\/blog\/wp-content\/uploads\/2023\/05\/brokkoli-gruen.jpg\",\"datePublished\":\"2023-05-31T12:17:23+00:00\",\"dateModified\":\"2023-05-31T12:17:57+00:00\",\"description\":\"Entdecke die gesundheitlichen Vorteile und vielf\u00e4ltigen M\u00f6glichkeiten mit Brokkoli. \u2714 Brokkoli-Pizza Napoli \u2714 Bulgur-Salat mit Brokkoli\",\"breadcrumb\":{\"@id\":\"https:\/\/www.vomfeld.at\/blog\/brokkoli-gemuese-vitamine\/#breadcrumb\"},\"inLanguage\":\"de\",\"potentialAction\":[{\"@type\":\"ReadAction\",\"target\":[\"https:\/\/www.vomfeld.at\/blog\/brokkoli-gemuese-vitamine\/\"]}]},{\"@type\":\"ImageObject\",\"inLanguage\":\"de\",\"@id\":\"https:\/\/www.vomfeld.at\/blog\/brokkoli-gemuese-vitamine\/#primaryimage\",\"url\":\"https:\/\/www.vomfeld.at\/blog\/wp-content\/uploads\/2023\/05\/brokkoli-gruen.jpg\",\"contentUrl\":\"https:\/\/www.vomfeld.at\/blog\/wp-content\/uploads\/2023\/05\/brokkoli-gruen.jpg\",\"width\":1600,\"height\":1200,\"caption\":\"Brokkoli gr\u00fcn\"},{\"@type\":\"BreadcrumbList\",\"@id\":\"https:\/\/www.vomfeld.at\/blog\/brokkoli-gemuese-vitamine\/#breadcrumb\",\"itemListElement\":[{\"@type\":\"ListItem\",\"position\":1,\"name\":\"Startseite\",\"item\":\"https:\/\/www.vomfeld.at\/blog\/\"},{\"@type\":\"ListItem\",\"position\":2,\"name\":\"Brokkoli: Gr\u00fcnes Schlankmacher-Gem\u00fcse voller Vitamine und Genuss\"}]},{\"@type\":\"WebSite\",\"@id\":\"https:\/\/www.vomfeld.at\/blog\/#website\",\"url\":\"https:\/\/www.vomfeld.at\/blog\/\",\"name\":\"Johanna vom Feld Blog\",\"description\":\"Mehr aus Lebensmitteln vom Feld machen\",\"publisher\":{\"@id\":\"https:\/\/www.vomfeld.at\/blog\/#organization\"},\"potentialAction\":[{\"@type\":\"SearchAction\",\"target\":{\"@type\":\"EntryPoint\",\"urlTemplate\":\"https:\/\/www.vomfeld.at\/blog\/?s={search_term_string}\"},\"query-input\":{\"@type\":\"PropertyValueSpecification\",\"valueRequired\":true,\"valueName\":\"search_term_string\"}}],\"inLanguage\":\"de\"},{\"@type\":\"Organization\",\"@id\":\"https:\/\/www.vomfeld.at\/blog\/#organization\",\"name\":\"Johanna vom Feld\",\"url\":\"https:\/\/www.vomfeld.at\/blog\/\",\"logo\":{\"@type\":\"ImageObject\",\"inLanguage\":\"de\",\"@id\":\"https:\/\/www.vomfeld.at\/blog\/#\/schema\/logo\/image\/\",\"url\":\"https:\/\/www.vomfeld.at\/blog\/wp-content\/uploads\/2018\/10\/vomfeld-logo-large.png\",\"contentUrl\":\"https:\/\/www.vomfeld.at\/blog\/wp-content\/uploads\/2018\/10\/vomfeld-logo-large.png\",\"width\":340,\"height\":200,\"caption\":\"Johanna vom Feld\"},\"image\":{\"@id\":\"https:\/\/www.vomfeld.at\/blog\/#\/schema\/logo\/image\/\"},\"sameAs\":[\"https:\/\/www.facebook.com\/vomfeld.at\/\"]},{\"@type\":\"Person\",\"@id\":\"https:\/\/www.vomfeld.at\/blog\/#\/schema\/person\/8dab792dce4e00bc69ebf949f6eab1bf\",\"name\":\"Johanna\"}]}<\/script>\n<!-- \/ Yoast SEO plugin. -->","yoast_head_json":{"title":"Knackig und frisch: Entdecke die kulinarische Vielfalt des Rettichs","description":"Entdecke die gesundheitlichen Vorteile und vielf\u00e4ltigen M\u00f6glichkeiten mit Brokkoli. \u2714 Brokkoli-Pizza Napoli \u2714 Bulgur-Salat mit Brokkoli","robots":{"index":"index","follow":"follow","max-snippet":"max-snippet:-1","max-image-preview":"max-image-preview:large","max-video-preview":"max-video-preview:-1"},"canonical":"https:\/\/www.vomfeld.at\/blog\/brokkoli-gemuese-vitamine\/","og_locale":"de_DE","og_type":"article","og_title":"Knackig und frisch: Entdecke die kulinarische Vielfalt des Rettichs","og_description":"Entdecke die gesundheitlichen Vorteile und vielf\u00e4ltigen M\u00f6glichkeiten mit Brokkoli. \u2714 Brokkoli-Pizza Napoli \u2714 Bulgur-Salat mit Brokkoli","og_url":"https:\/\/www.vomfeld.at\/blog\/brokkoli-gemuese-vitamine\/","og_site_name":"Johanna vom Feld Blog","article_publisher":"https:\/\/www.facebook.com\/vomfeld.at\/","article_published_time":"2023-05-31T12:17:23+00:00","article_modified_time":"2023-05-31T12:17:57+00:00","og_image":[{"width":1600,"height":1200,"url":"https:\/\/www.vomfeld.at\/blog\/wp-content\/uploads\/2023\/05\/brokkoli-gruen.jpg","type":"image\/jpeg"}],"author":"Johanna","twitter_card":"summary_large_image","twitter_misc":{"Verfasst von":"Johanna","Gesch\u00e4tzte Lesezeit":"8\u00a0Minuten"},"schema":{"@context":"https:\/\/schema.org","@graph":[{"@type":"Article","@id":"https:\/\/www.vomfeld.at\/blog\/brokkoli-gemuese-vitamine\/#article","isPartOf":{"@id":"https:\/\/www.vomfeld.at\/blog\/brokkoli-gemuese-vitamine\/"},"author":{"name":"Johanna","@id":"https:\/\/www.vomfeld.at\/blog\/#\/schema\/person\/8dab792dce4e00bc69ebf949f6eab1bf"},"headline":"Brokkoli: Gr\u00fcnes Schlankmacher-Gem\u00fcse voller Vitamine und Genuss","datePublished":"2023-05-31T12:17:23+00:00","dateModified":"2023-05-31T12:17:57+00:00","mainEntityOfPage":{"@id":"https:\/\/www.vomfeld.at\/blog\/brokkoli-gemuese-vitamine\/"},"wordCount":1632,"publisher":{"@id":"https:\/\/www.vomfeld.at\/blog\/#organization"},"image":{"@id":"https:\/\/www.vomfeld.at\/blog\/brokkoli-gemuese-vitamine\/#primaryimage"},"thumbnailUrl":"https:\/\/www.vomfeld.at\/blog\/wp-content\/uploads\/2023\/05\/brokkoli-gruen.jpg","articleSection":{"1":"Produkte"},"inLanguage":"de"},{"@type":"WebPage","@id":"https:\/\/www.vomfeld.at\/blog\/brokkoli-gemuese-vitamine\/","url":"https:\/\/www.vomfeld.at\/blog\/brokkoli-gemuese-vitamine\/","name":"Knackig und frisch: Entdecke die kulinarische Vielfalt des Rettichs","isPartOf":{"@id":"https:\/\/www.vomfeld.at\/blog\/#website"},"primaryImageOfPage":{"@id":"https:\/\/www.vomfeld.at\/blog\/brokkoli-gemuese-vitamine\/#primaryimage"},"image":{"@id":"https:\/\/www.vomfeld.at\/blog\/brokkoli-gemuese-vitamine\/#primaryimage"},"thumbnailUrl":"https:\/\/www.vomfeld.at\/blog\/wp-content\/uploads\/2023\/05\/brokkoli-gruen.jpg","datePublished":"2023-05-31T12:17:23+00:00","dateModified":"2023-05-31T12:17:57+00:00","description":"Entdecke die gesundheitlichen Vorteile und vielf\u00e4ltigen M\u00f6glichkeiten mit Brokkoli. \u2714 Brokkoli-Pizza Napoli \u2714 Bulgur-Salat mit Brokkoli","breadcrumb":{"@id":"https:\/\/www.vomfeld.at\/blog\/brokkoli-gemuese-vitamine\/#breadcrumb"},"inLanguage":"de","potentialAction":[{"@type":"ReadAction","target":["https:\/\/www.vomfeld.at\/blog\/brokkoli-gemuese-vitamine\/"]}]},{"@type":"ImageObject","inLanguage":"de","@id":"https:\/\/www.vomfeld.at\/blog\/brokkoli-gemuese-vitamine\/#primaryimage","url":"https:\/\/www.vomfeld.at\/blog\/wp-content\/uploads\/2023\/05\/brokkoli-gruen.jpg","contentUrl":"https:\/\/www.vomfeld.at\/blog\/wp-content\/uploads\/2023\/05\/brokkoli-gruen.jpg","width":1600,"height":1200,"caption":"Brokkoli gr\u00fcn"},{"@type":"BreadcrumbList","@id":"https:\/\/www.vomfeld.at\/blog\/brokkoli-gemuese-vitamine\/#breadcrumb","itemListElement":[{"@type":"ListItem","position":1,"name":"Startseite","item":"https:\/\/www.vomfeld.at\/blog\/"},{"@type":"ListItem","position":2,"name":"Brokkoli: Gr\u00fcnes Schlankmacher-Gem\u00fcse voller Vitamine und Genuss"}]},{"@type":"WebSite","@id":"https:\/\/www.vomfeld.at\/blog\/#website","url":"https:\/\/www.vomfeld.at\/blog\/","name":"Johanna vom Feld Blog","description":"Mehr aus Lebensmitteln vom Feld machen","publisher":{"@id":"https:\/\/www.vomfeld.at\/blog\/#organization"},"potentialAction":[{"@type":"SearchAction","target":{"@type":"EntryPoint","urlTemplate":"https:\/\/www.vomfeld.at\/blog\/?s={search_term_string}"},"query-input":{"@type":"PropertyValueSpecification","valueRequired":true,"valueName":"search_term_string"}}],"inLanguage":"de"},{"@type":"Organization","@id":"https:\/\/www.vomfeld.at\/blog\/#organization","name":"Johanna vom Feld","url":"https:\/\/www.vomfeld.at\/blog\/","logo":{"@type":"ImageObject","inLanguage":"de","@id":"https:\/\/www.vomfeld.at\/blog\/#\/schema\/logo\/image\/","url":"https:\/\/www.vomfeld.at\/blog\/wp-content\/uploads\/2018\/10\/vomfeld-logo-large.png","contentUrl":"https:\/\/www.vomfeld.at\/blog\/wp-content\/uploads\/2018\/10\/vomfeld-logo-large.png","width":340,"height":200,"caption":"Johanna vom Feld"},"image":{"@id":"https:\/\/www.vomfeld.at\/blog\/#\/schema\/logo\/image\/"},"sameAs":["https:\/\/www.facebook.com\/vomfeld.at\/"]},{"@type":"Person","@id":"https:\/\/www.vomfeld.at\/blog\/#\/schema\/person\/8dab792dce4e00bc69ebf949f6eab1bf","name":"Johanna"}]}},"_links":{"self":[{"href":"https:\/\/www.vomfeld.at\/blog\/wp-json\/wp\/v2\/posts\/7318","targetHints":{"allow":["GET"]}}],"collection":[{"href":"https:\/\/www.vomfeld.at\/blog\/wp-json\/wp\/v2\/posts"}],"about":[{"href":"https:\/\/www.vomfeld.at\/blog\/wp-json\/wp\/v2\/types\/post"}],"author":[{"embeddable":true,"href":"https:\/\/www.vomfeld.at\/blog\/wp-json\/wp\/v2\/users\/3"}],"replies":[{"embeddable":true,"href":"https:\/\/www.vomfeld.at\/blog\/wp-json\/wp\/v2\/comments?post=7318"}],"version-history":[{"count":5,"href":"https:\/\/www.vomfeld.at\/blog\/wp-json\/wp\/v2\/posts\/7318\/revisions"}],"predecessor-version":[{"id":7326,"href":"https:\/\/www.vomfeld.at\/blog\/wp-json\/wp\/v2\/posts\/7318\/revisions\/7326"}],"wp:featuredmedia":[{"embeddable":true,"href":"https:\/\/www.vomfeld.at\/blog\/wp-json\/wp\/v2\/media\/7320"}],"wp:attachment":[{"href":"https:\/\/www.vomfeld.at\/blog\/wp-json\/wp\/v2\/media?parent=7318"}],"wp:term":[{"taxonomy":"category","embeddable":true,"href":"https:\/\/www.vomfeld.at\/blog\/wp-json\/wp\/v2\/categories?post=7318"},{"taxonomy":"post_tag","embeddable":true,"href":"https:\/\/www.vomfeld.at\/blog\/wp-json\/wp\/v2\/tags?post=7318"}],"curies":[{"name":"wp","href":"https:\/\/api.w.org\/{rel}","templated":true}]}}