{"id":7305,"date":"2023-05-17T14:47:40","date_gmt":"2023-05-17T12:47:40","guid":{"rendered":"https:\/\/www.vomfeld.at\/blog\/?p=7305"},"modified":"2023-05-24T14:47:57","modified_gmt":"2023-05-24T12:47:57","slug":"rettich-radieschen","status":"publish","type":"post","link":"https:\/\/www.vomfeld.at\/blog\/rettich-radieschen\/","title":{"rendered":"Knackig und frisch: Entdecke die kulinarische Vielfalt des Rettichs"},"content":{"rendered":"[vc_row type=&#8220;in_container&#8220; full_screen_row_position=&#8220;middle&#8220; column_margin=&#8220;default&#8220; column_direction=&#8220;default&#8220; column_direction_tablet=&#8220;default&#8220; column_direction_phone=&#8220;default&#8220; scene_position=&#8220;center&#8220; text_color=&#8220;dark&#8220; text_align=&#8220;left&#8220; row_border_radius=&#8220;none&#8220; row_border_radius_applies=&#8220;bg&#8220; overflow=&#8220;visible&#8220; overlay_strength=&#8220;0.3&#8243; gradient_direction=&#8220;left_to_right&#8220; shape_divider_position=&#8220;bottom&#8220; bg_image_animation=&#8220;none&#8220;][vc_column column_padding=&#8220;no-extra-padding&#8220; column_padding_tablet=&#8220;inherit&#8220; column_padding_phone=&#8220;inherit&#8220; column_padding_position=&#8220;all&#8220; column_element_direction_desktop=&#8220;default&#8220; column_element_spacing=&#8220;default&#8220; desktop_text_alignment=&#8220;default&#8220; tablet_text_alignment=&#8220;default&#8220; phone_text_alignment=&#8220;default&#8220; background_color_opacity=&#8220;1&#8243; background_hover_color_opacity=&#8220;1&#8243; column_backdrop_filter=&#8220;none&#8220; column_shadow=&#8220;none&#8220; column_border_radius=&#8220;none&#8220; column_link_target=&#8220;_self&#8220; column_position=&#8220;default&#8220; gradient_direction=&#8220;left_to_right&#8220; overlay_strength=&#8220;0.3&#8243; width=&#8220;1\/1&#8243; tablet_width_inherit=&#8220;default&#8220; animation_type=&#8220;default&#8220; bg_image_animation=&#8220;none&#8220; border_type=&#8220;simple&#8220; column_border_width=&#8220;none&#8220; column_border_style=&#8220;solid&#8220;][vc_column_text]<span style=\"font-weight: 400;\">Rettich ist ein Gem\u00fcse, das hierzulande vorwiegend roh als Salat, Brotauflage oder als Snackgem\u00fcse verzehrt wird. Es gibt <strong>verschiedene Retticharten,<\/strong> wie beispielsweise den schwarzen Rettich, der vor allem im Winter Hochsaison hat.<\/span><\/p>\n<p><span style=\"font-weight: 400;\">Aber auch wei\u00dfer Rettich oder <a href=\"https:\/\/www.vomfeld.at\/p\/radieschen\/\" target=\"_blank\" rel=\"noopener\">Radieschen<\/a> z\u00e4hlen dazu. Der Meerrettich, auch Kren genannt, ist zwar verwandt, wie der Name bereits auf eine botanische Verwandtschaft schlie\u00dfen l\u00e4sst, jedoch geh\u00f6rt er zu einer anderen Gattung.<\/span><\/p>\n<p><span style=\"font-weight: 400;\">Um Klarheit zu schaffen und die Vorteile der Rettiche aufzuzeigen, haben wir wertvolle Informationen im folgenden Beitrag f\u00fcr dich zusammengefasst.<\/span><\/p>\n<h2>Einmal um die ganze Welt<\/h2>\n<p><span style=\"font-weight: 400;\">Den Ursprung dieser Gem\u00fcseart findet man im <strong>Mittelmeerraum.<\/strong> Bereits beim Bau der Pyramiden sollen sich die Arbeiter mit Rettich gest\u00e4rkt haben. Im antiken Griechenland bzw. Rom wurde dieses Gem\u00fcse kultiviert und schlussendlich brachten <strong>die R\u00f6mer<\/strong> verschiedene Retticharten in den Alpenraum. <\/span><\/p>\n<p><span style=\"font-weight: 400;\">Mittlerweile werden einige Sorten, wie beispielsweise der Gartenrettich und Ackerrettich weltweit angebaut. Dabei handelt es sich um eine ein- bis zweij\u00e4hrige krautige Pflanze, die zu der <strong>Familie der Kreuzbl\u00fctler<\/strong> z\u00e4hlt. Sie bildet feine Wurzeln und je nach Art eine R\u00fcbe oder Knolle, die in Form, Farbe und Gr\u00f6\u00dfe verschieden sind.<\/span><\/p>\n<p><span style=\"font-weight: 400;\">Rettiche wachsen <strong>in ca. 10 bis 40 cm Tiefe.<\/strong> Egal welche Farbe die \u00e4u\u00dfere Schicht aufweist, das Innere ist bei fast jeder Sorte wei\u00df. Mit Ausnahme von einigen asiatischen Sorten, deren Fleischfarbe rosa gef\u00e4rbt ist. Speziell in Asien ist Rettich aufgrund seiner Sch\u00e4rfe sehr beliebt.<\/span><\/p>\n<h2>Gesund und vielseitig<\/h2>\n<p><span style=\"font-weight: 400;\">Rettiche sind besonders <strong>kalorienarm<\/strong> und entfalten bei rohem Verzehr ihr vollstes Aroma. Senf\u00f6lglykoside und Bitterstoffe sorgen f\u00fcr Sch\u00e4rfe und eine verdauungsf\u00f6rdernde Wirkung.<\/span><\/p>\n<p><span style=\"font-weight: 400;\">Diese Stoffe wirken <strong>antibakteriell und schleiml\u00f6send,<\/strong> weshalb der Verzehr von Rettich vor allem in den Wintermonaten bei Erk\u00e4ltung Linderung verschaffen kann. Dieses Gem\u00fcse ist zudem fettarm, verf\u00fcgt \u00fcber wertvolle Ballaststoffe und Eiwei\u00df und liefert Vitamin C, Kalium, Natrium und Magnesium.<\/span><\/p>\n<p><span style=\"font-weight: 400;\">Doch nicht jeder Mensch vertr\u00e4gt Rettiche gut. Der rohe Verzehr kann zu Mundgeruch oder zu l\u00e4stigem Aufsto\u00dfen f\u00fchren. Anstatt die gew\u00fcnschte Rettichsorte roh zu verzehren, sollte man das Gem\u00fcse als warme Speise zubereiten. Das reduziert die Sch\u00e4rfe und mildert die negativen Effekte.<\/span>[\/vc_column_text][divider line_type=&#8220;No Line&#8220; custom_height=&#8220;20&#8243;][image_with_animation image_url=&#8220;7307&#8243; image_size=&#8220;full&#8220; animation_type=&#8220;entrance&#8220; animation=&#8220;Fade In&#8220; animation_easing=&#8220;default&#8220; animation_movement_type=&#8220;transform_y&#8220; hover_animation=&#8220;none&#8220; alignment=&#8220;center&#8220; img_link_large=&#8220;yes&#8220; border_radius=&#8220;none&#8220; box_shadow=&#8220;none&#8220; image_loading=&#8220;default&#8220; max_width=&#8220;100%&#8220; max_width_mobile=&#8220;default&#8220;][divider line_type=&#8220;No Line&#8220; custom_height=&#8220;20&#8243;][vc_column_text]\n<h2>Einkaufs- und K\u00fcchentipps<\/h2>\n<p><span style=\"font-weight: 400;\">Wir haben im Folgenden f\u00fcr dich ein paar <strong>Tipps f\u00fcr den Einkauf und die Lagerung<\/strong> zusammengestellt, damit dem Genuss von frischem Rettich und Radieschen nichts im Wege steht.<\/span><\/p>\n<ul>\n<li style=\"font-weight: 400;\" aria-level=\"1\"><span style=\"font-weight: 400;\">Achte auf die Frische! Die Schale sollte <strong>glatt und unbesch\u00e4digt<\/strong> sein. Das Fruchtfleisch sollte fest sein und bei Druck kaum nachgeben. Auch die Bl\u00e4tter geben Aufschluss \u00fcber die Frische. Sind sie gelb oder welk, ist das Gem\u00fcse nicht mehr ganz so frisch. Rettich und Radieschen sollten keine fauligen oder schwarzen Stellen aufweisen.<\/span><\/li>\n<li style=\"font-weight: 400;\" aria-level=\"1\"><span style=\"font-weight: 400;\">Rettiche haben es gerne <strong>k\u00fchl!<\/strong> Daher sorgf\u00e4ltig die Bl\u00e4tter entfernen und auch die feinen Wurzelenden abschneiden. Mit leicht angefeuchtetem K\u00fcchenpapier einwickeln und <strong>im Gem\u00fcsefach des K\u00fchlschranks lagern.<\/strong> Oder in einer verschlie\u00dfbaren Vorratsdose im K\u00fchlschrank aufbewahren. So kann man frischen Rettich oder Radieschen bis zu zehn Tage lagern.<\/span><\/li>\n<li style=\"font-weight: 400;\" aria-level=\"1\"><span style=\"font-weight: 400;\">Achtung: <strong>Zero Waste Gem\u00fcse!<\/strong> Radieschen und Rettich m\u00fcssen nicht gesch\u00e4lt werden und k\u00f6nnen sowohl roh als auch gekocht ungesch\u00e4lt verzehrt werden. Das Blattgr\u00fcn ist ebenfalls genie\u00dfbar und als Salat oder Gew\u00fcrz zu verwenden oder kann auch zu Pesto verarbeitet werden. Die feinen Wurzelenden kann man Suppen oder Eint\u00f6pfen zuf\u00fcgen.<\/span><\/li>\n<\/ul>\n<h2>Nicht nur roh ein Genuss<\/h2>\n<p><span style=\"font-weight: 400;\">Oftmals werden Rettiche gerne roh verzehrt, doch auch in warmen Speisen schmeckt dieses Gem\u00fcse wunderbar und ist zudem auch leichter bek\u00f6mmlich. Wir haben hier ein paar <strong>Rezeptideen<\/strong> zusammengestellt, um dir die kulinarische Vielseitigkeit von Radieschen und Rettich aufzuzeigen.<\/span><\/p>\n<h2>Radieschen-Suppe<\/h2>\n<p><strong>Zutaten f\u00fcr 2 Portionen:<\/strong><\/p>\n<ul>\n<li style=\"font-weight: 400;\" aria-level=\"1\"><span style=\"font-weight: 400;\">300ml Gem\u00fcsesuppe<\/span><\/li>\n<li style=\"font-weight: 400;\" aria-level=\"1\"><span style=\"font-weight: 400;\">100ml Schlagobers oder pflanzliche Kochcreme<\/span><\/li>\n<li style=\"font-weight: 400;\" aria-level=\"1\"><span style=\"font-weight: 400;\">100g mehlige Kartoffeln<\/span><\/li>\n<li style=\"font-weight: 400;\" aria-level=\"1\"><span style=\"font-weight: 400;\">20g Sonnenblumenkerne<\/span><\/li>\n<li style=\"font-weight: 400;\" aria-level=\"1\"><span style=\"font-weight: 400;\">2 Bund <a href=\"https:\/\/www.vomfeld.at\/p\/bio-radieschen\/\" target=\"_blank\" rel=\"noopener\">Radieschen<\/a> mit Gr\u00fcn (vorzugsweise BIO)<\/span><\/li>\n<li style=\"font-weight: 400;\" aria-level=\"1\"><span style=\"font-weight: 400;\">2 Knoblauchzehen<\/span><\/li>\n<li style=\"font-weight: 400;\" aria-level=\"1\"><span style=\"font-weight: 400;\">1 Fr\u00fchlingszwiebel<\/span><\/li>\n<li style=\"font-weight: 400;\" aria-level=\"1\"><span style=\"font-weight: 400;\">1 EL Oliven\u00f6l<\/span><\/li>\n<li style=\"font-weight: 400;\" aria-level=\"1\"><span style=\"font-weight: 400;\">1 EL Zucker<\/span><\/li>\n<li style=\"font-weight: 400;\" aria-level=\"1\"><span style=\"font-weight: 400;\">Salz, Pfeffer<\/span><\/li>\n<\/ul>\n<p><strong>Zubereitung:<\/strong><\/p>\n<ol>\n<li style=\"font-weight: 400;\" aria-level=\"1\"><span style=\"font-weight: 400;\">Radieschen waschen, das Gr\u00fcn abschneiden und beiseitelegen. Die Radieschen in W\u00fcrfel schneiden.<\/span><\/li>\n<li style=\"font-weight: 400;\" aria-level=\"1\"><span style=\"font-weight: 400;\">Knoblauch sch\u00e4len und fein hacken. Fr\u00fchlingszwiebel waschen und in Ringe schneiden.<\/span><\/li>\n<li style=\"font-weight: 400;\" aria-level=\"1\"><span style=\"font-weight: 400;\">Kartoffel sch\u00e4len und in grobe W\u00fcrfel schneiden.<\/span><\/li>\n<li style=\"font-weight: 400;\" aria-level=\"1\"><span style=\"font-weight: 400;\">Die gew\u00fcrfelten Radieschen, Knoblauch und Fr\u00fchlingszwiebel gemeinsam mit Oliven\u00f6l in einem Topf 2-3 Minuten anr\u00f6sten. Zucker zuf\u00fcgen und gut miteinander vermengen.<\/span><\/li>\n<li style=\"font-weight: 400;\" aria-level=\"1\"><span style=\"font-weight: 400;\">Kartoffeln zuf\u00fcgen, mit Gem\u00fcsesuppe abl\u00f6schen und bei mittlerer Hitze zugedeckt 15-20 Minuten k\u00f6cheln lassen.<\/span><\/li>\n<li style=\"font-weight: 400;\" aria-level=\"1\"><span style=\"font-weight: 400;\">Inzwischen die Sonnenblumenkerne in einer Pfanne ohne \u00d6l 2-3 Minuten r\u00f6sten und beiseitestellen.<\/span><\/li>\n<li style=\"font-weight: 400;\" aria-level=\"1\"><span style=\"font-weight: 400;\">Radieschengr\u00fcn mit den H\u00e4nden in St\u00fccke rei\u00dfen und zur Suppe in den Topf geben. Schlagobers zuf\u00fcgen und mit Salz und Pfeffer w\u00fcrzen.<\/span><\/li>\n<li style=\"font-weight: 400;\" aria-level=\"1\"><span style=\"font-weight: 400;\">Die Suppe mit einem Stabmixer fein p\u00fcrieren, in zwei vorgew\u00e4rmten Suppenschalen anrichten und mit den Sonnenblumenkernen garnieren.<\/span><\/li>\n<\/ol>\n[\/vc_column_text][divider line_type=&#8220;No Line&#8220; custom_height=&#8220;20&#8243;][image_with_animation image_url=&#8220;7306&#8243; image_size=&#8220;full&#8220; animation_type=&#8220;entrance&#8220; animation=&#8220;Fade In&#8220; animation_easing=&#8220;default&#8220; animation_movement_type=&#8220;transform_y&#8220; hover_animation=&#8220;none&#8220; alignment=&#8220;center&#8220; img_link_large=&#8220;yes&#8220; border_radius=&#8220;none&#8220; box_shadow=&#8220;none&#8220; image_loading=&#8220;default&#8220; max_width=&#8220;100%&#8220; max_width_mobile=&#8220;default&#8220;][divider line_type=&#8220;No Line&#8220; custom_height=&#8220;20&#8243;][vc_column_text]\n<h2>Kartoffel-Rettich-R\u00f6sti mit Kr\u00e4uter-Dip<\/h2>\n<p><strong>Zutaten f\u00fcr 2 Portionen:<\/strong><\/p>\n<ul>\n<li style=\"font-weight: 400;\" aria-level=\"1\"><span style=\"font-weight: 400;\">400g mehlige Kartoffeln<\/span><\/li>\n<li style=\"font-weight: 400;\" aria-level=\"1\"><span style=\"font-weight: 400;\">200g <a href=\"https:\/\/www.vomfeld.at\/p\/rettich-schwarz\/\" target=\"_blank\" rel=\"noopener\">Rettich<\/a><\/span><\/li>\n<li style=\"font-weight: 400;\" aria-level=\"1\"><span style=\"font-weight: 400;\">100g Kr\u00e4uterfrischk\u00e4se<\/span><\/li>\n<li style=\"font-weight: 400;\" aria-level=\"1\"><span style=\"font-weight: 400;\">20g Maisst\u00e4rke<\/span><\/li>\n<li style=\"font-weight: 400;\" aria-level=\"1\"><span style=\"font-weight: 400;\">3 Eier<\/span><\/li>\n<li style=\"font-weight: 400;\" aria-level=\"1\"><span style=\"font-weight: 400;\">1 gelbe Zwiebel<\/span><\/li>\n<li style=\"font-weight: 400;\" aria-level=\"1\"><span style=\"font-weight: 400;\">1 Bund Schnittlauch<\/span><\/li>\n<li style=\"font-weight: 400;\" aria-level=\"1\"><span style=\"font-weight: 400;\">Salz, Pfeffer, gemahlene Muskatnuss<\/span><\/li>\n<li style=\"font-weight: 400;\" aria-level=\"1\"><span style=\"font-weight: 400;\">Oliven\u00f6l zum Ausbacken<\/span><\/li>\n<\/ul>\n<p><strong>Zubereitung:<\/strong><\/p>\n<ol>\n<li style=\"font-weight: 400;\" aria-level=\"1\"><span style=\"font-weight: 400;\">Den Kr\u00e4uterfrischk\u00e4se mit 2 EL Wasser cremig r\u00fchren und mit Salz und Pfeffer abschmecken.<\/span><\/li>\n<li style=\"font-weight: 400;\" aria-level=\"1\"><span style=\"font-weight: 400;\">Kartoffeln und Zwiebel sch\u00e4len. Rettich waschen und Wurzeln und Gr\u00fcn entfernen. Anschlie\u00dfend mit einer Reibe grob raspeln.<\/span><\/li>\n<li style=\"font-weight: 400;\" aria-level=\"1\"><span style=\"font-weight: 400;\">Die Masse in ein K\u00fcchentuch f\u00fcllen und die Fl\u00fcssigkeit gut ausdr\u00fccken.<\/span><\/li>\n<li style=\"font-weight: 400;\" aria-level=\"1\"><span style=\"font-weight: 400;\">Schnittlauch fein hacken und zusammen mit dem geriebenen Gem\u00fcse, Eier und Maisst\u00e4rke in eine Sch\u00fcssel f\u00fcllen.<\/span><\/li>\n<li style=\"font-weight: 400;\" aria-level=\"1\"><span style=\"font-weight: 400;\">Mit Salz, Pfeffer und Muskatnuss w\u00fcrzen und gut miteinander vermengen.<\/span><\/li>\n<li style=\"font-weight: 400;\" aria-level=\"1\"><span style=\"font-weight: 400;\">1-2 geh\u00e4ufte Essl\u00f6ffel Teig entnehmen und in einer Pfanne mit etwas Oliven\u00f6l portionsweise beidseitig ausbacken und anschlie\u00dfend mit dem Kr\u00e4uter-Dip servieren.<\/span><\/li>\n<\/ol>\n<p><span style=\"font-weight: 400;\">\u00a0<\/span><\/p>\n<h2>Radieschen-Rettich-Salat<\/h2>\n<p><strong>Zutaten f\u00fcr 2 Portionen:<\/strong><\/p>\n<ul>\n<li style=\"font-weight: 400;\" aria-level=\"1\"><span style=\"font-weight: 400;\">200g Rettich<\/span><\/li>\n<li style=\"font-weight: 400;\" aria-level=\"1\"><span style=\"font-weight: 400;\">200g Krauth\u00e4uptel<\/span><\/li>\n<li style=\"font-weight: 400;\" aria-level=\"1\"><span style=\"font-weight: 400;\">50g Sprossen nach Wahl<\/span><\/li>\n<li style=\"font-weight: 400;\" aria-level=\"1\"><span style=\"font-weight: 400;\">20g K\u00fcrbiskerne<\/span><\/li>\n<li style=\"font-weight: 400;\" aria-level=\"1\"><span style=\"font-weight: 400;\">4 Eier (Gr\u00f6\u00dfe M)<\/span><\/li>\n<li style=\"font-weight: 400;\" aria-level=\"1\"><span style=\"font-weight: 400;\">3 EL Apfel-Balsamessig<\/span><\/li>\n<li style=\"font-weight: 400;\" aria-level=\"1\"><span style=\"font-weight: 400;\">3 EL K\u00fcrbiskern\u00f6l<\/span><\/li>\n<li style=\"font-weight: 400;\" aria-level=\"1\"><span style=\"font-weight: 400;\">1 Bund Radieschen<\/span><\/li>\n<li style=\"font-weight: 400;\" aria-level=\"1\"><span style=\"font-weight: 400;\">1 rote Zwiebel<\/span><\/li>\n<li style=\"font-weight: 400;\" aria-level=\"1\"><span style=\"font-weight: 400;\">1 TL Senf<\/span><\/li>\n<li style=\"font-weight: 400;\" aria-level=\"1\"><span style=\"font-weight: 400;\">Salz, Pfeffer, Salatkr\u00e4uter<\/span><\/li>\n<\/ul>\n<p><strong>Zubereitung:<\/strong><\/p>\n<ol>\n<li style=\"font-weight: 400;\" aria-level=\"1\"><span style=\"font-weight: 400;\">Eier in einem Topf mit Wasser ca. 8 Minuten wachsweich kochen, mit kaltem Wasser abschrecken und sch\u00e4len.<\/span><\/li>\n<li style=\"font-weight: 400;\" aria-level=\"1\"><span style=\"font-weight: 400;\">K\u00fcrbiskerne in einer Pfanne ohne \u00d6l 2-3 Minuten anr\u00f6sten und abk\u00fchlen lassen.<\/span><\/li>\n<li style=\"font-weight: 400;\" aria-level=\"1\"><span style=\"font-weight: 400;\">Krauth\u00e4uptel waschen, trocknen und in Streifen schneiden oder in grobe St\u00fccke zupfen. Sprossen waschen und verlesen.<\/span><\/li>\n<li style=\"font-weight: 400;\" aria-level=\"1\"><span style=\"font-weight: 400;\">Rettich waschen, Wurzel und Gr\u00fcn entfernen und in d\u00fcnne Streifen schneiden.<\/span><\/li>\n<li style=\"font-weight: 400;\" aria-level=\"1\"><span style=\"font-weight: 400;\">Radieschen waschen, Gr\u00fcn entfernen und vierteln. Gr\u00f6\u00dfere Radieschen achteln.<\/span><\/li>\n<li style=\"font-weight: 400;\" aria-level=\"1\"><span style=\"font-weight: 400;\">Zwiebel sch\u00e4len, fein w\u00fcrfeln und anschlie\u00dfend mit Apfel-Balsamessig, K\u00fcrbiskern\u00f6l und Senf vermengen und mit Salz, Pfeffer und Salatkr\u00e4utern w\u00fcrzen.<\/span><\/li>\n<li style=\"font-weight: 400;\" aria-level=\"1\"><span style=\"font-weight: 400;\">Gem\u00fcse und Salat auf zwei Tellern anrichten, die Eier und Sprossen dar\u00fcber verteilen, mit der Salatmarinade betr\u00e4ufeln und mit den ger\u00f6steten K\u00fcrbiskernen garnieren.<\/span><\/li>\n<\/ol>\n<p><span style=\"font-weight: 400;\">\u00a0<\/span><\/p>\n<p><span style=\"font-weight: 400;\">Radieschen und Rettich sind vor allem roh verzehrt ein beliebtes Gem\u00fcse. Sie sind <strong>kalorienarm<\/strong> und aufgrund der enthaltenen Senf\u00f6le besonders gut f\u00fcr die Verdauung. Doch auch in warmen Speisen sind sie \u00e4u\u00dferst schmackhaft.<\/span><\/p>\n<p><span style=\"font-weight: 400;\">Das macht sie vor allem f\u00fcr Menschen, die bei rohem Verzehr zu l\u00e4stigem Aufsto\u00dfen oder Mundgeruch neigen, leichter bek\u00f6mmlich. In den Wintermonaten kann Rettich Erk\u00e4ltungssymptome lindern, da er eine schleiml\u00f6sende und antibakterielle Wirkung aufweist. Egal ob die \u00e4u\u00dfere Schicht wei\u00df, schwarz oder rosa ist, <strong>man muss dieses Gem\u00fcse nicht sch\u00e4len.<\/strong><\/span><\/p>\n<p><span style=\"font-weight: 400;\">Mit unseren Tipps f\u00fcr den Einkauf und Lagerung wird der Genuss von knackig frischen Radieschen und Rettich besonders einfach. Auch Abfall l\u00e4sst sich reduzieren, denn dieses Gem\u00fcse ist <strong>von der Wurzel bis zu den Bl\u00e4ttern vollst\u00e4ndig verzehrbar.<\/strong><\/span><\/p>\n<p><span style=\"font-weight: 400;\">Lass dich von unseren Rezeptideen und Zero Waste Tipps inspirieren und genie\u00dfe Radieschen und Rettich auf vielf\u00e4ltige Weise.<\/span>[\/vc_column_text][\/vc_column][\/vc_row]\n","protected":false},"excerpt":{"rendered":"<p>[vc_row type=&#8220;in_container&#8220; full_screen_row_position=&#8220;middle&#8220; column_margin=&#8220;default&#8220; column_direction=&#8220;default&#8220; column_direction_tablet=&#8220;default&#8220; column_direction_phone=&#8220;default&#8220; scene_position=&#8220;center&#8220; text_color=&#8220;dark&#8220; text_align=&#8220;left&#8220; row_border_radius=&#8220;none&#8220; row_border_radius_applies=&#8220;bg&#8220; overflow=&#8220;visible&#8220; overlay_strength=&#8220;0.3&#8243; gradient_direction=&#8220;left_to_right&#8220;&#8230;<\/p>\n","protected":false},"author":3,"featured_media":7308,"comment_status":"closed","ping_status":"closed","sticky":false,"template":"","format":"standard","meta":{"footnotes":""},"categories":[1,24],"tags":[],"class_list":{"0":"post-7305","1":"post","2":"type-post","3":"status-publish","4":"format-standard","5":"has-post-thumbnail","7":"category-allgemein","8":"category-produkte"},"yoast_head":"<!-- This site is optimized with the Yoast SEO plugin v25.4 - https:\/\/yoast.com\/wordpress\/plugins\/seo\/ -->\n<title>Knackig und frisch: Entdecke die kulinarische Vielfalt des Rettichs<\/title>\n<meta name=\"description\" content=\"Von der Wurzel bis zum Blatt: Rettich und Radieschen sind wahre Allesk\u00f6nner! \u2714 Radieschen-Suppe \u2714 Kartoffel-Rettich-R\u00f6sti\" \/>\n<meta name=\"robots\" content=\"index, follow, max-snippet:-1, max-image-preview:large, max-video-preview:-1\" \/>\n<link rel=\"canonical\" href=\"https:\/\/www.vomfeld.at\/blog\/rettich-radieschen\/\" \/>\n<meta property=\"og:locale\" content=\"de_DE\" \/>\n<meta property=\"og:type\" content=\"article\" \/>\n<meta property=\"og:title\" content=\"Knackig und frisch: Entdecke die kulinarische Vielfalt des Rettichs\" \/>\n<meta property=\"og:description\" content=\"Von der Wurzel bis zum Blatt: Rettich und Radieschen sind wahre Allesk\u00f6nner! \u2714 Radieschen-Suppe \u2714 Kartoffel-Rettich-R\u00f6sti\" \/>\n<meta property=\"og:url\" content=\"https:\/\/www.vomfeld.at\/blog\/rettich-radieschen\/\" \/>\n<meta property=\"og:site_name\" content=\"Johanna vom Feld Blog\" \/>\n<meta property=\"article:publisher\" content=\"https:\/\/www.facebook.com\/vomfeld.at\/\" \/>\n<meta property=\"article:published_time\" content=\"2023-05-17T12:47:40+00:00\" \/>\n<meta property=\"article:modified_time\" content=\"2023-05-24T12:47:57+00:00\" \/>\n<meta property=\"og:image\" content=\"https:\/\/www.vomfeld.at\/blog\/wp-content\/uploads\/2023\/05\/rettich-mix.jpg\" \/>\n\t<meta property=\"og:image:width\" content=\"1600\" \/>\n\t<meta property=\"og:image:height\" content=\"900\" \/>\n\t<meta property=\"og:image:type\" content=\"image\/jpeg\" \/>\n<meta name=\"author\" content=\"Johanna\" \/>\n<meta name=\"twitter:card\" content=\"summary_large_image\" \/>\n<meta name=\"twitter:label1\" content=\"Verfasst von\" \/>\n\t<meta name=\"twitter:data1\" content=\"Johanna\" \/>\n\t<meta name=\"twitter:label2\" content=\"Gesch\u00e4tzte Lesezeit\" \/>\n\t<meta name=\"twitter:data2\" content=\"7\u00a0Minuten\" \/>\n<script type=\"application\/ld+json\" class=\"yoast-schema-graph\">{\"@context\":\"https:\/\/schema.org\",\"@graph\":[{\"@type\":\"Article\",\"@id\":\"https:\/\/www.vomfeld.at\/blog\/rettich-radieschen\/#article\",\"isPartOf\":{\"@id\":\"https:\/\/www.vomfeld.at\/blog\/rettich-radieschen\/\"},\"author\":{\"name\":\"Johanna\",\"@id\":\"https:\/\/www.vomfeld.at\/blog\/#\/schema\/person\/8dab792dce4e00bc69ebf949f6eab1bf\"},\"headline\":\"Knackig und frisch: Entdecke die kulinarische Vielfalt des Rettichs\",\"datePublished\":\"2023-05-17T12:47:40+00:00\",\"dateModified\":\"2023-05-24T12:47:57+00:00\",\"mainEntityOfPage\":{\"@id\":\"https:\/\/www.vomfeld.at\/blog\/rettich-radieschen\/\"},\"wordCount\":1560,\"publisher\":{\"@id\":\"https:\/\/www.vomfeld.at\/blog\/#organization\"},\"image\":{\"@id\":\"https:\/\/www.vomfeld.at\/blog\/rettich-radieschen\/#primaryimage\"},\"thumbnailUrl\":\"https:\/\/www.vomfeld.at\/blog\/wp-content\/uploads\/2023\/05\/rettich-mix.jpg\",\"articleSection\":{\"1\":\"Produkte\"},\"inLanguage\":\"de\"},{\"@type\":\"WebPage\",\"@id\":\"https:\/\/www.vomfeld.at\/blog\/rettich-radieschen\/\",\"url\":\"https:\/\/www.vomfeld.at\/blog\/rettich-radieschen\/\",\"name\":\"Knackig und frisch: Entdecke die kulinarische Vielfalt des Rettichs\",\"isPartOf\":{\"@id\":\"https:\/\/www.vomfeld.at\/blog\/#website\"},\"primaryImageOfPage\":{\"@id\":\"https:\/\/www.vomfeld.at\/blog\/rettich-radieschen\/#primaryimage\"},\"image\":{\"@id\":\"https:\/\/www.vomfeld.at\/blog\/rettich-radieschen\/#primaryimage\"},\"thumbnailUrl\":\"https:\/\/www.vomfeld.at\/blog\/wp-content\/uploads\/2023\/05\/rettich-mix.jpg\",\"datePublished\":\"2023-05-17T12:47:40+00:00\",\"dateModified\":\"2023-05-24T12:47:57+00:00\",\"description\":\"Von der Wurzel bis zum Blatt: Rettich und Radieschen sind wahre Allesk\u00f6nner! \u2714 Radieschen-Suppe \u2714 Kartoffel-Rettich-R\u00f6sti\",\"breadcrumb\":{\"@id\":\"https:\/\/www.vomfeld.at\/blog\/rettich-radieschen\/#breadcrumb\"},\"inLanguage\":\"de\",\"potentialAction\":[{\"@type\":\"ReadAction\",\"target\":[\"https:\/\/www.vomfeld.at\/blog\/rettich-radieschen\/\"]}]},{\"@type\":\"ImageObject\",\"inLanguage\":\"de\",\"@id\":\"https:\/\/www.vomfeld.at\/blog\/rettich-radieschen\/#primaryimage\",\"url\":\"https:\/\/www.vomfeld.at\/blog\/wp-content\/uploads\/2023\/05\/rettich-mix.jpg\",\"contentUrl\":\"https:\/\/www.vomfeld.at\/blog\/wp-content\/uploads\/2023\/05\/rettich-mix.jpg\",\"width\":1600,\"height\":900,\"caption\":\"Radieschen und Rettiche gemischt\"},{\"@type\":\"BreadcrumbList\",\"@id\":\"https:\/\/www.vomfeld.at\/blog\/rettich-radieschen\/#breadcrumb\",\"itemListElement\":[{\"@type\":\"ListItem\",\"position\":1,\"name\":\"Startseite\",\"item\":\"https:\/\/www.vomfeld.at\/blog\/\"},{\"@type\":\"ListItem\",\"position\":2,\"name\":\"Knackig und frisch: Entdecke die kulinarische Vielfalt des Rettichs\"}]},{\"@type\":\"WebSite\",\"@id\":\"https:\/\/www.vomfeld.at\/blog\/#website\",\"url\":\"https:\/\/www.vomfeld.at\/blog\/\",\"name\":\"Johanna vom Feld Blog\",\"description\":\"Mehr aus Lebensmitteln vom Feld machen\",\"publisher\":{\"@id\":\"https:\/\/www.vomfeld.at\/blog\/#organization\"},\"potentialAction\":[{\"@type\":\"SearchAction\",\"target\":{\"@type\":\"EntryPoint\",\"urlTemplate\":\"https:\/\/www.vomfeld.at\/blog\/?s={search_term_string}\"},\"query-input\":{\"@type\":\"PropertyValueSpecification\",\"valueRequired\":true,\"valueName\":\"search_term_string\"}}],\"inLanguage\":\"de\"},{\"@type\":\"Organization\",\"@id\":\"https:\/\/www.vomfeld.at\/blog\/#organization\",\"name\":\"Johanna vom Feld\",\"url\":\"https:\/\/www.vomfeld.at\/blog\/\",\"logo\":{\"@type\":\"ImageObject\",\"inLanguage\":\"de\",\"@id\":\"https:\/\/www.vomfeld.at\/blog\/#\/schema\/logo\/image\/\",\"url\":\"https:\/\/www.vomfeld.at\/blog\/wp-content\/uploads\/2018\/10\/vomfeld-logo-large.png\",\"contentUrl\":\"https:\/\/www.vomfeld.at\/blog\/wp-content\/uploads\/2018\/10\/vomfeld-logo-large.png\",\"width\":340,\"height\":200,\"caption\":\"Johanna vom Feld\"},\"image\":{\"@id\":\"https:\/\/www.vomfeld.at\/blog\/#\/schema\/logo\/image\/\"},\"sameAs\":[\"https:\/\/www.facebook.com\/vomfeld.at\/\"]},{\"@type\":\"Person\",\"@id\":\"https:\/\/www.vomfeld.at\/blog\/#\/schema\/person\/8dab792dce4e00bc69ebf949f6eab1bf\",\"name\":\"Johanna\"}]}<\/script>\n<!-- \/ Yoast SEO plugin. -->","yoast_head_json":{"title":"Knackig und frisch: Entdecke die kulinarische Vielfalt des Rettichs","description":"Von der Wurzel bis zum Blatt: Rettich und Radieschen sind wahre Allesk\u00f6nner! \u2714 Radieschen-Suppe \u2714 Kartoffel-Rettich-R\u00f6sti","robots":{"index":"index","follow":"follow","max-snippet":"max-snippet:-1","max-image-preview":"max-image-preview:large","max-video-preview":"max-video-preview:-1"},"canonical":"https:\/\/www.vomfeld.at\/blog\/rettich-radieschen\/","og_locale":"de_DE","og_type":"article","og_title":"Knackig und frisch: Entdecke die kulinarische Vielfalt des Rettichs","og_description":"Von der Wurzel bis zum Blatt: Rettich und Radieschen sind wahre Allesk\u00f6nner! \u2714 Radieschen-Suppe \u2714 Kartoffel-Rettich-R\u00f6sti","og_url":"https:\/\/www.vomfeld.at\/blog\/rettich-radieschen\/","og_site_name":"Johanna vom Feld Blog","article_publisher":"https:\/\/www.facebook.com\/vomfeld.at\/","article_published_time":"2023-05-17T12:47:40+00:00","article_modified_time":"2023-05-24T12:47:57+00:00","og_image":[{"width":1600,"height":900,"url":"https:\/\/www.vomfeld.at\/blog\/wp-content\/uploads\/2023\/05\/rettich-mix.jpg","type":"image\/jpeg"}],"author":"Johanna","twitter_card":"summary_large_image","twitter_misc":{"Verfasst von":"Johanna","Gesch\u00e4tzte Lesezeit":"7\u00a0Minuten"},"schema":{"@context":"https:\/\/schema.org","@graph":[{"@type":"Article","@id":"https:\/\/www.vomfeld.at\/blog\/rettich-radieschen\/#article","isPartOf":{"@id":"https:\/\/www.vomfeld.at\/blog\/rettich-radieschen\/"},"author":{"name":"Johanna","@id":"https:\/\/www.vomfeld.at\/blog\/#\/schema\/person\/8dab792dce4e00bc69ebf949f6eab1bf"},"headline":"Knackig und frisch: Entdecke die kulinarische Vielfalt des Rettichs","datePublished":"2023-05-17T12:47:40+00:00","dateModified":"2023-05-24T12:47:57+00:00","mainEntityOfPage":{"@id":"https:\/\/www.vomfeld.at\/blog\/rettich-radieschen\/"},"wordCount":1560,"publisher":{"@id":"https:\/\/www.vomfeld.at\/blog\/#organization"},"image":{"@id":"https:\/\/www.vomfeld.at\/blog\/rettich-radieschen\/#primaryimage"},"thumbnailUrl":"https:\/\/www.vomfeld.at\/blog\/wp-content\/uploads\/2023\/05\/rettich-mix.jpg","articleSection":{"1":"Produkte"},"inLanguage":"de"},{"@type":"WebPage","@id":"https:\/\/www.vomfeld.at\/blog\/rettich-radieschen\/","url":"https:\/\/www.vomfeld.at\/blog\/rettich-radieschen\/","name":"Knackig und frisch: Entdecke die kulinarische Vielfalt des Rettichs","isPartOf":{"@id":"https:\/\/www.vomfeld.at\/blog\/#website"},"primaryImageOfPage":{"@id":"https:\/\/www.vomfeld.at\/blog\/rettich-radieschen\/#primaryimage"},"image":{"@id":"https:\/\/www.vomfeld.at\/blog\/rettich-radieschen\/#primaryimage"},"thumbnailUrl":"https:\/\/www.vomfeld.at\/blog\/wp-content\/uploads\/2023\/05\/rettich-mix.jpg","datePublished":"2023-05-17T12:47:40+00:00","dateModified":"2023-05-24T12:47:57+00:00","description":"Von der Wurzel bis zum Blatt: Rettich und Radieschen sind wahre Allesk\u00f6nner! \u2714 Radieschen-Suppe \u2714 Kartoffel-Rettich-R\u00f6sti","breadcrumb":{"@id":"https:\/\/www.vomfeld.at\/blog\/rettich-radieschen\/#breadcrumb"},"inLanguage":"de","potentialAction":[{"@type":"ReadAction","target":["https:\/\/www.vomfeld.at\/blog\/rettich-radieschen\/"]}]},{"@type":"ImageObject","inLanguage":"de","@id":"https:\/\/www.vomfeld.at\/blog\/rettich-radieschen\/#primaryimage","url":"https:\/\/www.vomfeld.at\/blog\/wp-content\/uploads\/2023\/05\/rettich-mix.jpg","contentUrl":"https:\/\/www.vomfeld.at\/blog\/wp-content\/uploads\/2023\/05\/rettich-mix.jpg","width":1600,"height":900,"caption":"Radieschen und Rettiche gemischt"},{"@type":"BreadcrumbList","@id":"https:\/\/www.vomfeld.at\/blog\/rettich-radieschen\/#breadcrumb","itemListElement":[{"@type":"ListItem","position":1,"name":"Startseite","item":"https:\/\/www.vomfeld.at\/blog\/"},{"@type":"ListItem","position":2,"name":"Knackig und frisch: Entdecke die kulinarische Vielfalt des Rettichs"}]},{"@type":"WebSite","@id":"https:\/\/www.vomfeld.at\/blog\/#website","url":"https:\/\/www.vomfeld.at\/blog\/","name":"Johanna vom Feld Blog","description":"Mehr aus Lebensmitteln vom Feld machen","publisher":{"@id":"https:\/\/www.vomfeld.at\/blog\/#organization"},"potentialAction":[{"@type":"SearchAction","target":{"@type":"EntryPoint","urlTemplate":"https:\/\/www.vomfeld.at\/blog\/?s={search_term_string}"},"query-input":{"@type":"PropertyValueSpecification","valueRequired":true,"valueName":"search_term_string"}}],"inLanguage":"de"},{"@type":"Organization","@id":"https:\/\/www.vomfeld.at\/blog\/#organization","name":"Johanna vom Feld","url":"https:\/\/www.vomfeld.at\/blog\/","logo":{"@type":"ImageObject","inLanguage":"de","@id":"https:\/\/www.vomfeld.at\/blog\/#\/schema\/logo\/image\/","url":"https:\/\/www.vomfeld.at\/blog\/wp-content\/uploads\/2018\/10\/vomfeld-logo-large.png","contentUrl":"https:\/\/www.vomfeld.at\/blog\/wp-content\/uploads\/2018\/10\/vomfeld-logo-large.png","width":340,"height":200,"caption":"Johanna vom Feld"},"image":{"@id":"https:\/\/www.vomfeld.at\/blog\/#\/schema\/logo\/image\/"},"sameAs":["https:\/\/www.facebook.com\/vomfeld.at\/"]},{"@type":"Person","@id":"https:\/\/www.vomfeld.at\/blog\/#\/schema\/person\/8dab792dce4e00bc69ebf949f6eab1bf","name":"Johanna"}]}},"_links":{"self":[{"href":"https:\/\/www.vomfeld.at\/blog\/wp-json\/wp\/v2\/posts\/7305","targetHints":{"allow":["GET"]}}],"collection":[{"href":"https:\/\/www.vomfeld.at\/blog\/wp-json\/wp\/v2\/posts"}],"about":[{"href":"https:\/\/www.vomfeld.at\/blog\/wp-json\/wp\/v2\/types\/post"}],"author":[{"embeddable":true,"href":"https:\/\/www.vomfeld.at\/blog\/wp-json\/wp\/v2\/users\/3"}],"replies":[{"embeddable":true,"href":"https:\/\/www.vomfeld.at\/blog\/wp-json\/wp\/v2\/comments?post=7305"}],"version-history":[{"count":1,"href":"https:\/\/www.vomfeld.at\/blog\/wp-json\/wp\/v2\/posts\/7305\/revisions"}],"predecessor-version":[{"id":7309,"href":"https:\/\/www.vomfeld.at\/blog\/wp-json\/wp\/v2\/posts\/7305\/revisions\/7309"}],"wp:featuredmedia":[{"embeddable":true,"href":"https:\/\/www.vomfeld.at\/blog\/wp-json\/wp\/v2\/media\/7308"}],"wp:attachment":[{"href":"https:\/\/www.vomfeld.at\/blog\/wp-json\/wp\/v2\/media?parent=7305"}],"wp:term":[{"taxonomy":"category","embeddable":true,"href":"https:\/\/www.vomfeld.at\/blog\/wp-json\/wp\/v2\/categories?post=7305"},{"taxonomy":"post_tag","embeddable":true,"href":"https:\/\/www.vomfeld.at\/blog\/wp-json\/wp\/v2\/tags?post=7305"}],"curies":[{"name":"wp","href":"https:\/\/api.w.org\/{rel}","templated":true}]}}