{"id":7285,"date":"2023-04-19T13:07:09","date_gmt":"2023-04-19T11:07:09","guid":{"rendered":"https:\/\/www.vomfeld.at\/blog\/?p=7285"},"modified":"2023-04-19T13:07:09","modified_gmt":"2023-04-19T11:07:09","slug":"das-kleine-kuechenkraeuter-abc","status":"publish","type":"post","link":"https:\/\/www.vomfeld.at\/blog\/das-kleine-kuechenkraeuter-abc\/","title":{"rendered":"Das kleine K\u00fcchenkr\u00e4uter ABC"},"content":{"rendered":"[vc_row type=&#8220;in_container&#8220; full_screen_row_position=&#8220;middle&#8220; column_margin=&#8220;default&#8220; column_direction=&#8220;default&#8220; column_direction_tablet=&#8220;default&#8220; column_direction_phone=&#8220;default&#8220; scene_position=&#8220;center&#8220; text_color=&#8220;dark&#8220; text_align=&#8220;left&#8220; row_border_radius=&#8220;none&#8220; row_border_radius_applies=&#8220;bg&#8220; overflow=&#8220;visible&#8220; overlay_strength=&#8220;0.3&#8243; gradient_direction=&#8220;left_to_right&#8220; shape_divider_position=&#8220;bottom&#8220; bg_image_animation=&#8220;none&#8220;][vc_column column_padding=&#8220;no-extra-padding&#8220; column_padding_tablet=&#8220;inherit&#8220; column_padding_phone=&#8220;inherit&#8220; column_padding_position=&#8220;all&#8220; column_element_direction_desktop=&#8220;default&#8220; column_element_spacing=&#8220;default&#8220; desktop_text_alignment=&#8220;default&#8220; tablet_text_alignment=&#8220;default&#8220; phone_text_alignment=&#8220;default&#8220; background_color_opacity=&#8220;1&#8243; background_hover_color_opacity=&#8220;1&#8243; column_backdrop_filter=&#8220;none&#8220; column_shadow=&#8220;none&#8220; column_border_radius=&#8220;none&#8220; column_link_target=&#8220;_self&#8220; column_position=&#8220;default&#8220; gradient_direction=&#8220;left_to_right&#8220; overlay_strength=&#8220;0.3&#8243; width=&#8220;1\/1&#8243; tablet_width_inherit=&#8220;default&#8220; animation_type=&#8220;default&#8220; bg_image_animation=&#8220;none&#8220; border_type=&#8220;simple&#8220; column_border_width=&#8220;none&#8220; column_border_style=&#8220;solid&#8220;][vc_column_text]<span style=\"font-weight: 400;\">Stell dir mal vor, du sitzt im Restaurant. Dein bestelltes Gericht wird serviert, ist h\u00fcbsch angerichtet und dir l\u00e4uft das Wasser im Mund zusammen. Die Vorfreude auf den ersten Bissen ist gro\u00df. Und dann: Das Gericht wurde ohne Gew\u00fcrze und Kr\u00e4uter zubereitet. <\/span><\/p>\n<p><span style=\"font-weight: 400;\">Es schmeckt fad und man hat wenig Freude am Essen. Die Bedeutung von Kr\u00e4utern und Gew\u00fcrzen ist daher nicht zu untersch\u00e4tzen. Nicht nur Salz und Pfeffer verleihen Geschmack, auch verschiedene K\u00fcchenkr\u00e4uter machen eine Mahlzeit zu einem besonderen Erlebnis.<\/span><\/p>\n<p><span style=\"font-weight: 400;\">Im folgenden Beitrag m\u00f6chten wir dir die Vorz\u00fcge der Kr\u00e4uteranwendung in der K\u00fcche n\u00e4herbringen.<\/span><\/p>\n<h2>Aromatisch und gesund<\/h2>\n<p><span style=\"font-weight: 400;\">Aus botanischer Sicht stammen die h\u00e4ufigsten K\u00fcchenkr\u00e4uter aus der Familie der <strong>Lippenbl\u00fctler<\/strong>. Dazu z\u00e4hlen Basilikum, Thymian, Majoran, Rosmarin, Bohnenkraut, Salbei und Minze.<\/span><\/p>\n<p><span style=\"font-weight: 400;\">Zu der Familie der <strong>Doldenbl\u00fctler<\/strong> geh\u00f6ren Anis, K\u00fcmmel, Koriander, Dill, Petersilie und Liebst\u00f6ckel und zur Familie der Lauchgew\u00e4chse z\u00e4hlen Knoblauch, Schnittlauch und nat\u00fcrlich auch der B\u00e4rlauch.<\/span><\/p>\n<p><span style=\"font-weight: 400;\">Frische Kr\u00e4uter kann man im eigenen Garten anbauen, in T\u00f6pfen auf dem Balkon oder der Fensterbank ziehen und nat\u00fcrlich auch auf dem Markt oder im Supermarkt kaufen. Einige Sorten sind auch getrocknet oder tiefgefroren aromatisch und dadurch auch l\u00e4nger haltbar.<\/span><\/p>\n<p><span style=\"font-weight: 400;\">Vor allem haben Kr\u00e4uter nicht nur Einfluss auf den Geschmack, sondern liefern auch <strong>wertvolle N\u00e4hrstoffe,<\/strong> die eine positive Wirkung auf die Gesundheit und das Wohlbefinden haben.<\/span><\/p>\n<h2>Kr\u00e4uter im Rampenlicht<\/h2>\n<p><span style=\"font-weight: 400;\">Gew\u00fcrze machen Speisen besonders schmackhaft. Doch erst durch die Verwendung von frischen oder getrockneten <a href=\"https:\/\/www.vomfeld.at\/c\/fuer-die-speis\/salz-pfeffer-gewuerze\/\" target=\"_blank\" rel=\"noopener\">Kr\u00e4utern<\/a> wird eine Mahlzeit zum Genuss und sorgt durch den Einsatz verschiedenster Sorten f\u00fcr Abwechslung.<\/span><\/p>\n<p><span style=\"font-weight: 400;\">Wir haben f\u00fcr dich weiter unten ein paar Rezepte zusammengestellt, die <strong>K\u00fcchenkr\u00e4uter ins Rampenlicht r\u00fccken<\/strong> und die vielseitigen Zubereitungsm\u00f6glichkeiten aufzeigen. Doch zun\u00e4chst wollen wir dir die beliebtesten K\u00fcchenkr\u00e4uter in \u00d6sterreichs K\u00fcchen vorstellen.<\/span>[\/vc_column_text][divider line_type=&#8220;No Line&#8220; custom_height=&#8220;20&#8243;][image_with_animation image_url=&#8220;7290&#8243; image_size=&#8220;full&#8220; animation_type=&#8220;entrance&#8220; animation=&#8220;Fade In&#8220; animation_easing=&#8220;default&#8220; animation_movement_type=&#8220;transform_y&#8220; hover_animation=&#8220;none&#8220; alignment=&#8220;center&#8220; img_link_large=&#8220;yes&#8220; border_radius=&#8220;none&#8220; box_shadow=&#8220;none&#8220; image_loading=&#8220;default&#8220; max_width=&#8220;100%&#8220; max_width_mobile=&#8220;default&#8220;][divider line_type=&#8220;No Line&#8220; custom_height=&#8220;20&#8243;][vc_column_text]\n<h2>K\u00fcchenkr\u00e4uter-ABC<\/h2>\n<p><span style=\"font-weight: 400;\">Bei der Zubereitung von Speisen obliegt es h\u00e4ufig den eigenen Geschmacksvorlieben, welche Kr\u00e4uter man verwenden m\u00f6chte. Mit unserem <strong>K\u00fcchenkr\u00e4uter-ABC<\/strong> m\u00f6chten wir dir einen \u00dcberblick bieten, wie du Kr\u00e4uter bestm\u00f6glich zum W\u00fcrzen einsetzen kannst und welche Wirkung sie auf die Gesundheit haben:<\/span><\/p>\n<h3>Basilikum<\/h3>\n<p>Es stammt urspr\u00fcnglich aus Asien, kommt jedoch vorzugsweise in italienischen Gerichten zum Einsatz. Die Pflanze ist besonders empfindlich und nicht zum Erhitzen geeignet, da es sein Aroma verliert. Es ist ein Kraut, das auch beim Einfrieren oder Trocknen Aroma verliert und daher eher nur frisch und roh verzehrt werden sollte. Es passt besonders zu Tomaten, Salat oder K\u00e4se, aber auch roh als Pesto verarbeitet zu Pasta oder Brot. Basilikum wirkt antibakteriell und hat positiven Einfluss auf das Immunsystem.<\/p>\n<h3>Bohnenkraut<\/h3>\n<p><span style=\"font-weight: 400;\">Dieses Kraut l\u00e4sst schon erahnen, wozu es gut passt: zu Bohnen! Es ist getrocknet oder frisch besonders aromatisch und l\u00e4sst sich auch gut erhitzen. In Eint\u00f6pfen, Suppen und vor allem in Bohnengerichten verleiht es den Speisen besonderen Geschmack und mildert Bl\u00e4hungen, die durch den Verzehr von H\u00fclsenfr\u00fcchten entstehen k\u00f6nnen. Zudem wirkt Bohnenkraut krampfl\u00f6send, antibakteriell und verdauungsf\u00f6rdernd.<\/span><\/p>\n<h3>Dill<\/h3>\n<p><span style=\"font-weight: 400;\">Dieses Kraut ist der ideale kulinarische Begleiter f\u00fcr Gerichte mit Fisch und Meeresfr\u00fcchten sowie zu Gurkensalat und hellen Saucen. Frisch, getrocknet oder tiefgek\u00fchlt ist Dill leicht zu lagern und gut verwendbar. Nicht nur geschmacklich verleiht es Speisen ein besonderes Aroma, es wirkt sich auch positiv auf die Verdauung aus und regt den Appetit an.<\/span><\/p>\n<h3>Liebst\u00f6ckel<\/h3>\n<p><span style=\"font-weight: 400;\">Er wird auch als Maggi-Kraut bezeichnet, da sein besonders intensives Aroma hervorragend Suppen, Eint\u00f6pfe, Salate und Aufstriche verfeinert. Liebst\u00f6ckel l\u00e4sst sich trocknen, einfrieren oder frisch verwenden. Aufgrund des intensiven Geschmacks kann man Speisen salzarm zubereiten. Liebst\u00f6ckel wirkt zudem entz\u00fcndungshemmend und verdauungsf\u00f6rdernd.<\/span><\/p>\n<h3>Majoran<\/h3>\n<p><span style=\"font-weight: 400;\">Dieses Kraut ist eine klassische Gew\u00fcrzpflanze f\u00fcr Kartoffel- und Fleischgerichte sowie Speisen mit H\u00fclsenfr\u00fcchten. Es verleiht den Mahlzeiten in frischem, getrocknetem oder tiefgek\u00fchltem Zustand ein besonderes Aroma. Vor allem wegen seiner schleiml\u00f6senden, entz\u00fcndungshemmenden und antibakteriellen Eigenschaften ist Majoran zur Erk\u00e4ltungszeit ein nat\u00fcrliches Heilmittel und sollte daher regelm\u00e4\u00dfig in Speisen zum Einsatz kommen.<\/span><\/p>\n<h3>Oregano<\/h3>\n<p><span style=\"font-weight: 400;\">Dieses K\u00fcchenkraut kommt vor allem in der mediterranen K\u00fcche gerne zum Einsatz und besticht besonders in getrockneter Form durch sein intensives Aroma. Doch auch frisch verleiht es Pasta- und Kartoffelgerichten, Pizza, Salaten und Fleischspeisen einen guten Geschmack. Auch seine schleim- und krampfl\u00f6senden Eigenschaften sowie schmerzstillende und antiseptische Wirkung haben positiven Einfluss auf die Gesundheit.<\/span><\/p>\n<h3>Petersilie<\/h3>\n<p><span style=\"font-weight: 400;\">Egal ob kraus oder glatt, Petersilie ist eines der beliebtesten K\u00fcchenkr\u00e4uter in \u00d6sterreich. Dieses Kraut l\u00e4sst sich sowohl frisch, tiefgek\u00fchlt als auch getrocknet wunderbar verwenden. Sie liefert viel Vitamin C und schmeckt besonders gut zu herzhaften Speisen, Aufstrichen, Salaten, Eint\u00f6pfen und Saucen. Petersilie hat eine harntreibende bzw. entw\u00e4ssernde Wirkung, unterst\u00fctzt den K\u00f6rper bei der Entgiftung und wirkt blutreinigend.<\/span><\/p>\n<h3>Rosmarin<\/h3>\n<p><span style=\"font-weight: 400;\">Dieses Kraut verf\u00fcgt \u00fcber ein leicht bitteres, intensives Aroma und verfeinert vor allem Speisen mit rotem Fleisch, Kartoffelgerichte und dunkle Saucen. Doch auch Getr\u00e4nken, Geb\u00e4ck und Gem\u00fcse verleiht Rosmarin besonderen Geschmack. Frisch oder getrocknet kommt das Aroma dieses K\u00fcchenkrauts am besten zur Geltung. Auf Gesundheit und Wohlbefinden hat Rosmarin aufgrund seiner schmerzlindernden und verdauungsf\u00f6rdernden Wirkung positiven Einfluss.<\/span><\/p>\n<h3>Schnittlauch<\/h3>\n<p><span style=\"font-weight: 400;\">Bei diesem Kraut handelt es sich ebenfalls um eines der beliebtesten K\u00fcchenkr\u00e4uter \u00d6sterreichs. Es schmeckt hervorragend zu Eierspeisen, Aufstrichen, Butter und Pilzen. Frisch oder tiefgek\u00fchlt entfaltet Schnittlauch sein volles Aroma, in getrockneter Form l\u00e4sst sich der Geschmack nicht sehr gut konservieren. Lauchgew\u00e4chse, zu denen der Schnittlauch z\u00e4hlt, haben eine harntreibende, blutreinigende und entz\u00fcndungshemmende Wirkung.<\/span><\/p>\n<h3>Thymian<\/h3>\n<p><span style=\"font-weight: 400;\">Dieses Kraut wurde 2006 als Heilkraut des Jahres ausgezeichnet, da sich Thymian bei Atemwegs- und Magenerkrankungen wegen seiner schleiml\u00f6senden, schmerzlindernden und beruhigenden Eigenschaften bew\u00e4hrt hat. Aufgrund seines besonders intensiven Aromas sollte dieses Kraut beim W\u00fcrzen sparsam eingesetzt werden. Thymian ist sowohl frisch, getrocknet als auch tiefgefroren geschmacksintensiv. \u00c4hnlich wie Majoran eignet sich dieses Kraut besonders gut zum Verfeinern von Kartoffelspeisen und deftigen Fleischgerichten sowie zu Ziegen- und Schafsk\u00e4se.<\/span>[\/vc_column_text][divider line_type=&#8220;No Line&#8220; custom_height=&#8220;20&#8243;][image_with_animation image_url=&#8220;7291&#8243; image_size=&#8220;full&#8220; animation_type=&#8220;entrance&#8220; animation=&#8220;Fade In&#8220; animation_easing=&#8220;default&#8220; animation_movement_type=&#8220;transform_y&#8220; hover_animation=&#8220;none&#8220; alignment=&#8220;center&#8220; img_link_large=&#8220;yes&#8220; border_radius=&#8220;none&#8220; box_shadow=&#8220;none&#8220; image_loading=&#8220;default&#8220; max_width=&#8220;100%&#8220; max_width_mobile=&#8220;default&#8220;][divider line_type=&#8220;No Line&#8220; custom_height=&#8220;20&#8243;][vc_column_text]\n<h2>Kr\u00e4uterrisotto mit Pilzen<\/h2>\n<p><strong>Zutaten f\u00fcr 2 Portionen:<\/strong><\/p>\n<ul>\n<li style=\"font-weight: 400;\" aria-level=\"1\"><span style=\"font-weight: 400;\">500ml Gem\u00fcsesuppe<\/span><\/li>\n<li style=\"font-weight: 400;\" aria-level=\"1\"><span style=\"font-weight: 400;\">150g Risottoreis<\/span><\/li>\n<li style=\"font-weight: 400;\" aria-level=\"1\"><span style=\"font-weight: 400;\">150g Kr\u00e4uterseitlinge<\/span><\/li>\n<li style=\"font-weight: 400;\" aria-level=\"1\"><span style=\"font-weight: 400;\">100g <a href=\"https:\/\/www.vomfeld.at\/p\/champignon\/\" target=\"_blank\" rel=\"noopener\">Champignons<\/a><\/span><\/li>\n<li style=\"font-weight: 400;\" aria-level=\"1\"><span style=\"font-weight: 400;\">30g geriebener Parmesan<\/span><\/li>\n<li style=\"font-weight: 400;\" aria-level=\"1\"><span style=\"font-weight: 400;\">15g frische Petersilie<\/span><\/li>\n<li style=\"font-weight: 400;\" aria-level=\"1\"><span style=\"font-weight: 400;\">15g frischer Liebst\u00f6ckel<\/span><\/li>\n<li style=\"font-weight: 400;\" aria-level=\"1\"><span style=\"font-weight: 400;\">5g frischer <a href=\"https:\/\/www.vomfeld.at\/p\/schnittlauch\/\" target=\"_blank\" rel=\"noopener\">Schnittlauch<\/a><\/span><\/li>\n<li style=\"font-weight: 400;\" aria-level=\"1\"><span style=\"font-weight: 400;\">2 EL Oliven\u00f6l<\/span><\/li>\n<li style=\"font-weight: 400;\" aria-level=\"1\"><span style=\"font-weight: 400;\">2 Knoblauchzehen<\/span><\/li>\n<li style=\"font-weight: 400;\" aria-level=\"1\"><span style=\"font-weight: 400;\">1 rote <a href=\"https:\/\/www.vomfeld.at\/p\/zwiebel-rot\/\" target=\"_blank\" rel=\"noopener\">Zwiebel<\/a><\/span><\/li>\n<li style=\"font-weight: 400;\" aria-level=\"1\"><span style=\"font-weight: 400;\">Salz, Pfeffer, Muskatnuss<\/span><\/li>\n<\/ul>\n<p><strong>Zubereitung:<\/strong><\/p>\n<ol>\n<li style=\"font-weight: 400;\" aria-level=\"1\"><span style=\"font-weight: 400;\">Knoblauch sch\u00e4len und in feine Scheiben schneiden. Zwiebel sch\u00e4len und fein w\u00fcrfeln.<\/span><\/li>\n<li style=\"font-weight: 400;\" aria-level=\"1\"><span style=\"font-weight: 400;\">Kr\u00e4uterseitlinge und Champignons mit einem K\u00fcchentuch s\u00e4ubern und in feine Scheiben schneiden.<\/span><\/li>\n<li style=\"font-weight: 400;\" aria-level=\"1\"><span style=\"font-weight: 400;\">Kr\u00e4uter waschen, trocken sch\u00fctteln und fein hacken.<\/span><\/li>\n<li style=\"font-weight: 400;\" aria-level=\"1\"><span style=\"font-weight: 400;\">Die Zwiebeln in einem Topf mit 1 EL Oliven\u00f6l und dem Risottoreis unter R\u00fchren kurz anschwitzen. Mit der Gem\u00fcsesuppe aufgie\u00dfen und unter gelegentlichem R\u00fchren 15-20 Minuten k\u00f6cheln lassen, bis der Reis gar ist. Bei Bedarf Wasser zugie\u00dfen.<\/span><\/li>\n<li style=\"font-weight: 400;\" aria-level=\"1\"><span style=\"font-weight: 400;\">Anschlie\u00dfend die Kr\u00e4uter und den geriebenen Parmesan zuf\u00fcgen, gut miteinander vermengen und mit Salz, Pfeffer und Muskatnuss w\u00fcrzen.<\/span><\/li>\n<li style=\"font-weight: 400;\" aria-level=\"1\"><span style=\"font-weight: 400;\">Eine Pfanne mit 1 EL Oliven\u00f6l erhitzen und den Knoblauch und die geschnittenen Pilze darin scharf anbraten.<\/span><\/li>\n<li style=\"font-weight: 400;\" aria-level=\"1\"><span style=\"font-weight: 400;\">Das Risotto auf zwei vorgew\u00e4rmten Tellern anrichten, mit den gebratenen Pilzen garnieren und warm genie\u00dfen.<\/span><\/li>\n<\/ol>\n<h2>Kr\u00e4uter-Pizza<\/h2>\n<p><strong>Zutaten f\u00fcr 1 Backblech:<\/strong><\/p>\n<ul>\n<li style=\"font-weight: 400;\" aria-level=\"1\"><span style=\"font-weight: 400;\">200g Sauerrahm<\/span><\/li>\n<li style=\"font-weight: 400;\" aria-level=\"1\"><span style=\"font-weight: 400;\">100g geriebener Mozzarella<\/span><\/li>\n<li style=\"font-weight: 400;\" aria-level=\"1\"><span style=\"font-weight: 400;\">100g <a href=\"https:\/\/www.vomfeld.at\/p\/cherrytomaten\/\" target=\"_blank\" rel=\"noopener\">Cherrytomaten<\/a><\/span><\/li>\n<li style=\"font-weight: 400;\" aria-level=\"1\"><span style=\"font-weight: 400;\">30g frische Kr\u00e4uter nach Wahl<\/span><\/li>\n<li style=\"font-weight: 400;\" aria-level=\"1\"><span style=\"font-weight: 400;\">2 Knoblauchzehen<\/span><\/li>\n<li style=\"font-weight: 400;\" aria-level=\"1\"><span style=\"font-weight: 400;\">1 rote Zwiebel<\/span><\/li>\n<li style=\"font-weight: 400;\" aria-level=\"1\"><span style=\"font-weight: 400;\">1 Rolle Pizzateig aus dem K\u00fchlfach<\/span><\/li>\n<li style=\"font-weight: 400;\" aria-level=\"1\"><span style=\"font-weight: 400;\">1 Bund Petersilie<\/span><\/li>\n<li style=\"font-weight: 400;\" aria-level=\"1\"><span style=\"font-weight: 400;\">1 Bund Schnittlauch<\/span><\/li>\n<li style=\"font-weight: 400;\" aria-level=\"1\"><span style=\"font-weight: 400;\">Salz, Pfeffer<\/span><\/li>\n<\/ul>\n<p><strong>Zubereitung:<\/strong><\/p>\n<ol>\n<li style=\"font-weight: 400;\" aria-level=\"1\"><span style=\"font-weight: 400;\">Pizzateig samt Papier auf einem Backblech ausrollen und das Backrohr nach Packungsanleitung des Pizzateigs vorheizen.<\/span><\/li>\n<li style=\"font-weight: 400;\" aria-level=\"1\"><span style=\"font-weight: 400;\">Kr\u00e4uter waschen, trocken sch\u00fctteln und fein hacken, mit dem Sauerrahm vermengen und auf dem Pizzateig verstreichen.<\/span><\/li>\n<li style=\"font-weight: 400;\" aria-level=\"1\"><span style=\"font-weight: 400;\">Knoblauch und Zwiebel sch\u00e4len und in feine Scheiben schneiden.<\/span><\/li>\n<li style=\"font-weight: 400;\" aria-level=\"1\"><span style=\"font-weight: 400;\">Tomaten waschen und vierteln.<\/span><\/li>\n<li style=\"font-weight: 400;\" aria-level=\"1\"><span style=\"font-weight: 400;\">Das Gem\u00fcse gleichm\u00e4\u00dfig auf dem Pizzateig verteilen, mit dem geriebenen Mozzarella bestreuen und auf einer der unteren Schienen im Backrohr ca. 15-20 Minuten goldbraun backen.<\/span><\/li>\n<li style=\"font-weight: 400;\" aria-level=\"1\"><span style=\"font-weight: 400;\">Vor dem Verzehr etwas abk\u00fchlen lassen und mit Salz und Pfeffer w\u00fcrzen.<\/span><\/li>\n<\/ol>\n<p><span style=\"font-weight: 400;\">K\u00fcchenkr\u00e4uter sind aus unseren Speisen nicht mehr wegzudenken. Durch den regelm\u00e4\u00dfigen Verzehr werden nicht nur die Geschmacksknospen verw\u00f6hnt, auch die Gesundheit und das Wohlbefinden wird durch die Verwendung verschiedenster Kr\u00e4uter positiv beeinflusst.<\/span><\/p>\n<p><span style=\"font-weight: 400;\">Vor allem l\u00e4sst sich durch das W\u00fcrzen mit frischen oder getrockneten Pflanzenteilen der <strong>Salzkonsum reduzieren.<\/strong> Mit unserem K\u00fcchenkr\u00e4uter-ABC findest du rasch das geeignete Gew\u00fcrzkraut f\u00fcr deine Speise.<\/span><\/p>\n<p><span style=\"font-weight: 400;\">Auch so manches Wehwehchen lassen sich durch gezielten Einsatz verschiedenster Kr\u00e4uter in den Speisen und Getr\u00e4nken lindern oder sogar heilen. Verleih deinen Mahlzeiten ein besonderes Aroma und verwende frische, getrocknete oder gefrorene Kr\u00e4uter ganz nach deinem Geschmack.<\/span>[\/vc_column_text][\/vc_column][\/vc_row]\n","protected":false},"excerpt":{"rendered":"<p>[vc_row type=&#8220;in_container&#8220; full_screen_row_position=&#8220;middle&#8220; column_margin=&#8220;default&#8220; column_direction=&#8220;default&#8220; column_direction_tablet=&#8220;default&#8220; column_direction_phone=&#8220;default&#8220; scene_position=&#8220;center&#8220; text_color=&#8220;dark&#8220; text_align=&#8220;left&#8220; row_border_radius=&#8220;none&#8220; row_border_radius_applies=&#8220;bg&#8220; overflow=&#8220;visible&#8220; overlay_strength=&#8220;0.3&#8243; gradient_direction=&#8220;left_to_right&#8220;&#8230;<\/p>\n","protected":false},"author":3,"featured_media":7289,"comment_status":"closed","ping_status":"closed","sticky":false,"template":"","format":"standard","meta":{"footnotes":""},"categories":[1,24],"tags":[],"class_list":{"0":"post-7285","1":"post","2":"type-post","3":"status-publish","4":"format-standard","5":"has-post-thumbnail","7":"category-allgemein","8":"category-produkte"},"yoast_head":"<!-- This site is optimized with the Yoast SEO plugin v25.4 - https:\/\/yoast.com\/wordpress\/plugins\/seo\/ -->\n<title>Das kleine K\u00fcchenkr\u00e4uter ABC | vomfeld.at<\/title>\n<meta name=\"description\" content=\"Weniger Salz und mehr Kr\u00e4uter! Unser K\u00fcchenkr\u00e4uter ABC hilft dir bei der Auswahl. \u2714 Kr\u00e4uterrisotto mit Pilzen \u2714 Kr\u00e4uter Pizza\" \/>\n<meta name=\"robots\" content=\"index, follow, max-snippet:-1, max-image-preview:large, max-video-preview:-1\" \/>\n<link rel=\"canonical\" href=\"https:\/\/www.vomfeld.at\/blog\/das-kleine-kuechenkraeuter-abc\/\" \/>\n<meta property=\"og:locale\" content=\"de_DE\" \/>\n<meta property=\"og:type\" content=\"article\" \/>\n<meta property=\"og:title\" content=\"Das kleine K\u00fcchenkr\u00e4uter ABC | vomfeld.at\" \/>\n<meta property=\"og:description\" content=\"Weniger Salz und mehr Kr\u00e4uter! Unser K\u00fcchenkr\u00e4uter ABC hilft dir bei der Auswahl. \u2714 Kr\u00e4uterrisotto mit Pilzen \u2714 Kr\u00e4uter Pizza\" \/>\n<meta property=\"og:url\" content=\"https:\/\/www.vomfeld.at\/blog\/das-kleine-kuechenkraeuter-abc\/\" \/>\n<meta property=\"og:site_name\" content=\"Johanna vom Feld Blog\" \/>\n<meta property=\"article:publisher\" content=\"https:\/\/www.facebook.com\/vomfeld.at\/\" \/>\n<meta property=\"article:published_time\" content=\"2023-04-19T11:07:09+00:00\" \/>\n<meta property=\"og:image\" content=\"https:\/\/www.vomfeld.at\/blog\/wp-content\/uploads\/2023\/04\/kraeuter-gruppe-trocken.jpg\" \/>\n\t<meta property=\"og:image:width\" content=\"1600\" \/>\n\t<meta property=\"og:image:height\" content=\"1068\" \/>\n\t<meta property=\"og:image:type\" content=\"image\/jpeg\" \/>\n<meta name=\"author\" content=\"Johanna\" \/>\n<meta name=\"twitter:card\" content=\"summary_large_image\" \/>\n<meta name=\"twitter:label1\" content=\"Verfasst von\" \/>\n\t<meta name=\"twitter:data1\" content=\"Johanna\" \/>\n\t<meta name=\"twitter:label2\" content=\"Gesch\u00e4tzte Lesezeit\" \/>\n\t<meta name=\"twitter:data2\" content=\"8\u00a0Minuten\" \/>\n<script type=\"application\/ld+json\" class=\"yoast-schema-graph\">{\"@context\":\"https:\/\/schema.org\",\"@graph\":[{\"@type\":\"Article\",\"@id\":\"https:\/\/www.vomfeld.at\/blog\/das-kleine-kuechenkraeuter-abc\/#article\",\"isPartOf\":{\"@id\":\"https:\/\/www.vomfeld.at\/blog\/das-kleine-kuechenkraeuter-abc\/\"},\"author\":{\"name\":\"Johanna\",\"@id\":\"https:\/\/www.vomfeld.at\/blog\/#\/schema\/person\/8dab792dce4e00bc69ebf949f6eab1bf\"},\"headline\":\"Das kleine K\u00fcchenkr\u00e4uter ABC\",\"datePublished\":\"2023-04-19T11:07:09+00:00\",\"mainEntityOfPage\":{\"@id\":\"https:\/\/www.vomfeld.at\/blog\/das-kleine-kuechenkraeuter-abc\/\"},\"wordCount\":1726,\"publisher\":{\"@id\":\"https:\/\/www.vomfeld.at\/blog\/#organization\"},\"image\":{\"@id\":\"https:\/\/www.vomfeld.at\/blog\/das-kleine-kuechenkraeuter-abc\/#primaryimage\"},\"thumbnailUrl\":\"https:\/\/www.vomfeld.at\/blog\/wp-content\/uploads\/2023\/04\/kraeuter-gruppe-trocken.jpg\",\"articleSection\":{\"1\":\"Produkte\"},\"inLanguage\":\"de\"},{\"@type\":\"WebPage\",\"@id\":\"https:\/\/www.vomfeld.at\/blog\/das-kleine-kuechenkraeuter-abc\/\",\"url\":\"https:\/\/www.vomfeld.at\/blog\/das-kleine-kuechenkraeuter-abc\/\",\"name\":\"Das kleine K\u00fcchenkr\u00e4uter ABC | vomfeld.at\",\"isPartOf\":{\"@id\":\"https:\/\/www.vomfeld.at\/blog\/#website\"},\"primaryImageOfPage\":{\"@id\":\"https:\/\/www.vomfeld.at\/blog\/das-kleine-kuechenkraeuter-abc\/#primaryimage\"},\"image\":{\"@id\":\"https:\/\/www.vomfeld.at\/blog\/das-kleine-kuechenkraeuter-abc\/#primaryimage\"},\"thumbnailUrl\":\"https:\/\/www.vomfeld.at\/blog\/wp-content\/uploads\/2023\/04\/kraeuter-gruppe-trocken.jpg\",\"datePublished\":\"2023-04-19T11:07:09+00:00\",\"description\":\"Weniger Salz und mehr Kr\u00e4uter! Unser K\u00fcchenkr\u00e4uter ABC hilft dir bei der Auswahl. \u2714 Kr\u00e4uterrisotto mit Pilzen \u2714 Kr\u00e4uter Pizza\",\"breadcrumb\":{\"@id\":\"https:\/\/www.vomfeld.at\/blog\/das-kleine-kuechenkraeuter-abc\/#breadcrumb\"},\"inLanguage\":\"de\",\"potentialAction\":[{\"@type\":\"ReadAction\",\"target\":[\"https:\/\/www.vomfeld.at\/blog\/das-kleine-kuechenkraeuter-abc\/\"]}]},{\"@type\":\"ImageObject\",\"inLanguage\":\"de\",\"@id\":\"https:\/\/www.vomfeld.at\/blog\/das-kleine-kuechenkraeuter-abc\/#primaryimage\",\"url\":\"https:\/\/www.vomfeld.at\/blog\/wp-content\/uploads\/2023\/04\/kraeuter-gruppe-trocken.jpg\",\"contentUrl\":\"https:\/\/www.vomfeld.at\/blog\/wp-content\/uploads\/2023\/04\/kraeuter-gruppe-trocken.jpg\",\"width\":1600,\"height\":1068,\"caption\":\"Getrocknete Kr\u00e4uter am Tisch\"},{\"@type\":\"BreadcrumbList\",\"@id\":\"https:\/\/www.vomfeld.at\/blog\/das-kleine-kuechenkraeuter-abc\/#breadcrumb\",\"itemListElement\":[{\"@type\":\"ListItem\",\"position\":1,\"name\":\"Startseite\",\"item\":\"https:\/\/www.vomfeld.at\/blog\/\"},{\"@type\":\"ListItem\",\"position\":2,\"name\":\"Das kleine K\u00fcchenkr\u00e4uter ABC\"}]},{\"@type\":\"WebSite\",\"@id\":\"https:\/\/www.vomfeld.at\/blog\/#website\",\"url\":\"https:\/\/www.vomfeld.at\/blog\/\",\"name\":\"Johanna vom Feld Blog\",\"description\":\"Mehr aus Lebensmitteln vom Feld machen\",\"publisher\":{\"@id\":\"https:\/\/www.vomfeld.at\/blog\/#organization\"},\"potentialAction\":[{\"@type\":\"SearchAction\",\"target\":{\"@type\":\"EntryPoint\",\"urlTemplate\":\"https:\/\/www.vomfeld.at\/blog\/?s={search_term_string}\"},\"query-input\":{\"@type\":\"PropertyValueSpecification\",\"valueRequired\":true,\"valueName\":\"search_term_string\"}}],\"inLanguage\":\"de\"},{\"@type\":\"Organization\",\"@id\":\"https:\/\/www.vomfeld.at\/blog\/#organization\",\"name\":\"Johanna vom Feld\",\"url\":\"https:\/\/www.vomfeld.at\/blog\/\",\"logo\":{\"@type\":\"ImageObject\",\"inLanguage\":\"de\",\"@id\":\"https:\/\/www.vomfeld.at\/blog\/#\/schema\/logo\/image\/\",\"url\":\"https:\/\/www.vomfeld.at\/blog\/wp-content\/uploads\/2018\/10\/vomfeld-logo-large.png\",\"contentUrl\":\"https:\/\/www.vomfeld.at\/blog\/wp-content\/uploads\/2018\/10\/vomfeld-logo-large.png\",\"width\":340,\"height\":200,\"caption\":\"Johanna vom Feld\"},\"image\":{\"@id\":\"https:\/\/www.vomfeld.at\/blog\/#\/schema\/logo\/image\/\"},\"sameAs\":[\"https:\/\/www.facebook.com\/vomfeld.at\/\"]},{\"@type\":\"Person\",\"@id\":\"https:\/\/www.vomfeld.at\/blog\/#\/schema\/person\/8dab792dce4e00bc69ebf949f6eab1bf\",\"name\":\"Johanna\"}]}<\/script>\n<!-- \/ Yoast SEO plugin. -->","yoast_head_json":{"title":"Das kleine K\u00fcchenkr\u00e4uter ABC | vomfeld.at","description":"Weniger Salz und mehr Kr\u00e4uter! Unser K\u00fcchenkr\u00e4uter ABC hilft dir bei der Auswahl. \u2714 Kr\u00e4uterrisotto mit Pilzen \u2714 Kr\u00e4uter Pizza","robots":{"index":"index","follow":"follow","max-snippet":"max-snippet:-1","max-image-preview":"max-image-preview:large","max-video-preview":"max-video-preview:-1"},"canonical":"https:\/\/www.vomfeld.at\/blog\/das-kleine-kuechenkraeuter-abc\/","og_locale":"de_DE","og_type":"article","og_title":"Das kleine K\u00fcchenkr\u00e4uter ABC | vomfeld.at","og_description":"Weniger Salz und mehr Kr\u00e4uter! Unser K\u00fcchenkr\u00e4uter ABC hilft dir bei der Auswahl. \u2714 Kr\u00e4uterrisotto mit Pilzen \u2714 Kr\u00e4uter Pizza","og_url":"https:\/\/www.vomfeld.at\/blog\/das-kleine-kuechenkraeuter-abc\/","og_site_name":"Johanna vom Feld Blog","article_publisher":"https:\/\/www.facebook.com\/vomfeld.at\/","article_published_time":"2023-04-19T11:07:09+00:00","og_image":[{"width":1600,"height":1068,"url":"https:\/\/www.vomfeld.at\/blog\/wp-content\/uploads\/2023\/04\/kraeuter-gruppe-trocken.jpg","type":"image\/jpeg"}],"author":"Johanna","twitter_card":"summary_large_image","twitter_misc":{"Verfasst von":"Johanna","Gesch\u00e4tzte Lesezeit":"8\u00a0Minuten"},"schema":{"@context":"https:\/\/schema.org","@graph":[{"@type":"Article","@id":"https:\/\/www.vomfeld.at\/blog\/das-kleine-kuechenkraeuter-abc\/#article","isPartOf":{"@id":"https:\/\/www.vomfeld.at\/blog\/das-kleine-kuechenkraeuter-abc\/"},"author":{"name":"Johanna","@id":"https:\/\/www.vomfeld.at\/blog\/#\/schema\/person\/8dab792dce4e00bc69ebf949f6eab1bf"},"headline":"Das kleine K\u00fcchenkr\u00e4uter ABC","datePublished":"2023-04-19T11:07:09+00:00","mainEntityOfPage":{"@id":"https:\/\/www.vomfeld.at\/blog\/das-kleine-kuechenkraeuter-abc\/"},"wordCount":1726,"publisher":{"@id":"https:\/\/www.vomfeld.at\/blog\/#organization"},"image":{"@id":"https:\/\/www.vomfeld.at\/blog\/das-kleine-kuechenkraeuter-abc\/#primaryimage"},"thumbnailUrl":"https:\/\/www.vomfeld.at\/blog\/wp-content\/uploads\/2023\/04\/kraeuter-gruppe-trocken.jpg","articleSection":{"1":"Produkte"},"inLanguage":"de"},{"@type":"WebPage","@id":"https:\/\/www.vomfeld.at\/blog\/das-kleine-kuechenkraeuter-abc\/","url":"https:\/\/www.vomfeld.at\/blog\/das-kleine-kuechenkraeuter-abc\/","name":"Das kleine K\u00fcchenkr\u00e4uter ABC | vomfeld.at","isPartOf":{"@id":"https:\/\/www.vomfeld.at\/blog\/#website"},"primaryImageOfPage":{"@id":"https:\/\/www.vomfeld.at\/blog\/das-kleine-kuechenkraeuter-abc\/#primaryimage"},"image":{"@id":"https:\/\/www.vomfeld.at\/blog\/das-kleine-kuechenkraeuter-abc\/#primaryimage"},"thumbnailUrl":"https:\/\/www.vomfeld.at\/blog\/wp-content\/uploads\/2023\/04\/kraeuter-gruppe-trocken.jpg","datePublished":"2023-04-19T11:07:09+00:00","description":"Weniger Salz und mehr Kr\u00e4uter! Unser K\u00fcchenkr\u00e4uter ABC hilft dir bei der Auswahl. \u2714 Kr\u00e4uterrisotto mit Pilzen \u2714 Kr\u00e4uter Pizza","breadcrumb":{"@id":"https:\/\/www.vomfeld.at\/blog\/das-kleine-kuechenkraeuter-abc\/#breadcrumb"},"inLanguage":"de","potentialAction":[{"@type":"ReadAction","target":["https:\/\/www.vomfeld.at\/blog\/das-kleine-kuechenkraeuter-abc\/"]}]},{"@type":"ImageObject","inLanguage":"de","@id":"https:\/\/www.vomfeld.at\/blog\/das-kleine-kuechenkraeuter-abc\/#primaryimage","url":"https:\/\/www.vomfeld.at\/blog\/wp-content\/uploads\/2023\/04\/kraeuter-gruppe-trocken.jpg","contentUrl":"https:\/\/www.vomfeld.at\/blog\/wp-content\/uploads\/2023\/04\/kraeuter-gruppe-trocken.jpg","width":1600,"height":1068,"caption":"Getrocknete Kr\u00e4uter am Tisch"},{"@type":"BreadcrumbList","@id":"https:\/\/www.vomfeld.at\/blog\/das-kleine-kuechenkraeuter-abc\/#breadcrumb","itemListElement":[{"@type":"ListItem","position":1,"name":"Startseite","item":"https:\/\/www.vomfeld.at\/blog\/"},{"@type":"ListItem","position":2,"name":"Das kleine K\u00fcchenkr\u00e4uter ABC"}]},{"@type":"WebSite","@id":"https:\/\/www.vomfeld.at\/blog\/#website","url":"https:\/\/www.vomfeld.at\/blog\/","name":"Johanna vom Feld Blog","description":"Mehr aus Lebensmitteln vom Feld machen","publisher":{"@id":"https:\/\/www.vomfeld.at\/blog\/#organization"},"potentialAction":[{"@type":"SearchAction","target":{"@type":"EntryPoint","urlTemplate":"https:\/\/www.vomfeld.at\/blog\/?s={search_term_string}"},"query-input":{"@type":"PropertyValueSpecification","valueRequired":true,"valueName":"search_term_string"}}],"inLanguage":"de"},{"@type":"Organization","@id":"https:\/\/www.vomfeld.at\/blog\/#organization","name":"Johanna vom Feld","url":"https:\/\/www.vomfeld.at\/blog\/","logo":{"@type":"ImageObject","inLanguage":"de","@id":"https:\/\/www.vomfeld.at\/blog\/#\/schema\/logo\/image\/","url":"https:\/\/www.vomfeld.at\/blog\/wp-content\/uploads\/2018\/10\/vomfeld-logo-large.png","contentUrl":"https:\/\/www.vomfeld.at\/blog\/wp-content\/uploads\/2018\/10\/vomfeld-logo-large.png","width":340,"height":200,"caption":"Johanna vom Feld"},"image":{"@id":"https:\/\/www.vomfeld.at\/blog\/#\/schema\/logo\/image\/"},"sameAs":["https:\/\/www.facebook.com\/vomfeld.at\/"]},{"@type":"Person","@id":"https:\/\/www.vomfeld.at\/blog\/#\/schema\/person\/8dab792dce4e00bc69ebf949f6eab1bf","name":"Johanna"}]}},"_links":{"self":[{"href":"https:\/\/www.vomfeld.at\/blog\/wp-json\/wp\/v2\/posts\/7285","targetHints":{"allow":["GET"]}}],"collection":[{"href":"https:\/\/www.vomfeld.at\/blog\/wp-json\/wp\/v2\/posts"}],"about":[{"href":"https:\/\/www.vomfeld.at\/blog\/wp-json\/wp\/v2\/types\/post"}],"author":[{"embeddable":true,"href":"https:\/\/www.vomfeld.at\/blog\/wp-json\/wp\/v2\/users\/3"}],"replies":[{"embeddable":true,"href":"https:\/\/www.vomfeld.at\/blog\/wp-json\/wp\/v2\/comments?post=7285"}],"version-history":[{"count":5,"href":"https:\/\/www.vomfeld.at\/blog\/wp-json\/wp\/v2\/posts\/7285\/revisions"}],"predecessor-version":[{"id":7293,"href":"https:\/\/www.vomfeld.at\/blog\/wp-json\/wp\/v2\/posts\/7285\/revisions\/7293"}],"wp:featuredmedia":[{"embeddable":true,"href":"https:\/\/www.vomfeld.at\/blog\/wp-json\/wp\/v2\/media\/7289"}],"wp:attachment":[{"href":"https:\/\/www.vomfeld.at\/blog\/wp-json\/wp\/v2\/media?parent=7285"}],"wp:term":[{"taxonomy":"category","embeddable":true,"href":"https:\/\/www.vomfeld.at\/blog\/wp-json\/wp\/v2\/categories?post=7285"},{"taxonomy":"post_tag","embeddable":true,"href":"https:\/\/www.vomfeld.at\/blog\/wp-json\/wp\/v2\/tags?post=7285"}],"curies":[{"name":"wp","href":"https:\/\/api.w.org\/{rel}","templated":true}]}}