{"id":7256,"date":"2023-02-22T10:48:58","date_gmt":"2023-02-22T09:48:58","guid":{"rendered":"https:\/\/www.vomfeld.at\/blog\/?p=7256"},"modified":"2023-02-22T10:55:09","modified_gmt":"2023-02-22T09:55:09","slug":"weg-apfel-baum-flasche","status":"publish","type":"post","link":"https:\/\/www.vomfeld.at\/blog\/weg-apfel-baum-flasche\/","title":{"rendered":"Der Weg des Apfels vom Baum in die Flasche"},"content":{"rendered":"[vc_row type=&#8220;in_container&#8220; full_screen_row_position=&#8220;middle&#8220; column_margin=&#8220;default&#8220; column_direction=&#8220;default&#8220; column_direction_tablet=&#8220;default&#8220; column_direction_phone=&#8220;default&#8220; scene_position=&#8220;center&#8220; text_color=&#8220;dark&#8220; text_align=&#8220;left&#8220; row_border_radius=&#8220;none&#8220; row_border_radius_applies=&#8220;bg&#8220; overflow=&#8220;visible&#8220; overlay_strength=&#8220;0.3&#8243; gradient_direction=&#8220;left_to_right&#8220; shape_divider_position=&#8220;bottom&#8220; bg_image_animation=&#8220;none&#8220;][vc_column column_padding=&#8220;no-extra-padding&#8220; column_padding_tablet=&#8220;inherit&#8220; column_padding_phone=&#8220;inherit&#8220; column_padding_position=&#8220;all&#8220; column_element_direction_desktop=&#8220;default&#8220; column_element_spacing=&#8220;default&#8220; desktop_text_alignment=&#8220;default&#8220; tablet_text_alignment=&#8220;default&#8220; phone_text_alignment=&#8220;default&#8220; background_color_opacity=&#8220;1&#8243; background_hover_color_opacity=&#8220;1&#8243; column_backdrop_filter=&#8220;none&#8220; column_shadow=&#8220;none&#8220; column_border_radius=&#8220;none&#8220; column_link_target=&#8220;_self&#8220; column_position=&#8220;default&#8220; gradient_direction=&#8220;left_to_right&#8220; overlay_strength=&#8220;0.3&#8243; width=&#8220;1\/1&#8243; tablet_width_inherit=&#8220;default&#8220; animation_type=&#8220;default&#8220; bg_image_animation=&#8220;none&#8220; border_type=&#8220;simple&#8220; column_border_width=&#8220;none&#8220; column_border_style=&#8220;solid&#8220;][vc_column_text]<span style=\"font-weight: 400;\">Der Apfel enth\u00e4lt wertvolle <strong>Vitamine und Mineralstoffe<\/strong> und z\u00e4hlt zu den beliebtesten Obstsorten in \u00d6sterreich. Ob als gesunder Snack f\u00fcr Zwischendurch, zu Kuchen und Strudel verarbeitet oder als Saft gepresst \u2013 diese Obstsorte ist vielseitig verwendbar.<\/span><\/p>\n<p><span style=\"font-weight: 400;\">Ein Gro\u00dfteil der angebauten <a href=\"https:\/\/www.vomfeld.at\/c\/obst\/aepfel-birnen-trauben\/\" target=\"_blank\" rel=\"noopener\">\u00c4pfel<\/a> wird zu Apfelsaft weiterverarbeitet. Doch Saft ist nicht gleich Saft. Deshalb haben wir uns mal genauer angesehen, wie der beliebte Fruchtsaft produziert wird und worauf du beim Kauf achten solltest.<\/span><\/p>\n<h2>Vom Baum in die Flasche<\/h2>\n<p><span style=\"font-weight: 400;\">Ab dem <strong>Sp\u00e4tsommer bis weit in den Herbst hinein<\/strong> werden \u00c4pfel geerntet. Tafelobst landet vorwiegend im Handel, w\u00e4hrend Industrie- oder Pressobst weiterverarbeitet wird. Bei Industrie- und Pressobst handelt es sich vorwiegend um \u00c4pfel, die die optischen Bestimmungen f\u00fcr den Handel nicht erf\u00fcllen und daher zu Saft weiterverarbeitet werden.<\/span><\/p>\n<p><span style=\"font-weight: 400;\">Dabei wird der Fruchtsaft durch Pressung der \u00c4pfel gewonnen. <strong>F\u00fcr einen Liter Saft werden ca. 5 \u00c4pfel (ungef\u00e4hr 1,3 kg) ben\u00f6tigt.<\/strong> Der Saft aus der Pressung ist tr\u00fcb, da Fruchtfleisch enthalten ist. F\u00fcr klaren Apfelsaft wird dieser anschlie\u00dfend zentrifugiert und gefiltert. Vor dem Abf\u00fcllen wird sowohl der tr\u00fcbe als auch klare Saft pasteurisiert.<\/span><\/p>\n<p><span style=\"font-weight: 400;\">Industriell wird der Saft dabei auf <strong>knapp 80\u00b0C<\/strong> kurz erhitzt, um Mikroorganismen abzut\u00f6ten und die G\u00e4rung zu verhindern. Anschlie\u00dfend wird der Saft in sterile Beh\u00e4lter abgef\u00fcllt. Auch naturtr\u00fcber Saft wird erhitzt, jedoch nicht gefiltert, wodurch er Schwebstoffe enth\u00e4lt, die sich im Laufe der Zeit auf dem Boden absetzen.<\/span><\/p>\n<p><span style=\"font-weight: 400;\">Wer Apfelsaft selbst herstellen m\u00f6chte, sollte den Saft vor dem Abf\u00fcllen ebenfalls einige Minuten \u00fcber 80\u00b0C erhitzen, um G\u00e4rung und Keimbildung zu verhindern. Die R\u00fcckst\u00e4nde der Pressung, auch Trester genannt, werden zur Herstellung eines <strong>pflanzlichen Geliermittels (Apfelpektin)<\/strong> oder f\u00fcr die Tierf\u00fctterung oder Energiegewinnung weiterverarbeitet.<\/span><\/p>\n<p><span style=\"font-weight: 400;\">In Superm\u00e4rkten erh\u00e4lt man h\u00e4ufig auch <strong>Apfelsaftkonzentrat.<\/strong> Das Konzentrat entsteht durch den Entzug von Wasser und die Abtrennung von Aromen, wodurch sich das Volumen auf ca. ein Sechstel reduziert, was die Lagerung und den Transport erleichtert.<\/span><\/p>\n<p><span style=\"font-weight: 400;\">F\u00fcr die Produktion der Handelsware \u201eApfelsaftkonzentrat\u201c wird dem Konzentrat Wasser, Aromen und auch Zucker zugesetzt. Aufgrund der Zusatzstoffe sollte man daher Direktsaft dem Apfelsaftkonzentrat vorziehen.<\/span>[\/vc_column_text][divider line_type=&#8220;No Line&#8220; custom_height=&#8220;20&#8243;][image_with_animation image_url=&#8220;7260&#8243; image_size=&#8220;full&#8220; animation_type=&#8220;entrance&#8220; animation=&#8220;Fade In&#8220; animation_easing=&#8220;default&#8220; animation_movement_type=&#8220;transform_y&#8220; hover_animation=&#8220;none&#8220; alignment=&#8220;center&#8220; img_link_large=&#8220;yes&#8220; border_radius=&#8220;none&#8220; box_shadow=&#8220;none&#8220; image_loading=&#8220;default&#8220; max_width=&#8220;100%&#8220; max_width_mobile=&#8220;default&#8220;][divider line_type=&#8220;No Line&#8220; custom_height=&#8220;20&#8243;][vc_column_text]\n<h2>Augen auf beim Saftkauf<\/h2>\n<p><span style=\"font-weight: 400;\">Die Auswahl an Apfelsaft ist riesig. Um zu erfahren, woher die verwendeten \u00c4pfel stammen und welche Inhaltsstoffe enthalten sind, lohnt sich der genaue Blick auf die Verpackungshinweise. Insbesondere, wenn man sich und der Umwelt etwas Gutes tun m\u00f6chte. Achte daher beim Kauf auf Folgendes:<\/span><\/p>\n<ul>\n<li style=\"font-weight: 400;\" aria-level=\"1\"><span style=\"font-weight: 400;\">Wer zum Umweltschutz beitragen m\u00f6chte, sollte Saft in <strong>Glasflaschen<\/strong> (vorzugsweise Mehrwegflaschen) statt im Tetra Pak kaufen. Das schont die nat\u00fcrlichen Ressourcen und reduziert M\u00fcll.<\/span><\/li>\n<li style=\"font-weight: 400;\" aria-level=\"1\"><span style=\"font-weight: 400;\">Apfel ist nicht gleich Apfel. Ein gro\u00dfer Teil der erh\u00e4ltlichen Apfels\u00e4fte wird aus \u00c4pfeln aus der ganzen Welt verarbeitet, wobei vor allem <strong>Konzentrat aus China<\/strong> zum Einsatz kommt. In \u00d6sterreich werden pro Jahr ca. 200.000 Tonnen \u00c4pfel geerntet, 90% davon allein in der Steiermark. Durch den Einkauf regionaler Produkte werden heimische Bauern und Lebensmittelhersteller unterst\u00fctzt und die Wirtschaft gest\u00e4rkt.<\/span><\/li>\n<li style=\"font-weight: 400;\" aria-level=\"1\"><span style=\"font-weight: 400;\">Umweltschutz- und Verbraucherschutzorganisationen \u00fcberpr\u00fcfen immer wieder, ob Produkte <strong>Schadstoffbelastungen<\/strong> aufweisen. Speziell bei S\u00e4ften aus \u00c4pfeln, die aus konventioneller Landwirtschaft stammen, werden immer wieder <strong>R\u00fcckst\u00e4nde von Captan,<\/strong> einem Spritzmittel gegen Pilzbefall nachgewiesen. Es ist daher besonders vorteilhaft, S\u00e4fte aus biologischer Landwirtschaft zu kaufen. Dadurch wird die eigene Gesundheit durch die verringerte Schadstoffaufnahme gef\u00f6rdert und auch die Umwelt wird geschont.<\/span><\/li>\n<li style=\"font-weight: 400;\" aria-level=\"1\"><span style=\"font-weight: 400;\">Besonders positiv sind S\u00e4fte aus <strong>\u00c4pfeln von Streuobstwiesen.<\/strong> Dabei handelt es sich um eine traditionelle Anbauform, bei der auf Feldern und Wiesen verstreut unterschiedliche Sorten von Obstb\u00e4umen verschiedenen Alters wachsen. Das erh\u00f6ht die tierische und pflanzliche Artenvielfalt, verringert den Einsatz von Sch\u00e4dlingsbek\u00e4mpfungsmitteln und schont die B\u00f6den.<\/span><\/li>\n<\/ul>\n<p><span style=\"font-weight: 400;\">F\u00fcr die eigene Gesundheit und auch f\u00fcr den Schutz der Umwelt lohnt es sich, beim Kauf von Apfelsaft genauer auf die Herkunft und Herstellung zu achten.<\/span><\/p>\n<h2>Genuss pur mit Apfelsaft<\/h2>\n<p><span style=\"font-weight: 400;\"><a href=\"https:\/\/www.vomfeld.at\/c\/fuer-die-speis\/saefte-mineral-co\/\" target=\"_blank\" rel=\"noopener\">Apfelsaft<\/a> schmeckt wunderbar als Getr\u00e4nk, doch er l\u00e4sst sich auch hervorragend zu leckeren Gerichten weiterverarbeiten. Vor allem sollte Saft nach dem \u00d6ffnen rasch verbraucht werden.<\/span><\/p>\n<p><span style=\"font-weight: 400;\">Um dir die vielseitige Verwendung von Apfelsaft n\u00e4herzubringen, haben wir ein paar einfache <strong>Rezeptideen<\/strong> zusammengestellt.<\/span>[\/vc_column_text][vc_column_text][\/vc_column_text][divider line_type=&#8220;No Line&#8220; custom_height=&#8220;20&#8243;][image_with_animation image_url=&#8220;7259&#8243; image_size=&#8220;full&#8220; animation_type=&#8220;entrance&#8220; animation=&#8220;Fade In&#8220; animation_easing=&#8220;default&#8220; animation_movement_type=&#8220;transform_y&#8220; hover_animation=&#8220;none&#8220; alignment=&#8220;center&#8220; img_link_large=&#8220;yes&#8220; border_radius=&#8220;none&#8220; box_shadow=&#8220;none&#8220; image_loading=&#8220;default&#8220; max_width=&#8220;100%&#8220; max_width_mobile=&#8220;default&#8220;][divider line_type=&#8220;No Line&#8220; custom_height=&#8220;20&#8243;][vc_column_text]\n<h2>K\u00fcrbiscremesuppe mit Apfelsaft<\/h2>\n<p><strong>Zutaten f\u00fcr 2 Portionen:<\/strong><\/p>\n<ul>\n<li style=\"font-weight: 400;\" aria-level=\"1\"><span style=\"font-weight: 400;\">500ml Gem\u00fcsesuppe<\/span><\/li>\n<li style=\"font-weight: 400;\" aria-level=\"1\"><span style=\"font-weight: 400;\">300g K\u00fcrbis (z.B. Hokkaido oder Butternut)<\/span><\/li>\n<li style=\"font-weight: 400;\" aria-level=\"1\"><span style=\"font-weight: 400;\">100ml Apfelsaft<\/span><\/li>\n<li style=\"font-weight: 400;\" aria-level=\"1\"><span style=\"font-weight: 400;\">2 EL K\u00fcrbiskerne<\/span><\/li>\n<li style=\"font-weight: 400;\" aria-level=\"1\"><span style=\"font-weight: 400;\">1 gelbe Zwiebel<\/span><\/li>\n<li style=\"font-weight: 400;\" aria-level=\"1\"><span style=\"font-weight: 400;\">1 Jungzwiebel<\/span><\/li>\n<li style=\"font-weight: 400;\" aria-level=\"1\"><span style=\"font-weight: 400;\">1 EL Oliven\u00f6l<\/span><\/li>\n<li style=\"font-weight: 400;\" aria-level=\"1\"><span style=\"font-weight: 400;\">Salz, Pfeffer, Muskatnuss<\/span><\/li>\n<\/ul>\n<p><strong>Zubereitung:<\/strong><\/p>\n<ol>\n<li style=\"font-weight: 400;\" aria-level=\"1\"><span style=\"font-weight: 400;\">Zwiebel sch\u00e4len und fein w\u00fcrfeln. Jungzwiebel waschen, entwurzeln und in Ringe schneiden.<\/span><\/li>\n<li style=\"font-weight: 400;\" aria-level=\"1\"><span style=\"font-weight: 400;\">K\u00fcrbis waschen, entkernen und in grobe W\u00fcrfel schneiden.<\/span><\/li>\n<li style=\"font-weight: 400;\" aria-level=\"1\"><span style=\"font-weight: 400;\">K\u00fcrbis, Zwiebel, die H\u00e4lfte der Jungzwiebel und Oliven\u00f6l in einem Topf 1-2 Minuten unter st\u00e4ndigem R\u00fchren anbraten.<\/span><\/li>\n<li style=\"font-weight: 400;\" aria-level=\"1\"><span style=\"font-weight: 400;\">Mit Apfelsaft und Gem\u00fcsesuppe abl\u00f6schen und Salz, Pfeffer und Muskatnuss w\u00fcrzen.<\/span><\/li>\n<li style=\"font-weight: 400;\" aria-level=\"1\"><span style=\"font-weight: 400;\">Anschlie\u00dfend so lange k\u00f6cheln lassen, bis der K\u00fcrbis weich ist.<\/span><\/li>\n<li style=\"font-weight: 400;\" aria-level=\"1\"><span style=\"font-weight: 400;\">Die Suppe mit einem Stabmixer p\u00fcrieren, auf zwei tiefen Tellern anrichten und mit K\u00fcrbiskernen und den \u00fcbrigen Jungzwiebeln garnieren.<\/span><\/li>\n<\/ol>\n<p><span style=\"font-weight: 400;\">\u00a0<\/span><\/p>\n<h2>Apfel-Nuss-Muffins<\/h2>\n<p><strong>Zutaten f\u00fcr 12 St\u00fcck:<\/strong><\/p>\n<ul>\n<li style=\"font-weight: 400;\" aria-level=\"1\"><span style=\"font-weight: 400;\">250g Mehl<\/span><\/li>\n<li style=\"font-weight: 400;\" aria-level=\"1\"><span style=\"font-weight: 400;\">200ml Apfelsaft<\/span><\/li>\n<li style=\"font-weight: 400;\" aria-level=\"1\"><span style=\"font-weight: 400;\">100g geriebene N\u00fcsse<\/span><\/li>\n<li style=\"font-weight: 400;\" aria-level=\"1\"><span style=\"font-weight: 400;\">50g Zucker (Alternativ: Birkenzucker)<\/span><\/li>\n<li style=\"font-weight: 400;\" aria-level=\"1\"><span style=\"font-weight: 400;\">40ml Pflanzen\u00f6l<\/span><\/li>\n<li style=\"font-weight: 400;\" aria-level=\"1\"><span style=\"font-weight: 400;\">10g Backpulver<\/span><\/li>\n<li style=\"font-weight: 400;\" aria-level=\"1\"><span style=\"font-weight: 400;\">2 Eier<\/span><\/li>\n<li style=\"font-weight: 400;\" aria-level=\"1\"><span style=\"font-weight: 400;\">1 Apfel<\/span><\/li>\n<li style=\"font-weight: 400;\" aria-level=\"1\"><span style=\"font-weight: 400;\">1 TL gemahlener Ceylon-Zimt<\/span><\/li>\n<\/ul>\n<p><strong>Zubereitung:<\/strong><\/p>\n<ol>\n<li style=\"font-weight: 400;\" aria-level=\"1\"><span style=\"font-weight: 400;\">Den Backofen auf 200\u00b0C (Ober-\/Unterhitze) vorheizen und ein Muffinbackform mit Papierf\u00f6rmchen auslegen.<\/span><\/li>\n<li style=\"font-weight: 400;\" aria-level=\"1\"><span style=\"font-weight: 400;\">Den Apfel waschen, entkernen und in kleine St\u00fccke schneiden.<\/span><\/li>\n<li style=\"font-weight: 400;\" aria-level=\"1\"><span style=\"font-weight: 400;\">Die Eier mit dem Zucker in einer Sch\u00fcssel schaumig schlagen.<\/span><\/li>\n<li style=\"font-weight: 400;\" aria-level=\"1\"><span style=\"font-weight: 400;\">Mehl, Backpulver und Zimt einsieben, Zucker zuf\u00fcgen und gut miteinander vermengen.<\/span><\/li>\n<li style=\"font-weight: 400;\" aria-level=\"1\"><span style=\"font-weight: 400;\">Nach und nach den Apfelsaft und das Pflanzen\u00f6l zugie\u00dfen und gut in den Teig einarbeiten.<\/span><\/li>\n<li style=\"font-weight: 400;\" aria-level=\"1\"><span style=\"font-weight: 400;\">Die Apfelst\u00fccke unterheben, den Teig gleichm\u00e4\u00dfig in die Muffinf\u00f6rmchen f\u00fcllen und auf mittlerer Schiene ca. 25-30 Minuten backen.<\/span><\/li>\n<\/ol>\n<h2>Selbstgemachte Fruchtgummis<\/h2>\n<p><span style=\"font-weight: 400;\">Im Wesentlichen bestehen handels\u00fcbliche Fruchtgummis aus viel Zucker, Glukosesirup, Gelatine und Wasser. Doch diese Leckerei l\u00e4sst sich auch ganz einfach selbst herstellen. Mit unseren beiden Rezeptvorschl\u00e4gen kannst du Fruchtgummis aus Apfelsaft mit Gelatine oder auch vegan zubereiten.<\/span><\/p>\n<h3>Fruchtgummis mit Gelatine<\/h3>\n<p><strong>Zutaten:<\/strong><\/p>\n<ul>\n<li style=\"font-weight: 400;\" aria-level=\"1\"><span style=\"font-weight: 400;\">100ml Apfelsaft<\/span><\/li>\n<li style=\"font-weight: 400;\" aria-level=\"1\"><span style=\"font-weight: 400;\">8 Gelatinebl\u00e4tter<\/span><\/li>\n<li style=\"font-weight: 400;\" aria-level=\"1\"><span style=\"font-weight: 400;\">1 EL Honig oder Zucker<\/span><\/li>\n<li style=\"font-weight: 400;\" aria-level=\"1\"><span style=\"font-weight: 400;\">1 EL Zitronensaft<\/span><\/li>\n<li style=\"font-weight: 400;\" aria-level=\"1\"><span style=\"font-weight: 400;\">Pralinen- oder Gummib\u00e4renform aus Silikon<\/span><\/li>\n<\/ul>\n<p><strong>Zubereitung:<\/strong><\/p>\n<ol>\n<li style=\"font-weight: 400;\" aria-level=\"1\"><span style=\"font-weight: 400;\">Gelatine in einem Topf mit kaltem Apfelsaft ca. 10 Minuten einweichen.<\/span><\/li>\n<li style=\"font-weight: 400;\" aria-level=\"1\"><span style=\"font-weight: 400;\">Zitronensaft zuf\u00fcgen und Honig oder Zucker zuf\u00fcgen.<\/span><\/li>\n<li style=\"font-weight: 400;\" aria-level=\"1\"><span style=\"font-weight: 400;\">Nun den Topf bei geringer Hitze erw\u00e4rmen, bis sich unter st\u00e4ndigem R\u00fchren die Gelatine aufl\u00f6st. ACHTUNG: Es darf nicht kochen!<\/span><\/li>\n<li style=\"font-weight: 400;\" aria-level=\"1\"><span style=\"font-weight: 400;\">Die Masse in die Silikonform f\u00fcllen und im K\u00fchlschrank f\u00fcr mindestens eine Stunde abk\u00fchlen lassen.<\/span><\/li>\n<\/ol>\n<h3>Vegane Fruchtgummis<\/h3>\n<p><strong>Zutaten:<\/strong><\/p>\n<ul>\n<li style=\"font-weight: 400;\" aria-level=\"1\"><span style=\"font-weight: 400;\">100ml Apfelsaft<\/span><\/li>\n<li style=\"font-weight: 400;\" aria-level=\"1\"><span style=\"font-weight: 400;\">2 gestrichene EL Agar Agar<\/span><\/li>\n<li style=\"font-weight: 400;\" aria-level=\"1\"><span style=\"font-weight: 400;\">1 EL Agavendicksaft oder Birkenzucker<\/span><\/li>\n<li style=\"font-weight: 400;\" aria-level=\"1\"><span style=\"font-weight: 400;\">1 EL Zitronensaft<\/span><\/li>\n<li style=\"font-weight: 400;\" aria-level=\"1\"><span style=\"font-weight: 400;\">Pralinen- oder Gummib\u00e4renform aus Silikon<\/span><\/li>\n<\/ul>\n<p><strong>Zubereitung:<\/strong><\/p>\n<ol>\n<li style=\"font-weight: 400;\" aria-level=\"1\"><span style=\"font-weight: 400;\">Alle Zutaten in einen Topf f\u00fcllen und unter R\u00fchren kurz aufkochen lassen.<\/span><\/li>\n<li style=\"font-weight: 400;\" aria-level=\"1\"><span style=\"font-weight: 400;\">Anschlie\u00dfend in die Silikonform f\u00fcllen und im K\u00fchlschrank f\u00fcr mehrere Stunden abk\u00fchlen lassen.<\/span><\/li>\n<\/ol>\n<p><span style=\"font-weight: 400;\">Pro Tag sollte man <strong>mindestens 1,5 Liter Fl\u00fcssigkeit<\/strong> zu sich nehmen, so die allgemeine Empfehlung. Je nach k\u00f6rperlicher Belastung, Temperatur und Gesundheitszustand sogar noch etwas mehr.<\/span><\/p>\n<p><span style=\"font-weight: 400;\">Doch manchmal braucht es Geschmack, um die empfohlene Trinkmenge zu erreichen. Apfelsaft bietet, gemischt mit Wasser, eine gute M\u00f6glichkeit, dem K\u00f6rper Fl\u00fcssigkeit, Energie, Vitamine und Mineralstoffe zu liefern.<\/span><\/p>\n<p><span style=\"font-weight: 400;\">Dabei sollte man vor allem beim Kauf <strong>auf gute Qualit\u00e4t achten,<\/strong> um m\u00f6glichst viele wertvolle N\u00e4hrstoffe zu erhalten und die Aufnahme von Schadstoffen zu vermeiden. Deine Kaufentscheidung hat ma\u00dfgeblichen Einfluss auf deine Gesundheit und den Klimaschutz.<\/span><\/p>\n<p><span style=\"font-weight: 400;\">Saft aus nachhaltig angebauten \u00c4pfeln aus der Region f\u00f6rdert den Umweltschutz und st\u00e4rkt die heimische Wirtschaft. Mit unseren Rezeptideen l\u00e4sst sich Apfelsaft auch zu neuen Leckereien weiterverarbeiten. Besuche unseren Onlineshop und entdecke die Vielfalt regional produzierter Fruchts\u00e4fte.<\/span>[\/vc_column_text][\/vc_column][\/vc_row]\n","protected":false},"excerpt":{"rendered":"<p>[vc_row type=&#8220;in_container&#8220; full_screen_row_position=&#8220;middle&#8220; column_margin=&#8220;default&#8220; column_direction=&#8220;default&#8220; column_direction_tablet=&#8220;default&#8220; column_direction_phone=&#8220;default&#8220; scene_position=&#8220;center&#8220; text_color=&#8220;dark&#8220; text_align=&#8220;left&#8220; row_border_radius=&#8220;none&#8220; row_border_radius_applies=&#8220;bg&#8220; overflow=&#8220;visible&#8220; overlay_strength=&#8220;0.3&#8243; gradient_direction=&#8220;left_to_right&#8220;&#8230;<\/p>\n","protected":false},"author":3,"featured_media":7258,"comment_status":"closed","ping_status":"closed","sticky":false,"template":"","format":"standard","meta":{"footnotes":""},"categories":[24],"tags":[],"class_list":{"0":"post-7256","1":"post","2":"type-post","3":"status-publish","4":"format-standard","5":"has-post-thumbnail","7":"category-produkte"},"yoast_head":"<!-- This site is optimized with the Yoast SEO plugin v25.4 - https:\/\/yoast.com\/wordpress\/plugins\/seo\/ -->\n<title>Der Weg des Apfels vom Baum in die Flasche | vomfeld.at<\/title>\n<meta name=\"description\" content=\"Worauf du beim Kauf von Apfelsaft achten solltest und wie er in die Flasche kommt! \u2714 Apfel-Nuss-Muffins \u2714 Vegane Fruchtgummis selber machen\" \/>\n<meta name=\"robots\" content=\"index, follow, max-snippet:-1, max-image-preview:large, max-video-preview:-1\" \/>\n<link rel=\"canonical\" href=\"https:\/\/www.vomfeld.at\/blog\/weg-apfel-baum-flasche\/\" \/>\n<meta property=\"og:locale\" content=\"de_DE\" \/>\n<meta property=\"og:type\" content=\"article\" \/>\n<meta property=\"og:title\" content=\"Der Weg des Apfels vom Baum in die Flasche | vomfeld.at\" \/>\n<meta property=\"og:description\" content=\"Worauf du beim Kauf von Apfelsaft achten solltest und wie er in die Flasche kommt! \u2714 Apfel-Nuss-Muffins \u2714 Vegane Fruchtgummis selber machen\" \/>\n<meta property=\"og:url\" content=\"https:\/\/www.vomfeld.at\/blog\/weg-apfel-baum-flasche\/\" \/>\n<meta property=\"og:site_name\" content=\"Johanna vom Feld Blog\" \/>\n<meta property=\"article:publisher\" content=\"https:\/\/www.facebook.com\/vomfeld.at\/\" \/>\n<meta property=\"article:published_time\" content=\"2023-02-22T09:48:58+00:00\" \/>\n<meta property=\"article:modified_time\" content=\"2023-02-22T09:55:09+00:00\" \/>\n<meta property=\"og:image\" content=\"https:\/\/www.vomfeld.at\/blog\/wp-content\/uploads\/2023\/02\/apfelsaft-flasche-tisch.jpg\" \/>\n\t<meta property=\"og:image:width\" content=\"1600\" \/>\n\t<meta property=\"og:image:height\" content=\"1067\" \/>\n\t<meta property=\"og:image:type\" content=\"image\/jpeg\" \/>\n<meta name=\"author\" content=\"Johanna\" \/>\n<meta name=\"twitter:card\" content=\"summary_large_image\" \/>\n<meta name=\"twitter:label1\" content=\"Verfasst von\" \/>\n\t<meta name=\"twitter:data1\" content=\"Johanna\" \/>\n\t<meta name=\"twitter:label2\" content=\"Gesch\u00e4tzte Lesezeit\" \/>\n\t<meta name=\"twitter:data2\" content=\"7\u00a0Minuten\" \/>\n<script type=\"application\/ld+json\" class=\"yoast-schema-graph\">{\"@context\":\"https:\/\/schema.org\",\"@graph\":[{\"@type\":\"Article\",\"@id\":\"https:\/\/www.vomfeld.at\/blog\/weg-apfel-baum-flasche\/#article\",\"isPartOf\":{\"@id\":\"https:\/\/www.vomfeld.at\/blog\/weg-apfel-baum-flasche\/\"},\"author\":{\"name\":\"Johanna\",\"@id\":\"https:\/\/www.vomfeld.at\/blog\/#\/schema\/person\/8dab792dce4e00bc69ebf949f6eab1bf\"},\"headline\":\"Der Weg des Apfels vom Baum in die Flasche\",\"datePublished\":\"2023-02-22T09:48:58+00:00\",\"dateModified\":\"2023-02-22T09:55:09+00:00\",\"mainEntityOfPage\":{\"@id\":\"https:\/\/www.vomfeld.at\/blog\/weg-apfel-baum-flasche\/\"},\"wordCount\":1560,\"publisher\":{\"@id\":\"https:\/\/www.vomfeld.at\/blog\/#organization\"},\"image\":{\"@id\":\"https:\/\/www.vomfeld.at\/blog\/weg-apfel-baum-flasche\/#primaryimage\"},\"thumbnailUrl\":\"https:\/\/www.vomfeld.at\/blog\/wp-content\/uploads\/2023\/02\/apfelsaft-flasche-tisch.jpg\",\"articleSection\":[\"Produkte\"],\"inLanguage\":\"de\"},{\"@type\":\"WebPage\",\"@id\":\"https:\/\/www.vomfeld.at\/blog\/weg-apfel-baum-flasche\/\",\"url\":\"https:\/\/www.vomfeld.at\/blog\/weg-apfel-baum-flasche\/\",\"name\":\"Der Weg des Apfels vom Baum in die Flasche | vomfeld.at\",\"isPartOf\":{\"@id\":\"https:\/\/www.vomfeld.at\/blog\/#website\"},\"primaryImageOfPage\":{\"@id\":\"https:\/\/www.vomfeld.at\/blog\/weg-apfel-baum-flasche\/#primaryimage\"},\"image\":{\"@id\":\"https:\/\/www.vomfeld.at\/blog\/weg-apfel-baum-flasche\/#primaryimage\"},\"thumbnailUrl\":\"https:\/\/www.vomfeld.at\/blog\/wp-content\/uploads\/2023\/02\/apfelsaft-flasche-tisch.jpg\",\"datePublished\":\"2023-02-22T09:48:58+00:00\",\"dateModified\":\"2023-02-22T09:55:09+00:00\",\"description\":\"Worauf du beim Kauf von Apfelsaft achten solltest und wie er in die Flasche kommt! \u2714 Apfel-Nuss-Muffins \u2714 Vegane Fruchtgummis selber machen\",\"breadcrumb\":{\"@id\":\"https:\/\/www.vomfeld.at\/blog\/weg-apfel-baum-flasche\/#breadcrumb\"},\"inLanguage\":\"de\",\"potentialAction\":[{\"@type\":\"ReadAction\",\"target\":[\"https:\/\/www.vomfeld.at\/blog\/weg-apfel-baum-flasche\/\"]}]},{\"@type\":\"ImageObject\",\"inLanguage\":\"de\",\"@id\":\"https:\/\/www.vomfeld.at\/blog\/weg-apfel-baum-flasche\/#primaryimage\",\"url\":\"https:\/\/www.vomfeld.at\/blog\/wp-content\/uploads\/2023\/02\/apfelsaft-flasche-tisch.jpg\",\"contentUrl\":\"https:\/\/www.vomfeld.at\/blog\/wp-content\/uploads\/2023\/02\/apfelsaft-flasche-tisch.jpg\",\"width\":1600,\"height\":1067,\"caption\":\"Apfelsaft in Flasche am Tisch\"},{\"@type\":\"BreadcrumbList\",\"@id\":\"https:\/\/www.vomfeld.at\/blog\/weg-apfel-baum-flasche\/#breadcrumb\",\"itemListElement\":[{\"@type\":\"ListItem\",\"position\":1,\"name\":\"Startseite\",\"item\":\"https:\/\/www.vomfeld.at\/blog\/\"},{\"@type\":\"ListItem\",\"position\":2,\"name\":\"Der Weg des Apfels vom Baum in die Flasche\"}]},{\"@type\":\"WebSite\",\"@id\":\"https:\/\/www.vomfeld.at\/blog\/#website\",\"url\":\"https:\/\/www.vomfeld.at\/blog\/\",\"name\":\"Johanna vom Feld Blog\",\"description\":\"Mehr aus Lebensmitteln vom Feld machen\",\"publisher\":{\"@id\":\"https:\/\/www.vomfeld.at\/blog\/#organization\"},\"potentialAction\":[{\"@type\":\"SearchAction\",\"target\":{\"@type\":\"EntryPoint\",\"urlTemplate\":\"https:\/\/www.vomfeld.at\/blog\/?s={search_term_string}\"},\"query-input\":{\"@type\":\"PropertyValueSpecification\",\"valueRequired\":true,\"valueName\":\"search_term_string\"}}],\"inLanguage\":\"de\"},{\"@type\":\"Organization\",\"@id\":\"https:\/\/www.vomfeld.at\/blog\/#organization\",\"name\":\"Johanna vom Feld\",\"url\":\"https:\/\/www.vomfeld.at\/blog\/\",\"logo\":{\"@type\":\"ImageObject\",\"inLanguage\":\"de\",\"@id\":\"https:\/\/www.vomfeld.at\/blog\/#\/schema\/logo\/image\/\",\"url\":\"https:\/\/www.vomfeld.at\/blog\/wp-content\/uploads\/2018\/10\/vomfeld-logo-large.png\",\"contentUrl\":\"https:\/\/www.vomfeld.at\/blog\/wp-content\/uploads\/2018\/10\/vomfeld-logo-large.png\",\"width\":340,\"height\":200,\"caption\":\"Johanna vom Feld\"},\"image\":{\"@id\":\"https:\/\/www.vomfeld.at\/blog\/#\/schema\/logo\/image\/\"},\"sameAs\":[\"https:\/\/www.facebook.com\/vomfeld.at\/\"]},{\"@type\":\"Person\",\"@id\":\"https:\/\/www.vomfeld.at\/blog\/#\/schema\/person\/8dab792dce4e00bc69ebf949f6eab1bf\",\"name\":\"Johanna\"}]}<\/script>\n<!-- \/ Yoast SEO plugin. -->","yoast_head_json":{"title":"Der Weg des Apfels vom Baum in die Flasche | vomfeld.at","description":"Worauf du beim Kauf von Apfelsaft achten solltest und wie er in die Flasche kommt! \u2714 Apfel-Nuss-Muffins \u2714 Vegane Fruchtgummis selber machen","robots":{"index":"index","follow":"follow","max-snippet":"max-snippet:-1","max-image-preview":"max-image-preview:large","max-video-preview":"max-video-preview:-1"},"canonical":"https:\/\/www.vomfeld.at\/blog\/weg-apfel-baum-flasche\/","og_locale":"de_DE","og_type":"article","og_title":"Der Weg des Apfels vom Baum in die Flasche | vomfeld.at","og_description":"Worauf du beim Kauf von Apfelsaft achten solltest und wie er in die Flasche kommt! \u2714 Apfel-Nuss-Muffins \u2714 Vegane Fruchtgummis selber machen","og_url":"https:\/\/www.vomfeld.at\/blog\/weg-apfel-baum-flasche\/","og_site_name":"Johanna vom Feld Blog","article_publisher":"https:\/\/www.facebook.com\/vomfeld.at\/","article_published_time":"2023-02-22T09:48:58+00:00","article_modified_time":"2023-02-22T09:55:09+00:00","og_image":[{"width":1600,"height":1067,"url":"https:\/\/www.vomfeld.at\/blog\/wp-content\/uploads\/2023\/02\/apfelsaft-flasche-tisch.jpg","type":"image\/jpeg"}],"author":"Johanna","twitter_card":"summary_large_image","twitter_misc":{"Verfasst von":"Johanna","Gesch\u00e4tzte Lesezeit":"7\u00a0Minuten"},"schema":{"@context":"https:\/\/schema.org","@graph":[{"@type":"Article","@id":"https:\/\/www.vomfeld.at\/blog\/weg-apfel-baum-flasche\/#article","isPartOf":{"@id":"https:\/\/www.vomfeld.at\/blog\/weg-apfel-baum-flasche\/"},"author":{"name":"Johanna","@id":"https:\/\/www.vomfeld.at\/blog\/#\/schema\/person\/8dab792dce4e00bc69ebf949f6eab1bf"},"headline":"Der Weg des Apfels vom Baum in die Flasche","datePublished":"2023-02-22T09:48:58+00:00","dateModified":"2023-02-22T09:55:09+00:00","mainEntityOfPage":{"@id":"https:\/\/www.vomfeld.at\/blog\/weg-apfel-baum-flasche\/"},"wordCount":1560,"publisher":{"@id":"https:\/\/www.vomfeld.at\/blog\/#organization"},"image":{"@id":"https:\/\/www.vomfeld.at\/blog\/weg-apfel-baum-flasche\/#primaryimage"},"thumbnailUrl":"https:\/\/www.vomfeld.at\/blog\/wp-content\/uploads\/2023\/02\/apfelsaft-flasche-tisch.jpg","articleSection":["Produkte"],"inLanguage":"de"},{"@type":"WebPage","@id":"https:\/\/www.vomfeld.at\/blog\/weg-apfel-baum-flasche\/","url":"https:\/\/www.vomfeld.at\/blog\/weg-apfel-baum-flasche\/","name":"Der Weg des Apfels vom Baum in die Flasche | vomfeld.at","isPartOf":{"@id":"https:\/\/www.vomfeld.at\/blog\/#website"},"primaryImageOfPage":{"@id":"https:\/\/www.vomfeld.at\/blog\/weg-apfel-baum-flasche\/#primaryimage"},"image":{"@id":"https:\/\/www.vomfeld.at\/blog\/weg-apfel-baum-flasche\/#primaryimage"},"thumbnailUrl":"https:\/\/www.vomfeld.at\/blog\/wp-content\/uploads\/2023\/02\/apfelsaft-flasche-tisch.jpg","datePublished":"2023-02-22T09:48:58+00:00","dateModified":"2023-02-22T09:55:09+00:00","description":"Worauf du beim Kauf von Apfelsaft achten solltest und wie er in die Flasche kommt! \u2714 Apfel-Nuss-Muffins \u2714 Vegane Fruchtgummis selber machen","breadcrumb":{"@id":"https:\/\/www.vomfeld.at\/blog\/weg-apfel-baum-flasche\/#breadcrumb"},"inLanguage":"de","potentialAction":[{"@type":"ReadAction","target":["https:\/\/www.vomfeld.at\/blog\/weg-apfel-baum-flasche\/"]}]},{"@type":"ImageObject","inLanguage":"de","@id":"https:\/\/www.vomfeld.at\/blog\/weg-apfel-baum-flasche\/#primaryimage","url":"https:\/\/www.vomfeld.at\/blog\/wp-content\/uploads\/2023\/02\/apfelsaft-flasche-tisch.jpg","contentUrl":"https:\/\/www.vomfeld.at\/blog\/wp-content\/uploads\/2023\/02\/apfelsaft-flasche-tisch.jpg","width":1600,"height":1067,"caption":"Apfelsaft in Flasche am Tisch"},{"@type":"BreadcrumbList","@id":"https:\/\/www.vomfeld.at\/blog\/weg-apfel-baum-flasche\/#breadcrumb","itemListElement":[{"@type":"ListItem","position":1,"name":"Startseite","item":"https:\/\/www.vomfeld.at\/blog\/"},{"@type":"ListItem","position":2,"name":"Der Weg des Apfels vom Baum in die Flasche"}]},{"@type":"WebSite","@id":"https:\/\/www.vomfeld.at\/blog\/#website","url":"https:\/\/www.vomfeld.at\/blog\/","name":"Johanna vom Feld Blog","description":"Mehr aus Lebensmitteln vom Feld machen","publisher":{"@id":"https:\/\/www.vomfeld.at\/blog\/#organization"},"potentialAction":[{"@type":"SearchAction","target":{"@type":"EntryPoint","urlTemplate":"https:\/\/www.vomfeld.at\/blog\/?s={search_term_string}"},"query-input":{"@type":"PropertyValueSpecification","valueRequired":true,"valueName":"search_term_string"}}],"inLanguage":"de"},{"@type":"Organization","@id":"https:\/\/www.vomfeld.at\/blog\/#organization","name":"Johanna vom Feld","url":"https:\/\/www.vomfeld.at\/blog\/","logo":{"@type":"ImageObject","inLanguage":"de","@id":"https:\/\/www.vomfeld.at\/blog\/#\/schema\/logo\/image\/","url":"https:\/\/www.vomfeld.at\/blog\/wp-content\/uploads\/2018\/10\/vomfeld-logo-large.png","contentUrl":"https:\/\/www.vomfeld.at\/blog\/wp-content\/uploads\/2018\/10\/vomfeld-logo-large.png","width":340,"height":200,"caption":"Johanna vom Feld"},"image":{"@id":"https:\/\/www.vomfeld.at\/blog\/#\/schema\/logo\/image\/"},"sameAs":["https:\/\/www.facebook.com\/vomfeld.at\/"]},{"@type":"Person","@id":"https:\/\/www.vomfeld.at\/blog\/#\/schema\/person\/8dab792dce4e00bc69ebf949f6eab1bf","name":"Johanna"}]}},"_links":{"self":[{"href":"https:\/\/www.vomfeld.at\/blog\/wp-json\/wp\/v2\/posts\/7256","targetHints":{"allow":["GET"]}}],"collection":[{"href":"https:\/\/www.vomfeld.at\/blog\/wp-json\/wp\/v2\/posts"}],"about":[{"href":"https:\/\/www.vomfeld.at\/blog\/wp-json\/wp\/v2\/types\/post"}],"author":[{"embeddable":true,"href":"https:\/\/www.vomfeld.at\/blog\/wp-json\/wp\/v2\/users\/3"}],"replies":[{"embeddable":true,"href":"https:\/\/www.vomfeld.at\/blog\/wp-json\/wp\/v2\/comments?post=7256"}],"version-history":[{"count":5,"href":"https:\/\/www.vomfeld.at\/blog\/wp-json\/wp\/v2\/posts\/7256\/revisions"}],"predecessor-version":[{"id":7264,"href":"https:\/\/www.vomfeld.at\/blog\/wp-json\/wp\/v2\/posts\/7256\/revisions\/7264"}],"wp:featuredmedia":[{"embeddable":true,"href":"https:\/\/www.vomfeld.at\/blog\/wp-json\/wp\/v2\/media\/7258"}],"wp:attachment":[{"href":"https:\/\/www.vomfeld.at\/blog\/wp-json\/wp\/v2\/media?parent=7256"}],"wp:term":[{"taxonomy":"category","embeddable":true,"href":"https:\/\/www.vomfeld.at\/blog\/wp-json\/wp\/v2\/categories?post=7256"},{"taxonomy":"post_tag","embeddable":true,"href":"https:\/\/www.vomfeld.at\/blog\/wp-json\/wp\/v2\/tags?post=7256"}],"curies":[{"name":"wp","href":"https:\/\/api.w.org\/{rel}","templated":true}]}}