{"id":7247,"date":"2023-02-08T15:22:03","date_gmt":"2023-02-08T14:22:03","guid":{"rendered":"https:\/\/www.vomfeld.at\/blog\/?p=7247"},"modified":"2023-02-08T15:25:00","modified_gmt":"2023-02-08T14:25:00","slug":"fenchel","status":"publish","type":"post","link":"https:\/\/www.vomfeld.at\/blog\/fenchel\/","title":{"rendered":"Fenchel &#8211; Der gesunde Allrounder in der K\u00fcche"},"content":{"rendered":"[vc_row type=&#8220;in_container&#8220; full_screen_row_position=&#8220;middle&#8220; column_margin=&#8220;default&#8220; column_direction=&#8220;default&#8220; column_direction_tablet=&#8220;default&#8220; column_direction_phone=&#8220;default&#8220; scene_position=&#8220;center&#8220; text_color=&#8220;dark&#8220; text_align=&#8220;left&#8220; row_border_radius=&#8220;none&#8220; row_border_radius_applies=&#8220;bg&#8220; overflow=&#8220;visible&#8220; overlay_strength=&#8220;0.3&#8243; gradient_direction=&#8220;left_to_right&#8220; shape_divider_position=&#8220;bottom&#8220; bg_image_animation=&#8220;none&#8220;][vc_column column_padding=&#8220;no-extra-padding&#8220; column_padding_tablet=&#8220;inherit&#8220; column_padding_phone=&#8220;inherit&#8220; column_padding_position=&#8220;all&#8220; column_element_direction_desktop=&#8220;default&#8220; column_element_spacing=&#8220;default&#8220; desktop_text_alignment=&#8220;default&#8220; tablet_text_alignment=&#8220;default&#8220; phone_text_alignment=&#8220;default&#8220; background_color_opacity=&#8220;1&#8243; background_hover_color_opacity=&#8220;1&#8243; column_backdrop_filter=&#8220;none&#8220; column_shadow=&#8220;none&#8220; column_border_radius=&#8220;none&#8220; column_link_target=&#8220;_self&#8220; column_position=&#8220;default&#8220; gradient_direction=&#8220;left_to_right&#8220; overlay_strength=&#8220;0.3&#8243; width=&#8220;1\/1&#8243; tablet_width_inherit=&#8220;default&#8220; animation_type=&#8220;default&#8220; bg_image_animation=&#8220;none&#8220; border_type=&#8220;simple&#8220; column_border_width=&#8220;none&#8220; column_border_style=&#8220;solid&#8220;][vc_column_text]<span style=\"font-weight: 400;\">Bereits in fr\u00fchen Lebensjahren lernen wir h\u00e4ufig den Geschmack von <a href=\"https:\/\/www.vomfeld.at\/p\/fenchel\/\" target=\"_blank\" rel=\"noopener\">Fenchel<\/a> kennen, denn als Tee zubereitet wirkt er <strong>entbl\u00e4hend und beruhigend<\/strong> bei Magen- und Darmbeschwerden. Nach jahrelanger Verbannung aus der K\u00fcche wird Fenchel nun wieder zunehmend popul\u00e4rer und als vielseitig verwendbares Gem\u00fcse wieder gesch\u00e4tzt.<\/span><\/p>\n<p><span style=\"font-weight: 400;\">Auch wir von Johanna vom Feld sind Fans dieser Gem\u00fcse- bzw. Gew\u00fcrzpflanze. Im folgenden Beitrag erf\u00e4hrst du, <strong>wie gesund Fenchel wirklich ist<\/strong> und wie die unterschiedlichen Pflanzenteile in der K\u00fcche eingesetzt werden k\u00f6nnen.<\/span><\/p>\n<h2>Gem\u00fcse- und Gew\u00fcrzpflanze<\/h2>\n<p><span style=\"font-weight: 400;\">Fenchel ist mittlerweile eine weltweit verbreitete Gem\u00fcse-, Gew\u00fcrz- und Heilpflanze, die ihren <strong>Ursprung im Mittelmeerraum<\/strong> hat. Beste Bedingungen f\u00fcr den Wuchs findet die Pflanze auf m\u00e4\u00dfig trockenen, n\u00e4hrstoff- und basenreichen, milden, sauren Lehm- oder L\u00f6\u00dfb\u00f6den.<\/span><\/p>\n<p><span style=\"font-weight: 400;\">Milde Wintermonate sind ebenfalls n\u00f6tig, damit die krautige Pflanze ihre <strong>Wuchsh\u00f6he von bis zu zwei Metern<\/strong> erreichen kann. Der Fenchel bildet mit Speicherbl\u00e4ttern knollen\u00e4hnliche Zwiebeln, die wir als Fenchelknollen kennen und als Gem\u00fcse in Speisen verzehren k\u00f6nnen.<\/span><\/p>\n<p><span style=\"font-weight: 400;\">Im Fr\u00fchsommer bilden sich sehr lange St\u00e4ngel an deren oberen Ende sich Dolden mit kleinen gelben Bl\u00fcten befinden. Aus den Bl\u00fcten entstehen <strong>Fenchelfr\u00fcchte<\/strong> (=Fenchelsamen), die wir vorwiegend als Gew\u00fcrz kennen.<\/span><\/p>\n<h2>Von der Knolle bis zur Bl\u00fcte<\/h2>\n<p><span style=\"font-weight: 400;\">Aufgrund des <strong>geringen Kaloriengehalts<\/strong> ist dieses Gem\u00fcse bei Figurbewussten besonders beliebt. Doch nicht nur das. In <a href=\"https:\/\/www.vomfeld.at\/p\/fenchel\/\" target=\"_blank\" rel=\"noopener\">Fenchel<\/a> steckt eine Menge wichtiger N\u00e4hrstoffe. Vitamin B, C und E sowie Kalzium, Eisen, Magnesium und Kalium sind enthalten und machen dieses Gem\u00fcse besonders gesund.<\/span><\/p>\n<p><span style=\"font-weight: 400;\">Die enthaltenen <strong>\u00e4therischen \u00d6le<\/strong> Anethol, Fenchon und Menthol, die vor allem in den Fenchelsamen vorkommen, verf\u00fcgen \u00fcber heilende Wirkung und werden vor allem bei Magen- und Darmbeschwerden eingesetzt und wirken lindernd bei \u00dcbelkeit, Schmerzen, Kr\u00e4mpfen und Bl\u00e4hungen.<\/span><\/p>\n<p><span style=\"font-weight: 400;\">Fast alle Pflanzenteile des Fenchels sind verzehrbar. Die Knolle kann sowohl als Rohkost verzehrt werden und auch gekocht schmeckt sie besonders aromatisch. Zuerst sollte man die Fenchelknolle gr\u00fcndlich waschen, braune Stellen, die gr\u00fcnen St\u00e4ngel und den Wurzelansatz entfernen und je nach Rezept halbiert, geviertelt oder in kleine l\u00e4ngliche St\u00fccke geschnitten verarbeiten.<\/span><\/p>\n<p><span style=\"font-weight: 400;\">Das Fenchelkraut ist nur f\u00fcr den frischen Verzehr geeignet und verleiht Speisen eine leichte Anisnote. Frische Dolden kann man zu Tee weiterverarbeiten, auch die Bl\u00fcten eignen sich wunderbar als Dekoration von Speisen und sind auch verzehrbar.<\/span><\/p>\n<p><span style=\"font-weight: 400;\">Doch auch die Samen lassen sich zu Tee aufbr\u00fchen. Sie sind allgemein als Gew\u00fcrz bestens bekannt. Sie verleihen vor allem Brot und Geb\u00e4ck ein besonderes Aroma und machen H\u00fclsenfr\u00fcchte und Kohlgem\u00fcse leichter vertr\u00e4glich.<\/span>[\/vc_column_text][divider line_type=&#8220;No Line&#8220; custom_height=&#8220;20&#8243;][image_with_animation image_url=&#8220;7249&#8243; image_size=&#8220;full&#8220; animation_type=&#8220;entrance&#8220; animation=&#8220;Fade In&#8220; animation_easing=&#8220;default&#8220; animation_movement_type=&#8220;transform_y&#8220; hover_animation=&#8220;none&#8220; alignment=&#8220;center&#8220; img_link_large=&#8220;yes&#8220; border_radius=&#8220;none&#8220; box_shadow=&#8220;none&#8220; image_loading=&#8220;default&#8220; max_width=&#8220;100%&#8220; max_width_mobile=&#8220;default&#8220;][divider line_type=&#8220;No Line&#8220; custom_height=&#8220;20&#8243;][vc_column_text]\n<h2>Tipps von Johanna vom Feld<\/h2>\n<p><span style=\"font-weight: 400;\">Unsere <strong>K\u00fcchentipps<\/strong> unterst\u00fctzen dich dabei, m\u00f6glichst viele Pflanzenteile von Fenchel zu verwerten bzw. richtig zu lagern:<\/span><\/p>\n<ul>\n<li style=\"font-weight: 400;\" aria-level=\"1\"><span style=\"font-weight: 400;\">Die Fenchelknolle kann sowohl roh als auch gekocht verzehrt werden. Im K\u00fchlschrank in einem feuchten Tuch eingewickelt, bleibt die Knolle 1-2 Wochen lang frisch.<\/span><\/li>\n<li style=\"font-weight: 400;\" aria-level=\"1\"><span style=\"font-weight: 400;\">Das Kraut ist nicht zum Trocknen geeignet und sollte daher nur frisch f\u00fcr Salate, Suppen, Eint\u00f6pfe oder Aufstriche verwendet werden.<\/span><\/li>\n<li style=\"font-weight: 400;\" aria-level=\"1\"><span style=\"font-weight: 400;\">Die Fenchelbl\u00fcten sind essbar und eignen sich sehr gut als Dekoration von Speisen und Desserts.<\/span><\/li>\n<li style=\"font-weight: 400;\" aria-level=\"1\"><span style=\"font-weight: 400;\">Die Samen sind sowohl als Gew\u00fcrz, als auch als Tee gut zu verwenden. Auf eine dunkle und trockene Lagerung sollte man dabei achten.<\/span><\/li>\n<\/ul>\n<h2>\u00a0Fenchel \u2013 Ein Allrounder<\/h2>\n<p><span style=\"font-weight: 400;\">Diese Gem\u00fcse- bzw. Gew\u00fcrzpflanze ist in der K\u00fcche vielseitig verwendbar. Mit den folgenden Rezeptideen m\u00f6chten wir dir die Vorteile und den Geschmack der Fenchelsamen n\u00e4herbringen.<\/span>[\/vc_column_text][vc_column_text][\/vc_column_text][divider line_type=&#8220;No Line&#8220; custom_height=&#8220;20&#8243;][image_with_animation image_url=&#8220;7248&#8243; image_size=&#8220;full&#8220; animation_type=&#8220;entrance&#8220; animation=&#8220;Fade In&#8220; animation_easing=&#8220;default&#8220; animation_movement_type=&#8220;transform_y&#8220; hover_animation=&#8220;none&#8220; alignment=&#8220;center&#8220; img_link_large=&#8220;yes&#8220; border_radius=&#8220;none&#8220; box_shadow=&#8220;none&#8220; image_loading=&#8220;default&#8220; max_width=&#8220;100%&#8220; max_width_mobile=&#8220;default&#8220;][divider line_type=&#8220;No Line&#8220; custom_height=&#8220;20&#8243;][vc_column_text]\n<h2>Gem\u00fcse-Lasagne<\/h2>\n<p><strong>Zutaten f\u00fcr 2 Portionen:<\/strong><\/p>\n<ul>\n<li style=\"font-weight: 400;\" aria-level=\"1\"><span style=\"font-weight: 400;\">400g gehackte Tomaten aus der Dose\/Glas<\/span><\/li>\n<li style=\"font-weight: 400;\" aria-level=\"1\"><span style=\"font-weight: 400;\">150g Tofu<\/span><\/li>\n<li style=\"font-weight: 400;\" aria-level=\"1\"><span style=\"font-weight: 400;\">100g Ricotta<\/span><\/li>\n<li style=\"font-weight: 400;\" aria-level=\"1\"><span style=\"font-weight: 400;\">100g Mozzarella<\/span><\/li>\n<li style=\"font-weight: 400;\" aria-level=\"1\"><span style=\"font-weight: 400;\">100g frischer Blattspinat<\/span><\/li>\n<li style=\"font-weight: 400;\" aria-level=\"1\"><span style=\"font-weight: 400;\">100ml Gem\u00fcsesuppe<\/span><\/li>\n<li style=\"font-weight: 400;\" aria-level=\"1\"><span style=\"font-weight: 400;\">8 Lasagne-Bl\u00e4tter<\/span><\/li>\n<li style=\"font-weight: 400;\" aria-level=\"1\"><span style=\"font-weight: 400;\">1 Karotte<\/span><\/li>\n<li style=\"font-weight: 400;\" aria-level=\"1\"><span style=\"font-weight: 400;\">1 gelbe Paprika<\/span><\/li>\n<li style=\"font-weight: 400;\" aria-level=\"1\"><span style=\"font-weight: 400;\">1 Zwiebel<\/span><\/li>\n<li style=\"font-weight: 400;\" aria-level=\"1\"><span style=\"font-weight: 400;\">1 Knoblauchzehe<\/span><\/li>\n<li style=\"font-weight: 400;\" aria-level=\"1\"><span style=\"font-weight: 400;\">2 EL Oliven\u00f6l<\/span><\/li>\n<li style=\"font-weight: 400;\" aria-level=\"1\"><span style=\"font-weight: 400;\">\u00bd TL Fenchelsamen<\/span><\/li>\n<li style=\"font-weight: 400;\" aria-level=\"1\"><span style=\"font-weight: 400;\">Salz, Pfeffer, italienische Kr\u00e4uter<\/span><\/li>\n<\/ul>\n<p><strong>Zubereitung:<\/strong><\/p>\n<ol>\n<li style=\"font-weight: 400;\" aria-level=\"1\"><span style=\"font-weight: 400;\">Blattspinat waschen, trocknen und in Streifen schneiden. Tofu abtropfen lassen, in Scheiben schneiden und anschlie\u00dfend fein hacken. Fenchelsamen in einem M\u00f6rser oder mit dem Messer zerkleinern.<\/span><\/li>\n<li style=\"font-weight: 400;\" aria-level=\"1\"><span style=\"font-weight: 400;\">Knoblauch und Zwiebel sch\u00e4len und fein hacken. Karotte sch\u00e4len, der L\u00e4nge nach halbieren und in d\u00fcnne Scheiben schneiden. Paprika waschen, entkernen und fein w\u00fcrfeln.<\/span><\/li>\n<li style=\"font-weight: 400;\" aria-level=\"1\"><span style=\"font-weight: 400;\">1 EL Oliven\u00f6l in einem Topf erhitzen, Knoblauch, Zwiebel, Paprika und Karotte zuf\u00fcgen und 2-3 Minuten anr\u00f6sten. Tofu zuf\u00fcgen und unter R\u00fchren nochmals 2-3 Minuten anbraten.<\/span><\/li>\n<li style=\"font-weight: 400;\" aria-level=\"1\"><span style=\"font-weight: 400;\">Mit Salz, Pfeffer und Fenchelsamen w\u00fcrzen, mit Gem\u00fcsesuppe und den gehackten Tomaten abl\u00f6schen und 20 Minuten auf mittlerer Hitze k\u00f6cheln lassen.<\/span><\/li>\n<li style=\"font-weight: 400;\" aria-level=\"1\"><span style=\"font-weight: 400;\">Backrohr auf 175\u00b0C (Ober-\/Unterhitze) vorheizen und eine Auflaufform bereitstellen.<\/span><\/li>\n<li style=\"font-weight: 400;\" aria-level=\"1\"><span style=\"font-weight: 400;\">Ricotta mit dem Blattspinat vermengen und mit Salz und Pfeffer w\u00fcrzen. Mozzarella abtropfen lassen und in Scheiben schneiden oder einer Reibe grob raspeln.<\/span><\/li>\n<li style=\"font-weight: 400;\" aria-level=\"1\"><span style=\"font-weight: 400;\">Die Auflaufform mit dem restlichen Oliven\u00f6l einfetten. Den Boden der Form mit der Sauce bedecken, mit den Lasagne-Bl\u00e4ttern belegen und der Ricotta-Spinat-Mischung bestreichen. Den Vorgang so oft wiederholen, bis alle Zutaten aufgebraucht sind.<\/span><\/li>\n<li style=\"font-weight: 400;\" aria-level=\"1\"><span style=\"font-weight: 400;\">Den Mozzarella auf der Lasagne verteilen. Die Lasagne nun im Backrohr auf mittlerer Schiene ca. 35-40 Minuten backen. Vor dem Verzehr etwas ausk\u00fchlen lassen.<\/span><\/li>\n<\/ol>\n<h2>Gef\u00fcllte Paprika (vegan)<\/h2>\n<p><strong>Zutaten f\u00fcr 2 Portionen:<\/strong><\/p>\n<ul>\n<li style=\"font-weight: 400;\" aria-level=\"1\"><span style=\"font-weight: 400;\">400g passierte Tomaten<\/span><\/li>\n<li style=\"font-weight: 400;\" aria-level=\"1\"><span style=\"font-weight: 400;\">200g gegarte kleine wei\u00dfe Bohnen<\/span><\/li>\n<li style=\"font-weight: 400;\" aria-level=\"1\"><span style=\"font-weight: 400;\">120g rote oder gelbe Linsen<\/span><\/li>\n<li style=\"font-weight: 400;\" aria-level=\"1\"><span style=\"font-weight: 400;\">50g frischer Blattspinat<\/span><\/li>\n<li style=\"font-weight: 400;\" aria-level=\"1\"><span style=\"font-weight: 400;\">2 gro\u00dfe Paprika<\/span><\/li>\n<li style=\"font-weight: 400;\" aria-level=\"1\"><span style=\"font-weight: 400;\">2 EL Oliven\u00f6l<\/span><\/li>\n<li style=\"font-weight: 400;\" aria-level=\"1\"><span style=\"font-weight: 400;\">1 rote Zwiebel<\/span><\/li>\n<li style=\"font-weight: 400;\" aria-level=\"1\"><span style=\"font-weight: 400;\">1 Knoblauchzehe<\/span><\/li>\n<li style=\"font-weight: 400;\" aria-level=\"1\"><span style=\"font-weight: 400;\">\u00bd TL Fenchelsamen<\/span><\/li>\n<li style=\"font-weight: 400;\" aria-level=\"1\"><span style=\"font-weight: 400;\">Salz, Pfeffer, gemahlener Kreuzk\u00fcmmel<\/span><\/li>\n<\/ul>\n<p><strong>Zubereitung:<\/strong><\/p>\n<ol>\n<li style=\"font-weight: 400;\" aria-level=\"1\"><span style=\"font-weight: 400;\">Linsen mit 240ml Wasser in einem Topf bei mittlerer Hitze bissfest garen, bis die Fl\u00fcssigkeit vollst\u00e4ndig verdunstet ist.<\/span><\/li>\n<li style=\"font-weight: 400;\" aria-level=\"1\"><span style=\"font-weight: 400;\">Knoblauch und Zwiebel sch\u00e4len und fein hacken. Bohnen abgie\u00dfen und abtropfen lassen. Paprika waschen, halbieren und entkernen. Blattspinat waschen, trocknen und verlesen.<\/span><\/li>\n<li style=\"font-weight: 400;\" aria-level=\"1\"><span style=\"font-weight: 400;\">1 EL Oliven\u00f6l in einem Topf erhitzen und die H\u00e4lfte der Zwiebel darin anschwitzen. Mit den passierten Tomaten abl\u00f6schen, mit Salz, Pfeffer und Fenchelsamen w\u00fcrzen und 10 Minuten bei mittlerer Hitze k\u00f6cheln lassen.<\/span><\/li>\n<li style=\"font-weight: 400;\" aria-level=\"1\"><span style=\"font-weight: 400;\">Bohnen der Tomatensauce zuf\u00fcgen, gut vermengen und in die Auflaufform f\u00fcllen. Das Backrohr auf 175\u00b0C (Ober-\/Unterhitze) vorheizen.<\/span><\/li>\n<li style=\"font-weight: 400;\" aria-level=\"1\"><span style=\"font-weight: 400;\">Die zweite H\u00e4lfte der Zwiebel mit Knoblauch und 1 EL Oliven\u00f6l in einer Pfanne kurz anschwitzen. Linsen und Spinat zuf\u00fcgen und mit Salz, Pfeffer und Kreuzk\u00fcmmel w\u00fcrzen.<\/span><\/li>\n<li style=\"font-weight: 400;\" aria-level=\"1\"><span style=\"font-weight: 400;\">Anschlie\u00dfend die Paprikah\u00e4lften mit der Linsenmischung f\u00fcllen, in die Auflaufform setzen und im Backrohr auf mittlerer Schiene ca. 30 Minuten backen.<\/span><\/li>\n<\/ol>\n<h2>Fenchel-Bohnen-Eintopf mit Reis<\/h2>\n<p><strong>Zutaten f\u00fcr 2 Portionen:<\/strong><\/p>\n<ul>\n<li style=\"font-weight: 400;\" aria-level=\"1\"><span style=\"font-weight: 400;\">300g gegarte gro\u00dfe wei\u00dfe Bohnen<\/span><\/li>\n<li style=\"font-weight: 400;\" aria-level=\"1\"><span style=\"font-weight: 400;\">250ml Gem\u00fcsesuppe<\/span><\/li>\n<li style=\"font-weight: 400;\" aria-level=\"1\"><span style=\"font-weight: 400;\">150g passierte Tomaten<\/span><\/li>\n<li style=\"font-weight: 400;\" aria-level=\"1\"><span style=\"font-weight: 400;\">100g Basmatireis<\/span><\/li>\n<li style=\"font-weight: 400;\" aria-level=\"1\"><span style=\"font-weight: 400;\">1 gelbe Zwiebel<\/span><\/li>\n<li style=\"font-weight: 400;\" aria-level=\"1\"><span style=\"font-weight: 400;\">1 Knoblauchzehe<\/span><\/li>\n<li style=\"font-weight: 400;\" aria-level=\"1\"><span style=\"font-weight: 400;\">1 EL Oliven\u00f6l<\/span><\/li>\n<li style=\"font-weight: 400;\" aria-level=\"1\"><span style=\"font-weight: 400;\">1 Fenchelknolle<\/span><\/li>\n<li style=\"font-weight: 400;\" aria-level=\"1\"><span style=\"font-weight: 400;\">\u00bd TL Fenchelsamen<\/span><\/li>\n<li style=\"font-weight: 400;\" aria-level=\"1\"><span style=\"font-weight: 400;\">1 Salbeiblatt<\/span><\/li>\n<li style=\"font-weight: 400;\" aria-level=\"1\"><span style=\"font-weight: 400;\">1 TL Paprikapulver (scharf oder edels\u00fc\u00df)<\/span><\/li>\n<li style=\"font-weight: 400;\" aria-level=\"1\"><span style=\"font-weight: 400;\">Salz, Pfeffer<\/span><\/li>\n<\/ul>\n<p><strong>Zubereitung:<\/strong><\/p>\n<ol>\n<li style=\"font-weight: 400;\" aria-level=\"1\"><span style=\"font-weight: 400;\">Basmatireis nach Packungsanleitung zubereiten.<\/span><\/li>\n<li style=\"font-weight: 400;\" aria-level=\"1\"><span style=\"font-weight: 400;\">Zwiebel und Knoblauch sch\u00e4len und fein hacken. Bohnen abgie\u00dfen und abtropfen lassen. Fenchelknolle waschen, achteln und Strunk entfernen.<\/span><\/li>\n<li style=\"font-weight: 400;\" aria-level=\"1\"><span style=\"font-weight: 400;\">Zwiebel und Knoblauch zusammen mit dem Oliven\u00f6l in einer hohen Pfanne oder einem Topf anschwitzen.<\/span><\/li>\n<li style=\"font-weight: 400;\" aria-level=\"1\"><span style=\"font-weight: 400;\">Fenchelsamen, Paprikapulver, Salbeiblatt und Bohnen zuf\u00fcgen, 1-2 Minuten unter R\u00fchren kurz anbraten. Mit Gem\u00fcsesuppe und den passierten Tomaten abl\u00f6schen und zugedeckt bei mittlerer Hitze ca. 10 Minuten k\u00f6cheln lassen.<\/span><\/li>\n<li style=\"font-weight: 400;\" aria-level=\"1\"><span style=\"font-weight: 400;\">Den Fenchel zuf\u00fcgen und weitere 10 Minuten k\u00f6cheln lassen.<\/span><\/li>\n<li style=\"font-weight: 400;\" aria-level=\"1\"><span style=\"font-weight: 400;\">Mit Salz und Pfeffer abschmecken und zusammen mit dem Basmatireis servieren.<\/span><\/li>\n<\/ol>\n<p><span style=\"font-weight: 400;\">Fenchel wird als Gem\u00fcse-, Gew\u00fcrz- und Heilpflanze verwendet und feiert in den letzten Jahren ein <strong>gro\u00dfes Comeback in der K\u00fcche.<\/strong> Es ist ein kalorienarmes Gem\u00fcse, das viele wertvolle Vitamine und Mineralstoffe enth\u00e4lt.<\/span><\/p>\n<p><span style=\"font-weight: 400;\">Vor allem die Fenchelsamen sind reich an \u00e4therischen \u00d6len, die nicht nur Speisen ein besonderes Aroma verleihen, sondern auch heilende Wirkung haben. Besonders Magen- und Darmbeschwerden sowie Unterleibskr\u00e4mpfe werden durch den Verzehr der Samen gelindert. Dieses Gew\u00fcrz verleiht vor allem Brot und Geb\u00e4ck einen besonderen Geschmack und macht Speisen mit H\u00fclsenfr\u00fcchten und Kohlgem\u00fcse leichter vertr\u00e4glich.<\/span><\/p>\n<p><span style=\"font-weight: 400;\">Fenchel ist ein <strong>vielseitig verwendbares Gem\u00fcse,<\/strong> das f\u00fcr Genuss sorgt und \u00fcber heilende Wirkung verf\u00fcgt. Wir von Johanna vom Feld unterst\u00fctzen dich mit unseren Tipps und Rezeptideen, die Vielfalt von Fenchel zu entdecken und liefern dir gerne die Zutaten direkt nach Hause.<\/span>[\/vc_column_text][\/vc_column][\/vc_row]\n","protected":false},"excerpt":{"rendered":"<p>[vc_row type=&#8220;in_container&#8220; full_screen_row_position=&#8220;middle&#8220; column_margin=&#8220;default&#8220; column_direction=&#8220;default&#8220; column_direction_tablet=&#8220;default&#8220; column_direction_phone=&#8220;default&#8220; scene_position=&#8220;center&#8220; text_color=&#8220;dark&#8220; text_align=&#8220;left&#8220; row_border_radius=&#8220;none&#8220; row_border_radius_applies=&#8220;bg&#8220; overflow=&#8220;visible&#8220; overlay_strength=&#8220;0.3&#8243; gradient_direction=&#8220;left_to_right&#8220;&#8230;<\/p>\n","protected":false},"author":3,"featured_media":7250,"comment_status":"closed","ping_status":"closed","sticky":false,"template":"","format":"standard","meta":{"footnotes":""},"categories":[24],"tags":[],"class_list":{"0":"post-7247","1":"post","2":"type-post","3":"status-publish","4":"format-standard","5":"has-post-thumbnail","7":"category-produkte"},"yoast_head":"<!-- This site is optimized with the Yoast SEO plugin v25.4 - https:\/\/yoast.com\/wordpress\/plugins\/seo\/ -->\n<title>Fenchel - Der gesunde Allrounder in der K\u00fcche | vomfeld.at<\/title>\n<meta name=\"description\" content=\"Entdecke die vielf\u00e4ltigen M\u00f6glichkeiten, wie du Fenchel in der K\u00fcche verwenden kannst. \u2714 Gem\u00fcse Lasagne mit Fenchel \u2714 Fenchel Eintopf\" \/>\n<meta name=\"robots\" content=\"index, follow, max-snippet:-1, max-image-preview:large, max-video-preview:-1\" \/>\n<link rel=\"canonical\" href=\"https:\/\/www.vomfeld.at\/blog\/fenchel\/\" \/>\n<meta property=\"og:locale\" content=\"de_DE\" \/>\n<meta property=\"og:type\" content=\"article\" \/>\n<meta property=\"og:title\" content=\"Fenchel - Der gesunde Allrounder in der K\u00fcche | vomfeld.at\" \/>\n<meta property=\"og:description\" content=\"Entdecke die vielf\u00e4ltigen M\u00f6glichkeiten, wie du Fenchel in der K\u00fcche verwenden kannst. \u2714 Gem\u00fcse Lasagne mit Fenchel \u2714 Fenchel Eintopf\" \/>\n<meta property=\"og:url\" content=\"https:\/\/www.vomfeld.at\/blog\/fenchel\/\" \/>\n<meta property=\"og:site_name\" content=\"Johanna vom Feld Blog\" \/>\n<meta property=\"article:publisher\" content=\"https:\/\/www.facebook.com\/vomfeld.at\/\" \/>\n<meta property=\"article:published_time\" content=\"2023-02-08T14:22:03+00:00\" \/>\n<meta property=\"article:modified_time\" content=\"2023-02-08T14:25:00+00:00\" \/>\n<meta property=\"og:image\" content=\"https:\/\/www.vomfeld.at\/blog\/wp-content\/uploads\/2023\/02\/fenchel-tomaten-markt.jpg\" \/>\n\t<meta property=\"og:image:width\" content=\"1600\" \/>\n\t<meta property=\"og:image:height\" content=\"1000\" \/>\n\t<meta property=\"og:image:type\" content=\"image\/jpeg\" \/>\n<meta name=\"author\" content=\"Johanna\" \/>\n<meta name=\"twitter:card\" content=\"summary_large_image\" \/>\n<meta name=\"twitter:label1\" content=\"Verfasst von\" \/>\n\t<meta name=\"twitter:data1\" content=\"Johanna\" \/>\n\t<meta name=\"twitter:label2\" content=\"Gesch\u00e4tzte Lesezeit\" \/>\n\t<meta name=\"twitter:data2\" content=\"8\u00a0Minuten\" \/>\n<script type=\"application\/ld+json\" class=\"yoast-schema-graph\">{\"@context\":\"https:\/\/schema.org\",\"@graph\":[{\"@type\":\"Article\",\"@id\":\"https:\/\/www.vomfeld.at\/blog\/fenchel\/#article\",\"isPartOf\":{\"@id\":\"https:\/\/www.vomfeld.at\/blog\/fenchel\/\"},\"author\":{\"name\":\"Johanna\",\"@id\":\"https:\/\/www.vomfeld.at\/blog\/#\/schema\/person\/8dab792dce4e00bc69ebf949f6eab1bf\"},\"headline\":\"Fenchel &#8211; Der gesunde Allrounder in der K\u00fcche\",\"datePublished\":\"2023-02-08T14:22:03+00:00\",\"dateModified\":\"2023-02-08T14:25:00+00:00\",\"mainEntityOfPage\":{\"@id\":\"https:\/\/www.vomfeld.at\/blog\/fenchel\/\"},\"wordCount\":1617,\"publisher\":{\"@id\":\"https:\/\/www.vomfeld.at\/blog\/#organization\"},\"image\":{\"@id\":\"https:\/\/www.vomfeld.at\/blog\/fenchel\/#primaryimage\"},\"thumbnailUrl\":\"https:\/\/www.vomfeld.at\/blog\/wp-content\/uploads\/2023\/02\/fenchel-tomaten-markt.jpg\",\"articleSection\":[\"Produkte\"],\"inLanguage\":\"de\"},{\"@type\":\"WebPage\",\"@id\":\"https:\/\/www.vomfeld.at\/blog\/fenchel\/\",\"url\":\"https:\/\/www.vomfeld.at\/blog\/fenchel\/\",\"name\":\"Fenchel - Der gesunde Allrounder in der K\u00fcche | vomfeld.at\",\"isPartOf\":{\"@id\":\"https:\/\/www.vomfeld.at\/blog\/#website\"},\"primaryImageOfPage\":{\"@id\":\"https:\/\/www.vomfeld.at\/blog\/fenchel\/#primaryimage\"},\"image\":{\"@id\":\"https:\/\/www.vomfeld.at\/blog\/fenchel\/#primaryimage\"},\"thumbnailUrl\":\"https:\/\/www.vomfeld.at\/blog\/wp-content\/uploads\/2023\/02\/fenchel-tomaten-markt.jpg\",\"datePublished\":\"2023-02-08T14:22:03+00:00\",\"dateModified\":\"2023-02-08T14:25:00+00:00\",\"description\":\"Entdecke die vielf\u00e4ltigen M\u00f6glichkeiten, wie du Fenchel in der K\u00fcche verwenden kannst. \u2714 Gem\u00fcse Lasagne mit Fenchel \u2714 Fenchel Eintopf\",\"breadcrumb\":{\"@id\":\"https:\/\/www.vomfeld.at\/blog\/fenchel\/#breadcrumb\"},\"inLanguage\":\"de\",\"potentialAction\":[{\"@type\":\"ReadAction\",\"target\":[\"https:\/\/www.vomfeld.at\/blog\/fenchel\/\"]}]},{\"@type\":\"ImageObject\",\"inLanguage\":\"de\",\"@id\":\"https:\/\/www.vomfeld.at\/blog\/fenchel\/#primaryimage\",\"url\":\"https:\/\/www.vomfeld.at\/blog\/wp-content\/uploads\/2023\/02\/fenchel-tomaten-markt.jpg\",\"contentUrl\":\"https:\/\/www.vomfeld.at\/blog\/wp-content\/uploads\/2023\/02\/fenchel-tomaten-markt.jpg\",\"width\":1600,\"height\":1000,\"caption\":\"Fenchel am Markt\"},{\"@type\":\"BreadcrumbList\",\"@id\":\"https:\/\/www.vomfeld.at\/blog\/fenchel\/#breadcrumb\",\"itemListElement\":[{\"@type\":\"ListItem\",\"position\":1,\"name\":\"Startseite\",\"item\":\"https:\/\/www.vomfeld.at\/blog\/\"},{\"@type\":\"ListItem\",\"position\":2,\"name\":\"Fenchel &#8211; Der gesunde Allrounder in der K\u00fcche\"}]},{\"@type\":\"WebSite\",\"@id\":\"https:\/\/www.vomfeld.at\/blog\/#website\",\"url\":\"https:\/\/www.vomfeld.at\/blog\/\",\"name\":\"Johanna vom Feld Blog\",\"description\":\"Mehr aus Lebensmitteln vom Feld machen\",\"publisher\":{\"@id\":\"https:\/\/www.vomfeld.at\/blog\/#organization\"},\"potentialAction\":[{\"@type\":\"SearchAction\",\"target\":{\"@type\":\"EntryPoint\",\"urlTemplate\":\"https:\/\/www.vomfeld.at\/blog\/?s={search_term_string}\"},\"query-input\":{\"@type\":\"PropertyValueSpecification\",\"valueRequired\":true,\"valueName\":\"search_term_string\"}}],\"inLanguage\":\"de\"},{\"@type\":\"Organization\",\"@id\":\"https:\/\/www.vomfeld.at\/blog\/#organization\",\"name\":\"Johanna vom Feld\",\"url\":\"https:\/\/www.vomfeld.at\/blog\/\",\"logo\":{\"@type\":\"ImageObject\",\"inLanguage\":\"de\",\"@id\":\"https:\/\/www.vomfeld.at\/blog\/#\/schema\/logo\/image\/\",\"url\":\"https:\/\/www.vomfeld.at\/blog\/wp-content\/uploads\/2018\/10\/vomfeld-logo-large.png\",\"contentUrl\":\"https:\/\/www.vomfeld.at\/blog\/wp-content\/uploads\/2018\/10\/vomfeld-logo-large.png\",\"width\":340,\"height\":200,\"caption\":\"Johanna vom Feld\"},\"image\":{\"@id\":\"https:\/\/www.vomfeld.at\/blog\/#\/schema\/logo\/image\/\"},\"sameAs\":[\"https:\/\/www.facebook.com\/vomfeld.at\/\"]},{\"@type\":\"Person\",\"@id\":\"https:\/\/www.vomfeld.at\/blog\/#\/schema\/person\/8dab792dce4e00bc69ebf949f6eab1bf\",\"name\":\"Johanna\"}]}<\/script>\n<!-- \/ Yoast SEO plugin. -->","yoast_head_json":{"title":"Fenchel - Der gesunde Allrounder in der K\u00fcche | vomfeld.at","description":"Entdecke die vielf\u00e4ltigen M\u00f6glichkeiten, wie du Fenchel in der K\u00fcche verwenden kannst. \u2714 Gem\u00fcse Lasagne mit Fenchel \u2714 Fenchel Eintopf","robots":{"index":"index","follow":"follow","max-snippet":"max-snippet:-1","max-image-preview":"max-image-preview:large","max-video-preview":"max-video-preview:-1"},"canonical":"https:\/\/www.vomfeld.at\/blog\/fenchel\/","og_locale":"de_DE","og_type":"article","og_title":"Fenchel - Der gesunde Allrounder in der K\u00fcche | vomfeld.at","og_description":"Entdecke die vielf\u00e4ltigen M\u00f6glichkeiten, wie du Fenchel in der K\u00fcche verwenden kannst. \u2714 Gem\u00fcse Lasagne mit Fenchel \u2714 Fenchel Eintopf","og_url":"https:\/\/www.vomfeld.at\/blog\/fenchel\/","og_site_name":"Johanna vom Feld Blog","article_publisher":"https:\/\/www.facebook.com\/vomfeld.at\/","article_published_time":"2023-02-08T14:22:03+00:00","article_modified_time":"2023-02-08T14:25:00+00:00","og_image":[{"width":1600,"height":1000,"url":"https:\/\/www.vomfeld.at\/blog\/wp-content\/uploads\/2023\/02\/fenchel-tomaten-markt.jpg","type":"image\/jpeg"}],"author":"Johanna","twitter_card":"summary_large_image","twitter_misc":{"Verfasst von":"Johanna","Gesch\u00e4tzte Lesezeit":"8\u00a0Minuten"},"schema":{"@context":"https:\/\/schema.org","@graph":[{"@type":"Article","@id":"https:\/\/www.vomfeld.at\/blog\/fenchel\/#article","isPartOf":{"@id":"https:\/\/www.vomfeld.at\/blog\/fenchel\/"},"author":{"name":"Johanna","@id":"https:\/\/www.vomfeld.at\/blog\/#\/schema\/person\/8dab792dce4e00bc69ebf949f6eab1bf"},"headline":"Fenchel &#8211; Der gesunde Allrounder in der K\u00fcche","datePublished":"2023-02-08T14:22:03+00:00","dateModified":"2023-02-08T14:25:00+00:00","mainEntityOfPage":{"@id":"https:\/\/www.vomfeld.at\/blog\/fenchel\/"},"wordCount":1617,"publisher":{"@id":"https:\/\/www.vomfeld.at\/blog\/#organization"},"image":{"@id":"https:\/\/www.vomfeld.at\/blog\/fenchel\/#primaryimage"},"thumbnailUrl":"https:\/\/www.vomfeld.at\/blog\/wp-content\/uploads\/2023\/02\/fenchel-tomaten-markt.jpg","articleSection":["Produkte"],"inLanguage":"de"},{"@type":"WebPage","@id":"https:\/\/www.vomfeld.at\/blog\/fenchel\/","url":"https:\/\/www.vomfeld.at\/blog\/fenchel\/","name":"Fenchel - Der gesunde Allrounder in der K\u00fcche | vomfeld.at","isPartOf":{"@id":"https:\/\/www.vomfeld.at\/blog\/#website"},"primaryImageOfPage":{"@id":"https:\/\/www.vomfeld.at\/blog\/fenchel\/#primaryimage"},"image":{"@id":"https:\/\/www.vomfeld.at\/blog\/fenchel\/#primaryimage"},"thumbnailUrl":"https:\/\/www.vomfeld.at\/blog\/wp-content\/uploads\/2023\/02\/fenchel-tomaten-markt.jpg","datePublished":"2023-02-08T14:22:03+00:00","dateModified":"2023-02-08T14:25:00+00:00","description":"Entdecke die vielf\u00e4ltigen M\u00f6glichkeiten, wie du Fenchel in der K\u00fcche verwenden kannst. \u2714 Gem\u00fcse Lasagne mit Fenchel \u2714 Fenchel Eintopf","breadcrumb":{"@id":"https:\/\/www.vomfeld.at\/blog\/fenchel\/#breadcrumb"},"inLanguage":"de","potentialAction":[{"@type":"ReadAction","target":["https:\/\/www.vomfeld.at\/blog\/fenchel\/"]}]},{"@type":"ImageObject","inLanguage":"de","@id":"https:\/\/www.vomfeld.at\/blog\/fenchel\/#primaryimage","url":"https:\/\/www.vomfeld.at\/blog\/wp-content\/uploads\/2023\/02\/fenchel-tomaten-markt.jpg","contentUrl":"https:\/\/www.vomfeld.at\/blog\/wp-content\/uploads\/2023\/02\/fenchel-tomaten-markt.jpg","width":1600,"height":1000,"caption":"Fenchel am Markt"},{"@type":"BreadcrumbList","@id":"https:\/\/www.vomfeld.at\/blog\/fenchel\/#breadcrumb","itemListElement":[{"@type":"ListItem","position":1,"name":"Startseite","item":"https:\/\/www.vomfeld.at\/blog\/"},{"@type":"ListItem","position":2,"name":"Fenchel &#8211; Der gesunde Allrounder in der K\u00fcche"}]},{"@type":"WebSite","@id":"https:\/\/www.vomfeld.at\/blog\/#website","url":"https:\/\/www.vomfeld.at\/blog\/","name":"Johanna vom Feld Blog","description":"Mehr aus Lebensmitteln vom Feld machen","publisher":{"@id":"https:\/\/www.vomfeld.at\/blog\/#organization"},"potentialAction":[{"@type":"SearchAction","target":{"@type":"EntryPoint","urlTemplate":"https:\/\/www.vomfeld.at\/blog\/?s={search_term_string}"},"query-input":{"@type":"PropertyValueSpecification","valueRequired":true,"valueName":"search_term_string"}}],"inLanguage":"de"},{"@type":"Organization","@id":"https:\/\/www.vomfeld.at\/blog\/#organization","name":"Johanna vom Feld","url":"https:\/\/www.vomfeld.at\/blog\/","logo":{"@type":"ImageObject","inLanguage":"de","@id":"https:\/\/www.vomfeld.at\/blog\/#\/schema\/logo\/image\/","url":"https:\/\/www.vomfeld.at\/blog\/wp-content\/uploads\/2018\/10\/vomfeld-logo-large.png","contentUrl":"https:\/\/www.vomfeld.at\/blog\/wp-content\/uploads\/2018\/10\/vomfeld-logo-large.png","width":340,"height":200,"caption":"Johanna vom Feld"},"image":{"@id":"https:\/\/www.vomfeld.at\/blog\/#\/schema\/logo\/image\/"},"sameAs":["https:\/\/www.facebook.com\/vomfeld.at\/"]},{"@type":"Person","@id":"https:\/\/www.vomfeld.at\/blog\/#\/schema\/person\/8dab792dce4e00bc69ebf949f6eab1bf","name":"Johanna"}]}},"_links":{"self":[{"href":"https:\/\/www.vomfeld.at\/blog\/wp-json\/wp\/v2\/posts\/7247","targetHints":{"allow":["GET"]}}],"collection":[{"href":"https:\/\/www.vomfeld.at\/blog\/wp-json\/wp\/v2\/posts"}],"about":[{"href":"https:\/\/www.vomfeld.at\/blog\/wp-json\/wp\/v2\/types\/post"}],"author":[{"embeddable":true,"href":"https:\/\/www.vomfeld.at\/blog\/wp-json\/wp\/v2\/users\/3"}],"replies":[{"embeddable":true,"href":"https:\/\/www.vomfeld.at\/blog\/wp-json\/wp\/v2\/comments?post=7247"}],"version-history":[{"count":3,"href":"https:\/\/www.vomfeld.at\/blog\/wp-json\/wp\/v2\/posts\/7247\/revisions"}],"predecessor-version":[{"id":7253,"href":"https:\/\/www.vomfeld.at\/blog\/wp-json\/wp\/v2\/posts\/7247\/revisions\/7253"}],"wp:featuredmedia":[{"embeddable":true,"href":"https:\/\/www.vomfeld.at\/blog\/wp-json\/wp\/v2\/media\/7250"}],"wp:attachment":[{"href":"https:\/\/www.vomfeld.at\/blog\/wp-json\/wp\/v2\/media?parent=7247"}],"wp:term":[{"taxonomy":"category","embeddable":true,"href":"https:\/\/www.vomfeld.at\/blog\/wp-json\/wp\/v2\/categories?post=7247"},{"taxonomy":"post_tag","embeddable":true,"href":"https:\/\/www.vomfeld.at\/blog\/wp-json\/wp\/v2\/tags?post=7247"}],"curies":[{"name":"wp","href":"https:\/\/api.w.org\/{rel}","templated":true}]}}