{"id":7176,"date":"2022-09-22T09:55:15","date_gmt":"2022-09-22T07:55:15","guid":{"rendered":"https:\/\/www.vomfeld.at\/blog\/?p=7176"},"modified":"2022-09-22T09:55:15","modified_gmt":"2022-09-22T07:55:15","slug":"klimafreundlich-einkaufen","status":"publish","type":"post","link":"https:\/\/www.vomfeld.at\/blog\/klimafreundlich-einkaufen\/","title":{"rendered":"Klimafreundlich einkaufen: Geht das?"},"content":{"rendered":"[vc_row type=&#8220;in_container&#8220; full_screen_row_position=&#8220;middle&#8220; column_margin=&#8220;default&#8220; column_direction=&#8220;default&#8220; column_direction_tablet=&#8220;default&#8220; column_direction_phone=&#8220;default&#8220; scene_position=&#8220;center&#8220; text_color=&#8220;dark&#8220; text_align=&#8220;left&#8220; row_border_radius=&#8220;none&#8220; row_border_radius_applies=&#8220;bg&#8220; overflow=&#8220;visible&#8220; overlay_strength=&#8220;0.3&#8243; gradient_direction=&#8220;left_to_right&#8220; shape_divider_position=&#8220;bottom&#8220; bg_image_animation=&#8220;none&#8220;][vc_column column_padding=&#8220;no-extra-padding&#8220; column_padding_tablet=&#8220;inherit&#8220; column_padding_phone=&#8220;inherit&#8220; column_padding_position=&#8220;all&#8220; column_element_direction_desktop=&#8220;default&#8220; column_element_spacing=&#8220;default&#8220; desktop_text_alignment=&#8220;default&#8220; tablet_text_alignment=&#8220;default&#8220; phone_text_alignment=&#8220;default&#8220; background_color_opacity=&#8220;1&#8243; background_hover_color_opacity=&#8220;1&#8243; column_backdrop_filter=&#8220;none&#8220; column_shadow=&#8220;none&#8220; column_border_radius=&#8220;none&#8220; column_link_target=&#8220;_self&#8220; column_position=&#8220;default&#8220; gradient_direction=&#8220;left_to_right&#8220; overlay_strength=&#8220;0.3&#8243; width=&#8220;1\/1&#8243; tablet_width_inherit=&#8220;default&#8220; animation_type=&#8220;default&#8220; bg_image_animation=&#8220;none&#8220; border_type=&#8220;simple&#8220; column_border_width=&#8220;none&#8220; column_border_style=&#8220;solid&#8220;][vc_column_text]<span style=\"font-weight: 400;\">Die Klimaerw\u00e4rmung und ihre Auswirkungen sind bereits deutlich sp\u00fcrbar. Um die <strong>Klimaziele<\/strong> zu erreichen und den Anstieg der Temperaturen zu verlangsamen, bestenfalls zu verhindern, muss nat\u00fcrlich die Politik entsprechende Rahmenbedingungen setzen, die die Wirtschaft und Industrie rasch umsetzen k\u00f6nnen.<\/span><\/p>\n<p><span style=\"font-weight: 400;\">Doch jeder Mensch hat die M\u00f6glichkeit, seinen Beitrag zum Umweltschutz zu leisten. Daf\u00fcr ist es nicht zwingend notwendig, gleich das ganze Leben umzukrempeln. Mit <strong>kleinen Schritten<\/strong> kann man bereits gro\u00dfe Wirkung erzielen.<\/span><\/p>\n<p><span style=\"font-weight: 400;\">So kann man beim Einkauf von Lebensmitteln und bei der Ern\u00e4hrung viel dazu beitragen, <strong>ohne dabei auf Genuss verzichten zu m\u00fcssen.<\/strong> Wie das gelingt, m\u00f6chten wir dir in unserem Beitrag genauer erkl\u00e4ren.<\/span><\/p>\n<h2>Unterschied mit gro\u00dfem Einfluss<\/h2>\n<p><span style=\"font-weight: 400;\">Als Treiber der Klimaerw\u00e4rmung wird oftmals der <strong>CO<\/strong><\/span><strong>2<\/strong><span style=\"font-weight: 400;\"><strong>-Aussto\u00df<\/strong> genannt. Es wird zu viel CO<\/span><span style=\"font-weight: 400;\">2<\/span><span style=\"font-weight: 400;\"> ausgesto\u00dfen als wieder in der Natur gebunden werden kann. Wir k\u00f6nnen t\u00e4glich aus einer F\u00fclle von Lebensmitteln w\u00e4hlen und haben fast das ganze Jahr \u00fcber eine gro\u00dfe Auswahl an frischen Obst- und Gem\u00fcsesorten. <\/span><\/p>\n<p><span style=\"font-weight: 400;\">Woher die Produkte kommen und wie sie produziert werden, hat Einfluss auf das Klima und auch auf unsere Geldb\u00f6rse. Um sich mit dem Thema Klimaschutz n\u00e4her auseinanderzusetzen, lohnt sich ein Blick hinter die Kulissen.<\/span><\/p>\n<p><span style=\"font-weight: 400;\">Lebensmittelanbau, Produktion, Regionalit\u00e4t und Saisonalit\u00e4t haben enormen Einfluss auf die Umwelt und so kann man beim Einkauf und beim Ern\u00e4hrungsverhalten einen gro\u00dfen Beitrag leisten.<\/span><\/p>\n<p><span style=\"font-weight: 400;\">Als ersten Schritt sollte man sich ansehen, <strong>wie die Lebensmittel angebaut bzw. produziert werden.<\/strong> Es gibt zwei unterschiedliche Formen der Landwirtschaft: konventionell und biologisch.<\/span><\/p>\n<p><span style=\"font-weight: 400;\">Bei der <strong>biologischen Landwirtschaft<\/strong> versucht man, den betrieblichen N\u00e4hrstoffkreislauf geschlossen zu halten, um \u00dcberd\u00fcngung oder zus\u00e4tzlich notwendige Futterzuk\u00e4ufe zu vermeiden.<\/span><\/p>\n<p><span style=\"font-weight: 400;\">Au\u00dferdem ist der Einsatz von Pestiziden untersagt, gentechnikver\u00e4nderte Sorten verboten, hingegen eine artgerechte Viehhaltung mit Auslauf und eine ausgepr\u00e4gte Humuswirtschaft vorgeschrieben. Durch den Einsatz von N\u00fctzlingen, Verwendung von Gr\u00fcnd\u00fcnger (Anbau von H\u00fclsenfr\u00fcchten) und abwechslungsreichen Fruchtfolgen werden dem Boden wichtige N\u00e4hrstoffe wieder zugef\u00fchrt.<\/span><\/p>\n<p><span style=\"font-weight: 400;\">Bei der biologischen Landwirtschaft ist die <strong>Ertragsleistung mit ca. 80-85%<\/strong> etwas geringer als beim konventionellen Anbau, bei der man fast 100% Ertrag erzielen kann. Daf\u00fcr wird beim biologischen Anbau weniger fossile Energie verbraucht, die nat\u00fcrlichen Ressourcen geschont und der CO<\/span><span style=\"font-weight: 400;\">2<\/span><span style=\"font-weight: 400;\">-Aussto\u00df verringert.<\/span><\/p>\n<p><span style=\"font-weight: 400;\">Lebensmittel, die nach dem Prinzip der biologischen Landwirtschaft hergestellt werden, enthalten <strong>weniger Schadstoffe<\/strong> und schonen die nat\u00fcrlichen Best\u00e4nde. Es lohnt sich daher, beim Einkauf BIO-Produkten den Vorzug zu geben.<\/span><\/p>\n<p><span style=\"font-weight: 400;\">Wenn man sich klimafreundlich ern\u00e4hren m\u00f6chte, sollte man auch bei der Wahl des Lebensmittels auf die Produktion bzw. Zubereitung achten. Produkte, deren Zutaten quer \u00fcber verschiedene Kontinente transportiert werden m\u00fcssen und \u00fcber eine <strong>lange Zutatenliste<\/strong> verf\u00fcgen, haben oftmals keine gute Klimabilanz.<\/span><\/p>\n<p><span style=\"font-weight: 400;\">Lebensmittel, die viele Verarbeitungsschritte durchlaufen, ben\u00f6tigen auch viel Wasser und fossile Energie. Je nach Anbau wird auch der Boden belastet. Es lohnt sich daher, m\u00f6glichst frische und unverarbeitete Produkte zu kaufen und durch eine schonende Zubereitung dem K\u00f6rper viele wertvolle N\u00e4hrstoffe zuf\u00fchren zu k\u00f6nnen.<\/span><\/p>\n<p><span style=\"font-weight: 400;\"><strong>Regionalit\u00e4t und Saisonalit\u00e4t<\/strong> haben ebenfalls gro\u00dfen Einfluss auf das Klima. Regional und saisonal produzierte G\u00fcter, reduzieren den CO<\/span><span style=\"font-weight: 400;\">2<\/span><span style=\"font-weight: 400;\">-Aussto\u00df, da lange Transportwege entfallen.<\/span><\/p>\n<p><span style=\"font-weight: 400;\">F\u00fcr Produkte, wie z.B. <strong>Soja oder Palm\u00f6l,<\/strong> die in S\u00fcdamerika oder Indonesien angebaut werden, m\u00fcssen W\u00e4lder gerodet werden, um Anbaufl\u00e4chen zu schaffen. Oftmals ist der Einsatz gro\u00dfer Mengen an Pestiziden erforderlich, damit die Pflanzen im fremden Klima ertragreich wachsen k\u00f6nnen.<\/span><\/p>\n<p><span style=\"font-weight: 400;\">Auch Sorten, die viel Wasser ben\u00f6tigen, werden oftmals in trockenen Regionen der Erde angebaut, wof\u00fcr zur Bew\u00e4sserung das Grundwasser verbraucht wird und die Umgebung f\u00f6rmlich austrocknet.<\/span><\/p>\n<p><span style=\"font-weight: 400;\">Regional und saisonal erzeugte Produkte k\u00f6nnen einen positiven Beitrag leisten, nat\u00fcrliche Ressourcen und das Klima zu schonen.<\/span><\/p>\n<p><span style=\"font-weight: 400;\">Nicht nur beim Einkauf spielt fossile Energie eine Rolle, <strong>auch die Lagerung zuhause<\/strong> kann entscheidenden Einfluss auf das Klima haben. Produkte, die stark gek\u00fchlt oder mehrfach erhitzt werden m\u00fcssen, f\u00fchren zu einem erh\u00f6hten Stromverbrauch.<\/span><\/p>\n<p><span style=\"font-weight: 400;\">Das wirkt sich nat\u00fcrlich auch auf die Geldb\u00f6rse aus. Produkte, die trocken und bei Raumtemperatur gelagert werden, k\u00f6nnen auch einen Beitrag zum Klimaschutz leisten. <\/span><span style=\"font-weight: 400;\">Hier eignen sich beispielsweise Getreide, eingemachtes Obst und Gem\u00fcse, Marmelade, etc.<\/span>[\/vc_column_text][divider line_type=&#8220;No Line&#8220; custom_height=&#8220;20&#8243;][image_with_animation image_url=&#8220;7179&#8243; image_size=&#8220;full&#8220; animation_type=&#8220;entrance&#8220; animation=&#8220;Fade In&#8220; animation_easing=&#8220;default&#8220; animation_movement_type=&#8220;transform_y&#8220; hover_animation=&#8220;none&#8220; alignment=&#8220;center&#8220; img_link_large=&#8220;yes&#8220; border_radius=&#8220;none&#8220; box_shadow=&#8220;none&#8220; image_loading=&#8220;default&#8220; max_width=&#8220;100%&#8220; max_width_mobile=&#8220;default&#8220;][divider line_type=&#8220;No Line&#8220; custom_height=&#8220;20&#8243;][vc_column_text]\n<h2>Tipps f\u00fcr umweltfreundliches Essen<\/h2>\n<p><span style=\"font-weight: 400;\">Wenn auch du einen kleinen Beitrag mit gro\u00dfer Wirkung zum Klimaschutz leisten m\u00f6chtest, empfehlen wir dir folgendes:<\/span><\/p>\n<ol>\n<li style=\"font-weight: 400;\" aria-level=\"1\"><span style=\"font-weight: 400;\">Erh\u00f6he den <strong>Anteil pflanzlicher Produkte<\/strong> in deiner Ern\u00e4hrung und reduziere tierische Lebensmittel. Es gen\u00fcgt bereits, wenn man den Fleisch- und Wurstkonsum auf 2-3 mal die Woche reduziert, anstatt diese Produkte t\u00e4glich zu konsumieren.<br \/>\nPflanzliche Produkte erzeugen weniger Treibhausgasemissionen bei der Herstellung und sollten daher in gr\u00f6\u00dferen Mengen auf dem Teller landen. Sie liefern zudem wertvolle Vitamine und Mineralstoffe und sorgen f\u00fcr Farbe und Abwechslung am Speiseplan.<\/span><\/li>\n<li style=\"font-weight: 400;\" aria-level=\"1\"><span style=\"font-weight: 400;\">Gib <strong>biologisch hergestellten Produkten den Vorzug,<\/strong> denn sie schonen die Umwelt, sorgen f\u00fcr besseres Tierwohl und enthalten weniger Schadstoffe.<\/span><\/li>\n<li style=\"font-weight: 400;\" aria-level=\"1\"><span style=\"font-weight: 400;\">Iss <strong>saisonal und regional,<\/strong> denn so werden lange Transportwege vermieden. Obst und Gem\u00fcse, das in der Region w\u00e4chst, ist an die regionalen Klimaverh\u00e4ltnisse angepasst, was somit auch Einfluss auf uns Menschen hat. Zitrusfr\u00fcchte wachsen in warmen Klimazonen und m\u00fcssen der Hitze trotzen.<br \/>\nSie haben daher die F\u00e4higkeit, sich zu k\u00fchlen. Dieser Effekt kommt beim Verzehr zur Geltung und so wirken sie auch auf uns Menschen k\u00fchlend. Ideal im Sommer, aber ungeeignet f\u00fcr die kalte Jahreszeit. Regionales Obst und Gem\u00fcse liefert daher die besten Eigenschaften f\u00fcr die eigene Klimazone.<\/span><\/li>\n<li style=\"font-weight: 400;\" aria-level=\"1\"><span style=\"font-weight: 400;\"><strong>Beuge Lebensmittelverschwendung vor<\/strong> und versuche, deinen Einkauf nach deinem Bedarf zu richten. Vielleicht hilft dir dabei ein Men\u00fcplan, den du f\u00fcr mehrere Tage oder eine Woche erstellst und dich bei der restlosen Verwertung der Lebensmittel unterst\u00fctzt. Ein kurzer Check deiner Vorr\u00e4te zuhause und eine Einkaufsliste reduzieren Lebensmittelverschwendung.<\/span><\/li>\n<li style=\"font-weight: 400;\" aria-level=\"1\"><span style=\"font-weight: 400;\">Achte beim Einkauf auf die <strong>Verpackung<\/strong> und versuche, verpackungsfreie Lebensmittel bevorzugt zu w\u00e4hlen. Es ist bereits bei vielen H\u00e4ndlern m\u00f6glich, verpackungsfrei einzukaufen und kann in eigenen Beh\u00e4ltern nach Hause transportiert werden. Auch Produkte in Pfandflaschen oder -gl\u00e4ser helfen bei der M\u00fcllvermeidung.<\/span><\/li>\n<\/ol>\n[\/vc_column_text][vc_column_text][\/vc_column_text][divider line_type=&#8220;No Line&#8220; custom_height=&#8220;20&#8243;][image_with_animation image_url=&#8220;7180&#8243; image_size=&#8220;full&#8220; animation_type=&#8220;entrance&#8220; animation=&#8220;Fade In&#8220; animation_easing=&#8220;default&#8220; animation_movement_type=&#8220;transform_y&#8220; hover_animation=&#8220;none&#8220; alignment=&#8220;center&#8220; img_link_large=&#8220;yes&#8220; border_radius=&#8220;none&#8220; box_shadow=&#8220;none&#8220; image_loading=&#8220;default&#8220; max_width=&#8220;100%&#8220; max_width_mobile=&#8220;default&#8220;][divider line_type=&#8220;No Line&#8220; custom_height=&#8220;20&#8243;][vc_column_text]\n<h2>So schmeckt Klimaschutz<\/h2>\n<p><span style=\"font-weight: 400;\">Umweltfreundliche Ern\u00e4hrung bedeutet nicht, auf Genuss zu verzichten. Wir haben daher ein paar Ideen aus unserer Rezeptkiste f\u00fcr dich herausgesucht, die einen genussvollen Beitrag zum Klimaschutz erm\u00f6glichen.<\/span><\/p>\n<h3>Gem\u00fcse-R\u00f6sti mit K\u00e4ferbohnen<\/h3>\n<p><span style=\"font-weight: 400;\">Das Gem\u00fcse l\u00e4sst sich je nach Saison beliebig austauschen.<\/span><\/p>\n<p><b>Zutaten f\u00fcr 2 Portionen:<\/b><\/p>\n<ul>\n<li style=\"font-weight: 400;\" aria-level=\"1\"><span style=\"font-weight: 400;\">200g Gegarte K\u00e4ferbohnen<\/span><\/li>\n<li style=\"font-weight: 400;\" aria-level=\"1\"><span style=\"font-weight: 400;\">200g Kartoffeln<\/span><\/li>\n<li style=\"font-weight: 400;\" aria-level=\"1\"><span style=\"font-weight: 400;\">2 Knoblauchzehen<\/span><\/li>\n<li style=\"font-weight: 400;\" aria-level=\"1\"><span style=\"font-weight: 400;\">1 Stange Porree (Lauch)<\/span><\/li>\n<li style=\"font-weight: 400;\" aria-level=\"1\"><span style=\"font-weight: 400;\">1 Karotte<\/span><\/li>\n<li style=\"font-weight: 400;\" aria-level=\"1\"><span style=\"font-weight: 400;\">1 Paprika<\/span><\/li>\n<li style=\"font-weight: 400;\" aria-level=\"1\"><span style=\"font-weight: 400;\">1 Zwiebel<\/span><\/li>\n<li style=\"font-weight: 400;\" aria-level=\"1\"><span style=\"font-weight: 400;\">1 EL Oliven- oder Raps\u00f6l<\/span><\/li>\n<li style=\"font-weight: 400;\" aria-level=\"1\"><span style=\"font-weight: 400;\">Frische Kr\u00e4uter<\/span><\/li>\n<li style=\"font-weight: 400;\" aria-level=\"1\"><span style=\"font-weight: 400;\">Salz, Pfeffer<\/span><\/li>\n<\/ul>\n<p><b>Zubereitung:<\/b><\/p>\n<ol>\n<li style=\"font-weight: 400;\" aria-level=\"1\"><span style=\"font-weight: 400;\">Kartoffeln waschen und in einem Topf mit Wasser ca. 15-20 Minuten garkochen. Anschlie\u00dfend das Wasser abgie\u00dfen, Kartoffeln sch\u00e4len, abk\u00fchlen lassen und in Scheiben schneiden.<\/span><\/li>\n<li style=\"font-weight: 400;\" aria-level=\"1\"><span style=\"font-weight: 400;\">K\u00e4ferbohnen abgie\u00dfen, mit Wasser absp\u00fclen und abtropfen lassen.<\/span><\/li>\n<li style=\"font-weight: 400;\" aria-level=\"1\"><span style=\"font-weight: 400;\">Paprika waschen, entkernen und in St\u00fccke schneiden. Karotte sch\u00e4len und in feine Scheiben schneiden. Porree waschen und in feine Ringe schneiden.<\/span><\/li>\n<li style=\"font-weight: 400;\" aria-level=\"1\"><span style=\"font-weight: 400;\">Zwiebel und Knoblauch sch\u00e4len und fein hacken.<\/span><\/li>\n<li style=\"font-weight: 400;\" aria-level=\"1\"><span style=\"font-weight: 400;\">Kr\u00e4uter waschen, trocken sch\u00fctteln und fein hacken.<\/span><\/li>\n<li style=\"font-weight: 400;\" aria-level=\"1\"><span style=\"font-weight: 400;\">Zwiebel und Knoblauch mit Oliven\u00f6l in einer Pfanne kurz anschwitzen, das geschnittene Gem\u00fcse, die Kartoffelscheiben und K\u00e4ferbohnen zuf\u00fcgen und 4-5 Minuten bei mittlerer Hitze braten. Dabei immer wieder umr\u00fchren.<\/span><\/li>\n<li style=\"font-weight: 400;\" aria-level=\"1\"><span style=\"font-weight: 400;\">Mit Salz, Pfeffer und frischen Kr\u00e4utern w\u00fcrzen und auf vorgew\u00e4rmten Tellern anrichten.<\/span><\/li>\n<\/ol>\n<h3>Polentapizza mit Gem\u00fcse<\/h3>\n<p><span style=\"font-weight: 400;\">Das Gem\u00fcse kann man an die jeweilige Jahreszeit anpassen. Die Polentapizza kann man auch als s\u00fc\u00dfe Variante zubereiten und mit Obst der Saison belegen.<\/span><\/p>\n<p><b>Zutaten f\u00fcr 2 Portionen:<\/b><\/p>\n<ul>\n<li style=\"font-weight: 400;\" aria-level=\"1\"><span style=\"font-weight: 400;\">375ml Gem\u00fcsesuppe<\/span><\/li>\n<li style=\"font-weight: 400;\" aria-level=\"1\"><span style=\"font-weight: 400;\">125g Polenta<\/span><\/li>\n<li style=\"font-weight: 400;\" aria-level=\"1\"><span style=\"font-weight: 400;\">100g Tomaten<\/span><\/li>\n<li style=\"font-weight: 400;\" aria-level=\"1\"><span style=\"font-weight: 400;\">70g Geriebener K\u00e4se<\/span><\/li>\n<li style=\"font-weight: 400;\" aria-level=\"1\"><span style=\"font-weight: 400;\">2 EL Oliven- oder Raps\u00f6l<\/span><\/li>\n<li style=\"font-weight: 400;\" aria-level=\"1\"><span style=\"font-weight: 400;\">1 Rote Zwiebel<\/span><\/li>\n<li style=\"font-weight: 400;\" aria-level=\"1\"><span style=\"font-weight: 400;\">1 Paprika<\/span><\/li>\n<li style=\"font-weight: 400;\" aria-level=\"1\"><span style=\"font-weight: 400;\">Salz, Pfeffer und Oregano<\/span><\/li>\n<\/ul>\n<p><b>Zubereitung:<\/b><\/p>\n<ol>\n<li style=\"font-weight: 400;\" aria-level=\"1\"><span style=\"font-weight: 400;\">Backofen auf 175\u00b0C (Ober-\/Unterhitze) vorheizen.<\/span><\/li>\n<li style=\"font-weight: 400;\" aria-level=\"1\"><span style=\"font-weight: 400;\">Gem\u00fcsesuppe in einem Topf erhitzen, Polenta einrieseln lassen und bei mittlerer Hitze unter st\u00e4ndigem R\u00fchren mit einem Schneebesen eindicken lassen.<\/span><\/li>\n<li style=\"font-weight: 400;\" aria-level=\"1\"><span style=\"font-weight: 400;\">Anschlie\u00dfend in eine gro\u00dfe Auflaufform streichen und etwas abk\u00fchlen lassen.<\/span><\/li>\n<li style=\"font-weight: 400;\" aria-level=\"1\"><span style=\"font-weight: 400;\">Zwiebel sch\u00e4len und in feine Ringe schneiden.<\/span><\/li>\n<li style=\"font-weight: 400;\" aria-level=\"1\"><span style=\"font-weight: 400;\">Paprika waschen, entkernen und fein w\u00fcrfeln.<\/span><\/li>\n<li style=\"font-weight: 400;\" aria-level=\"1\"><span style=\"font-weight: 400;\">Tomaten waschen, Strunk entfernen und ebenfalls fein w\u00fcrfeln.<\/span><\/li>\n<li style=\"font-weight: 400;\" aria-level=\"1\"><span style=\"font-weight: 400;\">Das Gem\u00fcse gut miteinander vermischen, mit Salz und Pfeffer w\u00fcrzen und gleichm\u00e4\u00dfig auf der Polentapizza verteilen.<\/span><\/li>\n<li style=\"font-weight: 400;\" aria-level=\"1\"><span style=\"font-weight: 400;\">Mit K\u00e4se und Oregano bestreuen und anschlie\u00dfend im Backrohr 30 Minuten backen.<\/span><\/li>\n<\/ol>\n<p><span style=\"font-weight: 400;\">Jeder Mensch kann einen kleinen Beitrag zum Klimaschutz leisten. Um den Aussto\u00df sch\u00e4dlicher Treibhausgase zu reduzieren, sollte man beim Einkauf und bei der Ern\u00e4hrungsweise auf umweltfreundliche Lebensmittel setzen.<\/span><\/p>\n<p><span style=\"font-weight: 400;\">Wer den Fleischkonsum reduziert, den Anteil pflanzlicher Produkte erh\u00f6ht und M\u00fcll bzw. Lebensmittelverschwendung vermeidet, kann ohne Verzicht auf Genuss der Umwelt Gutes tun. Gib beim Einkauf nachhaltig produzierten Lebensmitteln den Vorzug. Achte bei der Wahl der Produkte auf Regionalit\u00e4t und Saisonalit\u00e4t.<\/span><\/p>\n<p><span style=\"font-weight: 400;\">Das spart nicht nur Geld, sondern schont auch die Umwelt. Wir unterst\u00fctzen dich gerne beim Klimaschutz und bieten in unserem Onlineshop eine Vielzahl an regionalen und saisonalen Produkten, die wir dir verpackungsfrei nach Hause liefern.<\/span><\/p>\n<p><span style=\"font-weight: 400;\">Mit unseren Rezeptideen kannst du umweltfreundlich genie\u00dfen und die Speisen nach Jahreszeit beliebig anpassen. Mach mit beim Klimaschutz und lass dir die umweltfreundliche K\u00fcche schmecken.<\/span>[\/vc_column_text][\/vc_column][\/vc_row]\n","protected":false},"excerpt":{"rendered":"<p>[vc_row type=&#8220;in_container&#8220; full_screen_row_position=&#8220;middle&#8220; column_margin=&#8220;default&#8220; column_direction=&#8220;default&#8220; column_direction_tablet=&#8220;default&#8220; column_direction_phone=&#8220;default&#8220; scene_position=&#8220;center&#8220; text_color=&#8220;dark&#8220; text_align=&#8220;left&#8220; row_border_radius=&#8220;none&#8220; row_border_radius_applies=&#8220;bg&#8220; overflow=&#8220;visible&#8220; overlay_strength=&#8220;0.3&#8243; gradient_direction=&#8220;left_to_right&#8220;&#8230;<\/p>\n","protected":false},"author":3,"featured_media":7178,"comment_status":"closed","ping_status":"closed","sticky":false,"template":"","format":"standard","meta":{"footnotes":""},"categories":[1],"tags":[],"class_list":{"0":"post-7176","1":"post","2":"type-post","3":"status-publish","4":"format-standard","5":"has-post-thumbnail","7":"category-allgemein"},"yoast_head":"<!-- This site is optimized with the Yoast SEO plugin v25.4 - https:\/\/yoast.com\/wordpress\/plugins\/seo\/ -->\n<title>Kann man beim Einkaufen das Klima sch\u00fctzen? | vomfeld.at<\/title>\n<meta name=\"description\" content=\"5 Tipps, wie man beim Einkaufen das Klima sch\u00fctzen kann \u2714 Polentapizza mit Gem\u00fcse \u2714 Gem\u00fcse-R\u00f6sti mit K\u00e4ferbohnen\" \/>\n<meta name=\"robots\" content=\"index, follow, max-snippet:-1, max-image-preview:large, max-video-preview:-1\" \/>\n<link rel=\"canonical\" href=\"https:\/\/www.vomfeld.at\/blog\/klimafreundlich-einkaufen\/\" \/>\n<meta property=\"og:locale\" content=\"de_DE\" \/>\n<meta property=\"og:type\" content=\"article\" \/>\n<meta property=\"og:title\" content=\"Kann man beim Einkaufen das Klima sch\u00fctzen? | vomfeld.at\" \/>\n<meta property=\"og:description\" content=\"5 Tipps, wie man beim Einkaufen das Klima sch\u00fctzen kann \u2714 Polentapizza mit Gem\u00fcse \u2714 Gem\u00fcse-R\u00f6sti mit K\u00e4ferbohnen\" \/>\n<meta property=\"og:url\" content=\"https:\/\/www.vomfeld.at\/blog\/klimafreundlich-einkaufen\/\" \/>\n<meta property=\"og:site_name\" content=\"Johanna vom Feld Blog\" \/>\n<meta property=\"article:publisher\" content=\"https:\/\/www.facebook.com\/vomfeld.at\/\" \/>\n<meta property=\"article:published_time\" content=\"2022-09-22T07:55:15+00:00\" \/>\n<meta property=\"og:image\" content=\"https:\/\/www.vomfeld.at\/blog\/wp-content\/uploads\/2022\/09\/bio-feld.jpg\" \/>\n\t<meta property=\"og:image:width\" content=\"1600\" \/>\n\t<meta property=\"og:image:height\" content=\"900\" \/>\n\t<meta property=\"og:image:type\" content=\"image\/jpeg\" \/>\n<meta name=\"author\" content=\"Johanna\" \/>\n<meta name=\"twitter:card\" content=\"summary_large_image\" \/>\n<meta name=\"twitter:label1\" content=\"Verfasst von\" \/>\n\t<meta name=\"twitter:data1\" content=\"Johanna\" \/>\n\t<meta name=\"twitter:label2\" content=\"Gesch\u00e4tzte Lesezeit\" \/>\n\t<meta name=\"twitter:data2\" content=\"9\u00a0Minuten\" \/>\n<script type=\"application\/ld+json\" class=\"yoast-schema-graph\">{\"@context\":\"https:\/\/schema.org\",\"@graph\":[{\"@type\":\"Article\",\"@id\":\"https:\/\/www.vomfeld.at\/blog\/klimafreundlich-einkaufen\/#article\",\"isPartOf\":{\"@id\":\"https:\/\/www.vomfeld.at\/blog\/klimafreundlich-einkaufen\/\"},\"author\":{\"name\":\"Johanna\",\"@id\":\"https:\/\/www.vomfeld.at\/blog\/#\/schema\/person\/8dab792dce4e00bc69ebf949f6eab1bf\"},\"headline\":\"Klimafreundlich einkaufen: Geht das?\",\"datePublished\":\"2022-09-22T07:55:15+00:00\",\"mainEntityOfPage\":{\"@id\":\"https:\/\/www.vomfeld.at\/blog\/klimafreundlich-einkaufen\/\"},\"wordCount\":1827,\"publisher\":{\"@id\":\"https:\/\/www.vomfeld.at\/blog\/#organization\"},\"image\":{\"@id\":\"https:\/\/www.vomfeld.at\/blog\/klimafreundlich-einkaufen\/#primaryimage\"},\"thumbnailUrl\":\"https:\/\/www.vomfeld.at\/blog\/wp-content\/uploads\/2022\/09\/bio-feld.jpg\",\"inLanguage\":\"de\"},{\"@type\":\"WebPage\",\"@id\":\"https:\/\/www.vomfeld.at\/blog\/klimafreundlich-einkaufen\/\",\"url\":\"https:\/\/www.vomfeld.at\/blog\/klimafreundlich-einkaufen\/\",\"name\":\"Kann man beim Einkaufen das Klima sch\u00fctzen? | vomfeld.at\",\"isPartOf\":{\"@id\":\"https:\/\/www.vomfeld.at\/blog\/#website\"},\"primaryImageOfPage\":{\"@id\":\"https:\/\/www.vomfeld.at\/blog\/klimafreundlich-einkaufen\/#primaryimage\"},\"image\":{\"@id\":\"https:\/\/www.vomfeld.at\/blog\/klimafreundlich-einkaufen\/#primaryimage\"},\"thumbnailUrl\":\"https:\/\/www.vomfeld.at\/blog\/wp-content\/uploads\/2022\/09\/bio-feld.jpg\",\"datePublished\":\"2022-09-22T07:55:15+00:00\",\"description\":\"5 Tipps, wie man beim Einkaufen das Klima sch\u00fctzen kann \u2714 Polentapizza mit Gem\u00fcse \u2714 Gem\u00fcse-R\u00f6sti mit K\u00e4ferbohnen\",\"breadcrumb\":{\"@id\":\"https:\/\/www.vomfeld.at\/blog\/klimafreundlich-einkaufen\/#breadcrumb\"},\"inLanguage\":\"de\",\"potentialAction\":[{\"@type\":\"ReadAction\",\"target\":[\"https:\/\/www.vomfeld.at\/blog\/klimafreundlich-einkaufen\/\"]}]},{\"@type\":\"ImageObject\",\"inLanguage\":\"de\",\"@id\":\"https:\/\/www.vomfeld.at\/blog\/klimafreundlich-einkaufen\/#primaryimage\",\"url\":\"https:\/\/www.vomfeld.at\/blog\/wp-content\/uploads\/2022\/09\/bio-feld.jpg\",\"contentUrl\":\"https:\/\/www.vomfeld.at\/blog\/wp-content\/uploads\/2022\/09\/bio-feld.jpg\",\"width\":1600,\"height\":900,\"caption\":\"Feld mit Bio Pflanzen\"},{\"@type\":\"BreadcrumbList\",\"@id\":\"https:\/\/www.vomfeld.at\/blog\/klimafreundlich-einkaufen\/#breadcrumb\",\"itemListElement\":[{\"@type\":\"ListItem\",\"position\":1,\"name\":\"Startseite\",\"item\":\"https:\/\/www.vomfeld.at\/blog\/\"},{\"@type\":\"ListItem\",\"position\":2,\"name\":\"Klimafreundlich einkaufen: Geht das?\"}]},{\"@type\":\"WebSite\",\"@id\":\"https:\/\/www.vomfeld.at\/blog\/#website\",\"url\":\"https:\/\/www.vomfeld.at\/blog\/\",\"name\":\"Johanna vom Feld Blog\",\"description\":\"Mehr aus Lebensmitteln vom Feld machen\",\"publisher\":{\"@id\":\"https:\/\/www.vomfeld.at\/blog\/#organization\"},\"potentialAction\":[{\"@type\":\"SearchAction\",\"target\":{\"@type\":\"EntryPoint\",\"urlTemplate\":\"https:\/\/www.vomfeld.at\/blog\/?s={search_term_string}\"},\"query-input\":{\"@type\":\"PropertyValueSpecification\",\"valueRequired\":true,\"valueName\":\"search_term_string\"}}],\"inLanguage\":\"de\"},{\"@type\":\"Organization\",\"@id\":\"https:\/\/www.vomfeld.at\/blog\/#organization\",\"name\":\"Johanna vom Feld\",\"url\":\"https:\/\/www.vomfeld.at\/blog\/\",\"logo\":{\"@type\":\"ImageObject\",\"inLanguage\":\"de\",\"@id\":\"https:\/\/www.vomfeld.at\/blog\/#\/schema\/logo\/image\/\",\"url\":\"https:\/\/www.vomfeld.at\/blog\/wp-content\/uploads\/2018\/10\/vomfeld-logo-large.png\",\"contentUrl\":\"https:\/\/www.vomfeld.at\/blog\/wp-content\/uploads\/2018\/10\/vomfeld-logo-large.png\",\"width\":340,\"height\":200,\"caption\":\"Johanna vom Feld\"},\"image\":{\"@id\":\"https:\/\/www.vomfeld.at\/blog\/#\/schema\/logo\/image\/\"},\"sameAs\":[\"https:\/\/www.facebook.com\/vomfeld.at\/\"]},{\"@type\":\"Person\",\"@id\":\"https:\/\/www.vomfeld.at\/blog\/#\/schema\/person\/8dab792dce4e00bc69ebf949f6eab1bf\",\"name\":\"Johanna\"}]}<\/script>\n<!-- \/ Yoast SEO plugin. -->","yoast_head_json":{"title":"Kann man beim Einkaufen das Klima sch\u00fctzen? | vomfeld.at","description":"5 Tipps, wie man beim Einkaufen das Klima sch\u00fctzen kann \u2714 Polentapizza mit Gem\u00fcse \u2714 Gem\u00fcse-R\u00f6sti mit K\u00e4ferbohnen","robots":{"index":"index","follow":"follow","max-snippet":"max-snippet:-1","max-image-preview":"max-image-preview:large","max-video-preview":"max-video-preview:-1"},"canonical":"https:\/\/www.vomfeld.at\/blog\/klimafreundlich-einkaufen\/","og_locale":"de_DE","og_type":"article","og_title":"Kann man beim Einkaufen das Klima sch\u00fctzen? | vomfeld.at","og_description":"5 Tipps, wie man beim Einkaufen das Klima sch\u00fctzen kann \u2714 Polentapizza mit Gem\u00fcse \u2714 Gem\u00fcse-R\u00f6sti mit K\u00e4ferbohnen","og_url":"https:\/\/www.vomfeld.at\/blog\/klimafreundlich-einkaufen\/","og_site_name":"Johanna vom Feld Blog","article_publisher":"https:\/\/www.facebook.com\/vomfeld.at\/","article_published_time":"2022-09-22T07:55:15+00:00","og_image":[{"width":1600,"height":900,"url":"https:\/\/www.vomfeld.at\/blog\/wp-content\/uploads\/2022\/09\/bio-feld.jpg","type":"image\/jpeg"}],"author":"Johanna","twitter_card":"summary_large_image","twitter_misc":{"Verfasst von":"Johanna","Gesch\u00e4tzte Lesezeit":"9\u00a0Minuten"},"schema":{"@context":"https:\/\/schema.org","@graph":[{"@type":"Article","@id":"https:\/\/www.vomfeld.at\/blog\/klimafreundlich-einkaufen\/#article","isPartOf":{"@id":"https:\/\/www.vomfeld.at\/blog\/klimafreundlich-einkaufen\/"},"author":{"name":"Johanna","@id":"https:\/\/www.vomfeld.at\/blog\/#\/schema\/person\/8dab792dce4e00bc69ebf949f6eab1bf"},"headline":"Klimafreundlich einkaufen: Geht das?","datePublished":"2022-09-22T07:55:15+00:00","mainEntityOfPage":{"@id":"https:\/\/www.vomfeld.at\/blog\/klimafreundlich-einkaufen\/"},"wordCount":1827,"publisher":{"@id":"https:\/\/www.vomfeld.at\/blog\/#organization"},"image":{"@id":"https:\/\/www.vomfeld.at\/blog\/klimafreundlich-einkaufen\/#primaryimage"},"thumbnailUrl":"https:\/\/www.vomfeld.at\/blog\/wp-content\/uploads\/2022\/09\/bio-feld.jpg","inLanguage":"de"},{"@type":"WebPage","@id":"https:\/\/www.vomfeld.at\/blog\/klimafreundlich-einkaufen\/","url":"https:\/\/www.vomfeld.at\/blog\/klimafreundlich-einkaufen\/","name":"Kann man beim Einkaufen das Klima sch\u00fctzen? | vomfeld.at","isPartOf":{"@id":"https:\/\/www.vomfeld.at\/blog\/#website"},"primaryImageOfPage":{"@id":"https:\/\/www.vomfeld.at\/blog\/klimafreundlich-einkaufen\/#primaryimage"},"image":{"@id":"https:\/\/www.vomfeld.at\/blog\/klimafreundlich-einkaufen\/#primaryimage"},"thumbnailUrl":"https:\/\/www.vomfeld.at\/blog\/wp-content\/uploads\/2022\/09\/bio-feld.jpg","datePublished":"2022-09-22T07:55:15+00:00","description":"5 Tipps, wie man beim Einkaufen das Klima sch\u00fctzen kann \u2714 Polentapizza mit Gem\u00fcse \u2714 Gem\u00fcse-R\u00f6sti mit K\u00e4ferbohnen","breadcrumb":{"@id":"https:\/\/www.vomfeld.at\/blog\/klimafreundlich-einkaufen\/#breadcrumb"},"inLanguage":"de","potentialAction":[{"@type":"ReadAction","target":["https:\/\/www.vomfeld.at\/blog\/klimafreundlich-einkaufen\/"]}]},{"@type":"ImageObject","inLanguage":"de","@id":"https:\/\/www.vomfeld.at\/blog\/klimafreundlich-einkaufen\/#primaryimage","url":"https:\/\/www.vomfeld.at\/blog\/wp-content\/uploads\/2022\/09\/bio-feld.jpg","contentUrl":"https:\/\/www.vomfeld.at\/blog\/wp-content\/uploads\/2022\/09\/bio-feld.jpg","width":1600,"height":900,"caption":"Feld mit Bio Pflanzen"},{"@type":"BreadcrumbList","@id":"https:\/\/www.vomfeld.at\/blog\/klimafreundlich-einkaufen\/#breadcrumb","itemListElement":[{"@type":"ListItem","position":1,"name":"Startseite","item":"https:\/\/www.vomfeld.at\/blog\/"},{"@type":"ListItem","position":2,"name":"Klimafreundlich einkaufen: Geht das?"}]},{"@type":"WebSite","@id":"https:\/\/www.vomfeld.at\/blog\/#website","url":"https:\/\/www.vomfeld.at\/blog\/","name":"Johanna vom Feld Blog","description":"Mehr aus Lebensmitteln vom Feld machen","publisher":{"@id":"https:\/\/www.vomfeld.at\/blog\/#organization"},"potentialAction":[{"@type":"SearchAction","target":{"@type":"EntryPoint","urlTemplate":"https:\/\/www.vomfeld.at\/blog\/?s={search_term_string}"},"query-input":{"@type":"PropertyValueSpecification","valueRequired":true,"valueName":"search_term_string"}}],"inLanguage":"de"},{"@type":"Organization","@id":"https:\/\/www.vomfeld.at\/blog\/#organization","name":"Johanna vom Feld","url":"https:\/\/www.vomfeld.at\/blog\/","logo":{"@type":"ImageObject","inLanguage":"de","@id":"https:\/\/www.vomfeld.at\/blog\/#\/schema\/logo\/image\/","url":"https:\/\/www.vomfeld.at\/blog\/wp-content\/uploads\/2018\/10\/vomfeld-logo-large.png","contentUrl":"https:\/\/www.vomfeld.at\/blog\/wp-content\/uploads\/2018\/10\/vomfeld-logo-large.png","width":340,"height":200,"caption":"Johanna vom Feld"},"image":{"@id":"https:\/\/www.vomfeld.at\/blog\/#\/schema\/logo\/image\/"},"sameAs":["https:\/\/www.facebook.com\/vomfeld.at\/"]},{"@type":"Person","@id":"https:\/\/www.vomfeld.at\/blog\/#\/schema\/person\/8dab792dce4e00bc69ebf949f6eab1bf","name":"Johanna"}]}},"_links":{"self":[{"href":"https:\/\/www.vomfeld.at\/blog\/wp-json\/wp\/v2\/posts\/7176","targetHints":{"allow":["GET"]}}],"collection":[{"href":"https:\/\/www.vomfeld.at\/blog\/wp-json\/wp\/v2\/posts"}],"about":[{"href":"https:\/\/www.vomfeld.at\/blog\/wp-json\/wp\/v2\/types\/post"}],"author":[{"embeddable":true,"href":"https:\/\/www.vomfeld.at\/blog\/wp-json\/wp\/v2\/users\/3"}],"replies":[{"embeddable":true,"href":"https:\/\/www.vomfeld.at\/blog\/wp-json\/wp\/v2\/comments?post=7176"}],"version-history":[{"count":2,"href":"https:\/\/www.vomfeld.at\/blog\/wp-json\/wp\/v2\/posts\/7176\/revisions"}],"predecessor-version":[{"id":7181,"href":"https:\/\/www.vomfeld.at\/blog\/wp-json\/wp\/v2\/posts\/7176\/revisions\/7181"}],"wp:featuredmedia":[{"embeddable":true,"href":"https:\/\/www.vomfeld.at\/blog\/wp-json\/wp\/v2\/media\/7178"}],"wp:attachment":[{"href":"https:\/\/www.vomfeld.at\/blog\/wp-json\/wp\/v2\/media?parent=7176"}],"wp:term":[{"taxonomy":"category","embeddable":true,"href":"https:\/\/www.vomfeld.at\/blog\/wp-json\/wp\/v2\/categories?post=7176"},{"taxonomy":"post_tag","embeddable":true,"href":"https:\/\/www.vomfeld.at\/blog\/wp-json\/wp\/v2\/tags?post=7176"}],"curies":[{"name":"wp","href":"https:\/\/api.w.org\/{rel}","templated":true}]}}