{"id":7168,"date":"2022-09-07T13:48:44","date_gmt":"2022-09-07T11:48:44","guid":{"rendered":"https:\/\/www.vomfeld.at\/blog\/?p=7168"},"modified":"2022-09-07T13:48:44","modified_gmt":"2022-09-07T11:48:44","slug":"babys-und-kleinkinder-richtig-ernaehren","status":"publish","type":"post","link":"https:\/\/www.vomfeld.at\/blog\/babys-und-kleinkinder-richtig-ernaehren\/","title":{"rendered":"Babys und Kleinkinder richtig ern\u00e4hren"},"content":{"rendered":"[vc_row type=&#8220;in_container&#8220; full_screen_row_position=&#8220;middle&#8220; column_margin=&#8220;default&#8220; column_direction=&#8220;default&#8220; column_direction_tablet=&#8220;default&#8220; column_direction_phone=&#8220;default&#8220; scene_position=&#8220;center&#8220; text_color=&#8220;dark&#8220; text_align=&#8220;left&#8220; row_border_radius=&#8220;none&#8220; row_border_radius_applies=&#8220;bg&#8220; overflow=&#8220;visible&#8220; overlay_strength=&#8220;0.3&#8243; gradient_direction=&#8220;left_to_right&#8220; shape_divider_position=&#8220;bottom&#8220; bg_image_animation=&#8220;none&#8220;][vc_column column_padding=&#8220;no-extra-padding&#8220; column_padding_tablet=&#8220;inherit&#8220; column_padding_phone=&#8220;inherit&#8220; column_padding_position=&#8220;all&#8220; column_element_direction_desktop=&#8220;default&#8220; column_element_spacing=&#8220;default&#8220; desktop_text_alignment=&#8220;default&#8220; tablet_text_alignment=&#8220;default&#8220; phone_text_alignment=&#8220;default&#8220; background_color_opacity=&#8220;1&#8243; background_hover_color_opacity=&#8220;1&#8243; column_backdrop_filter=&#8220;none&#8220; column_shadow=&#8220;none&#8220; column_border_radius=&#8220;none&#8220; column_link_target=&#8220;_self&#8220; column_position=&#8220;default&#8220; gradient_direction=&#8220;left_to_right&#8220; overlay_strength=&#8220;0.3&#8243; width=&#8220;1\/1&#8243; tablet_width_inherit=&#8220;default&#8220; animation_type=&#8220;default&#8220; bg_image_animation=&#8220;none&#8220; border_type=&#8220;simple&#8220; column_border_width=&#8220;none&#8220; column_border_style=&#8220;solid&#8220;][vc_column_text]<span style=\"font-weight: 400;\">F\u00fcr frischgebackene Eltern ist die Freude gro\u00df, wenn der <strong>Nachwuchs das Licht der Welt erblickt.<\/strong> Selbstverst\u00e4ndlich m\u00f6chte man dem Kind die besten Voraussetzungen f\u00fcr einen guten Start ins Leben bieten.<\/span><\/p>\n<p><span style=\"font-weight: 400;\">Dabei hat die Ern\u00e4hrung einen ganz besonderen Stellenwert. Viele werdende M\u00fctter versuchen bereits w\u00e4hrend der Schwangerschaft auf eine ausgewogene Ern\u00e4hrung zu achten, um dem ungeborenen Kind <strong>die n\u00f6tigen N\u00e4hrstoffe,<\/strong> die es f\u00fcr eine gesunde Entwicklung ben\u00f6tigt, zuzuf\u00fchren.<\/span><\/p>\n<p><span style=\"font-weight: 400;\">Nach der Geburt ist das Baby in den ersten Lebensmonaten <strong>durch die Muttermilch<\/strong> bestens versorgt. Sobald das Kind Interesse am Essen der Eltern zeigt (ca. ab dem f\u00fcnften Lebensmonat), kann man mit Beikost beginnen.<\/span><\/p>\n<p><span style=\"font-weight: 400;\">Doch wie sollte die Ern\u00e4hrungsweise eines Kleinkindes im ersten Lebensjahr zusammengestellt sein? Erfahre in diesem Beitrag mehr dar\u00fcber, wie gesunde Babynahrung zusammengestellt sein sollte und welche Lebensmittel eher zu meiden sind.<\/span><\/p>\n<h2>Muttermilch f\u00fcr einen guten Start<\/h2>\n<p><span style=\"font-weight: 400;\">Die Natur hat es so eingerichtet, dass Babys durch die Muttermilch bestens mit Energie und N\u00e4hrstoffen versorgt werden. Das <strong>Stillen hat viele Vorteile:<\/strong><\/span><\/p>\n<ul>\n<li style=\"font-weight: 400;\" aria-level=\"1\"><span style=\"font-weight: 400;\">Es muss kein Essen zubereitet werden.<\/span><\/li>\n<li style=\"font-weight: 400;\" aria-level=\"1\"><span style=\"font-weight: 400;\">Das Kind wird auch mit ausreichend Fl\u00fcssigkeit versorgt.<\/span><\/li>\n<li style=\"font-weight: 400;\" aria-level=\"1\"><span style=\"font-weight: 400;\">Mama hat es immer dabei und es ist auch genau richtig temperiert und portioniert.<\/span><\/li>\n<li style=\"font-weight: 400;\" aria-level=\"1\"><span style=\"font-weight: 400;\">Die Zusammensetzung der Muttermilch ist genau auf die Bed\u00fcrfnisse des Kindes abgestimmt.<\/span><\/li>\n<li style=\"font-weight: 400;\" aria-level=\"1\"><span style=\"font-weight: 400;\">Das Immunsystem des Kindes wird gest\u00e4rkt.<\/span><\/li>\n<li style=\"font-weight: 400;\" aria-level=\"1\"><span style=\"font-weight: 400;\">Durch Stillen wird die Gewichtsregulierung der Mutter gef\u00f6rdert.<\/span><\/li>\n<li style=\"font-weight: 400;\" aria-level=\"1\"><span style=\"font-weight: 400;\">Die Mutter-Kind-Bindung wird gef\u00f6rdert.<\/span><\/li>\n<\/ul>\n<p><span style=\"font-weight: 400;\">Muttermilch stellt vor allem im ersten Lebensjahr des Kindes eine wichtige N\u00e4hrstoffquelle dar. Sollte das Stillen nicht m\u00f6glich sein, empfiehlt sich, das Baby mit spezieller <strong>S\u00e4uglingsnahrung<\/strong> zu f\u00fcttern.<\/span><\/p>\n<h2>Zeit f\u00fcr Beikost<\/h2>\n<p><span style=\"font-weight: 400;\"><strong>Ab dem f\u00fcnften Lebensmonat<\/strong> kann man mit Beikost beginnen. Dabei sollte man sich vor allem an der Entwicklung des Kindes orientieren, wie beispielsweise Interesse am Essen der Eltern und dem Durchbrechen der ersten Z\u00e4hne.<\/span><\/p>\n<p><span style=\"font-weight: 400;\">Es gibt keine Empfehlung \u00fcber eine bestimmte Abfolge der Beikost, auch nicht was die Tageszeit betrifft. Lediglich die <strong>Bed\u00fcrfnisse des Kindes<\/strong> sind zu ber\u00fccksichtigen und auf die Zubereitungsart bzw. Konsistenz sollte geachtet werden.<\/span><\/p>\n<p><span style=\"font-weight: 400;\">Anfangs sollte die Beikost <strong>vorwiegend ged\u00fcnstet, warm und p\u00fcriert<\/strong> sein. Im fortgeschrittenen Alter wird die Zusammensetzung des Breis auf weiche und feste Bestandteile ge\u00e4ndert.<\/span>[\/vc_column_text][divider line_type=&#8220;No Line&#8220; custom_height=&#8220;20&#8243;][image_with_animation image_url=&#8220;7170&#8243; image_size=&#8220;full&#8220; animation_type=&#8220;entrance&#8220; animation=&#8220;Fade In&#8220; animation_easing=&#8220;default&#8220; animation_movement_type=&#8220;transform_y&#8220; hover_animation=&#8220;none&#8220; alignment=&#8220;center&#8220; img_link_large=&#8220;yes&#8220; border_radius=&#8220;none&#8220; box_shadow=&#8220;none&#8220; image_loading=&#8220;default&#8220; max_width=&#8220;100%&#8220; max_width_mobile=&#8220;default&#8220;][divider line_type=&#8220;No Line&#8220; custom_height=&#8220;20&#8243;][vc_column_text]\n<h2>Wichtige N\u00e4hrstoffe f\u00fcr eine gesunde Entwicklung<\/h2>\n<p><span style=\"font-weight: 400;\">F\u00fcr die Zubereitung gesunder Babynahrung sollten einige <strong>wichtige Bestandteile<\/strong> in der Beikost enthalten sein:<\/span><\/p>\n<ul>\n<li style=\"font-weight: 400;\" aria-level=\"1\"><b>Eisen und Zink:<\/b><span style=\"font-weight: 400;\"> Sind vor allem in Fleisch und Getreide enthalten. In Kombination mit Obst und Gem\u00fcse, das \u00fcber einen hohen Vitamin C-Gehalt verf\u00fcgt, wird die Aufnahme von Eisen verbessert. Hierzu z\u00e4hlen vor allem Sorten wie Fenchel, Brokkoli und Beeren.<\/span><\/li>\n<li style=\"font-weight: 400;\" aria-level=\"1\"><b>Proteine:<\/b><span style=\"font-weight: 400;\"> Fleisch, Fisch (gr\u00e4tenfrei und bevorzugt heimische Fische), Ei und H\u00fclsenfr\u00fcchte, wie z.B. Bohnen, Linsen und Erbsen sind wichtige Eiwei\u00dfquellen. Eiwei\u00df ist der Baustein des Lebens, daher wichtig f\u00fcr das Wachstum des Kindes und sollte t\u00e4glich auf dem Speiseplan stehen.<\/span><\/li>\n<li style=\"font-weight: 400;\" aria-level=\"1\"><span style=\"font-weight: 400;\">\u00a0<\/span><b>Fett:<\/b><span style=\"font-weight: 400;\"> F\u00fcr die gesunde Entwicklung des Gehirns und f\u00fcr die Aufnahme der fettl\u00f6slichen Vitamine A, D, E und K sind hochwertige pflanzliche \u00d6le wichtig. So sollte pro 100g Brei ca. 1-2 TL Lein-, Walnuss- oder Oliven\u00f6l zugef\u00fcgt werden. Auch N\u00fcsse k\u00f6nnen fein vermahlen beigemengt werden, denn sie liefern wertvolle Fetts\u00e4uren, wie z.B. Omega 3. Ganze oder gehackte N\u00fcsse sollte man meiden, da es in die Atemwege gelangen und zu Erstickungsanf\u00e4llen f\u00fchren k\u00f6nnte.<\/span><\/li>\n<li style=\"font-weight: 400;\" aria-level=\"1\"><b>Getreide:<\/b><span style=\"font-weight: 400;\"> Produkte aus Vollkorn kann man dem Brei anfangs fein vermahlen, sp\u00e4ter in festeren Bestandteilen, wie beispielsweise Vollkornnudeln oder Flocken zuf\u00fcgen. Vor allem leicht vertr\u00e4gliche Getreidesorten, wie z.B. Hafer eignen sich gut f\u00fcr den Beginn.<\/span><\/li>\n<li style=\"font-weight: 400;\" aria-level=\"1\"><b>Obst und Gem\u00fcse:<\/b><span style=\"font-weight: 400;\"> Hier sind keine Grenzen gesetzt und man kann aus dem gro\u00dfz\u00fcgigen Angebot frei w\u00e4hlen. Dabei sollte man die Sorten unterschiedlich kombinieren und auch wechseln, damit das Kind verschiedene Geschm\u00e4cker kennenlernt und vor allem mit einer Vielzahl an N\u00e4hrstoffen versorgt wird.<\/span><\/li>\n<li style=\"font-weight: 400;\" aria-level=\"1\"><b>Milchprodukte:<\/b><span style=\"font-weight: 400;\"> In kleinen Mengen kann man mit Kuhmilch ab dem sechsten Lebensmonat beginnen und einen Milch-Getreide-Brei zubereiten. Kuhmilch sollte in keinem Fall mit Fleischmahlzeiten kombiniert werden. Aus hygienischen Gr\u00fcnden nur pasteurisierte Milch verwenden.<\/span><\/li>\n<\/ul>\n[\/vc_column_text][vc_column_text][\/vc_column_text][divider line_type=&#8220;No Line&#8220; custom_height=&#8220;20&#8243;][image_with_animation image_url=&#8220;7171&#8243; image_size=&#8220;full&#8220; animation_type=&#8220;entrance&#8220; animation=&#8220;Fade In&#8220; animation_easing=&#8220;default&#8220; animation_movement_type=&#8220;transform_y&#8220; hover_animation=&#8220;none&#8220; alignment=&#8220;center&#8220; img_link_large=&#8220;yes&#8220; border_radius=&#8220;none&#8220; box_shadow=&#8220;none&#8220; image_loading=&#8220;default&#8220; max_width=&#8220;100%&#8220; max_width_mobile=&#8220;default&#8220;][divider line_type=&#8220;No Line&#8220; custom_height=&#8220;20&#8243;][vc_column_text]\n<h2>Zu fr\u00fch f\u00fcrs erste Lebensjahr<\/h2>\n<p><span style=\"font-weight: 400;\">Um die Gesundheit des Kindes nicht zu gef\u00e4hrden, sollte man speziell im ersten Jahr auf <strong>folgende Lebensmittel verzichten:<\/strong><\/span><\/p>\n<ul>\n<li style=\"font-weight: 400;\" aria-level=\"1\"><b>Salz und scharfe Gew\u00fcrze:<\/b><span style=\"font-weight: 400;\"> Da die Nieren kleiner Kinder noch nicht vollst\u00e4ndig entwickelt sind, ist eine entsprechende Ausscheidung nicht m\u00f6glich. Daher sollte man im ersten Lebensjahr g\u00e4nzlich auf Salz verzichten und stattdessen mit Kr\u00e4utern w\u00fcrzen.<\/span><\/li>\n<li style=\"font-weight: 400;\" aria-level=\"1\"><b>Zucker, Honig, S\u00fc\u00dfungsmittel und Limonaden:<\/b><span style=\"font-weight: 400;\"> Honig ist f\u00fcr Kinder im ersten Lebensjahr ungeeignet, da dieser Pilze und Sporen enthalten kann, die f\u00fcr Kleinkinder sogar t\u00f6dlich sein k\u00f6nnen. Auch Zucker und verschiedene S\u00fc\u00dfungsmittel k\u00f6nnen noch nicht richtig verstoffwechselt werden und das Risiko von Diabetes mellitus und \u00dcbergewicht erh\u00f6hen und die Z\u00e4hne sch\u00e4digen.<\/span><\/li>\n<li style=\"font-weight: 400;\" aria-level=\"1\"><b>Rohe Eier, roher Fisch oder rohes Fleisch:<\/b><span style=\"font-weight: 400;\"> Aufgrund von Salmonellen bzw. Listerien sind diese Lebensmittel nicht geeignet, da auch hier die Gefahr einer t\u00f6dlichen Erkrankung besteht.<\/span><\/li>\n<li style=\"font-weight: 400;\" aria-level=\"1\"><b>Schinken, Speck und Wurst<\/b><span style=\"font-weight: 400;\">: Sind aufgrund ihres hohen Salz- und Nitritgehalts f\u00fcr Kleinkinder ebenfalls ungeeignet.<\/span><\/li>\n<li style=\"font-weight: 400;\" aria-level=\"1\"><b>Kaffee und koffeinhaltiger Tee:<\/b><span style=\"font-weight: 400;\"> Sind f\u00fcr Kinder aufgrund ihrer aufputschenden Wirkung ungeeignet und hemmen zudem auch die Aufnahme von Eisen.<\/span><\/li>\n<li style=\"font-weight: 400;\" aria-level=\"1\"><b>Grobe Bestandteile:<\/b><span style=\"font-weight: 400;\"> Ganze oder gehackte N\u00fcsse, Samen, K\u00f6rner, unverarbeitete Beeren und H\u00fclsenfr\u00fcchte sowie Fisch mit Gr\u00e4ten sind aufgrund der drohenden Erstickungsgefahr nicht zu empfehlen.<\/span><\/li>\n<li style=\"font-weight: 400;\" aria-level=\"1\"><b>Milchersatzgetr\u00e4nke:<\/b><span style=\"font-weight: 400;\"> Als Ersatz f\u00fcr Muttermilch sind pflanzliche Alternativen aus Reis, Mandeln oder \u00c4hnlichem ungeeignet. Hierf\u00fcr sollte man spezielle S\u00e4uglingsnahrung verwenden.<\/span><\/li>\n<li style=\"font-weight: 400;\" aria-level=\"1\"><span style=\"font-weight: 400;\">Eine <strong>ausschlie\u00dflich vegetarische oder vegane Ern\u00e4hrung ist f\u00fcr Kinder nicht zu empfehlen,<\/strong> da f\u00fcr das Wachstum und die gesunde Entwicklung ein Bedarf an spezifischen N\u00e4hrstoffen gegeben ist, wie z.B. essenzielle Aminos\u00e4uren, Omega-3-Fetts\u00e4uren, Vitamin B12, Vitamin D, Kalzium, Eisen, Jod und Zink.<\/span><\/li>\n<\/ul>\n<p><span style=\"font-weight: 400;\">Um das Kind mit ausreichend N\u00e4hrstoffen zu versorgen, ist eine abwechslungsreiche, pflanzenbetonte Kost n\u00f6tig.<\/span><\/p>\n<p><span style=\"font-weight: 400;\">Das Angebot an Obst und Gem\u00fcse ist vielf\u00e4ltig und sollte in den ersten Lebensmonaten <strong>in verschiedensten Kombinationen<\/strong> zubereitet und angeboten werden. Doch auch die beste Speisenzusammenstellung findet beim Nachwuchs nicht immer sofort Anklang.<\/span><\/p>\n<p><span style=\"font-weight: 400;\">Daher gilt es zus\u00e4tzlich noch folgendes zu beachten:<\/span><\/p>\n<ul>\n<li style=\"font-weight: 400;\" aria-level=\"1\"><b>Geduld:<\/b><span style=\"font-weight: 400;\"> Auch im Erwachsenenalter m\u00fcssen wir ein Lebensmittel durchschnittlich bis zu 16 Mal probieren, bis wir es als wohlschmeckend empfinden. Daher sollte man viel Geduld mit dem Kind haben und keinen Druck oder Zwang aus\u00fcben. Kleinkinder m\u00fcssen die Nahrung auch \u201ebegreifen\u201c, daher ist Fingerfood zus\u00e4tzlich zu Brei eine ideale Kombination.<\/span><\/li>\n<li style=\"font-weight: 400;\" aria-level=\"1\"><b>Hunger- und S\u00e4ttigungsgef\u00fchl:<\/b><span style=\"font-weight: 400;\"> Leider wird uns Menschen bereits sehr fr\u00fch das Achten auf Hunger- und S\u00e4ttigungsgef\u00fchle aberzogen. Kinder h\u00f6ren intuitiv auf zu essen, wenn sie satt sind. Daher sollte man bei der F\u00fctterung auf die K\u00f6rpersignale des Kleinkindes achten. \u00d6ffnen des Mundes signalisiert h\u00e4ufig Hunger und das Einschlafen beim Essen oder das Wegschieben des Tellers oder L\u00f6ffels ein Zeichen f\u00fcr S\u00e4ttigung sein kann.<\/span><\/li>\n<li style=\"font-weight: 400;\" aria-level=\"1\"><b>Vorbildwirkung: <\/b><span style=\"font-weight: 400;\">Eltern sollten mit gutem Beispiel vorangehen und auch auf die eigene K\u00f6rpersprache achten. Wer selbst nicht gerne Brokkoli isst, kann es seinem Kind schwer vorgaukeln, dass die Speise nun lecker ist, auch wenn man sich die gr\u00f6\u00dfte M\u00fche gibt.<\/span><\/li>\n<li style=\"font-weight: 400;\" aria-level=\"1\"><b>Hygiene:<\/b><span style=\"font-weight: 400;\"> Speziell bei tierischen Produkten ist darauf zu achten, dass sie vollst\u00e4ndig durchgegart sind, um Keime und Bakterien abzut\u00f6ten.<\/span><\/li>\n<\/ul>\n<p><span style=\"font-weight: 400;\">Wenn man die Welt durch Kinderaugen sieht, ist alles aufregend und m\u00f6chte entdeckt werden. Vor allem der <strong>Geschmackssinn<\/strong> spielt dabei eine wichtige Rolle und wird bereits w\u00e4hrend der Schwangerschaft beeinflusst. Denn was Mama isst und schmeckt, wird auch sp\u00e4ter vom Nachwuchs gerne verzehrt.<\/span><\/p>\n<p><span style=\"font-weight: 400;\">Um Kindern den <strong>besten Start ins Leben<\/strong> zu erm\u00f6glichen und mit wichtigen N\u00e4hrstoffen zu versorgen, bietet Muttermilch die beste M\u00f6glichkeit dazu. Doch ab dem f\u00fcnften\/sechsten Lebensmonat beginnt das Interesse am Essen zu wachsen.<\/span><\/p>\n<p><span style=\"font-weight: 400;\">Das ist genau der richtige Zeitpunkt, um dem Kind die Vielfalt zahlreicher <strong>Obst- und Gem\u00fcsesorten<\/strong> mit Proteinen, Getreide und gesunden Fetten in Form von Brei n\u00e4herzubringen und mit einer gro\u00dfen Portion Geduld anzubieten.<\/span><\/p>\n<p><span style=\"font-weight: 400;\">Es ist eine wunderbare M\u00f6glichkeit auch f\u00fcr Erwachsene mit ihrem Kind <strong>gemeinsam neue Sorten kulinarisch zu entdecken.<\/strong><\/span><\/p>\n<p><span style=\"font-weight: 400;\">Wir, von Johanna vom Feld, unterst\u00fctzen gerne mit unserem vielf\u00e4ltigen Angebot dabei und liefern sogar bis an die Haust\u00fcr.<\/span>[\/vc_column_text][\/vc_column][\/vc_row]\n","protected":false},"excerpt":{"rendered":"<p>[vc_row type=&#8220;in_container&#8220; full_screen_row_position=&#8220;middle&#8220; column_margin=&#8220;default&#8220; column_direction=&#8220;default&#8220; column_direction_tablet=&#8220;default&#8220; column_direction_phone=&#8220;default&#8220; scene_position=&#8220;center&#8220; text_color=&#8220;dark&#8220; text_align=&#8220;left&#8220; row_border_radius=&#8220;none&#8220; row_border_radius_applies=&#8220;bg&#8220; overflow=&#8220;visible&#8220; overlay_strength=&#8220;0.3&#8243; gradient_direction=&#8220;left_to_right&#8220;&#8230;<\/p>\n","protected":false},"author":3,"featured_media":7169,"comment_status":"closed","ping_status":"closed","sticky":false,"template":"","format":"standard","meta":{"footnotes":""},"categories":[5],"tags":[],"class_list":{"0":"post-7168","1":"post","2":"type-post","3":"status-publish","4":"format-standard","5":"has-post-thumbnail","7":"category-ernaehrung"},"yoast_head":"<!-- This site is optimized with the Yoast SEO plugin v25.4 - https:\/\/yoast.com\/wordpress\/plugins\/seo\/ -->\n<title>Babys und Kleinkinder richtig ern\u00e4hren | vomfeld.at<\/title>\n<meta name=\"description\" content=\"Von der Muttermilch bis zur Beikost \u2714 was solltest du besser vermeiden? \u2714 welche N\u00e4hrstoffe sollen enthalten sein?\" \/>\n<meta name=\"robots\" content=\"index, follow, max-snippet:-1, max-image-preview:large, max-video-preview:-1\" \/>\n<link rel=\"canonical\" href=\"https:\/\/www.vomfeld.at\/blog\/babys-und-kleinkinder-richtig-ernaehren\/\" \/>\n<meta property=\"og:locale\" content=\"de_DE\" \/>\n<meta property=\"og:type\" content=\"article\" \/>\n<meta property=\"og:title\" content=\"Babys und Kleinkinder richtig ern\u00e4hren | vomfeld.at\" \/>\n<meta property=\"og:description\" content=\"Von der Muttermilch bis zur Beikost \u2714 was solltest du besser vermeiden? \u2714 welche N\u00e4hrstoffe sollen enthalten sein?\" \/>\n<meta property=\"og:url\" content=\"https:\/\/www.vomfeld.at\/blog\/babys-und-kleinkinder-richtig-ernaehren\/\" \/>\n<meta property=\"og:site_name\" content=\"Johanna vom Feld Blog\" \/>\n<meta property=\"article:publisher\" content=\"https:\/\/www.facebook.com\/vomfeld.at\/\" \/>\n<meta property=\"article:published_time\" content=\"2022-09-07T11:48:44+00:00\" \/>\n<meta property=\"og:image\" content=\"https:\/\/www.vomfeld.at\/blog\/wp-content\/uploads\/2022\/09\/baby-isst.jpg\" \/>\n\t<meta property=\"og:image:width\" content=\"1600\" \/>\n\t<meta property=\"og:image:height\" content=\"1067\" \/>\n\t<meta property=\"og:image:type\" content=\"image\/jpeg\" \/>\n<meta name=\"author\" content=\"Johanna\" \/>\n<meta name=\"twitter:card\" content=\"summary_large_image\" \/>\n<meta name=\"twitter:label1\" content=\"Verfasst von\" \/>\n\t<meta name=\"twitter:data1\" content=\"Johanna\" \/>\n\t<meta name=\"twitter:label2\" content=\"Gesch\u00e4tzte Lesezeit\" \/>\n\t<meta name=\"twitter:data2\" content=\"8\u00a0Minuten\" \/>\n<script type=\"application\/ld+json\" class=\"yoast-schema-graph\">{\"@context\":\"https:\/\/schema.org\",\"@graph\":[{\"@type\":\"Article\",\"@id\":\"https:\/\/www.vomfeld.at\/blog\/babys-und-kleinkinder-richtig-ernaehren\/#article\",\"isPartOf\":{\"@id\":\"https:\/\/www.vomfeld.at\/blog\/babys-und-kleinkinder-richtig-ernaehren\/\"},\"author\":{\"name\":\"Johanna\",\"@id\":\"https:\/\/www.vomfeld.at\/blog\/#\/schema\/person\/8dab792dce4e00bc69ebf949f6eab1bf\"},\"headline\":\"Babys und Kleinkinder richtig ern\u00e4hren\",\"datePublished\":\"2022-09-07T11:48:44+00:00\",\"mainEntityOfPage\":{\"@id\":\"https:\/\/www.vomfeld.at\/blog\/babys-und-kleinkinder-richtig-ernaehren\/\"},\"wordCount\":1709,\"publisher\":{\"@id\":\"https:\/\/www.vomfeld.at\/blog\/#organization\"},\"image\":{\"@id\":\"https:\/\/www.vomfeld.at\/blog\/babys-und-kleinkinder-richtig-ernaehren\/#primaryimage\"},\"thumbnailUrl\":\"https:\/\/www.vomfeld.at\/blog\/wp-content\/uploads\/2022\/09\/baby-isst.jpg\",\"articleSection\":[\"Ern\u00e4hrung\"],\"inLanguage\":\"de\"},{\"@type\":\"WebPage\",\"@id\":\"https:\/\/www.vomfeld.at\/blog\/babys-und-kleinkinder-richtig-ernaehren\/\",\"url\":\"https:\/\/www.vomfeld.at\/blog\/babys-und-kleinkinder-richtig-ernaehren\/\",\"name\":\"Babys und Kleinkinder richtig ern\u00e4hren | vomfeld.at\",\"isPartOf\":{\"@id\":\"https:\/\/www.vomfeld.at\/blog\/#website\"},\"primaryImageOfPage\":{\"@id\":\"https:\/\/www.vomfeld.at\/blog\/babys-und-kleinkinder-richtig-ernaehren\/#primaryimage\"},\"image\":{\"@id\":\"https:\/\/www.vomfeld.at\/blog\/babys-und-kleinkinder-richtig-ernaehren\/#primaryimage\"},\"thumbnailUrl\":\"https:\/\/www.vomfeld.at\/blog\/wp-content\/uploads\/2022\/09\/baby-isst.jpg\",\"datePublished\":\"2022-09-07T11:48:44+00:00\",\"description\":\"Von der Muttermilch bis zur Beikost \u2714 was solltest du besser vermeiden? \u2714 welche N\u00e4hrstoffe sollen enthalten sein?\",\"breadcrumb\":{\"@id\":\"https:\/\/www.vomfeld.at\/blog\/babys-und-kleinkinder-richtig-ernaehren\/#breadcrumb\"},\"inLanguage\":\"de\",\"potentialAction\":[{\"@type\":\"ReadAction\",\"target\":[\"https:\/\/www.vomfeld.at\/blog\/babys-und-kleinkinder-richtig-ernaehren\/\"]}]},{\"@type\":\"ImageObject\",\"inLanguage\":\"de\",\"@id\":\"https:\/\/www.vomfeld.at\/blog\/babys-und-kleinkinder-richtig-ernaehren\/#primaryimage\",\"url\":\"https:\/\/www.vomfeld.at\/blog\/wp-content\/uploads\/2022\/09\/baby-isst.jpg\",\"contentUrl\":\"https:\/\/www.vomfeld.at\/blog\/wp-content\/uploads\/2022\/09\/baby-isst.jpg\",\"width\":1600,\"height\":1067,\"caption\":\"Baby isst einen Brei\"},{\"@type\":\"BreadcrumbList\",\"@id\":\"https:\/\/www.vomfeld.at\/blog\/babys-und-kleinkinder-richtig-ernaehren\/#breadcrumb\",\"itemListElement\":[{\"@type\":\"ListItem\",\"position\":1,\"name\":\"Startseite\",\"item\":\"https:\/\/www.vomfeld.at\/blog\/\"},{\"@type\":\"ListItem\",\"position\":2,\"name\":\"Babys und Kleinkinder richtig ern\u00e4hren\"}]},{\"@type\":\"WebSite\",\"@id\":\"https:\/\/www.vomfeld.at\/blog\/#website\",\"url\":\"https:\/\/www.vomfeld.at\/blog\/\",\"name\":\"Johanna vom Feld Blog\",\"description\":\"Mehr aus Lebensmitteln vom Feld machen\",\"publisher\":{\"@id\":\"https:\/\/www.vomfeld.at\/blog\/#organization\"},\"potentialAction\":[{\"@type\":\"SearchAction\",\"target\":{\"@type\":\"EntryPoint\",\"urlTemplate\":\"https:\/\/www.vomfeld.at\/blog\/?s={search_term_string}\"},\"query-input\":{\"@type\":\"PropertyValueSpecification\",\"valueRequired\":true,\"valueName\":\"search_term_string\"}}],\"inLanguage\":\"de\"},{\"@type\":\"Organization\",\"@id\":\"https:\/\/www.vomfeld.at\/blog\/#organization\",\"name\":\"Johanna vom Feld\",\"url\":\"https:\/\/www.vomfeld.at\/blog\/\",\"logo\":{\"@type\":\"ImageObject\",\"inLanguage\":\"de\",\"@id\":\"https:\/\/www.vomfeld.at\/blog\/#\/schema\/logo\/image\/\",\"url\":\"https:\/\/www.vomfeld.at\/blog\/wp-content\/uploads\/2018\/10\/vomfeld-logo-large.png\",\"contentUrl\":\"https:\/\/www.vomfeld.at\/blog\/wp-content\/uploads\/2018\/10\/vomfeld-logo-large.png\",\"width\":340,\"height\":200,\"caption\":\"Johanna vom Feld\"},\"image\":{\"@id\":\"https:\/\/www.vomfeld.at\/blog\/#\/schema\/logo\/image\/\"},\"sameAs\":[\"https:\/\/www.facebook.com\/vomfeld.at\/\"]},{\"@type\":\"Person\",\"@id\":\"https:\/\/www.vomfeld.at\/blog\/#\/schema\/person\/8dab792dce4e00bc69ebf949f6eab1bf\",\"name\":\"Johanna\"}]}<\/script>\n<!-- \/ Yoast SEO plugin. -->","yoast_head_json":{"title":"Babys und Kleinkinder richtig ern\u00e4hren | vomfeld.at","description":"Von der Muttermilch bis zur Beikost \u2714 was solltest du besser vermeiden? \u2714 welche N\u00e4hrstoffe sollen enthalten sein?","robots":{"index":"index","follow":"follow","max-snippet":"max-snippet:-1","max-image-preview":"max-image-preview:large","max-video-preview":"max-video-preview:-1"},"canonical":"https:\/\/www.vomfeld.at\/blog\/babys-und-kleinkinder-richtig-ernaehren\/","og_locale":"de_DE","og_type":"article","og_title":"Babys und Kleinkinder richtig ern\u00e4hren | vomfeld.at","og_description":"Von der Muttermilch bis zur Beikost \u2714 was solltest du besser vermeiden? \u2714 welche N\u00e4hrstoffe sollen enthalten sein?","og_url":"https:\/\/www.vomfeld.at\/blog\/babys-und-kleinkinder-richtig-ernaehren\/","og_site_name":"Johanna vom Feld Blog","article_publisher":"https:\/\/www.facebook.com\/vomfeld.at\/","article_published_time":"2022-09-07T11:48:44+00:00","og_image":[{"width":1600,"height":1067,"url":"https:\/\/www.vomfeld.at\/blog\/wp-content\/uploads\/2022\/09\/baby-isst.jpg","type":"image\/jpeg"}],"author":"Johanna","twitter_card":"summary_large_image","twitter_misc":{"Verfasst von":"Johanna","Gesch\u00e4tzte Lesezeit":"8\u00a0Minuten"},"schema":{"@context":"https:\/\/schema.org","@graph":[{"@type":"Article","@id":"https:\/\/www.vomfeld.at\/blog\/babys-und-kleinkinder-richtig-ernaehren\/#article","isPartOf":{"@id":"https:\/\/www.vomfeld.at\/blog\/babys-und-kleinkinder-richtig-ernaehren\/"},"author":{"name":"Johanna","@id":"https:\/\/www.vomfeld.at\/blog\/#\/schema\/person\/8dab792dce4e00bc69ebf949f6eab1bf"},"headline":"Babys und Kleinkinder richtig ern\u00e4hren","datePublished":"2022-09-07T11:48:44+00:00","mainEntityOfPage":{"@id":"https:\/\/www.vomfeld.at\/blog\/babys-und-kleinkinder-richtig-ernaehren\/"},"wordCount":1709,"publisher":{"@id":"https:\/\/www.vomfeld.at\/blog\/#organization"},"image":{"@id":"https:\/\/www.vomfeld.at\/blog\/babys-und-kleinkinder-richtig-ernaehren\/#primaryimage"},"thumbnailUrl":"https:\/\/www.vomfeld.at\/blog\/wp-content\/uploads\/2022\/09\/baby-isst.jpg","articleSection":["Ern\u00e4hrung"],"inLanguage":"de"},{"@type":"WebPage","@id":"https:\/\/www.vomfeld.at\/blog\/babys-und-kleinkinder-richtig-ernaehren\/","url":"https:\/\/www.vomfeld.at\/blog\/babys-und-kleinkinder-richtig-ernaehren\/","name":"Babys und Kleinkinder richtig ern\u00e4hren | vomfeld.at","isPartOf":{"@id":"https:\/\/www.vomfeld.at\/blog\/#website"},"primaryImageOfPage":{"@id":"https:\/\/www.vomfeld.at\/blog\/babys-und-kleinkinder-richtig-ernaehren\/#primaryimage"},"image":{"@id":"https:\/\/www.vomfeld.at\/blog\/babys-und-kleinkinder-richtig-ernaehren\/#primaryimage"},"thumbnailUrl":"https:\/\/www.vomfeld.at\/blog\/wp-content\/uploads\/2022\/09\/baby-isst.jpg","datePublished":"2022-09-07T11:48:44+00:00","description":"Von der Muttermilch bis zur Beikost \u2714 was solltest du besser vermeiden? \u2714 welche N\u00e4hrstoffe sollen enthalten sein?","breadcrumb":{"@id":"https:\/\/www.vomfeld.at\/blog\/babys-und-kleinkinder-richtig-ernaehren\/#breadcrumb"},"inLanguage":"de","potentialAction":[{"@type":"ReadAction","target":["https:\/\/www.vomfeld.at\/blog\/babys-und-kleinkinder-richtig-ernaehren\/"]}]},{"@type":"ImageObject","inLanguage":"de","@id":"https:\/\/www.vomfeld.at\/blog\/babys-und-kleinkinder-richtig-ernaehren\/#primaryimage","url":"https:\/\/www.vomfeld.at\/blog\/wp-content\/uploads\/2022\/09\/baby-isst.jpg","contentUrl":"https:\/\/www.vomfeld.at\/blog\/wp-content\/uploads\/2022\/09\/baby-isst.jpg","width":1600,"height":1067,"caption":"Baby isst einen Brei"},{"@type":"BreadcrumbList","@id":"https:\/\/www.vomfeld.at\/blog\/babys-und-kleinkinder-richtig-ernaehren\/#breadcrumb","itemListElement":[{"@type":"ListItem","position":1,"name":"Startseite","item":"https:\/\/www.vomfeld.at\/blog\/"},{"@type":"ListItem","position":2,"name":"Babys und Kleinkinder richtig ern\u00e4hren"}]},{"@type":"WebSite","@id":"https:\/\/www.vomfeld.at\/blog\/#website","url":"https:\/\/www.vomfeld.at\/blog\/","name":"Johanna vom Feld Blog","description":"Mehr aus Lebensmitteln vom Feld machen","publisher":{"@id":"https:\/\/www.vomfeld.at\/blog\/#organization"},"potentialAction":[{"@type":"SearchAction","target":{"@type":"EntryPoint","urlTemplate":"https:\/\/www.vomfeld.at\/blog\/?s={search_term_string}"},"query-input":{"@type":"PropertyValueSpecification","valueRequired":true,"valueName":"search_term_string"}}],"inLanguage":"de"},{"@type":"Organization","@id":"https:\/\/www.vomfeld.at\/blog\/#organization","name":"Johanna vom Feld","url":"https:\/\/www.vomfeld.at\/blog\/","logo":{"@type":"ImageObject","inLanguage":"de","@id":"https:\/\/www.vomfeld.at\/blog\/#\/schema\/logo\/image\/","url":"https:\/\/www.vomfeld.at\/blog\/wp-content\/uploads\/2018\/10\/vomfeld-logo-large.png","contentUrl":"https:\/\/www.vomfeld.at\/blog\/wp-content\/uploads\/2018\/10\/vomfeld-logo-large.png","width":340,"height":200,"caption":"Johanna vom Feld"},"image":{"@id":"https:\/\/www.vomfeld.at\/blog\/#\/schema\/logo\/image\/"},"sameAs":["https:\/\/www.facebook.com\/vomfeld.at\/"]},{"@type":"Person","@id":"https:\/\/www.vomfeld.at\/blog\/#\/schema\/person\/8dab792dce4e00bc69ebf949f6eab1bf","name":"Johanna"}]}},"_links":{"self":[{"href":"https:\/\/www.vomfeld.at\/blog\/wp-json\/wp\/v2\/posts\/7168","targetHints":{"allow":["GET"]}}],"collection":[{"href":"https:\/\/www.vomfeld.at\/blog\/wp-json\/wp\/v2\/posts"}],"about":[{"href":"https:\/\/www.vomfeld.at\/blog\/wp-json\/wp\/v2\/types\/post"}],"author":[{"embeddable":true,"href":"https:\/\/www.vomfeld.at\/blog\/wp-json\/wp\/v2\/users\/3"}],"replies":[{"embeddable":true,"href":"https:\/\/www.vomfeld.at\/blog\/wp-json\/wp\/v2\/comments?post=7168"}],"version-history":[{"count":3,"href":"https:\/\/www.vomfeld.at\/blog\/wp-json\/wp\/v2\/posts\/7168\/revisions"}],"predecessor-version":[{"id":7173,"href":"https:\/\/www.vomfeld.at\/blog\/wp-json\/wp\/v2\/posts\/7168\/revisions\/7173"}],"wp:featuredmedia":[{"embeddable":true,"href":"https:\/\/www.vomfeld.at\/blog\/wp-json\/wp\/v2\/media\/7169"}],"wp:attachment":[{"href":"https:\/\/www.vomfeld.at\/blog\/wp-json\/wp\/v2\/media?parent=7168"}],"wp:term":[{"taxonomy":"category","embeddable":true,"href":"https:\/\/www.vomfeld.at\/blog\/wp-json\/wp\/v2\/categories?post=7168"},{"taxonomy":"post_tag","embeddable":true,"href":"https:\/\/www.vomfeld.at\/blog\/wp-json\/wp\/v2\/tags?post=7168"}],"curies":[{"name":"wp","href":"https:\/\/api.w.org\/{rel}","templated":true}]}}