{"id":7027,"date":"2021-12-08T09:00:17","date_gmt":"2021-12-08T08:00:17","guid":{"rendered":"https:\/\/www.vomfeld.at\/blog\/?p=7027"},"modified":"2021-12-22T14:23:28","modified_gmt":"2021-12-22T13:23:28","slug":"nachhaltig-kekse-backen","status":"publish","type":"post","link":"https:\/\/www.vomfeld.at\/blog\/nachhaltig-kekse-backen\/","title":{"rendered":"Nachhaltig Kekse backen"},"content":{"rendered":"[vc_row type=&#8220;in_container&#8220; full_screen_row_position=&#8220;middle&#8220; scene_position=&#8220;center&#8220; text_color=&#8220;dark&#8220; text_align=&#8220;left&#8220; overlay_strength=&#8220;0.3&#8243; shape_divider_position=&#8220;bottom&#8220;][vc_column column_padding=&#8220;no-extra-padding&#8220; column_padding_position=&#8220;all&#8220; background_color_opacity=&#8220;1&#8243; background_hover_color_opacity=&#8220;1&#8243; column_link_target=&#8220;_self&#8220; column_shadow=&#8220;none&#8220; column_border_radius=&#8220;none&#8220; width=&#8220;1\/1&#8243; tablet_width_inherit=&#8220;default&#8220; tablet_text_alignment=&#8220;default&#8220; phone_text_alignment=&#8220;default&#8220; column_border_width=&#8220;none&#8220; column_border_style=&#8220;solid&#8220;][vc_column_text]<span style=\"font-weight: 400;\">Im Advent werden traditionell Kekse, Pl\u00e4tzchen, Lebkuchen, Kipferl oder Zimtsterne gebacken. Der Duft verschiedener Gew\u00fcrze und N\u00fcsse stimmt uns auf die Weihnachtszeit ein. Bereits im Mittelalter wurde in Kl\u00f6stern dieses Festgeb\u00e4ck zum Gedenken an Christi Geburt gereicht.<\/span><\/p>\n<p><span style=\"font-weight: 400;\">Weihnachtskekse haben also ihre Tradition, doch die moderne Zeit hat so ihre T\u00fccken. Klimaschutz ist ein wichtiges Thema. <strong>Keksebacken l\u00e4sst sich mit Nachhaltigkeit und Umweltschutz gut vereinen.<\/strong> Wie das gelingt, m\u00f6chten wir dir in unserem Beitrag n\u00e4herbringen.<\/span><b>\u00a0<\/b><\/p>\n<h2>Keksebacken leicht gemacht<\/h2>\n<p><span style=\"font-weight: 400;\">Rezepte suchen, Zutaten besorgen und ran an die Back\u00f6fen. Bei der Zubereitung gilt es jedoch einiges zu beachten. Mit unseren Tipps du f\u00fcr das vorweihnachtliche Backen gut vorbereitet.<\/span><\/p>\n<ol>\n<li style=\"font-weight: 400;\" aria-level=\"1\"><span style=\"font-weight: 400;\">F\u00fcr eine bessere Verarbeitung, achte darauf, dass <strong>alle Zutaten Zimmertemperatur<\/strong> haben. Die Zutaten daher rechtzeitig aus dem K\u00fchlschrank nehmen.<\/span><\/li>\n<li style=\"font-weight: 400;\" aria-level=\"1\"><span style=\"font-weight: 400;\">Die richtige Menge sorgt f\u00fcr Erfolg! Halte dich daher genau an die Mengenangaben der Rezepte.<\/span><\/li>\n<li style=\"font-weight: 400;\" aria-level=\"1\"><span style=\"font-weight: 400;\">Hitze bitte nur im Backrohr! Sobald die Kekse fertiggebacken sind, unbedingt <strong>vom Backblech nehmen,<\/strong> da sie sonst nachdunkeln und austrocknen.<\/span><\/li>\n<li style=\"font-weight: 400;\" aria-level=\"1\"><span style=\"font-weight: 400;\">Backpapier oder <strong>wiederverwendbare Silikonbackunterlage<\/strong> verwenden, damit die Kekse nicht am Blech kleben bleiben.<\/span><\/li>\n<li style=\"font-weight: 400;\" aria-level=\"1\"><span style=\"font-weight: 400;\">Damit Lebkuchen saftig bleibt, <strong>zusammen mit Apfel- oder Orangenschalen in einer Keksdose lagern.<\/strong> Die Schalen jedoch alle zwei bis drei Tage austauschen.<\/span><\/li>\n<li style=\"font-weight: 400;\" aria-level=\"1\"><span style=\"font-weight: 400;\">Kekse vollst\u00e4ndig ausk\u00fchlen lassen und dann in eine Keksdose schichten. Dazwischen immer wieder <strong>Butterbrotpapier<\/strong> legen, damit die Kekse nicht aneinanderkleben.<\/span><\/li>\n<li style=\"font-weight: 400;\" aria-level=\"1\"><span style=\"font-weight: 400;\">Knusprige Kekse solltest du in <strong>luftdichten Beh\u00e4ltern<\/strong> aufbewahren, weiche Kekse in luftigen Dosen lagern, bis sie die gew\u00fcnschte Konsistenz erreichen.<\/span><\/li>\n<li style=\"font-weight: 400;\" aria-level=\"1\"><span style=\"font-weight: 400;\">Gut Ding braucht Weile! Lebkuchen ben\u00f6tigt Zeit, um weich zu werden und bis sich die Aromen der Gew\u00fcrze vollst\u00e4ndig entfalten k\u00f6nnen. Daher <strong>schon Anfang November<\/strong> backen. Eiwei\u00dfkekse eher kurzfristig backen, da sie nicht lange haltbar sind.<\/span><\/li>\n<li style=\"font-weight: 400;\" aria-level=\"1\"><span style=\"font-weight: 400;\">Kekse ohne Schokoglasur und ohne F\u00fcllung lassen sich gut einfrieren und k\u00f6nnen kurz im Backrohr wieder aufgebacken werden.<\/span><\/li>\n<li style=\"font-weight: 400;\" aria-level=\"1\"><span style=\"font-weight: 400;\">Vanillekipferl <strong>mit oder ohne Ei, das ist hier die Frage.<\/strong> Mit Ei bindet der Teig besser, sie werden jedoch etwas trockener. Es ist also reine Geschmackssache, wie du deine Kipferl zubereiten m\u00f6chtest.<\/span><\/li>\n<li style=\"font-weight: 400;\" aria-level=\"1\"><span style=\"font-weight: 400;\">Kipferl und Co schmecken meist noch besser mit Schokoglasur. Damit diese sch\u00f6n gl\u00e4nzt und nicht klumpt, sollte man beim Schmelzen <strong>etwas Butter oder ein Nuss\u00f6l zuf\u00fcgen.<\/strong><\/span><b>\u00a0<\/b><\/li>\n<\/ol>\n[\/vc_column_text][divider line_type=&#8220;No Line&#8220; custom_height=&#8220;20&#8243;][image_with_animation image_url=&#8220;7029&#8243; alignment=&#8220;center&#8220; animation=&#8220;Fade In&#8220; img_link_large=&#8220;yes&#8220; border_radius=&#8220;none&#8220; box_shadow=&#8220;none&#8220; max_width=&#8220;100%&#8220;][divider line_type=&#8220;No Line&#8220; custom_height=&#8220;20&#8243;][vc_column_text]\n<h2>Nachhaltig backen<\/h2>\n<p><span style=\"font-weight: 400;\">Auch zur Weihnachtszeit ist Klimaschutz ein Thema. Wir zeigen dir, wie du beim Backen M\u00fcll vermeiden kannst und Lebensmittelverschwendung reduzierst.<\/span><\/p>\n<ul>\n<li style=\"font-weight: 400;\" aria-level=\"1\"><span style=\"font-weight: 400;\">Plane deinen Einkauf! \u00dcberlege dir, welche <strong>Zutaten sich restlos verbrauchen lassen<\/strong> und kombiniere die Rezepte entsprechend. Wenn du f\u00fcr ein Rezept nur Eidotter ben\u00f6tigst, w\u00e4hle ein zweites Keksrezept, wo das Eiklar zum Einsatz kommt.<\/span><\/li>\n<li style=\"font-weight: 400;\" aria-level=\"1\"><span style=\"font-weight: 400;\">Zuviel Eiklar \u00fcbrig? Du kannst <strong>Eiklar bis zu einem Jahr einfrieren.<\/strong> Verwende daf\u00fcr einen Eisw\u00fcrfelbeh\u00e4lter und f\u00fcge eine Prise Salz hinzu, um dem Gerinnen beim Auftauen vorzubeugen.<\/span><\/li>\n<li style=\"font-weight: 400;\" aria-level=\"1\"><span style=\"font-weight: 400;\">Was tun mit \u00fcbrig gebliebenem rohen Keksteig? Einfrieren! Rolle den Teig zu einer Platte aus und friere ihn in einem Gefrierbeutel bis zu 6 Monate ein. Nach dem Auftauen Kekse ausstechen und backen.<\/span><\/li>\n<li style=\"font-weight: 400;\" aria-level=\"1\"><span style=\"font-weight: 400;\">Augen auf beim Zutatenkauf! W\u00e4hle Produkte aus der Region, vorzugsweise aus biologischer Landwirtschaft. Das schont die Umwelt und heimische Betriebe werden unterst\u00fctzt.<\/span><\/li>\n<li style=\"font-weight: 400;\" aria-level=\"1\"><span style=\"font-weight: 400;\">Recycling beim Keksebacken ist ganz einfach m\u00f6glich. <strong>Backpapier mehrmals verwenden,<\/strong> sofern sich keine Schokoladen- oder Zuckerr\u00fcckst\u00e4nde darauf befinden. Oder in eine wiederverwendbare Backauflage aus Silikon investieren.<\/span><\/li>\n<li style=\"font-weight: 400;\" aria-level=\"1\"><span style=\"font-weight: 400;\">Tsch\u00fcss Frischhaltefolie! Lass Teige in einem <strong>Glasbeh\u00e4lter mit Deckel<\/strong> rasten, Germteige kannst du mit einem feuchten Geschirrtuch abdecken.<\/span><\/li>\n<li style=\"font-weight: 400;\" aria-level=\"1\"><span style=\"font-weight: 400;\">Was tun mit Keksresten? Weihnachten ist vor\u00fcber und die Keksdose ist noch gut gef\u00fcllt? Dann verarbeite die Kekse zu einem winterlichen Dessert weiter. <strong>Schichtdesserts mit Keksen<\/strong> statt Biskotten lassen ganz neue Geschmackserlebnisse aufkommen, z.B. Tiramisu mit Vanillekipferl oder Spekulatius.<\/span><\/li>\n<\/ul>\n<p><span style=\"font-weight: 400;\">F\u00fcr nachhaltigen Keksgenuss haben wir wieder in unserer Rezeptkiste gekramt und drei Rezeptideen f\u00fcr dich zusammengestellt.<\/span><\/p>\n<p><span style=\"font-weight: 400;\">\u00a0<\/span><\/p>\n<h3>Ingwer-Zitronen-Kekse<\/h3>\n<p><span style=\"font-weight: 400;\">Dieses Rezept sorgt f\u00fcr w\u00fcrzige Abwechslung auf dem Keksteller.<\/span><\/p>\n<p><b>Zutaten f\u00fcr 1 Backblech:<\/b><\/p>\n<ul>\n<li style=\"font-weight: 400;\" aria-level=\"1\"><span style=\"font-weight: 400;\">175g BIO-Dinkelmehl<\/span><\/li>\n<li style=\"font-weight: 400;\" aria-level=\"1\"><span style=\"font-weight: 400;\">100g BIO-Butter<\/span><\/li>\n<li style=\"font-weight: 400;\" aria-level=\"1\"><span style=\"font-weight: 400;\">70g BIO-Rohrohrzucker<\/span><\/li>\n<li style=\"font-weight: 400;\" aria-level=\"1\"><span style=\"font-weight: 400;\">1 Stk <a href=\"https:\/\/www.vomfeld.at\/obst\/zitrusfruechte\/124\/bio-zitronen\" target=\"_blank\" rel=\"noopener\">BIO-Zitrone<\/a><\/span><\/li>\n<li style=\"font-weight: 400;\" aria-level=\"1\"><span style=\"font-weight: 400;\">1 Daumengro\u00dfes St\u00fcck <a href=\"https:\/\/www.vomfeld.at\/gemuese\/wurzelgemuese\/166\/bio-ingwer\" target=\"_blank\" rel=\"noopener\">BIO-Ingwer<\/a><\/span><\/li>\n<li style=\"font-weight: 400;\" aria-level=\"1\"><span style=\"font-weight: 400;\">1 TL BIO Reinweinstein-Backpulver<\/span><\/li>\n<li style=\"font-weight: 400;\" aria-level=\"1\"><span style=\"font-weight: 400;\">1 Prise Salz<\/span><\/li>\n<\/ul>\n<p><b>Zubereitung:<\/b><\/p>\n<ol>\n<li style=\"font-weight: 400;\" aria-level=\"1\"><span style=\"font-weight: 400;\">Backrohr auf 180\u00b0C (Ober-\/Unterhitze) vorheizen und ein Backblech mit Backpapier auslegen.<\/span><\/li>\n<li style=\"font-weight: 400;\" aria-level=\"1\"><span style=\"font-weight: 400;\">Ein daumengro\u00dfes St\u00fcck Ingwer sch\u00e4len und mit einer Reibe fein raspeln.<\/span><\/li>\n<li style=\"font-weight: 400;\" aria-level=\"1\"><span style=\"font-weight: 400;\">Zitrone halbieren und den Saft auspressen.<\/span><\/li>\n<li style=\"font-weight: 400;\" aria-level=\"1\"><span style=\"font-weight: 400;\">Alle Zutaten zu einem glatten Teig verkneten und in einem Glasbeh\u00e4lter mit Deckel im K\u00fchlschrank f\u00fcr 20 Minuten rasten lassen.<\/span><\/li>\n<li style=\"font-weight: 400;\" aria-level=\"1\"><span style=\"font-weight: 400;\">Kleine Kugeln formen und mit einer Gabel kreuzf\u00f6rmig flach dr\u00fccken und mit etwas Abstand zueinander auf das Backblech legen.<\/span><\/li>\n<li style=\"font-weight: 400;\" aria-level=\"1\"><span style=\"font-weight: 400;\">Anschlie\u00dfend im Backrohr auf der zweiten Schiene von oben ca. 10-12 Minuten backen. Nach dem Backen sofort vom Blech nehmen und vollst\u00e4ndig ausk\u00fchlen lassen.<\/span><\/li>\n<\/ol>\n[\/vc_column_text][divider line_type=&#8220;No Line&#8220; custom_height=&#8220;20&#8243;][image_with_animation image_url=&#8220;7030&#8243; alignment=&#8220;center&#8220; animation=&#8220;Fade In&#8220; img_link_large=&#8220;yes&#8220; border_radius=&#8220;none&#8220; box_shadow=&#8220;none&#8220; max_width=&#8220;100%&#8220;][divider line_type=&#8220;No Line&#8220; custom_height=&#8220;20&#8243;][vc_column_text]\n<h3>Vollkornkekse mit Orangenglasur<\/h3>\n<p><b>Zutaten f\u00fcr 1-2 Backbleche:<\/b><\/p>\n<ul>\n<li style=\"font-weight: 400;\" aria-level=\"1\"><span style=\"font-weight: 400;\">250g BIO-Vollkorn-Roggenmehl<\/span><\/li>\n<li style=\"font-weight: 400;\" aria-level=\"1\"><span style=\"font-weight: 400;\">200g BIO-Rohrohrstaubzucker<\/span><\/li>\n<li style=\"font-weight: 400;\" aria-level=\"1\"><span style=\"font-weight: 400;\">200g <a href=\"https:\/\/www.vomfeld.at\/fuer-die-speis\/milch-milchprodukte\/434\/bio-wiesenmilch-teebutter\" target=\"_blank\" rel=\"noopener\">BIO-Butter<\/a><\/span><\/li>\n<li style=\"font-weight: 400;\" aria-level=\"1\"><span style=\"font-weight: 400;\">80ml <a href=\"https:\/\/www.vomfeld.at\/fuer-die-speis\/aufstriche-saucen-co\/705\/bio-agavendicksaft-mild\" target=\"_blank\" rel=\"noopener\">BIO-Agavendicksaft<\/a><\/span><\/li>\n<li style=\"font-weight: 400;\" aria-level=\"1\"><span style=\"font-weight: 400;\">70g BIO-Waln\u00fcsse gerieben<\/span><\/li>\n<li style=\"font-weight: 400;\" aria-level=\"1\"><span style=\"font-weight: 400;\">2 Stk BIO-Eidotter (Gr\u00f6\u00dfe M)<\/span><\/li>\n<li style=\"font-weight: 400;\" aria-level=\"1\"><span style=\"font-weight: 400;\">1 Stk. BIO-Orange<\/span><\/li>\n<li style=\"font-weight: 400;\" aria-level=\"1\"><span style=\"font-weight: 400;\">1 TL Gemahlener Ceylon-Zimt<\/span><\/li>\n<li style=\"font-weight: 400;\" aria-level=\"1\"><span style=\"font-weight: 400;\">1 Prise Salz<\/span><\/li>\n<\/ul>\n<p><b>Zubereitung:<\/b><\/p>\n<ol>\n<li style=\"font-weight: 400;\" aria-level=\"1\"><span style=\"font-weight: 400;\">Eidotter, Butter, Zimt und Salz schaumig schlagen.<\/span><\/li>\n<li style=\"font-weight: 400;\" aria-level=\"1\"><span style=\"font-weight: 400;\">Vollkorn-Roggenmehl und geriebene Waln\u00fcsse miteinander vermengen, zusammen mit dem Ei-Butter-Gemisch zu einem Teig verkneten. Den Teig zu einer Kugel formen und in einem Glasbeh\u00e4lter mit Deckel im K\u00fchlschrank eine Stunde rasten lassen.<\/span><\/li>\n<li style=\"font-weight: 400;\" aria-level=\"1\"><span style=\"font-weight: 400;\">Backrohr auf 180\u00b0C (Ober-\/Unterhitze) vorheizen und ein Backblech mit Backpapier auslegen.<\/span><\/li>\n<li style=\"font-weight: 400;\" aria-level=\"1\"><span style=\"font-weight: 400;\">Teig vierteln, zu Rollen formen und walnussgro\u00dfe St\u00fccke abschneiden. Zu Kugeln formen, mit etwas Abstand zueinander auf das Backblech legen, flach dr\u00fccken und im Backrohr f\u00fcr ca. 20 Minuten backen.<\/span><\/li>\n<li style=\"font-weight: 400;\" aria-level=\"1\"><span style=\"font-weight: 400;\">Nach dem Backen sofort vom Blech nehmen und abk\u00fchlen lassen.<\/span><\/li>\n<li style=\"font-weight: 400;\" aria-level=\"1\"><span style=\"font-weight: 400;\">Orange waschen und die Schale mit einer feinen Reibe abreiben. Den Saft auspressen.<\/span><\/li>\n<li style=\"font-weight: 400;\" aria-level=\"1\"><span style=\"font-weight: 400;\">Rohrohrstaubzucker mit den Orangenzesten und 1-2 EL Orangensaft zu einer dickfl\u00fcssigen Glasur anr\u00fchren, die vollst\u00e4ndig abgek\u00fchlten Kekse damit bestreichen und fest werden lassen.<\/span><\/li>\n<\/ol>\n<p><span style=\"font-weight: 400;\">\u00a0<\/span><\/p>\n<h3>Windringerl<\/h3>\n<p><span style=\"font-weight: 400;\">Diese Kekse schmecken nicht nur lecker, sie eignen sich auch wunderbar als Christbaumschmuck und k\u00f6nnen direkt vom Baum genascht werden.<\/span><\/p>\n<p><b>Zutaten f\u00fcr 1-2 Backbleche:<\/b><\/p>\n<ul>\n<li style=\"font-weight: 400;\" aria-level=\"1\"><span style=\"font-weight: 400;\">80g BIO-Rohrohrstaubzucker<\/span><\/li>\n<li style=\"font-weight: 400;\" aria-level=\"1\"><span style=\"font-weight: 400;\">2 BIO-Eiklar (Gr\u00f6\u00dfe M)<\/span><\/li>\n<li style=\"font-weight: 400;\" aria-level=\"1\"><span style=\"font-weight: 400;\">1 Prise Salz<\/span><\/li>\n<\/ul>\n<p><b>Zubereitung:<\/b><\/p>\n<ol>\n<li style=\"font-weight: 400;\" aria-level=\"1\"><span style=\"font-weight: 400;\">Backrohr auf 100\u00b0C (Ober-\/Unterhitze) vorheizen und ein Backblech mit Backpapier auslegen.<\/span><\/li>\n<li style=\"font-weight: 400;\" aria-level=\"1\"><span style=\"font-weight: 400;\">Eiklar mit einer Prise Salz zu Schnee schlagen.<\/span><\/li>\n<li style=\"font-weight: 400;\" aria-level=\"1\"><span style=\"font-weight: 400;\">Staubzucker langsam einrieseln lassen und weiter aufschlagen, bis der Eischnee leicht gl\u00e4nzt.<\/span><\/li>\n<li style=\"font-weight: 400;\" aria-level=\"1\"><span style=\"font-weight: 400;\">Die Masse in einen Spritzsack mit Sternt\u00fclle f\u00fcllen und auf das Backblech mit etwas Abstand zueinander Ringerl spritzen.<\/span><\/li>\n<li style=\"font-weight: 400;\" aria-level=\"1\"><span style=\"font-weight: 400;\">Die Windringerl auf mittlerer Schiene im Backrohr ca. 1 Stunde trocknen, dabei die Ofent\u00fcr mit einem Kochl\u00f6ffel einen Spalt offenhalten, damit die Feuchtigkeit entweichen kann.<\/span><\/li>\n<li style=\"font-weight: 400;\" aria-level=\"1\"><span style=\"font-weight: 400;\">Anschlie\u00dfend vollst\u00e4ndig ausk\u00fchlen lassen.<\/span><\/li>\n<li style=\"font-weight: 400;\" aria-level=\"1\"><span style=\"font-weight: 400;\">Zur Verwendung als Christbaumschmuck einen Faden um die abgek\u00fchlten Ringerl kn\u00fcpfen.<\/span><\/li>\n<\/ol>\n<p><span style=\"font-weight: 400;\">\u00a0<\/span><\/p>\n<h2>Jeder Keks hat seine Zeit!<\/h2>\n<p><span style=\"font-weight: 400;\">Damit bis Weihnachten die Lieblingskekse gut schmecken, sollte man bei der Zubereitung die Dauer der Haltbarkeit beachten. Manche Sorten ben\u00f6tigen auch etwas l\u00e4nger, um die entsprechende Konsistenz zu erreichen oder bis sich der Geschmack der Gew\u00fcrze voll entfalten kann.<\/span><\/p>\n<p><span style=\"font-weight: 400;\">Mit dem richtigen Zeitplan f\u00fcr die Zubereitung kannst du zu Weihnachten aus dem Vollen sch\u00f6pfen:<\/span><\/p>\n<ul>\n<li style=\"font-weight: 400;\" aria-level=\"1\"><span style=\"font-weight: 400;\"><strong>6 Wochen vor Weihnachten<\/strong> ist der ideale Zeitpunkt, um Christstollen und Fr\u00fcchtebrot zuzubereiten, da sie luftdicht, k\u00fchl und dunkel gelagert mehrere Wochen haltbar sind und ihr Aroma voll entfalten k\u00f6nnen.<\/span><\/li>\n<li style=\"font-weight: 400;\" aria-level=\"1\"><span style=\"font-weight: 400;\"><strong>4-6 Wochen vor Weihnachten<\/strong> hat Lebkuchen den richtigen Zubereitungszeitpunkt, da er durch die l\u00e4ngere Lagerung weicher wird und die Gew\u00fcrze ihr Aroma besser abgeben.<\/span><\/li>\n<li style=\"font-weight: 400;\" aria-level=\"1\"><span style=\"font-weight: 400;\"><strong>4 Wochen vor Weihnachten<\/strong> kann man mit der Zubereitung von M\u00fcrbteigkeksen und Spritzgeb\u00e4ck beginnen. Da sie aber rasch austrocknen, sollte man sie nicht l\u00e4nger lagern.<\/span><\/li>\n<li style=\"font-weight: 400;\" aria-level=\"1\"><span style=\"font-weight: 400;\"><strong>3 Wochen vor Weihnachten<\/strong> haben Makronen und Zimtsterne den idealen Zubereitungszeitpunkt.<\/span><\/li>\n<li style=\"font-weight: 400;\" aria-level=\"1\"><span style=\"font-weight: 400;\"><strong>2 Wochen vor Weihnachten<\/strong> haben Vanillekipferl Saison, da sie nicht lange haltbar sind und frisch am besten schmecken.<\/span><\/li>\n<li style=\"font-weight: 400;\" aria-level=\"1\"><span style=\"font-weight: 400;\"><strong>1 Woche vor Weihnachten<\/strong> sollte man Kekse mit Cremef\u00fcllungen, Pralinen und Konfekt zubereiten, da sie nicht lange haltbar sind.<\/span><\/li>\n<\/ul>\n<p><span style=\"font-weight: 400;\">Nachhaltigkeit und Tradition m\u00fcssen einander nicht ausschlie\u00dfen. Regionale Zutaten, gut geplante Rezepte, der Einsatz von Glasbeh\u00e4ltern statt Frischhaltefolie und der achtsame Umgang mit Lebensmittelresten schonen nicht nur die Umwelt, du kannst dadurch auch deine Geldb\u00f6rse entlasten.<\/span><\/p>\n<p><span style=\"font-weight: 400;\">Mit unseren Tipps und Rezeptideen kannst du deine <strong>Weihnachtskekse nachhaltig und regional zubereiten.<\/strong> Die Zutaten daf\u00fcr findest du in unserem Onlineshop, die wir dir gerne bis vor die Haust\u00fcr liefern. Mach den Advent f\u00fcr dich und deine Lieben nachhaltig genussvoll.<\/span>[\/vc_column_text][\/vc_column][\/vc_row]\n","protected":false},"excerpt":{"rendered":"<p>[vc_row type=&#8220;in_container&#8220; full_screen_row_position=&#8220;middle&#8220; scene_position=&#8220;center&#8220; text_color=&#8220;dark&#8220; text_align=&#8220;left&#8220; overlay_strength=&#8220;0.3&#8243; shape_divider_position=&#8220;bottom&#8220;][vc_column column_padding=&#8220;no-extra-padding&#8220; column_padding_position=&#8220;all&#8220; background_color_opacity=&#8220;1&#8243; background_hover_color_opacity=&#8220;1&#8243; column_link_target=&#8220;_self&#8220; column_shadow=&#8220;none&#8220; column_border_radius=&#8220;none&#8220;&#8230;<\/p>\n","protected":false},"author":3,"featured_media":7028,"comment_status":"closed","ping_status":"closed","sticky":false,"template":"","format":"standard","meta":{"footnotes":""},"categories":[2],"tags":[],"class_list":{"0":"post-7027","1":"post","2":"type-post","3":"status-publish","4":"format-standard","5":"has-post-thumbnail","7":"category-zubereitung"},"yoast_head":"<!-- This site is optimized with the Yoast SEO plugin v25.4 - https:\/\/yoast.com\/wordpress\/plugins\/seo\/ -->\n<title>Weihnachtskekse nachhaltig backen - so gelingt&#039;s | vomfeld.at<\/title>\n<meta name=\"description\" content=\"Tipps, wie du beim Keksebacken auf die Umwelt achten kannst \u2714 Ingwer-Zitronen-Kekse \u2714 Vollkornkekse mit Orangenglasur \u2714 Windringerl\" \/>\n<meta name=\"robots\" content=\"index, follow, max-snippet:-1, max-image-preview:large, max-video-preview:-1\" \/>\n<link rel=\"canonical\" href=\"https:\/\/www.vomfeld.at\/blog\/nachhaltig-kekse-backen\/\" \/>\n<meta property=\"og:locale\" content=\"de_DE\" \/>\n<meta property=\"og:type\" content=\"article\" \/>\n<meta property=\"og:title\" content=\"Weihnachtskekse nachhaltig backen - so gelingt&#039;s | vomfeld.at\" \/>\n<meta property=\"og:description\" content=\"Tipps, wie du beim Keksebacken auf die Umwelt achten kannst \u2714 Ingwer-Zitronen-Kekse \u2714 Vollkornkekse mit Orangenglasur \u2714 Windringerl\" \/>\n<meta property=\"og:url\" content=\"https:\/\/www.vomfeld.at\/blog\/nachhaltig-kekse-backen\/\" \/>\n<meta property=\"og:site_name\" content=\"Johanna vom Feld Blog\" \/>\n<meta property=\"article:publisher\" content=\"https:\/\/www.facebook.com\/vomfeld.at\/\" \/>\n<meta property=\"article:published_time\" content=\"2021-12-08T08:00:17+00:00\" \/>\n<meta property=\"article:modified_time\" content=\"2021-12-22T13:23:28+00:00\" \/>\n<meta property=\"og:image\" content=\"https:\/\/www.vomfeld.at\/blog\/wp-content\/uploads\/2021\/12\/weihnachten-kekse-backen.jpg\" \/>\n\t<meta property=\"og:image:width\" content=\"1600\" \/>\n\t<meta property=\"og:image:height\" content=\"1067\" \/>\n\t<meta property=\"og:image:type\" content=\"image\/jpeg\" \/>\n<meta name=\"author\" content=\"Johanna\" \/>\n<meta name=\"twitter:card\" content=\"summary_large_image\" \/>\n<meta name=\"twitter:label1\" content=\"Verfasst von\" \/>\n\t<meta name=\"twitter:data1\" content=\"Johanna\" \/>\n\t<meta name=\"twitter:label2\" content=\"Gesch\u00e4tzte Lesezeit\" \/>\n\t<meta name=\"twitter:data2\" content=\"6\u00a0Minuten\" \/>\n<script type=\"application\/ld+json\" class=\"yoast-schema-graph\">{\"@context\":\"https:\/\/schema.org\",\"@graph\":[{\"@type\":\"Article\",\"@id\":\"https:\/\/www.vomfeld.at\/blog\/nachhaltig-kekse-backen\/#article\",\"isPartOf\":{\"@id\":\"https:\/\/www.vomfeld.at\/blog\/nachhaltig-kekse-backen\/\"},\"author\":{\"name\":\"Johanna\",\"@id\":\"https:\/\/www.vomfeld.at\/blog\/#\/schema\/person\/8dab792dce4e00bc69ebf949f6eab1bf\"},\"headline\":\"Nachhaltig Kekse backen\",\"datePublished\":\"2021-12-08T08:00:17+00:00\",\"dateModified\":\"2021-12-22T13:23:28+00:00\",\"mainEntityOfPage\":{\"@id\":\"https:\/\/www.vomfeld.at\/blog\/nachhaltig-kekse-backen\/\"},\"wordCount\":1523,\"publisher\":{\"@id\":\"https:\/\/www.vomfeld.at\/blog\/#organization\"},\"image\":{\"@id\":\"https:\/\/www.vomfeld.at\/blog\/nachhaltig-kekse-backen\/#primaryimage\"},\"thumbnailUrl\":\"https:\/\/www.vomfeld.at\/blog\/wp-content\/uploads\/2021\/12\/weihnachten-kekse-backen.jpg\",\"articleSection\":[\"Zubereitung\"],\"inLanguage\":\"de\"},{\"@type\":\"WebPage\",\"@id\":\"https:\/\/www.vomfeld.at\/blog\/nachhaltig-kekse-backen\/\",\"url\":\"https:\/\/www.vomfeld.at\/blog\/nachhaltig-kekse-backen\/\",\"name\":\"Weihnachtskekse nachhaltig backen - so gelingt's | vomfeld.at\",\"isPartOf\":{\"@id\":\"https:\/\/www.vomfeld.at\/blog\/#website\"},\"primaryImageOfPage\":{\"@id\":\"https:\/\/www.vomfeld.at\/blog\/nachhaltig-kekse-backen\/#primaryimage\"},\"image\":{\"@id\":\"https:\/\/www.vomfeld.at\/blog\/nachhaltig-kekse-backen\/#primaryimage\"},\"thumbnailUrl\":\"https:\/\/www.vomfeld.at\/blog\/wp-content\/uploads\/2021\/12\/weihnachten-kekse-backen.jpg\",\"datePublished\":\"2021-12-08T08:00:17+00:00\",\"dateModified\":\"2021-12-22T13:23:28+00:00\",\"description\":\"Tipps, wie du beim Keksebacken auf die Umwelt achten kannst \u2714 Ingwer-Zitronen-Kekse \u2714 Vollkornkekse mit Orangenglasur \u2714 Windringerl\",\"breadcrumb\":{\"@id\":\"https:\/\/www.vomfeld.at\/blog\/nachhaltig-kekse-backen\/#breadcrumb\"},\"inLanguage\":\"de\",\"potentialAction\":[{\"@type\":\"ReadAction\",\"target\":[\"https:\/\/www.vomfeld.at\/blog\/nachhaltig-kekse-backen\/\"]}]},{\"@type\":\"ImageObject\",\"inLanguage\":\"de\",\"@id\":\"https:\/\/www.vomfeld.at\/blog\/nachhaltig-kekse-backen\/#primaryimage\",\"url\":\"https:\/\/www.vomfeld.at\/blog\/wp-content\/uploads\/2021\/12\/weihnachten-kekse-backen.jpg\",\"contentUrl\":\"https:\/\/www.vomfeld.at\/blog\/wp-content\/uploads\/2021\/12\/weihnachten-kekse-backen.jpg\",\"width\":1600,\"height\":1067,\"caption\":\"Bio Kekse backen\"},{\"@type\":\"BreadcrumbList\",\"@id\":\"https:\/\/www.vomfeld.at\/blog\/nachhaltig-kekse-backen\/#breadcrumb\",\"itemListElement\":[{\"@type\":\"ListItem\",\"position\":1,\"name\":\"Startseite\",\"item\":\"https:\/\/www.vomfeld.at\/blog\/\"},{\"@type\":\"ListItem\",\"position\":2,\"name\":\"Nachhaltig Kekse backen\"}]},{\"@type\":\"WebSite\",\"@id\":\"https:\/\/www.vomfeld.at\/blog\/#website\",\"url\":\"https:\/\/www.vomfeld.at\/blog\/\",\"name\":\"Johanna vom Feld Blog\",\"description\":\"Mehr aus Lebensmitteln vom Feld machen\",\"publisher\":{\"@id\":\"https:\/\/www.vomfeld.at\/blog\/#organization\"},\"potentialAction\":[{\"@type\":\"SearchAction\",\"target\":{\"@type\":\"EntryPoint\",\"urlTemplate\":\"https:\/\/www.vomfeld.at\/blog\/?s={search_term_string}\"},\"query-input\":{\"@type\":\"PropertyValueSpecification\",\"valueRequired\":true,\"valueName\":\"search_term_string\"}}],\"inLanguage\":\"de\"},{\"@type\":\"Organization\",\"@id\":\"https:\/\/www.vomfeld.at\/blog\/#organization\",\"name\":\"Johanna vom Feld\",\"url\":\"https:\/\/www.vomfeld.at\/blog\/\",\"logo\":{\"@type\":\"ImageObject\",\"inLanguage\":\"de\",\"@id\":\"https:\/\/www.vomfeld.at\/blog\/#\/schema\/logo\/image\/\",\"url\":\"https:\/\/www.vomfeld.at\/blog\/wp-content\/uploads\/2018\/10\/vomfeld-logo-large.png\",\"contentUrl\":\"https:\/\/www.vomfeld.at\/blog\/wp-content\/uploads\/2018\/10\/vomfeld-logo-large.png\",\"width\":340,\"height\":200,\"caption\":\"Johanna vom Feld\"},\"image\":{\"@id\":\"https:\/\/www.vomfeld.at\/blog\/#\/schema\/logo\/image\/\"},\"sameAs\":[\"https:\/\/www.facebook.com\/vomfeld.at\/\"]},{\"@type\":\"Person\",\"@id\":\"https:\/\/www.vomfeld.at\/blog\/#\/schema\/person\/8dab792dce4e00bc69ebf949f6eab1bf\",\"name\":\"Johanna\"}]}<\/script>\n<!-- \/ Yoast SEO plugin. -->","yoast_head_json":{"title":"Weihnachtskekse nachhaltig backen - so gelingt's | vomfeld.at","description":"Tipps, wie du beim Keksebacken auf die Umwelt achten kannst \u2714 Ingwer-Zitronen-Kekse \u2714 Vollkornkekse mit Orangenglasur \u2714 Windringerl","robots":{"index":"index","follow":"follow","max-snippet":"max-snippet:-1","max-image-preview":"max-image-preview:large","max-video-preview":"max-video-preview:-1"},"canonical":"https:\/\/www.vomfeld.at\/blog\/nachhaltig-kekse-backen\/","og_locale":"de_DE","og_type":"article","og_title":"Weihnachtskekse nachhaltig backen - so gelingt's | vomfeld.at","og_description":"Tipps, wie du beim Keksebacken auf die Umwelt achten kannst \u2714 Ingwer-Zitronen-Kekse \u2714 Vollkornkekse mit Orangenglasur \u2714 Windringerl","og_url":"https:\/\/www.vomfeld.at\/blog\/nachhaltig-kekse-backen\/","og_site_name":"Johanna vom Feld Blog","article_publisher":"https:\/\/www.facebook.com\/vomfeld.at\/","article_published_time":"2021-12-08T08:00:17+00:00","article_modified_time":"2021-12-22T13:23:28+00:00","og_image":[{"width":1600,"height":1067,"url":"https:\/\/www.vomfeld.at\/blog\/wp-content\/uploads\/2021\/12\/weihnachten-kekse-backen.jpg","type":"image\/jpeg"}],"author":"Johanna","twitter_card":"summary_large_image","twitter_misc":{"Verfasst von":"Johanna","Gesch\u00e4tzte Lesezeit":"6\u00a0Minuten"},"schema":{"@context":"https:\/\/schema.org","@graph":[{"@type":"Article","@id":"https:\/\/www.vomfeld.at\/blog\/nachhaltig-kekse-backen\/#article","isPartOf":{"@id":"https:\/\/www.vomfeld.at\/blog\/nachhaltig-kekse-backen\/"},"author":{"name":"Johanna","@id":"https:\/\/www.vomfeld.at\/blog\/#\/schema\/person\/8dab792dce4e00bc69ebf949f6eab1bf"},"headline":"Nachhaltig Kekse backen","datePublished":"2021-12-08T08:00:17+00:00","dateModified":"2021-12-22T13:23:28+00:00","mainEntityOfPage":{"@id":"https:\/\/www.vomfeld.at\/blog\/nachhaltig-kekse-backen\/"},"wordCount":1523,"publisher":{"@id":"https:\/\/www.vomfeld.at\/blog\/#organization"},"image":{"@id":"https:\/\/www.vomfeld.at\/blog\/nachhaltig-kekse-backen\/#primaryimage"},"thumbnailUrl":"https:\/\/www.vomfeld.at\/blog\/wp-content\/uploads\/2021\/12\/weihnachten-kekse-backen.jpg","articleSection":["Zubereitung"],"inLanguage":"de"},{"@type":"WebPage","@id":"https:\/\/www.vomfeld.at\/blog\/nachhaltig-kekse-backen\/","url":"https:\/\/www.vomfeld.at\/blog\/nachhaltig-kekse-backen\/","name":"Weihnachtskekse nachhaltig backen - so gelingt's | vomfeld.at","isPartOf":{"@id":"https:\/\/www.vomfeld.at\/blog\/#website"},"primaryImageOfPage":{"@id":"https:\/\/www.vomfeld.at\/blog\/nachhaltig-kekse-backen\/#primaryimage"},"image":{"@id":"https:\/\/www.vomfeld.at\/blog\/nachhaltig-kekse-backen\/#primaryimage"},"thumbnailUrl":"https:\/\/www.vomfeld.at\/blog\/wp-content\/uploads\/2021\/12\/weihnachten-kekse-backen.jpg","datePublished":"2021-12-08T08:00:17+00:00","dateModified":"2021-12-22T13:23:28+00:00","description":"Tipps, wie du beim Keksebacken auf die Umwelt achten kannst \u2714 Ingwer-Zitronen-Kekse \u2714 Vollkornkekse mit Orangenglasur \u2714 Windringerl","breadcrumb":{"@id":"https:\/\/www.vomfeld.at\/blog\/nachhaltig-kekse-backen\/#breadcrumb"},"inLanguage":"de","potentialAction":[{"@type":"ReadAction","target":["https:\/\/www.vomfeld.at\/blog\/nachhaltig-kekse-backen\/"]}]},{"@type":"ImageObject","inLanguage":"de","@id":"https:\/\/www.vomfeld.at\/blog\/nachhaltig-kekse-backen\/#primaryimage","url":"https:\/\/www.vomfeld.at\/blog\/wp-content\/uploads\/2021\/12\/weihnachten-kekse-backen.jpg","contentUrl":"https:\/\/www.vomfeld.at\/blog\/wp-content\/uploads\/2021\/12\/weihnachten-kekse-backen.jpg","width":1600,"height":1067,"caption":"Bio Kekse backen"},{"@type":"BreadcrumbList","@id":"https:\/\/www.vomfeld.at\/blog\/nachhaltig-kekse-backen\/#breadcrumb","itemListElement":[{"@type":"ListItem","position":1,"name":"Startseite","item":"https:\/\/www.vomfeld.at\/blog\/"},{"@type":"ListItem","position":2,"name":"Nachhaltig Kekse backen"}]},{"@type":"WebSite","@id":"https:\/\/www.vomfeld.at\/blog\/#website","url":"https:\/\/www.vomfeld.at\/blog\/","name":"Johanna vom Feld Blog","description":"Mehr aus Lebensmitteln vom Feld machen","publisher":{"@id":"https:\/\/www.vomfeld.at\/blog\/#organization"},"potentialAction":[{"@type":"SearchAction","target":{"@type":"EntryPoint","urlTemplate":"https:\/\/www.vomfeld.at\/blog\/?s={search_term_string}"},"query-input":{"@type":"PropertyValueSpecification","valueRequired":true,"valueName":"search_term_string"}}],"inLanguage":"de"},{"@type":"Organization","@id":"https:\/\/www.vomfeld.at\/blog\/#organization","name":"Johanna vom Feld","url":"https:\/\/www.vomfeld.at\/blog\/","logo":{"@type":"ImageObject","inLanguage":"de","@id":"https:\/\/www.vomfeld.at\/blog\/#\/schema\/logo\/image\/","url":"https:\/\/www.vomfeld.at\/blog\/wp-content\/uploads\/2018\/10\/vomfeld-logo-large.png","contentUrl":"https:\/\/www.vomfeld.at\/blog\/wp-content\/uploads\/2018\/10\/vomfeld-logo-large.png","width":340,"height":200,"caption":"Johanna vom Feld"},"image":{"@id":"https:\/\/www.vomfeld.at\/blog\/#\/schema\/logo\/image\/"},"sameAs":["https:\/\/www.facebook.com\/vomfeld.at\/"]},{"@type":"Person","@id":"https:\/\/www.vomfeld.at\/blog\/#\/schema\/person\/8dab792dce4e00bc69ebf949f6eab1bf","name":"Johanna"}]}},"_links":{"self":[{"href":"https:\/\/www.vomfeld.at\/blog\/wp-json\/wp\/v2\/posts\/7027","targetHints":{"allow":["GET"]}}],"collection":[{"href":"https:\/\/www.vomfeld.at\/blog\/wp-json\/wp\/v2\/posts"}],"about":[{"href":"https:\/\/www.vomfeld.at\/blog\/wp-json\/wp\/v2\/types\/post"}],"author":[{"embeddable":true,"href":"https:\/\/www.vomfeld.at\/blog\/wp-json\/wp\/v2\/users\/3"}],"replies":[{"embeddable":true,"href":"https:\/\/www.vomfeld.at\/blog\/wp-json\/wp\/v2\/comments?post=7027"}],"version-history":[{"count":3,"href":"https:\/\/www.vomfeld.at\/blog\/wp-json\/wp\/v2\/posts\/7027\/revisions"}],"predecessor-version":[{"id":7033,"href":"https:\/\/www.vomfeld.at\/blog\/wp-json\/wp\/v2\/posts\/7027\/revisions\/7033"}],"wp:featuredmedia":[{"embeddable":true,"href":"https:\/\/www.vomfeld.at\/blog\/wp-json\/wp\/v2\/media\/7028"}],"wp:attachment":[{"href":"https:\/\/www.vomfeld.at\/blog\/wp-json\/wp\/v2\/media?parent=7027"}],"wp:term":[{"taxonomy":"category","embeddable":true,"href":"https:\/\/www.vomfeld.at\/blog\/wp-json\/wp\/v2\/categories?post=7027"},{"taxonomy":"post_tag","embeddable":true,"href":"https:\/\/www.vomfeld.at\/blog\/wp-json\/wp\/v2\/tags?post=7027"}],"curies":[{"name":"wp","href":"https:\/\/api.w.org\/{rel}","templated":true}]}}