{"id":6922,"date":"2021-06-09T16:37:10","date_gmt":"2021-06-09T14:37:10","guid":{"rendered":"https:\/\/www.vomfeld.at\/blog\/?p=6922"},"modified":"2021-06-14T11:36:59","modified_gmt":"2021-06-14T09:36:59","slug":"obst-gemuese-saisonkalender","status":"publish","type":"post","link":"https:\/\/www.vomfeld.at\/blog\/obst-gemuese-saisonkalender\/","title":{"rendered":"Obst &#038; Gem\u00fcse Saisonkalender"},"content":{"rendered":"[vc_row type=&#8220;in_container&#8220; full_screen_row_position=&#8220;middle&#8220; scene_position=&#8220;center&#8220; text_color=&#8220;dark&#8220; text_align=&#8220;left&#8220; overlay_strength=&#8220;0.3&#8243; shape_divider_position=&#8220;bottom&#8220;][vc_column column_padding=&#8220;no-extra-padding&#8220; column_padding_position=&#8220;all&#8220; background_color_opacity=&#8220;1&#8243; background_hover_color_opacity=&#8220;1&#8243; column_link_target=&#8220;_self&#8220; column_shadow=&#8220;none&#8220; column_border_radius=&#8220;none&#8220; width=&#8220;1\/1&#8243; tablet_width_inherit=&#8220;default&#8220; tablet_text_alignment=&#8220;default&#8220; phone_text_alignment=&#8220;default&#8220; column_border_width=&#8220;none&#8220; column_border_style=&#8220;solid&#8220;][vc_column_text]<span style=\"font-weight: 400;\">In der heutigen Zeit wird es immer wichtiger auf seinen pers\u00f6nlichen Konsum zu achten. Woher kommen meine Produkte? Wof\u00fcr gebe ich mein Geld aus? Wen unterst\u00fctze ich mit meinem Einkauf? Wie kann ich mich aktiv am Umweltschutz beteiligen und nachhaltig meine Gesundheit verbessern?<\/span><\/p>\n<p><span style=\"font-weight: 400;\">Regionales und saisonales Gem\u00fcse sowie Obst sind ein guter Start, um sich aktiv f\u00fcr Mensch und Umwelt einzusetzen. Damit du einen besseren \u00dcberblick und Durchblick hast, m\u00f6chten wir dir gerne zeigen, welches Obst und Gem\u00fcse wann saisonal in \u00d6sterreich erh\u00e4ltlich ist.<\/span><\/p>\n<h2><span style=\"font-weight: 400;\">Was bedeutet saisonal?<\/span><\/h2>\n<p><span style=\"font-weight: 400;\">Saisonal bezieht sich auf den Zeitpunkt \u2013 wann das Gem\u00fcse oder Obst geerntet wird und f\u00fcr den Verzehr zu Verf\u00fcgung steht. Die Auswahl an saisonalen Produkten h\u00e4ngt nat\u00fcrlich stark von der Jahreszeit ab. Erdbeeren im Winter werden niemals saisonal in \u00d6sterreich erh\u00e4ltlich sein, da unser Klima nicht die erforderlichen Bed\u00fcrfnisse bereitstellt.<\/span><\/p>\n<p><span style=\"font-weight: 400;\">Die meiste Auswahl an frischem Obst und Gem\u00fcse haben wir von Juni bis Oktober \u2013 in diesen Monaten sind gro\u00dfteils alle Produkte saisonal verf\u00fcgbar.<\/span><\/p>\n<h2><span style=\"font-weight: 400;\">Was bedeutet regional?<\/span><\/h2>\n<p><span style=\"font-weight: 400;\">Regional und saisonal stehen zwar in Verbindung, sind jedoch zwei sehr unterschiedliche Bereiche. Ein regionales Produkt bezieht sich auf den Standort, wo das Gem\u00fcse oder Obst angebaut und geerntet werden kann. Erdbeeren k\u00f6nnen ab Mai saisonal in \u00d6sterreich gepfl\u00fcckt werden und bezieht man sie auch aus der eigenen Region (Land, Gebiet oder Ort), dann sind sie obendrein auch noch regional.<\/span>[\/vc_column_text][divider line_type=&#8220;No Line&#8220; custom_height=&#8220;20&#8243;][image_with_animation image_url=&#8220;6930&#8243; alignment=&#8220;center&#8220; animation=&#8220;Fade In&#8220; img_link_large=&#8220;yes&#8220; border_radius=&#8220;none&#8220; box_shadow=&#8220;none&#8220; max_width=&#8220;100%&#8220;][divider line_type=&#8220;No Line&#8220; custom_height=&#8220;20&#8243;][vc_column_text]\n<h2><span style=\"font-weight: 400;\">Was macht den Unterschied aus?<\/span><\/h2>\n<p><span style=\"font-weight: 400;\">Saisonales und Regionales schmeckt oft intensiver, es werden unn\u00f6tige Umweltbelastung vermieden, die durch beispielsweise weite Transportwege entstehen. Man unterst\u00fctzt au\u00dferdem Betriebe im eigenen Land und kurbelt damit die heimische Wirtschaft an. Bei Johanna vom Feld kannst du eine Vielzahl an regionalen Obst- und Gem\u00fcsesorten vom Feld beziehen und sie dir direkt zu dir nach Hause liefern lassen.<\/span><\/p>\n<p><span style=\"font-weight: 400;\">Unser Sortiment enth\u00e4lt viele \u00f6sterreichische Produkte, aber auch Ware von au\u00dferhalb, die wir von Landwirtschaften aus anderen L\u00e4ndern beziehen. Damit k\u00f6nnen wir auf die W\u00fcnsche unserer Kundinnen und Kunden besser eingehen und einen ausgewogenen Warenkorb anbieten, welcher eine Fragmentierung des Einkaufsverhaltens reduziert und damit auch zu weniger Fahrtstrecken in Gesch\u00e4fte beitr\u00e4gt.<\/span><\/p>\n<h2><span style=\"font-weight: 400;\">Was versteht man unter Lagerware?\u00a0<\/span><\/h2>\n<p><span style=\"font-weight: 400;\">Unter Lagerware versteht man Gem\u00fcse und Obst, welches beispielsweise im August geerntet wird und \u00fcber l\u00e4ngere Zeit gelagert und somit verf\u00fcgbar ist. Kartoffel, \u00c4pfel, Birnen sowie Karotten sind sogenannte Lagerware-Produkte, die auch im Winter auf den heimischen M\u00e4rkten zu kaufen sind.\u00a0<\/span><\/p>\n<p><span style=\"font-weight: 400;\">In unserem Saisonkalender findest du eine genaue Auflistung aller Gem\u00fcse- und Obstsorten, die von J\u00e4nner bis Dezember saisonal oder als Lagerware in \u00d6sterreich erh\u00e4ltlich sind. Der Saisonkalender steht dir hier als Download zur Verf\u00fcgung.<\/span>[\/vc_column_text][divider line_type=&#8220;No Line&#8220; custom_height=&#8220;20&#8243;][\/vc_column][\/vc_row][vc_row type=&#8220;in_container&#8220; full_screen_row_position=&#8220;middle&#8220; scene_position=&#8220;center&#8220; text_color=&#8220;dark&#8220; text_align=&#8220;left&#8220; overlay_strength=&#8220;0.3&#8243; shape_divider_position=&#8220;bottom&#8220;][vc_column column_padding=&#8220;no-extra-padding&#8220; column_padding_position=&#8220;all&#8220; background_color_opacity=&#8220;1&#8243; background_hover_color_opacity=&#8220;1&#8243; column_link_target=&#8220;_self&#8220; column_shadow=&#8220;none&#8220; column_border_radius=&#8220;none&#8220; width=&#8220;1\/1&#8243; tablet_width_inherit=&#8220;default&#8220; tablet_text_alignment=&#8220;default&#8220; phone_text_alignment=&#8220;default&#8220; column_border_width=&#8220;none&#8220; column_border_style=&#8220;solid&#8220;][heading]\n<h2>Download Saisonkalender<\/h2>\n[\/heading]<div class=\"iwithtext\"><div class=\"iwt-icon\"> <i class=\"icon-default-style fa fa-file-pdf-o accent-color\"><\/i> <\/div><div class=\"iwt-text\"> \n<h3 style=\"text-align: left;\"><a href=\"https:\/\/www.vomfeld.at\/blog\/files\/vomfeld-Saisonkalender.pdf\" target=\"_blank\" rel=\"noopener\">Obst und Gem\u00fcse Saisonkalender f\u00fcr \u00f6sterreichische Produkte<\/a><\/h3>\n <\/div><div class=\"clear\"><\/div><\/div>[vc_column_text][\/vc_column_text][vc_column_text]\n<h3>J\u00e4nner<\/h3>\n<p><strong>Gem\u00fcse<\/strong><\/p>\n<ul>\n<li>Vogerlsalat<\/li>\n<li>Kartoffeln<\/li>\n<li>Topinambur<\/li>\n<li>Schwarzwurzel<\/li>\n<li>Kohlsprossen<\/li>\n<li>Gr\u00fcnkohl<\/li>\n<li>Kohlrabi<\/li>\n<li>Steckr\u00fcben<\/li>\n<li>Rosenkohl<\/li>\n<li>Pfl\u00fccksalat<\/li>\n<li>Lauch<\/li>\n<li>Chicor\u00e9e<\/li>\n<li>Karotten<\/li>\n<\/ul>\n<p><strong>Obst<\/strong><\/p>\n<ul>\n<li>\u00c4pfel<\/li>\n<li>Birnen<\/li>\n<\/ul>\n<h3>Februar<\/h3>\n<p><strong>Gem\u00fcse<\/strong><\/p>\n<ul>\n<li>Champignons<\/li>\n<li>Vogerlsalat<\/li>\n<li>Kartoffeln<\/li>\n<li>Topinambur<\/li>\n<li>Schwarzwurzel<\/li>\n<li>Kohlsprossen<\/li>\n<li>Gr\u00fcnkohl<\/li>\n<li>Kohlrabi<\/li>\n<li>Steckr\u00fcben<\/li>\n<li>Rosenkohl<\/li>\n<li>Pfl\u00fccksalat<\/li>\n<li>Lauch<\/li>\n<li>Chicor\u00e9e<\/li>\n<li>Karotten<\/li>\n<\/ul>\n<p><strong>Obst<\/strong><\/p>\n<ul>\n<li>\u00c4pfel<\/li>\n<li>Birnen<\/li>\n<\/ul>\n<h3>M\u00e4rz<\/h3>\n<p><strong>Gem\u00fcse<\/strong><\/p>\n<ul>\n<li>Champignons<\/li>\n<li>Vogerlsalat<\/li>\n<li>Kartoffeln<\/li>\n<li>Topinambur<\/li>\n<li>Schwarzwurzel<\/li>\n<li>Kohlsprossen<\/li>\n<li>Gr\u00fcnkohl<\/li>\n<li>Kohlrabi<\/li>\n<li>Steckr\u00fcben<\/li>\n<li>Rosenkohl<\/li>\n<li>Pfl\u00fccksalat<\/li>\n<li>Lauch<\/li>\n<li>Chicor\u00e9e<\/li>\n<li>Karotten<\/li>\n<li>L\u00f6wenzahn<\/li>\n<li>Vogelmiere<\/li>\n<li>B\u00e4rlauch<\/li>\n<li>Spinat<\/li>\n<li>Kresse<\/li>\n<\/ul>\n<p><strong>Obst<\/strong><\/p>\n<ul>\n<li>\u00c4pfel<\/li>\n<li>Birnen<\/li>\n<\/ul>\n<h3>April<\/h3>\n<p><strong>Gem\u00fcse<\/strong><\/p>\n<ul>\n<li>Champignons<\/li>\n<li>Vogerlsalat<\/li>\n<li>Kartoffeln<\/li>\n<li>Topinambur<\/li>\n<li>Schwarzwurzel<\/li>\n<li>Kohlsprossen<\/li>\n<li>Gr\u00fcnkohl<\/li>\n<li>Kohlrabi<\/li>\n<li>Steckr\u00fcben<\/li>\n<li>Rosenkohl<\/li>\n<li>Pfl\u00fccksalat<\/li>\n<li>Lauch<\/li>\n<li>Chicor\u00e9e<\/li>\n<li>Karotten<\/li>\n<li>L\u00f6wenzahn<\/li>\n<li>Vogelmiere<\/li>\n<li>B\u00e4rlauch<\/li>\n<li>Spinat<\/li>\n<li>Kresse<\/li>\n<li>Radieschen<\/li>\n<li>Rote R\u00fcbe<\/li>\n<li>Spargel<\/li>\n<li>Pilze<\/li>\n<li>Pastinaken<\/li>\n<\/ul>\n<p><strong>Obst<\/strong><\/p>\n<ul>\n<li>\u00c4pfel<\/li>\n<li>Birnen<\/li>\n<li>Rhabarber<\/li>\n<\/ul>\n<h3>Mai<\/h3>\n<p><strong>Gem\u00fcse<\/strong><\/p>\n<ul>\n<li>H\u00e4uptelsalat<\/li>\n<li>Karfiol<\/li>\n<li>Champignons<\/li>\n<li>Vogerlsalat<\/li>\n<li>Kartoffeln<\/li>\n<li>Topinambur<\/li>\n<li>Kohlrabi<\/li>\n<li>Rotkohl<\/li>\n<li>Fr\u00fchlingszwiebel<\/li>\n<li>Pfl\u00fccksalat<\/li>\n<li>Lauch<\/li>\n<li>Chicor\u00e9e<\/li>\n<li>Karotten<\/li>\n<li>L\u00f6wenzahn<\/li>\n<li>Rucola<\/li>\n<li>Spinat<\/li>\n<li>Radieschen<\/li>\n<li>Spargel<\/li>\n<li>Pilze<\/li>\n<li>Spitzkohl<\/li>\n<li>Wirsingkohl<\/li>\n<li>Mangold<\/li>\n<\/ul>\n<p><strong>Obst<\/strong><\/p>\n<ul>\n<li>\u00c4pfel<\/li>\n<li>Birnen<\/li>\n<li>Rhabarber<\/li>\n<li>Erdbeeren<\/li>\n<\/ul>\n<h3>Juni<\/h3>\n<p><strong>Gem\u00fcse<\/strong><\/p>\n<ul>\n<li>Karfiol<\/li>\n<li>Bohnen<\/li>\n<li>Brokkoli<\/li>\n<li>Fenchel<\/li>\n<li>Champignons<\/li>\n<li>Gurke<\/li>\n<li>Weisskohl<\/li>\n<li>Kartoffeln<\/li>\n<li>Kohlrabi<\/li>\n<li>Rotkohl<\/li>\n<li>Fr\u00fchlingszwiebel<\/li>\n<li>Lauch<\/li>\n<li>Zucchini<\/li>\n<li>Zuckerschoten<\/li>\n<li>Salate<\/li>\n<li>Karotten<\/li>\n<li>Radieschen<\/li>\n<li>Spargel<\/li>\n<li>Pilze<\/li>\n<li>Spitzkohl<\/li>\n<li>Wirsingkohl<\/li>\n<li>Mangold<\/li>\n<\/ul>\n<p><strong>Obst<\/strong><\/p>\n<ul>\n<li>Heidelbeeren<\/li>\n<li>Erdbeeren<\/li>\n<li>Himbeeren<\/li>\n<li>Kirschen<\/li>\n<li>Johannisbeeren<\/li>\n<li>Stachelbeeren<\/li>\n<li>Rhabarber<\/li>\n<li>\u00c4pfel<\/li>\n<li>Birnen<\/li>\n<\/ul>\n<h3>Juli<\/h3>\n<p><strong>Gem\u00fcse<\/strong><\/p>\n<ul>\n<li>Karfiol<\/li>\n<li>Melanzani<\/li>\n<li>Bohnen<\/li>\n<li>Brokkoli<\/li>\n<li>Fenchel<\/li>\n<li>Champignons<\/li>\n<li>Gurke<\/li>\n<li>Staudensellerie<\/li>\n<li>Paprika<\/li>\n<li>Tomaten<\/li>\n<li>Erbsen<\/li>\n<li>Weisskohl<\/li>\n<li>Kartoffeln<\/li>\n<li>Kohlrabi<\/li>\n<li>Rotkohl<\/li>\n<li>Fr\u00fchlingszwiebel<\/li>\n<li>Lauch<\/li>\n<li>Zucchini<\/li>\n<li>Zuckerschoten<\/li>\n<li>Salate<\/li>\n<li>Karotten<\/li>\n<li>Radieschen<\/li>\n<li>Pilze<\/li>\n<li>Wirsingkohl<\/li>\n<li>Mangold<\/li>\n<\/ul>\n<p><strong>Obst<\/strong><\/p>\n<ul>\n<li>Heidelbeeren<\/li>\n<li>Erdbeeren<\/li>\n<li>Himbeeren<\/li>\n<li>Kirschen<\/li>\n<li>Johannisbeeren<\/li>\n<li>Stachelbeeren<\/li>\n<li>Mirabellen<\/li>\n<li>\u00c4pfel<\/li>\n<li>Birnen<\/li>\n<li>Marillen<\/li>\n<li>Brombeeren<\/li>\n<li>Pflaumen<\/li>\n<li>Zwetschgen<\/li>\n<\/ul>\n<h3>August<\/h3>\n<p><strong>Gem\u00fcse<\/strong><\/p>\n<ul>\n<li>Karfiol<\/li>\n<li>Melanzani<\/li>\n<li>Bohnen<\/li>\n<li>Brokkoli<\/li>\n<li>Butterr\u00fcben<\/li>\n<li>Fenchel<\/li>\n<li>Champignons<\/li>\n<li>Gurke<\/li>\n<li>Staudensellerie<\/li>\n<li>Paprika<\/li>\n<li>Tomaten<\/li>\n<li>Erbsen<\/li>\n<li>Weisskohl<\/li>\n<li>Kartoffeln<\/li>\n<li>Kohlrabi<\/li>\n<li>Rotkohl<\/li>\n<li>K\u00fcrbis<\/li>\n<li>Fr\u00fchlingszwiebel<\/li>\n<li>Lauch<\/li>\n<li>Mais<\/li>\n<li>Zucchini<\/li>\n<li>Zuckerschoten<\/li>\n<li>Salate<\/li>\n<li>Karotten<\/li>\n<li>Radieschen<\/li>\n<li>Pilze<\/li>\n<li>Wirsingkohl<\/li>\n<li>Mangold<\/li>\n<\/ul>\n<p><strong>Obst<\/strong><\/p>\n<ul>\n<li>Heidelbeeren<\/li>\n<li>Himbeeren<\/li>\n<li>Kirschen<\/li>\n<li>Johannisbeeren<\/li>\n<li>Stachelbeeren<\/li>\n<li>Mirabellen<\/li>\n<li>\u00c4pfel<\/li>\n<li>Birnen<\/li>\n<li>Marillen<\/li>\n<li>Brombeeren<\/li>\n<li>Pflaumen<\/li>\n<li>Zwetschgen<\/li>\n<li>Wassermelone<\/li>\n<\/ul>\n<h3>September<\/h3>\n<p><strong>Gem\u00fcse<\/strong><\/p>\n<ul>\n<li>Karfiol<\/li>\n<li>Melanzani<\/li>\n<li>Bohnen<\/li>\n<li>Brokkoli<\/li>\n<li>Butterr\u00fcben<\/li>\n<li>Fenchel<\/li>\n<li>Champignons<\/li>\n<li>Gurke<\/li>\n<li>Staudensellerie<\/li>\n<li>Paprika<\/li>\n<li>Tomaten<\/li>\n<li>Erbsen<\/li>\n<li>Weisskohl<\/li>\n<li>Kartoffeln<\/li>\n<li>Kohlrabi<\/li>\n<li>Rotkohl<\/li>\n<li>K\u00fcrbis<\/li>\n<li>Fr\u00fchlingszwiebel<\/li>\n<li>Lauch<\/li>\n<li>Mais<\/li>\n<li>Zucchini<\/li>\n<li>Zuckerschoten<\/li>\n<li>Salate<\/li>\n<li>Karotten<\/li>\n<li>Radieschen<\/li>\n<li>Pilze<\/li>\n<li>Wirsingkohl<\/li>\n<li>Mangold<\/li>\n<\/ul>\n<p><strong>Obst<\/strong><\/p>\n<ul>\n<li>Heidelbeeren<\/li>\n<li>Himbeeren<\/li>\n<li>Kirschen<\/li>\n<li>Johannisbeeren<\/li>\n<li>Stachelbeeren<\/li>\n<li>Mirabellen<\/li>\n<li>\u00c4pfel<\/li>\n<li>Birnen<\/li>\n<li>Marillen<\/li>\n<li>Brombeeren<\/li>\n<li>Pflaumen<\/li>\n<li>Zwetschgen<\/li>\n<li>Wassermelone<\/li>\n<\/ul>\n<h3>Oktober<\/h3>\n<p><strong>Gem\u00fcse<\/strong><\/p>\n<ul>\n<li>Karfiol<\/li>\n<li>Melanzani<\/li>\n<li>Bohnen<\/li>\n<li>Brokkoli<\/li>\n<li>Gr\u00fcne Bohnen<\/li>\n<li>Rosenkohl<\/li>\n<li>Schwarzwurzel<\/li>\n<li>Butterr\u00fcben<\/li>\n<li>Fenchel<\/li>\n<li>Champignons<\/li>\n<li>Gurke<\/li>\n<li>Spinat<\/li>\n<li>Staudensellerie<\/li>\n<li>Pastinaken<\/li>\n<li>Paprika<\/li>\n<li>Tomaten<\/li>\n<li>Weisskohl<\/li>\n<li>Kartoffeln<\/li>\n<li>Kohlrabi<\/li>\n<li>Rotkohl<\/li>\n<li>K\u00fcrbis<\/li>\n<li>Fr\u00fchlingszwiebel<\/li>\n<li>Lauch<\/li>\n<li>Mais<\/li>\n<li>Zucchini<\/li>\n<li>Salate<\/li>\n<li>Karotten<\/li>\n<li>Radieschen<\/li>\n<li>Topinambur<\/li>\n<li>Pilze<\/li>\n<li>Wirsingkohl<\/li>\n<li>Mangold<\/li>\n<\/ul>\n<p><strong>Obst<\/strong><\/p>\n<ul>\n<li>Holunderbeeren<\/li>\n<li>\u00c4pfel<\/li>\n<li>Birnen<\/li>\n<li>Zwetschgen<\/li>\n<li>Wassermelone<\/li>\n<li>Quitten<\/li>\n<li>Weintrauben<\/li>\n<\/ul>\n<h3>November<\/h3>\n<p><strong>Gem\u00fcse<\/strong><\/p>\n<ul>\n<li>Rosenkohl<\/li>\n<li>Schwarzwurzel<\/li>\n<li>Butterr\u00fcben<\/li>\n<li>Fenchel<\/li>\n<li>Champignons<\/li>\n<li>Gr\u00fcnkohl<\/li>\n<li>Spinat<\/li>\n<li>Pastinaken<\/li>\n<li>Weisskohl<\/li>\n<li>Kartoffeln<\/li>\n<li>Rotkohl<\/li>\n<li>K\u00fcrbis<\/li>\n<li>Lauch<\/li>\n<li>Rote Beete<\/li>\n<li>Steckr\u00fcbe<\/li>\n<li>Karotten<\/li>\n<li>Topinambur<\/li>\n<li>Wirsingkohl<\/li>\n<li>Zwiebel<\/li>\n<\/ul>\n<p><strong>Obst<\/strong><\/p>\n<ul>\n<li>\u00c4pfel<\/li>\n<li>Birnen<\/li>\n<li>Quitten<\/li>\n<\/ul>\n<h3>Dezember<\/h3>\n<p><strong>Gem\u00fcse<\/strong><\/p>\n<ul>\n<li>Rosenkohl<\/li>\n<li>Schwarzwurzel<\/li>\n<li>Butterr\u00fcben<\/li>\n<li>Fenchel<\/li>\n<li>Champignons<\/li>\n<li>Gr\u00fcnkohl<\/li>\n<li>Pastinaken<\/li>\n<li>Weisskohl<\/li>\n<li>Kartoffeln<\/li>\n<li>Rotkohl<\/li>\n<li>K\u00fcrbis<\/li>\n<li>Lauch<\/li>\n<li>Rote Beete<\/li>\n<li>Steckr\u00fcbe<\/li>\n<li>Karotten<\/li>\n<li>Topinambur<\/li>\n<li>Wirsingkohl<\/li>\n<li>Zwiebel<\/li>\n<\/ul>\n<p><strong>Obst<\/strong><\/p>\n<ul>\n<li>\u00c4pfel<\/li>\n<li>Birnen<\/li>\n<\/ul>\n<p>&nbsp;<\/p>\n<p>&nbsp;<\/p>\n<p>&nbsp;<\/p>\n<p>&nbsp;<\/p>\n<p>&nbsp;<\/p>\n<p>&nbsp;<\/p>\n<p>&nbsp;<\/p>\n<p>&nbsp;<\/p>\n<p>&nbsp;<\/p>\n<p>&nbsp;<\/p>\n<p>&nbsp;<\/p>\n<p>&nbsp;<\/p>\n<p>&nbsp;<\/p>\n[\/vc_column_text][\/vc_column][\/vc_row]\n","protected":false},"excerpt":{"rendered":"<p>[vc_row type=&#8220;in_container&#8220; full_screen_row_position=&#8220;middle&#8220; scene_position=&#8220;center&#8220; text_color=&#8220;dark&#8220; text_align=&#8220;left&#8220; overlay_strength=&#8220;0.3&#8243; shape_divider_position=&#8220;bottom&#8220;][vc_column column_padding=&#8220;no-extra-padding&#8220; column_padding_position=&#8220;all&#8220; background_color_opacity=&#8220;1&#8243; background_hover_color_opacity=&#8220;1&#8243; column_link_target=&#8220;_self&#8220; column_shadow=&#8220;none&#8220; column_border_radius=&#8220;none&#8220;&#8230;<\/p>\n","protected":false},"author":3,"featured_media":6929,"comment_status":"closed","ping_status":"closed","sticky":false,"template":"","format":"standard","meta":{"footnotes":""},"categories":[1,24],"tags":[],"class_list":{"0":"post-6922","1":"post","2":"type-post","3":"status-publish","4":"format-standard","5":"has-post-thumbnail","7":"category-allgemein","8":"category-produkte"},"yoast_head":"<!-- This site is optimized with the Yoast SEO plugin v25.4 - https:\/\/yoast.com\/wordpress\/plugins\/seo\/ -->\n<title>Wann hat welches Obst &amp; Gem\u00fcse Saison? Saisonkalender | vomfeld.at<\/title>\n<meta name=\"description\" content=\"Wann hat welches Obst und Gem\u00fcse in \u00d6sterreich seine Saison? Erfahre alle Details dazu. \u2714 Saisonkalender zum kostenlosen Download\" \/>\n<meta name=\"robots\" content=\"index, follow, max-snippet:-1, max-image-preview:large, max-video-preview:-1\" \/>\n<link rel=\"canonical\" href=\"https:\/\/www.vomfeld.at\/blog\/obst-gemuese-saisonkalender\/\" \/>\n<meta property=\"og:locale\" content=\"de_DE\" \/>\n<meta property=\"og:type\" content=\"article\" \/>\n<meta property=\"og:title\" content=\"Wann hat welches Obst &amp; Gem\u00fcse Saison? Saisonkalender | vomfeld.at\" \/>\n<meta property=\"og:description\" content=\"Wann hat welches Obst und Gem\u00fcse in \u00d6sterreich seine Saison? Erfahre alle Details dazu. \u2714 Saisonkalender zum kostenlosen Download\" \/>\n<meta property=\"og:url\" content=\"https:\/\/www.vomfeld.at\/blog\/obst-gemuese-saisonkalender\/\" \/>\n<meta property=\"og:site_name\" content=\"Johanna vom Feld Blog\" \/>\n<meta property=\"article:publisher\" content=\"https:\/\/www.facebook.com\/vomfeld.at\/\" \/>\n<meta property=\"article:published_time\" content=\"2021-06-09T14:37:10+00:00\" \/>\n<meta property=\"article:modified_time\" content=\"2021-06-14T09:36:59+00:00\" \/>\n<meta property=\"og:image\" content=\"https:\/\/www.vomfeld.at\/blog\/wp-content\/uploads\/2021\/06\/bauer-am-feld.jpg\" \/>\n\t<meta property=\"og:image:width\" content=\"1600\" \/>\n\t<meta property=\"og:image:height\" content=\"1067\" \/>\n\t<meta property=\"og:image:type\" content=\"image\/jpeg\" \/>\n<meta name=\"author\" content=\"Johanna\" \/>\n<meta name=\"twitter:card\" content=\"summary_large_image\" \/>\n<meta name=\"twitter:label1\" content=\"Verfasst von\" \/>\n\t<meta name=\"twitter:data1\" content=\"Johanna\" \/>\n\t<meta name=\"twitter:label2\" content=\"Gesch\u00e4tzte Lesezeit\" \/>\n\t<meta name=\"twitter:data2\" content=\"4\u00a0Minuten\" \/>\n<script type=\"application\/ld+json\" class=\"yoast-schema-graph\">{\"@context\":\"https:\/\/schema.org\",\"@graph\":[{\"@type\":\"Article\",\"@id\":\"https:\/\/www.vomfeld.at\/blog\/obst-gemuese-saisonkalender\/#article\",\"isPartOf\":{\"@id\":\"https:\/\/www.vomfeld.at\/blog\/obst-gemuese-saisonkalender\/\"},\"author\":{\"name\":\"Johanna\",\"@id\":\"https:\/\/www.vomfeld.at\/blog\/#\/schema\/person\/8dab792dce4e00bc69ebf949f6eab1bf\"},\"headline\":\"Obst &#038; Gem\u00fcse Saisonkalender\",\"datePublished\":\"2021-06-09T14:37:10+00:00\",\"dateModified\":\"2021-06-14T09:36:59+00:00\",\"mainEntityOfPage\":{\"@id\":\"https:\/\/www.vomfeld.at\/blog\/obst-gemuese-saisonkalender\/\"},\"wordCount\":1155,\"publisher\":{\"@id\":\"https:\/\/www.vomfeld.at\/blog\/#organization\"},\"image\":{\"@id\":\"https:\/\/www.vomfeld.at\/blog\/obst-gemuese-saisonkalender\/#primaryimage\"},\"thumbnailUrl\":\"https:\/\/www.vomfeld.at\/blog\/wp-content\/uploads\/2021\/06\/bauer-am-feld.jpg\",\"articleSection\":{\"1\":\"Produkte\"},\"inLanguage\":\"de\"},{\"@type\":\"WebPage\",\"@id\":\"https:\/\/www.vomfeld.at\/blog\/obst-gemuese-saisonkalender\/\",\"url\":\"https:\/\/www.vomfeld.at\/blog\/obst-gemuese-saisonkalender\/\",\"name\":\"Wann hat welches Obst & Gem\u00fcse Saison? Saisonkalender | vomfeld.at\",\"isPartOf\":{\"@id\":\"https:\/\/www.vomfeld.at\/blog\/#website\"},\"primaryImageOfPage\":{\"@id\":\"https:\/\/www.vomfeld.at\/blog\/obst-gemuese-saisonkalender\/#primaryimage\"},\"image\":{\"@id\":\"https:\/\/www.vomfeld.at\/blog\/obst-gemuese-saisonkalender\/#primaryimage\"},\"thumbnailUrl\":\"https:\/\/www.vomfeld.at\/blog\/wp-content\/uploads\/2021\/06\/bauer-am-feld.jpg\",\"datePublished\":\"2021-06-09T14:37:10+00:00\",\"dateModified\":\"2021-06-14T09:36:59+00:00\",\"description\":\"Wann hat welches Obst und Gem\u00fcse in \u00d6sterreich seine Saison? Erfahre alle Details dazu. \u2714 Saisonkalender zum kostenlosen Download\",\"breadcrumb\":{\"@id\":\"https:\/\/www.vomfeld.at\/blog\/obst-gemuese-saisonkalender\/#breadcrumb\"},\"inLanguage\":\"de\",\"potentialAction\":[{\"@type\":\"ReadAction\",\"target\":[\"https:\/\/www.vomfeld.at\/blog\/obst-gemuese-saisonkalender\/\"]}]},{\"@type\":\"ImageObject\",\"inLanguage\":\"de\",\"@id\":\"https:\/\/www.vomfeld.at\/blog\/obst-gemuese-saisonkalender\/#primaryimage\",\"url\":\"https:\/\/www.vomfeld.at\/blog\/wp-content\/uploads\/2021\/06\/bauer-am-feld.jpg\",\"contentUrl\":\"https:\/\/www.vomfeld.at\/blog\/wp-content\/uploads\/2021\/06\/bauer-am-feld.jpg\",\"width\":1600,\"height\":1067,\"caption\":\"Bauer auf seinem Feld\"},{\"@type\":\"BreadcrumbList\",\"@id\":\"https:\/\/www.vomfeld.at\/blog\/obst-gemuese-saisonkalender\/#breadcrumb\",\"itemListElement\":[{\"@type\":\"ListItem\",\"position\":1,\"name\":\"Startseite\",\"item\":\"https:\/\/www.vomfeld.at\/blog\/\"},{\"@type\":\"ListItem\",\"position\":2,\"name\":\"Obst &#038; Gem\u00fcse Saisonkalender\"}]},{\"@type\":\"WebSite\",\"@id\":\"https:\/\/www.vomfeld.at\/blog\/#website\",\"url\":\"https:\/\/www.vomfeld.at\/blog\/\",\"name\":\"Johanna vom Feld Blog\",\"description\":\"Mehr aus Lebensmitteln vom Feld machen\",\"publisher\":{\"@id\":\"https:\/\/www.vomfeld.at\/blog\/#organization\"},\"potentialAction\":[{\"@type\":\"SearchAction\",\"target\":{\"@type\":\"EntryPoint\",\"urlTemplate\":\"https:\/\/www.vomfeld.at\/blog\/?s={search_term_string}\"},\"query-input\":{\"@type\":\"PropertyValueSpecification\",\"valueRequired\":true,\"valueName\":\"search_term_string\"}}],\"inLanguage\":\"de\"},{\"@type\":\"Organization\",\"@id\":\"https:\/\/www.vomfeld.at\/blog\/#organization\",\"name\":\"Johanna vom Feld\",\"url\":\"https:\/\/www.vomfeld.at\/blog\/\",\"logo\":{\"@type\":\"ImageObject\",\"inLanguage\":\"de\",\"@id\":\"https:\/\/www.vomfeld.at\/blog\/#\/schema\/logo\/image\/\",\"url\":\"https:\/\/www.vomfeld.at\/blog\/wp-content\/uploads\/2018\/10\/vomfeld-logo-large.png\",\"contentUrl\":\"https:\/\/www.vomfeld.at\/blog\/wp-content\/uploads\/2018\/10\/vomfeld-logo-large.png\",\"width\":340,\"height\":200,\"caption\":\"Johanna vom Feld\"},\"image\":{\"@id\":\"https:\/\/www.vomfeld.at\/blog\/#\/schema\/logo\/image\/\"},\"sameAs\":[\"https:\/\/www.facebook.com\/vomfeld.at\/\"]},{\"@type\":\"Person\",\"@id\":\"https:\/\/www.vomfeld.at\/blog\/#\/schema\/person\/8dab792dce4e00bc69ebf949f6eab1bf\",\"name\":\"Johanna\"}]}<\/script>\n<!-- \/ Yoast SEO plugin. -->","yoast_head_json":{"title":"Wann hat welches Obst & Gem\u00fcse Saison? Saisonkalender | vomfeld.at","description":"Wann hat welches Obst und Gem\u00fcse in \u00d6sterreich seine Saison? Erfahre alle Details dazu. \u2714 Saisonkalender zum kostenlosen Download","robots":{"index":"index","follow":"follow","max-snippet":"max-snippet:-1","max-image-preview":"max-image-preview:large","max-video-preview":"max-video-preview:-1"},"canonical":"https:\/\/www.vomfeld.at\/blog\/obst-gemuese-saisonkalender\/","og_locale":"de_DE","og_type":"article","og_title":"Wann hat welches Obst & Gem\u00fcse Saison? Saisonkalender | vomfeld.at","og_description":"Wann hat welches Obst und Gem\u00fcse in \u00d6sterreich seine Saison? Erfahre alle Details dazu. \u2714 Saisonkalender zum kostenlosen Download","og_url":"https:\/\/www.vomfeld.at\/blog\/obst-gemuese-saisonkalender\/","og_site_name":"Johanna vom Feld Blog","article_publisher":"https:\/\/www.facebook.com\/vomfeld.at\/","article_published_time":"2021-06-09T14:37:10+00:00","article_modified_time":"2021-06-14T09:36:59+00:00","og_image":[{"width":1600,"height":1067,"url":"https:\/\/www.vomfeld.at\/blog\/wp-content\/uploads\/2021\/06\/bauer-am-feld.jpg","type":"image\/jpeg"}],"author":"Johanna","twitter_card":"summary_large_image","twitter_misc":{"Verfasst von":"Johanna","Gesch\u00e4tzte Lesezeit":"4\u00a0Minuten"},"schema":{"@context":"https:\/\/schema.org","@graph":[{"@type":"Article","@id":"https:\/\/www.vomfeld.at\/blog\/obst-gemuese-saisonkalender\/#article","isPartOf":{"@id":"https:\/\/www.vomfeld.at\/blog\/obst-gemuese-saisonkalender\/"},"author":{"name":"Johanna","@id":"https:\/\/www.vomfeld.at\/blog\/#\/schema\/person\/8dab792dce4e00bc69ebf949f6eab1bf"},"headline":"Obst &#038; Gem\u00fcse Saisonkalender","datePublished":"2021-06-09T14:37:10+00:00","dateModified":"2021-06-14T09:36:59+00:00","mainEntityOfPage":{"@id":"https:\/\/www.vomfeld.at\/blog\/obst-gemuese-saisonkalender\/"},"wordCount":1155,"publisher":{"@id":"https:\/\/www.vomfeld.at\/blog\/#organization"},"image":{"@id":"https:\/\/www.vomfeld.at\/blog\/obst-gemuese-saisonkalender\/#primaryimage"},"thumbnailUrl":"https:\/\/www.vomfeld.at\/blog\/wp-content\/uploads\/2021\/06\/bauer-am-feld.jpg","articleSection":{"1":"Produkte"},"inLanguage":"de"},{"@type":"WebPage","@id":"https:\/\/www.vomfeld.at\/blog\/obst-gemuese-saisonkalender\/","url":"https:\/\/www.vomfeld.at\/blog\/obst-gemuese-saisonkalender\/","name":"Wann hat welches Obst & Gem\u00fcse Saison? Saisonkalender | vomfeld.at","isPartOf":{"@id":"https:\/\/www.vomfeld.at\/blog\/#website"},"primaryImageOfPage":{"@id":"https:\/\/www.vomfeld.at\/blog\/obst-gemuese-saisonkalender\/#primaryimage"},"image":{"@id":"https:\/\/www.vomfeld.at\/blog\/obst-gemuese-saisonkalender\/#primaryimage"},"thumbnailUrl":"https:\/\/www.vomfeld.at\/blog\/wp-content\/uploads\/2021\/06\/bauer-am-feld.jpg","datePublished":"2021-06-09T14:37:10+00:00","dateModified":"2021-06-14T09:36:59+00:00","description":"Wann hat welches Obst und Gem\u00fcse in \u00d6sterreich seine Saison? Erfahre alle Details dazu. \u2714 Saisonkalender zum kostenlosen Download","breadcrumb":{"@id":"https:\/\/www.vomfeld.at\/blog\/obst-gemuese-saisonkalender\/#breadcrumb"},"inLanguage":"de","potentialAction":[{"@type":"ReadAction","target":["https:\/\/www.vomfeld.at\/blog\/obst-gemuese-saisonkalender\/"]}]},{"@type":"ImageObject","inLanguage":"de","@id":"https:\/\/www.vomfeld.at\/blog\/obst-gemuese-saisonkalender\/#primaryimage","url":"https:\/\/www.vomfeld.at\/blog\/wp-content\/uploads\/2021\/06\/bauer-am-feld.jpg","contentUrl":"https:\/\/www.vomfeld.at\/blog\/wp-content\/uploads\/2021\/06\/bauer-am-feld.jpg","width":1600,"height":1067,"caption":"Bauer auf seinem Feld"},{"@type":"BreadcrumbList","@id":"https:\/\/www.vomfeld.at\/blog\/obst-gemuese-saisonkalender\/#breadcrumb","itemListElement":[{"@type":"ListItem","position":1,"name":"Startseite","item":"https:\/\/www.vomfeld.at\/blog\/"},{"@type":"ListItem","position":2,"name":"Obst &#038; Gem\u00fcse Saisonkalender"}]},{"@type":"WebSite","@id":"https:\/\/www.vomfeld.at\/blog\/#website","url":"https:\/\/www.vomfeld.at\/blog\/","name":"Johanna vom Feld Blog","description":"Mehr aus Lebensmitteln vom Feld machen","publisher":{"@id":"https:\/\/www.vomfeld.at\/blog\/#organization"},"potentialAction":[{"@type":"SearchAction","target":{"@type":"EntryPoint","urlTemplate":"https:\/\/www.vomfeld.at\/blog\/?s={search_term_string}"},"query-input":{"@type":"PropertyValueSpecification","valueRequired":true,"valueName":"search_term_string"}}],"inLanguage":"de"},{"@type":"Organization","@id":"https:\/\/www.vomfeld.at\/blog\/#organization","name":"Johanna vom Feld","url":"https:\/\/www.vomfeld.at\/blog\/","logo":{"@type":"ImageObject","inLanguage":"de","@id":"https:\/\/www.vomfeld.at\/blog\/#\/schema\/logo\/image\/","url":"https:\/\/www.vomfeld.at\/blog\/wp-content\/uploads\/2018\/10\/vomfeld-logo-large.png","contentUrl":"https:\/\/www.vomfeld.at\/blog\/wp-content\/uploads\/2018\/10\/vomfeld-logo-large.png","width":340,"height":200,"caption":"Johanna vom Feld"},"image":{"@id":"https:\/\/www.vomfeld.at\/blog\/#\/schema\/logo\/image\/"},"sameAs":["https:\/\/www.facebook.com\/vomfeld.at\/"]},{"@type":"Person","@id":"https:\/\/www.vomfeld.at\/blog\/#\/schema\/person\/8dab792dce4e00bc69ebf949f6eab1bf","name":"Johanna"}]}},"_links":{"self":[{"href":"https:\/\/www.vomfeld.at\/blog\/wp-json\/wp\/v2\/posts\/6922","targetHints":{"allow":["GET"]}}],"collection":[{"href":"https:\/\/www.vomfeld.at\/blog\/wp-json\/wp\/v2\/posts"}],"about":[{"href":"https:\/\/www.vomfeld.at\/blog\/wp-json\/wp\/v2\/types\/post"}],"author":[{"embeddable":true,"href":"https:\/\/www.vomfeld.at\/blog\/wp-json\/wp\/v2\/users\/3"}],"replies":[{"embeddable":true,"href":"https:\/\/www.vomfeld.at\/blog\/wp-json\/wp\/v2\/comments?post=6922"}],"version-history":[{"count":11,"href":"https:\/\/www.vomfeld.at\/blog\/wp-json\/wp\/v2\/posts\/6922\/revisions"}],"predecessor-version":[{"id":6935,"href":"https:\/\/www.vomfeld.at\/blog\/wp-json\/wp\/v2\/posts\/6922\/revisions\/6935"}],"wp:featuredmedia":[{"embeddable":true,"href":"https:\/\/www.vomfeld.at\/blog\/wp-json\/wp\/v2\/media\/6929"}],"wp:attachment":[{"href":"https:\/\/www.vomfeld.at\/blog\/wp-json\/wp\/v2\/media?parent=6922"}],"wp:term":[{"taxonomy":"category","embeddable":true,"href":"https:\/\/www.vomfeld.at\/blog\/wp-json\/wp\/v2\/categories?post=6922"},{"taxonomy":"post_tag","embeddable":true,"href":"https:\/\/www.vomfeld.at\/blog\/wp-json\/wp\/v2\/tags?post=6922"}],"curies":[{"name":"wp","href":"https:\/\/api.w.org\/{rel}","templated":true}]}}