{"id":6804,"date":"2021-02-04T10:27:01","date_gmt":"2021-02-04T09:27:01","guid":{"rendered":"https:\/\/www.vomfeld.at\/blog\/?p=6804"},"modified":"2021-02-04T18:08:53","modified_gmt":"2021-02-04T17:08:53","slug":"overnight-oats-mit-apfel-und-mandarine","status":"publish","type":"post","link":"https:\/\/www.vomfeld.at\/blog\/overnight-oats-mit-apfel-und-mandarine\/","title":{"rendered":"Overnight-Oats mit Apfel und Mandarine"},"content":{"rendered":"[vc_row type=&#8220;in_container&#8220; full_screen_row_position=&#8220;middle&#8220; scene_position=&#8220;center&#8220; text_color=&#8220;dark&#8220; text_align=&#8220;left&#8220; overlay_strength=&#8220;0.3&#8243; shape_divider_position=&#8220;bottom&#8220;][vc_column column_padding=&#8220;no-extra-padding&#8220; column_padding_position=&#8220;all&#8220; background_color_opacity=&#8220;1&#8243; background_hover_color_opacity=&#8220;1&#8243; column_link_target=&#8220;_self&#8220; column_shadow=&#8220;none&#8220; column_border_radius=&#8220;none&#8220; width=&#8220;1\/1&#8243; tablet_width_inherit=&#8220;default&#8220; tablet_text_alignment=&#8220;default&#8220; phone_text_alignment=&#8220;default&#8220; column_border_width=&#8220;none&#8220; column_border_style=&#8220;solid&#8220;][vc_column_text]<span style=\"font-weight: 400;\">Haferbrei, Porridge oder auch Oatmeal z\u00e4hlt zu den Lieblingsfr\u00fchst\u00fccksrezepten der \u00d6sterreicher und Deutschen. Besonders Menschen, die eine pflanzliche Ern\u00e4hrung bevorzugen oder viel Sport treiben schw\u00f6ren auf den Genuss von Haferflocken. Doch warum wird Hafer so gehypt &#8211; wie gesund sind Haferflocken eigentlich?\u00a0<\/span><\/p>\n<h2><span style=\"font-weight: 400;\">Was macht Haferflocken so gesund?\u00a0\u00a0<\/span><\/h2>\n<ul>\n<li style=\"font-weight: 400;\" aria-level=\"1\"><span style=\"font-weight: 400;\">Glutenarmes Getreide\u00a0<\/span><\/li>\n<li style=\"font-weight: 400;\" aria-level=\"1\"><span style=\"font-weight: 400;\">Reich an Ballaststoffen\u00a0<\/span><\/li>\n<li style=\"font-weight: 400;\" aria-level=\"1\"><span style=\"font-weight: 400;\">Enth\u00e4lt Mineralstoffe wie Magnesium, Eisen, Phosphor und Zink<\/span><\/li>\n<li style=\"font-weight: 400;\" aria-level=\"1\"><span style=\"font-weight: 400;\">Guter Vitamin B1 und Vitamin B6 Lieferant\u00a0<\/span><\/li>\n<li style=\"font-weight: 400;\" aria-level=\"1\"><span style=\"font-weight: 400;\">12g Proteine auf 100g Haferflocken\u00a0<\/span><\/li>\n<li style=\"font-weight: 400;\" aria-level=\"1\"><span style=\"font-weight: 400;\">St\u00e4rkt Knochen sowie Z\u00e4hne<\/span><\/li>\n<li style=\"font-weight: 400;\" aria-level=\"1\"><span style=\"font-weight: 400;\">Lindert Magenbeschwerden\u00a0<\/span><\/li>\n<li style=\"font-weight: 400;\" aria-level=\"1\"><span style=\"font-weight: 400;\">Gut bek\u00f6mmlich<\/span><\/li>\n<li style=\"font-weight: 400;\" aria-level=\"1\"><span style=\"font-weight: 400;\">F\u00f6rdert die Verdauung\u00a0<\/span><\/li>\n<li style=\"font-weight: 400;\" aria-level=\"1\"><span style=\"font-weight: 400;\">Kann den Cholesterinspiegel senken\u00a0<\/span><\/li>\n<\/ul>\n<h2><span style=\"font-weight: 400;\">Verwendung von Haferflocken\u00a0<\/span><\/h2>\n<p><span style=\"font-weight: 400;\">Haferflocken k\u00f6nnen als Oatmeal mit (pflanzlicher) Milch oder Wasser, als Overnight-Oats eingeweicht oder als Porridge gekocht werden. M\u00fcslis, Granolas, Kekse, Kuchen, hausgemachte pflanzliche Milch oder auch Brote k\u00f6nnen mit dem glutenarmen Getreide zubereitet werden.\u00a0<\/span><\/p>\n<h2><span style=\"font-weight: 400;\">Johannas Fr\u00fchst\u00fccksgru\u00df: Overnight Oats mit Apfel und Mandarine\u00a0\u00a0<\/span><\/h2>\n<p><span style=\"font-weight: 400;\">Damit auch du in den Genuss von einem k\u00f6stlichen <strong>Overnight-Oats-Gl\u00e4schen<\/strong> kommst, m\u00f6chten wir dir gerne \u201cJohannas Overnight Oats Rezept\u201d weitergeben. F\u00fcr dieses Rezept wurden <a href=\"https:\/\/www.vomfeld.at\/obst\/aepfel-birnen-trauben\/\" target=\"_blank\" rel=\"noopener\">Apfel<\/a>, Blaubeeren und Mandarinen verwendet &#8211; je nach Geschmack, Vorliebe und Laune kann das Obst nat\u00fcrlich ausgetauscht werden. Ebenso die N\u00fcsse k\u00f6nnen nach Geschmack gewechselt werden. <\/span><\/p>\n<p><strong>Zutaten f\u00fcr 1 Portion:<\/strong><\/p>\n<p><b>Zutaten<\/b><span style=\"font-weight: 400;\">\u00a0<\/span><\/p>\n<ul>\n<li style=\"font-weight: 400;\" aria-level=\"1\"><span style=\"font-weight: 400;\">60g Haferflocken\u00a0<\/span><\/li>\n<li style=\"font-weight: 400;\" aria-level=\"1\"><span style=\"font-weight: 400;\">30g <a href=\"https:\/\/www.vomfeld.at\/obst\/nuesse\/\" target=\"_blank\" rel=\"noopener\">N\u00fcsse<\/a> nach Wahl (z.b. Haseln\u00fcsse)\u00a0<\/span><\/li>\n<li style=\"font-weight: 400;\" aria-level=\"1\"><span style=\"font-weight: 400;\">1 mittelgro\u00dfer Apfel\u00a0<\/span><\/li>\n<li style=\"font-weight: 400;\" aria-level=\"1\"><span style=\"font-weight: 400;\">3 EL Blaubeeren (oder andere <a href=\"https:\/\/www.vomfeld.at\/obst\/beeren-waldfruechte\/\" target=\"_blank\" rel=\"noopener\">Beeren<\/a> nach Wahl)\u00a0<\/span><\/li>\n<li style=\"font-weight: 400;\" aria-level=\"1\"><span style=\"font-weight: 400;\">\u00bd Mandarine\u00a0<\/span><\/li>\n<li style=\"font-weight: 400;\" aria-level=\"1\"><span style=\"font-weight: 400;\">150-200ml Fl\u00fc\u00dfigkeit \/ je nach Vorliebe: hei\u00dfe pflanzliche Milch, Milch und\/oder Wasser\u00a0<\/span><\/li>\n<li style=\"font-weight: 400;\" aria-level=\"1\"><span style=\"font-weight: 400;\">Etwas Zimt\u00a0<\/span><\/li>\n<li style=\"font-weight: 400;\" aria-level=\"1\"><span style=\"font-weight: 400;\">Etwas Leinsamen\u00a0<\/span><\/li>\n<li style=\"font-weight: 400;\" aria-level=\"1\"><span style=\"font-weight: 400;\">Optional: S\u00fc\u00dfungsmittel wie Zucker, Kokosbl\u00fctenzucker, Agavensirup \u2026\u00a0<\/span><\/li>\n<\/ul>\n<p><b>Zubereitung<\/b><span style=\"font-weight: 400;\">\u00a0<\/span><\/p>\n<ol>\n<li><span style=\"font-weight: 400;\">Fl\u00fcssigkeit kurz aufkochen und vom Herd nehmen.\u00a0<\/span><\/li>\n<li><span style=\"font-weight: 400;\">Apfel raspeln und Mandarine halbieren.\u00a0<\/span><\/li>\n<li><span style=\"font-weight: 400;\">Trockenen Zutaten abwechselnd ins Glas f\u00fcllen und mit der gekochten Fl\u00fcssigkeit \u00fcbergie\u00dfen bis das Glas gef\u00fcllt ist.\u00a0<\/span><\/li>\n<li><span style=\"font-weight: 400;\">Nun verschlie\u00dfen und \u00fcber Nacht ziehen lassen.\u00a0<\/span><\/li>\n<li><span style=\"font-weight: 400;\">Zum Fr\u00fchst\u00fcck, als Snack im B\u00fcro oder kleines Mittagessen genie\u00dfen &#8211; Mahlzeit! <\/span><\/li>\n<\/ol>\n<p><span style=\"font-weight: 400;\"><strong>Kleiner Tipp:<\/strong> Verwende ein Schraubglas, wie ein altes Marmeladenglas und genie\u00dfe dein Oatmeal auch unterwegs. Wir w\u00fcnschen dir einen guten Appetit und viel Freude mit diesem winterlichem Fr\u00fchst\u00fccksrezept.\u00a0<\/span>[\/vc_column_text][\/vc_column][\/vc_row]\n","protected":false},"excerpt":{"rendered":"<p>[vc_row type=&#8220;in_container&#8220; full_screen_row_position=&#8220;middle&#8220; scene_position=&#8220;center&#8220; text_color=&#8220;dark&#8220; text_align=&#8220;left&#8220; overlay_strength=&#8220;0.3&#8243; shape_divider_position=&#8220;bottom&#8220;][vc_column column_padding=&#8220;no-extra-padding&#8220; column_padding_position=&#8220;all&#8220; background_color_opacity=&#8220;1&#8243; background_hover_color_opacity=&#8220;1&#8243; column_link_target=&#8220;_self&#8220; column_shadow=&#8220;none&#8220; column_border_radius=&#8220;none&#8220;&#8230;<\/p>\n","protected":false},"author":3,"featured_media":6813,"comment_status":"closed","ping_status":"closed","sticky":false,"template":"","format":"standard","meta":{"footnotes":""},"categories":[25],"tags":[],"class_list":{"0":"post-6804","1":"post","2":"type-post","3":"status-publish","4":"format-standard","5":"has-post-thumbnail","7":"category-rezepte"},"yoast_head":"<!-- This site is optimized with the Yoast SEO plugin v25.4 - https:\/\/yoast.com\/wordpress\/plugins\/seo\/ -->\n<title>Rezept: Overnight-Oats mit Apfel und Mandarine &#060; Johanna vom Feld Blog<\/title>\n<meta name=\"description\" content=\"Overnight-Oats mit Apfel und Mandarine - Johanna vom Feld Rezept. Veganes Fr\u00fchst\u00fcck mit Haferflocken und saisonalem Obst zum Nachmachen\" \/>\n<meta name=\"robots\" content=\"index, follow, max-snippet:-1, max-image-preview:large, max-video-preview:-1\" \/>\n<link rel=\"canonical\" href=\"https:\/\/www.vomfeld.at\/blog\/overnight-oats-mit-apfel-und-mandarine\/\" \/>\n<meta property=\"og:locale\" content=\"de_DE\" \/>\n<meta property=\"og:type\" content=\"article\" \/>\n<meta property=\"og:title\" content=\"Rezept: Overnight-Oats mit Apfel und Mandarine &#060; Johanna vom Feld Blog\" \/>\n<meta property=\"og:description\" content=\"Overnight-Oats mit Apfel und Mandarine - Johanna vom Feld Rezept. Veganes Fr\u00fchst\u00fcck mit Haferflocken und saisonalem Obst zum Nachmachen\" \/>\n<meta property=\"og:url\" content=\"https:\/\/www.vomfeld.at\/blog\/overnight-oats-mit-apfel-und-mandarine\/\" \/>\n<meta property=\"og:site_name\" content=\"Johanna vom Feld Blog\" \/>\n<meta property=\"article:publisher\" content=\"https:\/\/www.facebook.com\/vomfeld.at\/\" \/>\n<meta property=\"article:published_time\" content=\"2021-02-04T09:27:01+00:00\" \/>\n<meta property=\"article:modified_time\" content=\"2021-02-04T17:08:53+00:00\" \/>\n<meta property=\"og:image\" content=\"https:\/\/www.vomfeld.at\/blog\/wp-content\/uploads\/2021\/02\/Overnight-Oats-mit-winterlichem-Obst-min-1.jpg\" \/>\n\t<meta property=\"og:image:width\" content=\"1600\" \/>\n\t<meta property=\"og:image:height\" content=\"900\" \/>\n\t<meta property=\"og:image:type\" content=\"image\/jpeg\" \/>\n<meta name=\"author\" content=\"Johanna\" \/>\n<meta name=\"twitter:card\" content=\"summary_large_image\" \/>\n<meta name=\"twitter:label1\" content=\"Verfasst von\" \/>\n\t<meta name=\"twitter:data1\" content=\"Johanna\" \/>\n\t<meta name=\"twitter:label2\" content=\"Gesch\u00e4tzte Lesezeit\" \/>\n\t<meta name=\"twitter:data2\" content=\"2\u00a0Minuten\" \/>\n<script type=\"application\/ld+json\" class=\"yoast-schema-graph\">{\"@context\":\"https:\/\/schema.org\",\"@graph\":[{\"@type\":\"Article\",\"@id\":\"https:\/\/www.vomfeld.at\/blog\/overnight-oats-mit-apfel-und-mandarine\/#article\",\"isPartOf\":{\"@id\":\"https:\/\/www.vomfeld.at\/blog\/overnight-oats-mit-apfel-und-mandarine\/\"},\"author\":{\"name\":\"Johanna\",\"@id\":\"https:\/\/www.vomfeld.at\/blog\/#\/schema\/person\/8dab792dce4e00bc69ebf949f6eab1bf\"},\"headline\":\"Overnight-Oats mit Apfel und Mandarine\",\"datePublished\":\"2021-02-04T09:27:01+00:00\",\"dateModified\":\"2021-02-04T17:08:53+00:00\",\"mainEntityOfPage\":{\"@id\":\"https:\/\/www.vomfeld.at\/blog\/overnight-oats-mit-apfel-und-mandarine\/\"},\"wordCount\":437,\"publisher\":{\"@id\":\"https:\/\/www.vomfeld.at\/blog\/#organization\"},\"image\":{\"@id\":\"https:\/\/www.vomfeld.at\/blog\/overnight-oats-mit-apfel-und-mandarine\/#primaryimage\"},\"thumbnailUrl\":\"https:\/\/www.vomfeld.at\/blog\/wp-content\/uploads\/2021\/02\/Overnight-Oats-mit-winterlichem-Obst-min-1.jpg\",\"articleSection\":[\"Rezepte\"],\"inLanguage\":\"de\"},{\"@type\":\"WebPage\",\"@id\":\"https:\/\/www.vomfeld.at\/blog\/overnight-oats-mit-apfel-und-mandarine\/\",\"url\":\"https:\/\/www.vomfeld.at\/blog\/overnight-oats-mit-apfel-und-mandarine\/\",\"name\":\"Rezept: Overnight-Oats mit Apfel und Mandarine &#060; Johanna vom Feld Blog\",\"isPartOf\":{\"@id\":\"https:\/\/www.vomfeld.at\/blog\/#website\"},\"primaryImageOfPage\":{\"@id\":\"https:\/\/www.vomfeld.at\/blog\/overnight-oats-mit-apfel-und-mandarine\/#primaryimage\"},\"image\":{\"@id\":\"https:\/\/www.vomfeld.at\/blog\/overnight-oats-mit-apfel-und-mandarine\/#primaryimage\"},\"thumbnailUrl\":\"https:\/\/www.vomfeld.at\/blog\/wp-content\/uploads\/2021\/02\/Overnight-Oats-mit-winterlichem-Obst-min-1.jpg\",\"datePublished\":\"2021-02-04T09:27:01+00:00\",\"dateModified\":\"2021-02-04T17:08:53+00:00\",\"description\":\"Overnight-Oats mit Apfel und Mandarine - Johanna vom Feld Rezept. Veganes Fr\u00fchst\u00fcck mit Haferflocken und saisonalem Obst zum Nachmachen\",\"breadcrumb\":{\"@id\":\"https:\/\/www.vomfeld.at\/blog\/overnight-oats-mit-apfel-und-mandarine\/#breadcrumb\"},\"inLanguage\":\"de\",\"potentialAction\":[{\"@type\":\"ReadAction\",\"target\":[\"https:\/\/www.vomfeld.at\/blog\/overnight-oats-mit-apfel-und-mandarine\/\"]}]},{\"@type\":\"ImageObject\",\"inLanguage\":\"de\",\"@id\":\"https:\/\/www.vomfeld.at\/blog\/overnight-oats-mit-apfel-und-mandarine\/#primaryimage\",\"url\":\"https:\/\/www.vomfeld.at\/blog\/wp-content\/uploads\/2021\/02\/Overnight-Oats-mit-winterlichem-Obst-min-1.jpg\",\"contentUrl\":\"https:\/\/www.vomfeld.at\/blog\/wp-content\/uploads\/2021\/02\/Overnight-Oats-mit-winterlichem-Obst-min-1.jpg\",\"width\":1600,\"height\":900},{\"@type\":\"BreadcrumbList\",\"@id\":\"https:\/\/www.vomfeld.at\/blog\/overnight-oats-mit-apfel-und-mandarine\/#breadcrumb\",\"itemListElement\":[{\"@type\":\"ListItem\",\"position\":1,\"name\":\"Startseite\",\"item\":\"https:\/\/www.vomfeld.at\/blog\/\"},{\"@type\":\"ListItem\",\"position\":2,\"name\":\"Overnight-Oats mit Apfel und Mandarine\"}]},{\"@type\":\"WebSite\",\"@id\":\"https:\/\/www.vomfeld.at\/blog\/#website\",\"url\":\"https:\/\/www.vomfeld.at\/blog\/\",\"name\":\"Johanna vom Feld Blog\",\"description\":\"Mehr aus Lebensmitteln vom Feld machen\",\"publisher\":{\"@id\":\"https:\/\/www.vomfeld.at\/blog\/#organization\"},\"potentialAction\":[{\"@type\":\"SearchAction\",\"target\":{\"@type\":\"EntryPoint\",\"urlTemplate\":\"https:\/\/www.vomfeld.at\/blog\/?s={search_term_string}\"},\"query-input\":{\"@type\":\"PropertyValueSpecification\",\"valueRequired\":true,\"valueName\":\"search_term_string\"}}],\"inLanguage\":\"de\"},{\"@type\":\"Organization\",\"@id\":\"https:\/\/www.vomfeld.at\/blog\/#organization\",\"name\":\"Johanna vom Feld\",\"url\":\"https:\/\/www.vomfeld.at\/blog\/\",\"logo\":{\"@type\":\"ImageObject\",\"inLanguage\":\"de\",\"@id\":\"https:\/\/www.vomfeld.at\/blog\/#\/schema\/logo\/image\/\",\"url\":\"https:\/\/www.vomfeld.at\/blog\/wp-content\/uploads\/2018\/10\/vomfeld-logo-large.png\",\"contentUrl\":\"https:\/\/www.vomfeld.at\/blog\/wp-content\/uploads\/2018\/10\/vomfeld-logo-large.png\",\"width\":340,\"height\":200,\"caption\":\"Johanna vom Feld\"},\"image\":{\"@id\":\"https:\/\/www.vomfeld.at\/blog\/#\/schema\/logo\/image\/\"},\"sameAs\":[\"https:\/\/www.facebook.com\/vomfeld.at\/\"]},{\"@type\":\"Person\",\"@id\":\"https:\/\/www.vomfeld.at\/blog\/#\/schema\/person\/8dab792dce4e00bc69ebf949f6eab1bf\",\"name\":\"Johanna\"}]}<\/script>\n<!-- \/ Yoast SEO plugin. -->","yoast_head_json":{"title":"Rezept: Overnight-Oats mit Apfel und Mandarine &#060; Johanna vom Feld Blog","description":"Overnight-Oats mit Apfel und Mandarine - Johanna vom Feld Rezept. Veganes Fr\u00fchst\u00fcck mit Haferflocken und saisonalem Obst zum Nachmachen","robots":{"index":"index","follow":"follow","max-snippet":"max-snippet:-1","max-image-preview":"max-image-preview:large","max-video-preview":"max-video-preview:-1"},"canonical":"https:\/\/www.vomfeld.at\/blog\/overnight-oats-mit-apfel-und-mandarine\/","og_locale":"de_DE","og_type":"article","og_title":"Rezept: Overnight-Oats mit Apfel und Mandarine &#060; Johanna vom Feld Blog","og_description":"Overnight-Oats mit Apfel und Mandarine - Johanna vom Feld Rezept. Veganes Fr\u00fchst\u00fcck mit Haferflocken und saisonalem Obst zum Nachmachen","og_url":"https:\/\/www.vomfeld.at\/blog\/overnight-oats-mit-apfel-und-mandarine\/","og_site_name":"Johanna vom Feld Blog","article_publisher":"https:\/\/www.facebook.com\/vomfeld.at\/","article_published_time":"2021-02-04T09:27:01+00:00","article_modified_time":"2021-02-04T17:08:53+00:00","og_image":[{"width":1600,"height":900,"url":"https:\/\/www.vomfeld.at\/blog\/wp-content\/uploads\/2021\/02\/Overnight-Oats-mit-winterlichem-Obst-min-1.jpg","type":"image\/jpeg"}],"author":"Johanna","twitter_card":"summary_large_image","twitter_misc":{"Verfasst von":"Johanna","Gesch\u00e4tzte Lesezeit":"2\u00a0Minuten"},"schema":{"@context":"https:\/\/schema.org","@graph":[{"@type":"Article","@id":"https:\/\/www.vomfeld.at\/blog\/overnight-oats-mit-apfel-und-mandarine\/#article","isPartOf":{"@id":"https:\/\/www.vomfeld.at\/blog\/overnight-oats-mit-apfel-und-mandarine\/"},"author":{"name":"Johanna","@id":"https:\/\/www.vomfeld.at\/blog\/#\/schema\/person\/8dab792dce4e00bc69ebf949f6eab1bf"},"headline":"Overnight-Oats mit Apfel und Mandarine","datePublished":"2021-02-04T09:27:01+00:00","dateModified":"2021-02-04T17:08:53+00:00","mainEntityOfPage":{"@id":"https:\/\/www.vomfeld.at\/blog\/overnight-oats-mit-apfel-und-mandarine\/"},"wordCount":437,"publisher":{"@id":"https:\/\/www.vomfeld.at\/blog\/#organization"},"image":{"@id":"https:\/\/www.vomfeld.at\/blog\/overnight-oats-mit-apfel-und-mandarine\/#primaryimage"},"thumbnailUrl":"https:\/\/www.vomfeld.at\/blog\/wp-content\/uploads\/2021\/02\/Overnight-Oats-mit-winterlichem-Obst-min-1.jpg","articleSection":["Rezepte"],"inLanguage":"de"},{"@type":"WebPage","@id":"https:\/\/www.vomfeld.at\/blog\/overnight-oats-mit-apfel-und-mandarine\/","url":"https:\/\/www.vomfeld.at\/blog\/overnight-oats-mit-apfel-und-mandarine\/","name":"Rezept: Overnight-Oats mit Apfel und Mandarine &#060; Johanna vom Feld Blog","isPartOf":{"@id":"https:\/\/www.vomfeld.at\/blog\/#website"},"primaryImageOfPage":{"@id":"https:\/\/www.vomfeld.at\/blog\/overnight-oats-mit-apfel-und-mandarine\/#primaryimage"},"image":{"@id":"https:\/\/www.vomfeld.at\/blog\/overnight-oats-mit-apfel-und-mandarine\/#primaryimage"},"thumbnailUrl":"https:\/\/www.vomfeld.at\/blog\/wp-content\/uploads\/2021\/02\/Overnight-Oats-mit-winterlichem-Obst-min-1.jpg","datePublished":"2021-02-04T09:27:01+00:00","dateModified":"2021-02-04T17:08:53+00:00","description":"Overnight-Oats mit Apfel und Mandarine - Johanna vom Feld Rezept. Veganes Fr\u00fchst\u00fcck mit Haferflocken und saisonalem Obst zum Nachmachen","breadcrumb":{"@id":"https:\/\/www.vomfeld.at\/blog\/overnight-oats-mit-apfel-und-mandarine\/#breadcrumb"},"inLanguage":"de","potentialAction":[{"@type":"ReadAction","target":["https:\/\/www.vomfeld.at\/blog\/overnight-oats-mit-apfel-und-mandarine\/"]}]},{"@type":"ImageObject","inLanguage":"de","@id":"https:\/\/www.vomfeld.at\/blog\/overnight-oats-mit-apfel-und-mandarine\/#primaryimage","url":"https:\/\/www.vomfeld.at\/blog\/wp-content\/uploads\/2021\/02\/Overnight-Oats-mit-winterlichem-Obst-min-1.jpg","contentUrl":"https:\/\/www.vomfeld.at\/blog\/wp-content\/uploads\/2021\/02\/Overnight-Oats-mit-winterlichem-Obst-min-1.jpg","width":1600,"height":900},{"@type":"BreadcrumbList","@id":"https:\/\/www.vomfeld.at\/blog\/overnight-oats-mit-apfel-und-mandarine\/#breadcrumb","itemListElement":[{"@type":"ListItem","position":1,"name":"Startseite","item":"https:\/\/www.vomfeld.at\/blog\/"},{"@type":"ListItem","position":2,"name":"Overnight-Oats mit Apfel und Mandarine"}]},{"@type":"WebSite","@id":"https:\/\/www.vomfeld.at\/blog\/#website","url":"https:\/\/www.vomfeld.at\/blog\/","name":"Johanna vom Feld Blog","description":"Mehr aus Lebensmitteln vom Feld machen","publisher":{"@id":"https:\/\/www.vomfeld.at\/blog\/#organization"},"potentialAction":[{"@type":"SearchAction","target":{"@type":"EntryPoint","urlTemplate":"https:\/\/www.vomfeld.at\/blog\/?s={search_term_string}"},"query-input":{"@type":"PropertyValueSpecification","valueRequired":true,"valueName":"search_term_string"}}],"inLanguage":"de"},{"@type":"Organization","@id":"https:\/\/www.vomfeld.at\/blog\/#organization","name":"Johanna vom Feld","url":"https:\/\/www.vomfeld.at\/blog\/","logo":{"@type":"ImageObject","inLanguage":"de","@id":"https:\/\/www.vomfeld.at\/blog\/#\/schema\/logo\/image\/","url":"https:\/\/www.vomfeld.at\/blog\/wp-content\/uploads\/2018\/10\/vomfeld-logo-large.png","contentUrl":"https:\/\/www.vomfeld.at\/blog\/wp-content\/uploads\/2018\/10\/vomfeld-logo-large.png","width":340,"height":200,"caption":"Johanna vom Feld"},"image":{"@id":"https:\/\/www.vomfeld.at\/blog\/#\/schema\/logo\/image\/"},"sameAs":["https:\/\/www.facebook.com\/vomfeld.at\/"]},{"@type":"Person","@id":"https:\/\/www.vomfeld.at\/blog\/#\/schema\/person\/8dab792dce4e00bc69ebf949f6eab1bf","name":"Johanna"}]}},"_links":{"self":[{"href":"https:\/\/www.vomfeld.at\/blog\/wp-json\/wp\/v2\/posts\/6804","targetHints":{"allow":["GET"]}}],"collection":[{"href":"https:\/\/www.vomfeld.at\/blog\/wp-json\/wp\/v2\/posts"}],"about":[{"href":"https:\/\/www.vomfeld.at\/blog\/wp-json\/wp\/v2\/types\/post"}],"author":[{"embeddable":true,"href":"https:\/\/www.vomfeld.at\/blog\/wp-json\/wp\/v2\/users\/3"}],"replies":[{"embeddable":true,"href":"https:\/\/www.vomfeld.at\/blog\/wp-json\/wp\/v2\/comments?post=6804"}],"version-history":[{"count":6,"href":"https:\/\/www.vomfeld.at\/blog\/wp-json\/wp\/v2\/posts\/6804\/revisions"}],"predecessor-version":[{"id":6846,"href":"https:\/\/www.vomfeld.at\/blog\/wp-json\/wp\/v2\/posts\/6804\/revisions\/6846"}],"wp:featuredmedia":[{"embeddable":true,"href":"https:\/\/www.vomfeld.at\/blog\/wp-json\/wp\/v2\/media\/6813"}],"wp:attachment":[{"href":"https:\/\/www.vomfeld.at\/blog\/wp-json\/wp\/v2\/media?parent=6804"}],"wp:term":[{"taxonomy":"category","embeddable":true,"href":"https:\/\/www.vomfeld.at\/blog\/wp-json\/wp\/v2\/categories?post=6804"},{"taxonomy":"post_tag","embeddable":true,"href":"https:\/\/www.vomfeld.at\/blog\/wp-json\/wp\/v2\/tags?post=6804"}],"curies":[{"name":"wp","href":"https:\/\/api.w.org\/{rel}","templated":true}]}}