{"id":6622,"date":"2020-07-01T14:13:14","date_gmt":"2020-07-01T12:13:14","guid":{"rendered":"https:\/\/www.vomfeld.at\/blog\/?p=6622"},"modified":"2020-07-01T14:13:19","modified_gmt":"2020-07-01T12:13:19","slug":"steirer-smoothie","status":"publish","type":"post","link":"https:\/\/www.vomfeld.at\/blog\/steirer-smoothie\/","title":{"rendered":"Steirer Smoothie"},"content":{"rendered":"[vc_row type=&#8220;in_container&#8220; full_screen_row_position=&#8220;middle&#8220; scene_position=&#8220;center&#8220; text_color=&#8220;dark&#8220; text_align=&#8220;left&#8220; overlay_strength=&#8220;0.3&#8243; shape_divider_position=&#8220;bottom&#8220;][vc_column column_padding=&#8220;no-extra-padding&#8220; column_padding_position=&#8220;all&#8220; background_color_opacity=&#8220;1&#8243; background_hover_color_opacity=&#8220;1&#8243; column_link_target=&#8220;_self&#8220; column_shadow=&#8220;none&#8220; column_border_radius=&#8220;none&#8220; width=&#8220;1\/1&#8243; tablet_width_inherit=&#8220;default&#8220; tablet_text_alignment=&#8220;default&#8220; phone_text_alignment=&#8220;default&#8220; column_border_width=&#8220;none&#8220; column_border_style=&#8220;solid&#8220;][vc_column_text]Der Steirer Smoothie schmeckt lecker, ist gesund und die Zutaten kommen aus der Region! Was willst du mehr?<\/p>\n<p><strong>Zutaten f\u00fcr einen Steirer-Smoothie f\u00fcr 2 Personen:<\/strong><\/p>\n<ul>\n<li><span style=\"font-weight: 400;\">\u00bd Salatgurke<\/span><\/li>\n<li><span style=\"font-weight: 400;\">1 Apfel<\/span><\/li>\n<li><span style=\"font-weight: 400;\">1-2 EL Leinsamen<\/span><\/li>\n<li><span style=\"font-weight: 400;\">1-2 EL K\u00fcrbiskerne<\/span><\/li>\n<li><span style=\"font-weight: 400;\">3-5 Salatbl\u00e4tter vom Grazer Krauth\u00e4uptel<\/span><\/li>\n<li><span style=\"font-weight: 400;\">100ml Buttermilch<\/span><\/li>\n<li><span style=\"font-weight: 400;\">200-300ml Wasser<\/span><\/li>\n<\/ul>\n<p><strong>Zubereitung:<\/strong><\/p>\n<p><span style=\"font-weight: 400;\">Der Steirer Smoothie eignet sich sehr gut, wenn du noch Salatbl\u00e4tter vom Krauth\u00e4uptel \u00fcbrig hast. Diese Bl\u00e4tter m\u00fcssen nicht mehr so top frisch sein, als wenn du Sie f\u00fcr einen abgemachten Salat verwendest. Sie d\u00fcrfen jedoch nicht auch nicht matschig sein.<\/span><\/p>\n<ol>\n<li><span style=\"font-weight: 400;\">Alle Zutaten in einen Standmixer f\u00fcllen und gut durchmixen.<\/span><\/li>\n<li><span style=\"font-weight: 400;\">In zwei Gl\u00e4ser f\u00fcllen und genie\u00dfen.<\/span><\/li>\n<li><span style=\"font-weight: 400;\">An hei\u00dfen Tagen kann man zus\u00e4tzlich noch frische Minzbl\u00e4tter und Eisw\u00fcrfel hinzuf\u00fcgen.<\/span><\/li>\n<\/ol>\n[\/vc_column_text][\/vc_column][\/vc_row]\n","protected":false},"excerpt":{"rendered":"<p>[vc_row type=&#8220;in_container&#8220; full_screen_row_position=&#8220;middle&#8220; scene_position=&#8220;center&#8220; text_color=&#8220;dark&#8220; text_align=&#8220;left&#8220; overlay_strength=&#8220;0.3&#8243; shape_divider_position=&#8220;bottom&#8220;][vc_column column_padding=&#8220;no-extra-padding&#8220; column_padding_position=&#8220;all&#8220; background_color_opacity=&#8220;1&#8243; background_hover_color_opacity=&#8220;1&#8243; column_link_target=&#8220;_self&#8220; column_shadow=&#8220;none&#8220; column_border_radius=&#8220;none&#8220;&#8230;<\/p>\n","protected":false},"author":3,"featured_media":6624,"comment_status":"closed","ping_status":"closed","sticky":false,"template":"","format":"standard","meta":{"footnotes":""},"categories":[25],"tags":[],"class_list":{"0":"post-6622","1":"post","2":"type-post","3":"status-publish","4":"format-standard","5":"has-post-thumbnail","7":"category-rezepte"},"yoast_head":"<!-- This site is optimized with the Yoast SEO plugin v25.4 - https:\/\/yoast.com\/wordpress\/plugins\/seo\/ -->\n<title>Rezept: Steirer Smoothie &#060; Johanna vom Feld Blog<\/title>\n<meta name=\"description\" content=\"Smoothie mit Salat, Gurken, K\u00fcrbiskernen und anderen steierischen Produkten. Schmeckt lecker, ist gesund und kommt aus der Region. Was willst du mehr?\" \/>\n<meta name=\"robots\" content=\"index, follow, max-snippet:-1, max-image-preview:large, max-video-preview:-1\" \/>\n<link rel=\"canonical\" href=\"https:\/\/www.vomfeld.at\/blog\/steirer-smoothie\/\" \/>\n<meta property=\"og:locale\" content=\"de_DE\" \/>\n<meta property=\"og:type\" content=\"article\" \/>\n<meta property=\"og:title\" content=\"Rezept: Steirer Smoothie &#060; Johanna vom Feld Blog\" \/>\n<meta property=\"og:description\" content=\"Smoothie mit Salat, Gurken, K\u00fcrbiskernen und anderen steierischen Produkten. Schmeckt lecker, ist gesund und kommt aus der Region. Was willst du mehr?\" \/>\n<meta property=\"og:url\" content=\"https:\/\/www.vomfeld.at\/blog\/steirer-smoothie\/\" \/>\n<meta property=\"og:site_name\" content=\"Johanna vom Feld Blog\" \/>\n<meta property=\"article:publisher\" content=\"https:\/\/www.facebook.com\/vomfeld.at\/\" \/>\n<meta property=\"article:published_time\" content=\"2020-07-01T12:13:14+00:00\" \/>\n<meta property=\"article:modified_time\" content=\"2020-07-01T12:13:19+00:00\" \/>\n<meta property=\"og:image\" content=\"https:\/\/www.vomfeld.at\/blog\/wp-content\/uploads\/2020\/07\/steirer-smoothie.jpg\" \/>\n\t<meta property=\"og:image:width\" content=\"1600\" \/>\n\t<meta property=\"og:image:height\" content=\"920\" \/>\n\t<meta property=\"og:image:type\" content=\"image\/jpeg\" \/>\n<meta name=\"author\" content=\"Johanna\" \/>\n<meta name=\"twitter:card\" content=\"summary_large_image\" \/>\n<meta name=\"twitter:label1\" content=\"Verfasst von\" \/>\n\t<meta name=\"twitter:data1\" content=\"Johanna\" \/>\n\t<meta name=\"twitter:label2\" content=\"Gesch\u00e4tzte Lesezeit\" \/>\n\t<meta name=\"twitter:data2\" content=\"1\u00a0Minute\" \/>\n<script type=\"application\/ld+json\" class=\"yoast-schema-graph\">{\"@context\":\"https:\/\/schema.org\",\"@graph\":[{\"@type\":\"Article\",\"@id\":\"https:\/\/www.vomfeld.at\/blog\/steirer-smoothie\/#article\",\"isPartOf\":{\"@id\":\"https:\/\/www.vomfeld.at\/blog\/steirer-smoothie\/\"},\"author\":{\"name\":\"Johanna\",\"@id\":\"https:\/\/www.vomfeld.at\/blog\/#\/schema\/person\/8dab792dce4e00bc69ebf949f6eab1bf\"},\"headline\":\"Steirer Smoothie\",\"datePublished\":\"2020-07-01T12:13:14+00:00\",\"dateModified\":\"2020-07-01T12:13:19+00:00\",\"mainEntityOfPage\":{\"@id\":\"https:\/\/www.vomfeld.at\/blog\/steirer-smoothie\/\"},\"wordCount\":216,\"publisher\":{\"@id\":\"https:\/\/www.vomfeld.at\/blog\/#organization\"},\"image\":{\"@id\":\"https:\/\/www.vomfeld.at\/blog\/steirer-smoothie\/#primaryimage\"},\"thumbnailUrl\":\"https:\/\/www.vomfeld.at\/blog\/wp-content\/uploads\/2020\/07\/steirer-smoothie.jpg\",\"articleSection\":[\"Rezepte\"],\"inLanguage\":\"de\"},{\"@type\":\"WebPage\",\"@id\":\"https:\/\/www.vomfeld.at\/blog\/steirer-smoothie\/\",\"url\":\"https:\/\/www.vomfeld.at\/blog\/steirer-smoothie\/\",\"name\":\"Rezept: Steirer Smoothie &#060; Johanna vom Feld Blog\",\"isPartOf\":{\"@id\":\"https:\/\/www.vomfeld.at\/blog\/#website\"},\"primaryImageOfPage\":{\"@id\":\"https:\/\/www.vomfeld.at\/blog\/steirer-smoothie\/#primaryimage\"},\"image\":{\"@id\":\"https:\/\/www.vomfeld.at\/blog\/steirer-smoothie\/#primaryimage\"},\"thumbnailUrl\":\"https:\/\/www.vomfeld.at\/blog\/wp-content\/uploads\/2020\/07\/steirer-smoothie.jpg\",\"datePublished\":\"2020-07-01T12:13:14+00:00\",\"dateModified\":\"2020-07-01T12:13:19+00:00\",\"description\":\"Smoothie mit Salat, Gurken, K\u00fcrbiskernen und anderen steierischen Produkten. Schmeckt lecker, ist gesund und kommt aus der Region. Was willst du mehr?\",\"breadcrumb\":{\"@id\":\"https:\/\/www.vomfeld.at\/blog\/steirer-smoothie\/#breadcrumb\"},\"inLanguage\":\"de\",\"potentialAction\":[{\"@type\":\"ReadAction\",\"target\":[\"https:\/\/www.vomfeld.at\/blog\/steirer-smoothie\/\"]}]},{\"@type\":\"ImageObject\",\"inLanguage\":\"de\",\"@id\":\"https:\/\/www.vomfeld.at\/blog\/steirer-smoothie\/#primaryimage\",\"url\":\"https:\/\/www.vomfeld.at\/blog\/wp-content\/uploads\/2020\/07\/steirer-smoothie.jpg\",\"contentUrl\":\"https:\/\/www.vomfeld.at\/blog\/wp-content\/uploads\/2020\/07\/steirer-smoothie.jpg\",\"width\":1600,\"height\":920,\"caption\":\"Steirer Smoothie\"},{\"@type\":\"BreadcrumbList\",\"@id\":\"https:\/\/www.vomfeld.at\/blog\/steirer-smoothie\/#breadcrumb\",\"itemListElement\":[{\"@type\":\"ListItem\",\"position\":1,\"name\":\"Startseite\",\"item\":\"https:\/\/www.vomfeld.at\/blog\/\"},{\"@type\":\"ListItem\",\"position\":2,\"name\":\"Steirer Smoothie\"}]},{\"@type\":\"WebSite\",\"@id\":\"https:\/\/www.vomfeld.at\/blog\/#website\",\"url\":\"https:\/\/www.vomfeld.at\/blog\/\",\"name\":\"Johanna vom Feld Blog\",\"description\":\"Mehr aus Lebensmitteln vom Feld machen\",\"publisher\":{\"@id\":\"https:\/\/www.vomfeld.at\/blog\/#organization\"},\"potentialAction\":[{\"@type\":\"SearchAction\",\"target\":{\"@type\":\"EntryPoint\",\"urlTemplate\":\"https:\/\/www.vomfeld.at\/blog\/?s={search_term_string}\"},\"query-input\":{\"@type\":\"PropertyValueSpecification\",\"valueRequired\":true,\"valueName\":\"search_term_string\"}}],\"inLanguage\":\"de\"},{\"@type\":\"Organization\",\"@id\":\"https:\/\/www.vomfeld.at\/blog\/#organization\",\"name\":\"Johanna vom Feld\",\"url\":\"https:\/\/www.vomfeld.at\/blog\/\",\"logo\":{\"@type\":\"ImageObject\",\"inLanguage\":\"de\",\"@id\":\"https:\/\/www.vomfeld.at\/blog\/#\/schema\/logo\/image\/\",\"url\":\"https:\/\/www.vomfeld.at\/blog\/wp-content\/uploads\/2018\/10\/vomfeld-logo-large.png\",\"contentUrl\":\"https:\/\/www.vomfeld.at\/blog\/wp-content\/uploads\/2018\/10\/vomfeld-logo-large.png\",\"width\":340,\"height\":200,\"caption\":\"Johanna vom Feld\"},\"image\":{\"@id\":\"https:\/\/www.vomfeld.at\/blog\/#\/schema\/logo\/image\/\"},\"sameAs\":[\"https:\/\/www.facebook.com\/vomfeld.at\/\"]},{\"@type\":\"Person\",\"@id\":\"https:\/\/www.vomfeld.at\/blog\/#\/schema\/person\/8dab792dce4e00bc69ebf949f6eab1bf\",\"name\":\"Johanna\"}]}<\/script>\n<!-- \/ Yoast SEO plugin. -->","yoast_head_json":{"title":"Rezept: Steirer Smoothie &#060; Johanna vom Feld Blog","description":"Smoothie mit Salat, Gurken, K\u00fcrbiskernen und anderen steierischen Produkten. Schmeckt lecker, ist gesund und kommt aus der Region. Was willst du mehr?","robots":{"index":"index","follow":"follow","max-snippet":"max-snippet:-1","max-image-preview":"max-image-preview:large","max-video-preview":"max-video-preview:-1"},"canonical":"https:\/\/www.vomfeld.at\/blog\/steirer-smoothie\/","og_locale":"de_DE","og_type":"article","og_title":"Rezept: Steirer Smoothie &#060; Johanna vom Feld Blog","og_description":"Smoothie mit Salat, Gurken, K\u00fcrbiskernen und anderen steierischen Produkten. Schmeckt lecker, ist gesund und kommt aus der Region. Was willst du mehr?","og_url":"https:\/\/www.vomfeld.at\/blog\/steirer-smoothie\/","og_site_name":"Johanna vom Feld Blog","article_publisher":"https:\/\/www.facebook.com\/vomfeld.at\/","article_published_time":"2020-07-01T12:13:14+00:00","article_modified_time":"2020-07-01T12:13:19+00:00","og_image":[{"width":1600,"height":920,"url":"https:\/\/www.vomfeld.at\/blog\/wp-content\/uploads\/2020\/07\/steirer-smoothie.jpg","type":"image\/jpeg"}],"author":"Johanna","twitter_card":"summary_large_image","twitter_misc":{"Verfasst von":"Johanna","Gesch\u00e4tzte Lesezeit":"1\u00a0Minute"},"schema":{"@context":"https:\/\/schema.org","@graph":[{"@type":"Article","@id":"https:\/\/www.vomfeld.at\/blog\/steirer-smoothie\/#article","isPartOf":{"@id":"https:\/\/www.vomfeld.at\/blog\/steirer-smoothie\/"},"author":{"name":"Johanna","@id":"https:\/\/www.vomfeld.at\/blog\/#\/schema\/person\/8dab792dce4e00bc69ebf949f6eab1bf"},"headline":"Steirer Smoothie","datePublished":"2020-07-01T12:13:14+00:00","dateModified":"2020-07-01T12:13:19+00:00","mainEntityOfPage":{"@id":"https:\/\/www.vomfeld.at\/blog\/steirer-smoothie\/"},"wordCount":216,"publisher":{"@id":"https:\/\/www.vomfeld.at\/blog\/#organization"},"image":{"@id":"https:\/\/www.vomfeld.at\/blog\/steirer-smoothie\/#primaryimage"},"thumbnailUrl":"https:\/\/www.vomfeld.at\/blog\/wp-content\/uploads\/2020\/07\/steirer-smoothie.jpg","articleSection":["Rezepte"],"inLanguage":"de"},{"@type":"WebPage","@id":"https:\/\/www.vomfeld.at\/blog\/steirer-smoothie\/","url":"https:\/\/www.vomfeld.at\/blog\/steirer-smoothie\/","name":"Rezept: Steirer Smoothie &#060; Johanna vom Feld Blog","isPartOf":{"@id":"https:\/\/www.vomfeld.at\/blog\/#website"},"primaryImageOfPage":{"@id":"https:\/\/www.vomfeld.at\/blog\/steirer-smoothie\/#primaryimage"},"image":{"@id":"https:\/\/www.vomfeld.at\/blog\/steirer-smoothie\/#primaryimage"},"thumbnailUrl":"https:\/\/www.vomfeld.at\/blog\/wp-content\/uploads\/2020\/07\/steirer-smoothie.jpg","datePublished":"2020-07-01T12:13:14+00:00","dateModified":"2020-07-01T12:13:19+00:00","description":"Smoothie mit Salat, Gurken, K\u00fcrbiskernen und anderen steierischen Produkten. Schmeckt lecker, ist gesund und kommt aus der Region. Was willst du mehr?","breadcrumb":{"@id":"https:\/\/www.vomfeld.at\/blog\/steirer-smoothie\/#breadcrumb"},"inLanguage":"de","potentialAction":[{"@type":"ReadAction","target":["https:\/\/www.vomfeld.at\/blog\/steirer-smoothie\/"]}]},{"@type":"ImageObject","inLanguage":"de","@id":"https:\/\/www.vomfeld.at\/blog\/steirer-smoothie\/#primaryimage","url":"https:\/\/www.vomfeld.at\/blog\/wp-content\/uploads\/2020\/07\/steirer-smoothie.jpg","contentUrl":"https:\/\/www.vomfeld.at\/blog\/wp-content\/uploads\/2020\/07\/steirer-smoothie.jpg","width":1600,"height":920,"caption":"Steirer Smoothie"},{"@type":"BreadcrumbList","@id":"https:\/\/www.vomfeld.at\/blog\/steirer-smoothie\/#breadcrumb","itemListElement":[{"@type":"ListItem","position":1,"name":"Startseite","item":"https:\/\/www.vomfeld.at\/blog\/"},{"@type":"ListItem","position":2,"name":"Steirer Smoothie"}]},{"@type":"WebSite","@id":"https:\/\/www.vomfeld.at\/blog\/#website","url":"https:\/\/www.vomfeld.at\/blog\/","name":"Johanna vom Feld Blog","description":"Mehr aus Lebensmitteln vom Feld machen","publisher":{"@id":"https:\/\/www.vomfeld.at\/blog\/#organization"},"potentialAction":[{"@type":"SearchAction","target":{"@type":"EntryPoint","urlTemplate":"https:\/\/www.vomfeld.at\/blog\/?s={search_term_string}"},"query-input":{"@type":"PropertyValueSpecification","valueRequired":true,"valueName":"search_term_string"}}],"inLanguage":"de"},{"@type":"Organization","@id":"https:\/\/www.vomfeld.at\/blog\/#organization","name":"Johanna vom Feld","url":"https:\/\/www.vomfeld.at\/blog\/","logo":{"@type":"ImageObject","inLanguage":"de","@id":"https:\/\/www.vomfeld.at\/blog\/#\/schema\/logo\/image\/","url":"https:\/\/www.vomfeld.at\/blog\/wp-content\/uploads\/2018\/10\/vomfeld-logo-large.png","contentUrl":"https:\/\/www.vomfeld.at\/blog\/wp-content\/uploads\/2018\/10\/vomfeld-logo-large.png","width":340,"height":200,"caption":"Johanna vom Feld"},"image":{"@id":"https:\/\/www.vomfeld.at\/blog\/#\/schema\/logo\/image\/"},"sameAs":["https:\/\/www.facebook.com\/vomfeld.at\/"]},{"@type":"Person","@id":"https:\/\/www.vomfeld.at\/blog\/#\/schema\/person\/8dab792dce4e00bc69ebf949f6eab1bf","name":"Johanna"}]}},"_links":{"self":[{"href":"https:\/\/www.vomfeld.at\/blog\/wp-json\/wp\/v2\/posts\/6622","targetHints":{"allow":["GET"]}}],"collection":[{"href":"https:\/\/www.vomfeld.at\/blog\/wp-json\/wp\/v2\/posts"}],"about":[{"href":"https:\/\/www.vomfeld.at\/blog\/wp-json\/wp\/v2\/types\/post"}],"author":[{"embeddable":true,"href":"https:\/\/www.vomfeld.at\/blog\/wp-json\/wp\/v2\/users\/3"}],"replies":[{"embeddable":true,"href":"https:\/\/www.vomfeld.at\/blog\/wp-json\/wp\/v2\/comments?post=6622"}],"version-history":[{"count":3,"href":"https:\/\/www.vomfeld.at\/blog\/wp-json\/wp\/v2\/posts\/6622\/revisions"}],"predecessor-version":[{"id":6626,"href":"https:\/\/www.vomfeld.at\/blog\/wp-json\/wp\/v2\/posts\/6622\/revisions\/6626"}],"wp:featuredmedia":[{"embeddable":true,"href":"https:\/\/www.vomfeld.at\/blog\/wp-json\/wp\/v2\/media\/6624"}],"wp:attachment":[{"href":"https:\/\/www.vomfeld.at\/blog\/wp-json\/wp\/v2\/media?parent=6622"}],"wp:term":[{"taxonomy":"category","embeddable":true,"href":"https:\/\/www.vomfeld.at\/blog\/wp-json\/wp\/v2\/categories?post=6622"},{"taxonomy":"post_tag","embeddable":true,"href":"https:\/\/www.vomfeld.at\/blog\/wp-json\/wp\/v2\/tags?post=6622"}],"curies":[{"name":"wp","href":"https:\/\/api.w.org\/{rel}","templated":true}]}}