{"id":6303,"date":"2019-07-04T11:13:12","date_gmt":"2019-07-04T09:13:12","guid":{"rendered":"https:\/\/www.vomfeld.at\/blog\/?p=6303"},"modified":"2019-09-13T15:48:23","modified_gmt":"2019-09-13T13:48:23","slug":"fruchtiger-regenbogensalat-im-glas","status":"publish","type":"post","link":"https:\/\/www.vomfeld.at\/blog\/fruchtiger-regenbogensalat-im-glas\/","title":{"rendered":"Fruchtiger Regenbogensalat im Glas"},"content":{"rendered":"[vc_row type=&#8220;in_container&#8220; full_screen_row_position=&#8220;middle&#8220; scene_position=&#8220;center&#8220; text_color=&#8220;dark&#8220; text_align=&#8220;left&#8220; overlay_strength=&#8220;0.3&#8243; shape_divider_position=&#8220;bottom&#8220;][vc_column column_padding=&#8220;no-extra-padding&#8220; column_padding_position=&#8220;all&#8220; background_color_opacity=&#8220;1&#8243; background_hover_color_opacity=&#8220;1&#8243; column_link_target=&#8220;_self&#8220; column_shadow=&#8220;none&#8220; column_border_radius=&#8220;none&#8220; width=&#8220;1\/1&#8243; tablet_width_inherit=&#8220;default&#8220; tablet_text_alignment=&#8220;default&#8220; phone_text_alignment=&#8220;default&#8220; column_border_width=&#8220;none&#8220; column_border_style=&#8220;solid&#8220;][vc_column_text]<b>Zutaten f\u00fcr 2 Portionen als Beilage oder f\u00fcr 1 Portion als leichte Hauptspeise:<\/b><\/p>\n<ul>\n<li><span style=\"font-weight: 400;\">12 <a href=\"https:\/\/www.vomfeld.at\/gemuese\/tomaten-gurken\/164\/bio-cherrytomaten\" target=\"_blank\" rel=\"noopener noreferrer\">Cherry-Tomaten<\/a><\/span><\/li>\n<li><span style=\"font-weight: 400;\">Je \u00bd <a href=\"https:\/\/www.vomfeld.at\/gemuese\/paprika-pfefferoni-chilli\/255\/bio-paprika-rot\" target=\"_blank\" rel=\"noopener noreferrer\">rote und gelbe Paprika<\/a><\/span><\/li>\n<li><span style=\"font-weight: 400;\">4 Handvoll <a href=\"https:\/\/www.vomfeld.at\/gemuese\/salat-mais-co\/193\/vogerlsalat\" target=\"_blank\" rel=\"noopener noreferrer\">Vogerlsalat<\/a> oder gemischten Pfl\u00fccksalat<\/span><\/li>\n<li><span style=\"font-weight: 400;\">1 Handvoll <a href=\"https:\/\/www.vomfeld.at\/obst\/beeren-waldfruechte\/74\/heidelbeeren\" target=\"_blank\" rel=\"noopener noreferrer\">Heidelbeeren<\/a><\/span><\/li>\n<li><span style=\"font-weight: 400;\">1 Handvoll <a href=\"https:\/\/www.vomfeld.at\/obst\/beeren-waldfruechte\/77\/himbeeren\" target=\"_blank\" rel=\"noopener noreferrer\">Himbeeren<\/a><\/span><\/li>\n<li><span style=\"font-weight: 400;\">2 EL Balsamicoessig<\/span><\/li>\n<li><span style=\"font-weight: 400;\">1 TL Dijonsenf<\/span><\/li>\n<li><span style=\"font-weight: 400;\">1 EL <a href=\"https:\/\/www.vomfeld.at\/fuer-die-speis\/essig-oel\/153\/olivenoel\" target=\"_blank\" rel=\"noopener noreferrer\">Oliven\u00f6l<\/a><\/span><\/li>\n<li><span style=\"font-weight: 400;\">1 TL Agavendicksaft<\/span><\/li>\n<li><span style=\"font-weight: 400;\">1 TL Sesamsamen<\/span><\/li>\n<li><span style=\"font-weight: 400;\">Salz, Pfeffer<\/span><\/li>\n<\/ul>\n<p><span style=\"font-weight: 400;\">\u00a0<\/span><b>Zubereitung:<\/b><\/p>\n<p><span style=\"font-weight: 400;\">Alle Zutaten waschen, Tomaten halbieren, Paprika halbieren, ausl\u00f6sen und in Stifte schneiden. F\u00fcr das Dressing den Balsamicoessig mit Senf, Oliven\u00f6l, Agavendicksaft und Sesam verr\u00fchren und mit Salz und Pfeffer abschmecken. Je nachdem, ob der Salat als Beilage oder Hauptspeise dient, entsprechend gro\u00dfe Gl\u00e4ser mit Deckel bereitstellen und das Dressing in die Gl\u00e4ser f\u00fcllen. Nun Schicht f\u00fcr Schicht die Zutaten einf\u00fcllen. Mit dem Dressing beginnen, anschlie\u00dfend die Tomatenh\u00e4lften einf\u00fcllen, dann die Paprikastifte, danach die Heidelbeeren und Himbeeren einf\u00fcllen und mit dem Vogerlsalat oder Pfl\u00fccksalat beenden und die Gl\u00e4ser verschlie\u00dfen. Vor dem Verzehr die Gl\u00e4ser sch\u00fctteln, damit sich das Dressing gut verteilt. Dieser Salat eignet sich hervorragend als Meal to Go.<\/span>[\/vc_column_text][\/vc_column][\/vc_row]\n","protected":false},"excerpt":{"rendered":"<p>[vc_row type=&#8220;in_container&#8220; full_screen_row_position=&#8220;middle&#8220; scene_position=&#8220;center&#8220; text_color=&#8220;dark&#8220; text_align=&#8220;left&#8220; overlay_strength=&#8220;0.3&#8243; shape_divider_position=&#8220;bottom&#8220;][vc_column column_padding=&#8220;no-extra-padding&#8220; column_padding_position=&#8220;all&#8220; background_color_opacity=&#8220;1&#8243; background_hover_color_opacity=&#8220;1&#8243; column_link_target=&#8220;_self&#8220; column_shadow=&#8220;none&#8220; column_border_radius=&#8220;none&#8220;&#8230;<\/p>\n","protected":false},"author":3,"featured_media":6299,"comment_status":"closed","ping_status":"closed","sticky":false,"template":"","format":"standard","meta":{"footnotes":""},"categories":[25],"tags":[],"class_list":{"0":"post-6303","1":"post","2":"type-post","3":"status-publish","4":"format-standard","5":"has-post-thumbnail","7":"category-rezepte"},"yoast_head":"<!-- This site is optimized with the Yoast SEO plugin v25.4 - https:\/\/yoast.com\/wordpress\/plugins\/seo\/ -->\n<title>Rezept: Fruchtiger Regenbogensalat im Glas &#060; Johanna vom Feld Blog<\/title>\n<meta name=\"description\" content=\"Fruchtiger Salat mit verschiedenen Beeren, Vogerlsalat, Parika und Tomaten. Schmeckt k\u00f6stlich und passt gut als leichte Alternative an hei\u00dfen Sommertagen.\" \/>\n<meta name=\"robots\" content=\"index, follow, max-snippet:-1, max-image-preview:large, max-video-preview:-1\" \/>\n<link rel=\"canonical\" href=\"https:\/\/www.vomfeld.at\/blog\/fruchtiger-regenbogensalat-im-glas\/\" \/>\n<meta property=\"og:locale\" content=\"de_DE\" \/>\n<meta property=\"og:type\" content=\"article\" \/>\n<meta property=\"og:title\" content=\"Rezept: Fruchtiger Regenbogensalat im Glas &#060; Johanna vom Feld Blog\" \/>\n<meta property=\"og:description\" content=\"Fruchtiger Salat mit verschiedenen Beeren, Vogerlsalat, Parika und Tomaten. Schmeckt k\u00f6stlich und passt gut als leichte Alternative an hei\u00dfen Sommertagen.\" \/>\n<meta property=\"og:url\" content=\"https:\/\/www.vomfeld.at\/blog\/fruchtiger-regenbogensalat-im-glas\/\" \/>\n<meta property=\"og:site_name\" content=\"Johanna vom Feld Blog\" \/>\n<meta property=\"article:publisher\" content=\"https:\/\/www.facebook.com\/vomfeld.at\/\" \/>\n<meta property=\"article:published_time\" content=\"2019-07-04T09:13:12+00:00\" \/>\n<meta property=\"article:modified_time\" content=\"2019-09-13T13:48:23+00:00\" \/>\n<meta property=\"og:image\" content=\"https:\/\/www.vomfeld.at\/blog\/wp-content\/uploads\/2019\/07\/Fruchtiger-Salat-Glas.jpg\" \/>\n\t<meta property=\"og:image:width\" content=\"890\" \/>\n\t<meta property=\"og:image:height\" content=\"1066\" \/>\n\t<meta property=\"og:image:type\" content=\"image\/jpeg\" \/>\n<meta name=\"author\" content=\"Johanna\" \/>\n<meta name=\"twitter:card\" content=\"summary_large_image\" \/>\n<meta name=\"twitter:label1\" content=\"Verfasst von\" \/>\n\t<meta name=\"twitter:data1\" content=\"Johanna\" \/>\n\t<meta name=\"twitter:label2\" content=\"Gesch\u00e4tzte Lesezeit\" \/>\n\t<meta name=\"twitter:data2\" content=\"1\u00a0Minute\" \/>\n<script type=\"application\/ld+json\" class=\"yoast-schema-graph\">{\"@context\":\"https:\/\/schema.org\",\"@graph\":[{\"@type\":\"Article\",\"@id\":\"https:\/\/www.vomfeld.at\/blog\/fruchtiger-regenbogensalat-im-glas\/#article\",\"isPartOf\":{\"@id\":\"https:\/\/www.vomfeld.at\/blog\/fruchtiger-regenbogensalat-im-glas\/\"},\"author\":{\"name\":\"Johanna\",\"@id\":\"https:\/\/www.vomfeld.at\/blog\/#\/schema\/person\/8dab792dce4e00bc69ebf949f6eab1bf\"},\"headline\":\"Fruchtiger Regenbogensalat im Glas\",\"datePublished\":\"2019-07-04T09:13:12+00:00\",\"dateModified\":\"2019-09-13T13:48:23+00:00\",\"mainEntityOfPage\":{\"@id\":\"https:\/\/www.vomfeld.at\/blog\/fruchtiger-regenbogensalat-im-glas\/\"},\"wordCount\":258,\"publisher\":{\"@id\":\"https:\/\/www.vomfeld.at\/blog\/#organization\"},\"image\":{\"@id\":\"https:\/\/www.vomfeld.at\/blog\/fruchtiger-regenbogensalat-im-glas\/#primaryimage\"},\"thumbnailUrl\":\"https:\/\/www.vomfeld.at\/blog\/wp-content\/uploads\/2019\/07\/Fruchtiger-Salat-Glas.jpg\",\"articleSection\":[\"Rezepte\"],\"inLanguage\":\"de\"},{\"@type\":\"WebPage\",\"@id\":\"https:\/\/www.vomfeld.at\/blog\/fruchtiger-regenbogensalat-im-glas\/\",\"url\":\"https:\/\/www.vomfeld.at\/blog\/fruchtiger-regenbogensalat-im-glas\/\",\"name\":\"Rezept: Fruchtiger Regenbogensalat im Glas &#060; Johanna vom Feld Blog\",\"isPartOf\":{\"@id\":\"https:\/\/www.vomfeld.at\/blog\/#website\"},\"primaryImageOfPage\":{\"@id\":\"https:\/\/www.vomfeld.at\/blog\/fruchtiger-regenbogensalat-im-glas\/#primaryimage\"},\"image\":{\"@id\":\"https:\/\/www.vomfeld.at\/blog\/fruchtiger-regenbogensalat-im-glas\/#primaryimage\"},\"thumbnailUrl\":\"https:\/\/www.vomfeld.at\/blog\/wp-content\/uploads\/2019\/07\/Fruchtiger-Salat-Glas.jpg\",\"datePublished\":\"2019-07-04T09:13:12+00:00\",\"dateModified\":\"2019-09-13T13:48:23+00:00\",\"description\":\"Fruchtiger Salat mit verschiedenen Beeren, Vogerlsalat, Parika und Tomaten. Schmeckt k\u00f6stlich und passt gut als leichte Alternative an hei\u00dfen Sommertagen.\",\"breadcrumb\":{\"@id\":\"https:\/\/www.vomfeld.at\/blog\/fruchtiger-regenbogensalat-im-glas\/#breadcrumb\"},\"inLanguage\":\"de\",\"potentialAction\":[{\"@type\":\"ReadAction\",\"target\":[\"https:\/\/www.vomfeld.at\/blog\/fruchtiger-regenbogensalat-im-glas\/\"]}]},{\"@type\":\"ImageObject\",\"inLanguage\":\"de\",\"@id\":\"https:\/\/www.vomfeld.at\/blog\/fruchtiger-regenbogensalat-im-glas\/#primaryimage\",\"url\":\"https:\/\/www.vomfeld.at\/blog\/wp-content\/uploads\/2019\/07\/Fruchtiger-Salat-Glas.jpg\",\"contentUrl\":\"https:\/\/www.vomfeld.at\/blog\/wp-content\/uploads\/2019\/07\/Fruchtiger-Salat-Glas.jpg\",\"width\":890,\"height\":1066,\"caption\":\"Fruchtiger Salat im Glas\"},{\"@type\":\"BreadcrumbList\",\"@id\":\"https:\/\/www.vomfeld.at\/blog\/fruchtiger-regenbogensalat-im-glas\/#breadcrumb\",\"itemListElement\":[{\"@type\":\"ListItem\",\"position\":1,\"name\":\"Startseite\",\"item\":\"https:\/\/www.vomfeld.at\/blog\/\"},{\"@type\":\"ListItem\",\"position\":2,\"name\":\"Fruchtiger Regenbogensalat im Glas\"}]},{\"@type\":\"WebSite\",\"@id\":\"https:\/\/www.vomfeld.at\/blog\/#website\",\"url\":\"https:\/\/www.vomfeld.at\/blog\/\",\"name\":\"Johanna vom Feld Blog\",\"description\":\"Mehr aus Lebensmitteln vom Feld machen\",\"publisher\":{\"@id\":\"https:\/\/www.vomfeld.at\/blog\/#organization\"},\"potentialAction\":[{\"@type\":\"SearchAction\",\"target\":{\"@type\":\"EntryPoint\",\"urlTemplate\":\"https:\/\/www.vomfeld.at\/blog\/?s={search_term_string}\"},\"query-input\":{\"@type\":\"PropertyValueSpecification\",\"valueRequired\":true,\"valueName\":\"search_term_string\"}}],\"inLanguage\":\"de\"},{\"@type\":\"Organization\",\"@id\":\"https:\/\/www.vomfeld.at\/blog\/#organization\",\"name\":\"Johanna vom Feld\",\"url\":\"https:\/\/www.vomfeld.at\/blog\/\",\"logo\":{\"@type\":\"ImageObject\",\"inLanguage\":\"de\",\"@id\":\"https:\/\/www.vomfeld.at\/blog\/#\/schema\/logo\/image\/\",\"url\":\"https:\/\/www.vomfeld.at\/blog\/wp-content\/uploads\/2018\/10\/vomfeld-logo-large.png\",\"contentUrl\":\"https:\/\/www.vomfeld.at\/blog\/wp-content\/uploads\/2018\/10\/vomfeld-logo-large.png\",\"width\":340,\"height\":200,\"caption\":\"Johanna vom Feld\"},\"image\":{\"@id\":\"https:\/\/www.vomfeld.at\/blog\/#\/schema\/logo\/image\/\"},\"sameAs\":[\"https:\/\/www.facebook.com\/vomfeld.at\/\"]},{\"@type\":\"Person\",\"@id\":\"https:\/\/www.vomfeld.at\/blog\/#\/schema\/person\/8dab792dce4e00bc69ebf949f6eab1bf\",\"name\":\"Johanna\"}]}<\/script>\n<!-- \/ Yoast SEO plugin. -->","yoast_head_json":{"title":"Rezept: Fruchtiger Regenbogensalat im Glas &#060; Johanna vom Feld Blog","description":"Fruchtiger Salat mit verschiedenen Beeren, Vogerlsalat, Parika und Tomaten. Schmeckt k\u00f6stlich und passt gut als leichte Alternative an hei\u00dfen Sommertagen.","robots":{"index":"index","follow":"follow","max-snippet":"max-snippet:-1","max-image-preview":"max-image-preview:large","max-video-preview":"max-video-preview:-1"},"canonical":"https:\/\/www.vomfeld.at\/blog\/fruchtiger-regenbogensalat-im-glas\/","og_locale":"de_DE","og_type":"article","og_title":"Rezept: Fruchtiger Regenbogensalat im Glas &#060; Johanna vom Feld Blog","og_description":"Fruchtiger Salat mit verschiedenen Beeren, Vogerlsalat, Parika und Tomaten. Schmeckt k\u00f6stlich und passt gut als leichte Alternative an hei\u00dfen Sommertagen.","og_url":"https:\/\/www.vomfeld.at\/blog\/fruchtiger-regenbogensalat-im-glas\/","og_site_name":"Johanna vom Feld Blog","article_publisher":"https:\/\/www.facebook.com\/vomfeld.at\/","article_published_time":"2019-07-04T09:13:12+00:00","article_modified_time":"2019-09-13T13:48:23+00:00","og_image":[{"width":890,"height":1066,"url":"https:\/\/www.vomfeld.at\/blog\/wp-content\/uploads\/2019\/07\/Fruchtiger-Salat-Glas.jpg","type":"image\/jpeg"}],"author":"Johanna","twitter_card":"summary_large_image","twitter_misc":{"Verfasst von":"Johanna","Gesch\u00e4tzte Lesezeit":"1\u00a0Minute"},"schema":{"@context":"https:\/\/schema.org","@graph":[{"@type":"Article","@id":"https:\/\/www.vomfeld.at\/blog\/fruchtiger-regenbogensalat-im-glas\/#article","isPartOf":{"@id":"https:\/\/www.vomfeld.at\/blog\/fruchtiger-regenbogensalat-im-glas\/"},"author":{"name":"Johanna","@id":"https:\/\/www.vomfeld.at\/blog\/#\/schema\/person\/8dab792dce4e00bc69ebf949f6eab1bf"},"headline":"Fruchtiger Regenbogensalat im Glas","datePublished":"2019-07-04T09:13:12+00:00","dateModified":"2019-09-13T13:48:23+00:00","mainEntityOfPage":{"@id":"https:\/\/www.vomfeld.at\/blog\/fruchtiger-regenbogensalat-im-glas\/"},"wordCount":258,"publisher":{"@id":"https:\/\/www.vomfeld.at\/blog\/#organization"},"image":{"@id":"https:\/\/www.vomfeld.at\/blog\/fruchtiger-regenbogensalat-im-glas\/#primaryimage"},"thumbnailUrl":"https:\/\/www.vomfeld.at\/blog\/wp-content\/uploads\/2019\/07\/Fruchtiger-Salat-Glas.jpg","articleSection":["Rezepte"],"inLanguage":"de"},{"@type":"WebPage","@id":"https:\/\/www.vomfeld.at\/blog\/fruchtiger-regenbogensalat-im-glas\/","url":"https:\/\/www.vomfeld.at\/blog\/fruchtiger-regenbogensalat-im-glas\/","name":"Rezept: Fruchtiger Regenbogensalat im Glas &#060; Johanna vom Feld Blog","isPartOf":{"@id":"https:\/\/www.vomfeld.at\/blog\/#website"},"primaryImageOfPage":{"@id":"https:\/\/www.vomfeld.at\/blog\/fruchtiger-regenbogensalat-im-glas\/#primaryimage"},"image":{"@id":"https:\/\/www.vomfeld.at\/blog\/fruchtiger-regenbogensalat-im-glas\/#primaryimage"},"thumbnailUrl":"https:\/\/www.vomfeld.at\/blog\/wp-content\/uploads\/2019\/07\/Fruchtiger-Salat-Glas.jpg","datePublished":"2019-07-04T09:13:12+00:00","dateModified":"2019-09-13T13:48:23+00:00","description":"Fruchtiger Salat mit verschiedenen Beeren, Vogerlsalat, Parika und Tomaten. Schmeckt k\u00f6stlich und passt gut als leichte Alternative an hei\u00dfen Sommertagen.","breadcrumb":{"@id":"https:\/\/www.vomfeld.at\/blog\/fruchtiger-regenbogensalat-im-glas\/#breadcrumb"},"inLanguage":"de","potentialAction":[{"@type":"ReadAction","target":["https:\/\/www.vomfeld.at\/blog\/fruchtiger-regenbogensalat-im-glas\/"]}]},{"@type":"ImageObject","inLanguage":"de","@id":"https:\/\/www.vomfeld.at\/blog\/fruchtiger-regenbogensalat-im-glas\/#primaryimage","url":"https:\/\/www.vomfeld.at\/blog\/wp-content\/uploads\/2019\/07\/Fruchtiger-Salat-Glas.jpg","contentUrl":"https:\/\/www.vomfeld.at\/blog\/wp-content\/uploads\/2019\/07\/Fruchtiger-Salat-Glas.jpg","width":890,"height":1066,"caption":"Fruchtiger Salat im Glas"},{"@type":"BreadcrumbList","@id":"https:\/\/www.vomfeld.at\/blog\/fruchtiger-regenbogensalat-im-glas\/#breadcrumb","itemListElement":[{"@type":"ListItem","position":1,"name":"Startseite","item":"https:\/\/www.vomfeld.at\/blog\/"},{"@type":"ListItem","position":2,"name":"Fruchtiger Regenbogensalat im Glas"}]},{"@type":"WebSite","@id":"https:\/\/www.vomfeld.at\/blog\/#website","url":"https:\/\/www.vomfeld.at\/blog\/","name":"Johanna vom Feld Blog","description":"Mehr aus Lebensmitteln vom Feld machen","publisher":{"@id":"https:\/\/www.vomfeld.at\/blog\/#organization"},"potentialAction":[{"@type":"SearchAction","target":{"@type":"EntryPoint","urlTemplate":"https:\/\/www.vomfeld.at\/blog\/?s={search_term_string}"},"query-input":{"@type":"PropertyValueSpecification","valueRequired":true,"valueName":"search_term_string"}}],"inLanguage":"de"},{"@type":"Organization","@id":"https:\/\/www.vomfeld.at\/blog\/#organization","name":"Johanna vom Feld","url":"https:\/\/www.vomfeld.at\/blog\/","logo":{"@type":"ImageObject","inLanguage":"de","@id":"https:\/\/www.vomfeld.at\/blog\/#\/schema\/logo\/image\/","url":"https:\/\/www.vomfeld.at\/blog\/wp-content\/uploads\/2018\/10\/vomfeld-logo-large.png","contentUrl":"https:\/\/www.vomfeld.at\/blog\/wp-content\/uploads\/2018\/10\/vomfeld-logo-large.png","width":340,"height":200,"caption":"Johanna vom Feld"},"image":{"@id":"https:\/\/www.vomfeld.at\/blog\/#\/schema\/logo\/image\/"},"sameAs":["https:\/\/www.facebook.com\/vomfeld.at\/"]},{"@type":"Person","@id":"https:\/\/www.vomfeld.at\/blog\/#\/schema\/person\/8dab792dce4e00bc69ebf949f6eab1bf","name":"Johanna"}]}},"_links":{"self":[{"href":"https:\/\/www.vomfeld.at\/blog\/wp-json\/wp\/v2\/posts\/6303","targetHints":{"allow":["GET"]}}],"collection":[{"href":"https:\/\/www.vomfeld.at\/blog\/wp-json\/wp\/v2\/posts"}],"about":[{"href":"https:\/\/www.vomfeld.at\/blog\/wp-json\/wp\/v2\/types\/post"}],"author":[{"embeddable":true,"href":"https:\/\/www.vomfeld.at\/blog\/wp-json\/wp\/v2\/users\/3"}],"replies":[{"embeddable":true,"href":"https:\/\/www.vomfeld.at\/blog\/wp-json\/wp\/v2\/comments?post=6303"}],"version-history":[{"count":1,"href":"https:\/\/www.vomfeld.at\/blog\/wp-json\/wp\/v2\/posts\/6303\/revisions"}],"predecessor-version":[{"id":6306,"href":"https:\/\/www.vomfeld.at\/blog\/wp-json\/wp\/v2\/posts\/6303\/revisions\/6306"}],"wp:featuredmedia":[{"embeddable":true,"href":"https:\/\/www.vomfeld.at\/blog\/wp-json\/wp\/v2\/media\/6299"}],"wp:attachment":[{"href":"https:\/\/www.vomfeld.at\/blog\/wp-json\/wp\/v2\/media?parent=6303"}],"wp:term":[{"taxonomy":"category","embeddable":true,"href":"https:\/\/www.vomfeld.at\/blog\/wp-json\/wp\/v2\/categories?post=6303"},{"taxonomy":"post_tag","embeddable":true,"href":"https:\/\/www.vomfeld.at\/blog\/wp-json\/wp\/v2\/tags?post=6303"}],"curies":[{"name":"wp","href":"https:\/\/api.w.org\/{rel}","templated":true}]}}