{"id":6297,"date":"2019-07-05T11:03:54","date_gmt":"2019-07-05T09:03:54","guid":{"rendered":"https:\/\/www.vomfeld.at\/blog\/?p=6297"},"modified":"2019-07-05T11:21:31","modified_gmt":"2019-07-05T09:21:31","slug":"2-ideen-sommer-salate","status":"publish","type":"post","link":"https:\/\/www.vomfeld.at\/blog\/2-ideen-sommer-salate\/","title":{"rendered":"2 Ideen f\u00fcr deine Sommer-Salate"},"content":{"rendered":"[vc_row type=&#8220;in_container&#8220; full_screen_row_position=&#8220;middle&#8220; scene_position=&#8220;center&#8220; text_color=&#8220;dark&#8220; text_align=&#8220;left&#8220; overlay_strength=&#8220;0.3&#8243; shape_divider_position=&#8220;bottom&#8220;][vc_column column_padding=&#8220;no-extra-padding&#8220; column_padding_position=&#8220;all&#8220; background_color_opacity=&#8220;1&#8243; background_hover_color_opacity=&#8220;1&#8243; column_link_target=&#8220;_self&#8220; column_shadow=&#8220;none&#8220; column_border_radius=&#8220;none&#8220; width=&#8220;1\/1&#8243; tablet_width_inherit=&#8220;default&#8220; tablet_text_alignment=&#8220;default&#8220; phone_text_alignment=&#8220;default&#8220; column_border_width=&#8220;none&#8220; column_border_style=&#8220;solid&#8220;][vc_column_text]<span style=\"font-weight: 400;\">Die allgemeine Ern\u00e4hrungsempfehlung f\u00fcr frisches Obst und Gem\u00fcse wird mit 5 Portionen angegeben. 2 Portionen Obst und 3 Portionen Gem\u00fcse sollte man t\u00e4glich in seinen Speiseplan integrieren. Der K\u00f6rper ben\u00f6tigt zahlreiche Vitamine und Mineralstoffe. Diese kann der menschliche Organismus nicht selbst herstellen und muss mit der Nahrung aufgenommen werden. Es handelt sich dabei um essentielle N\u00e4hrstoffe. Bei t\u00e4glichem Verzehr der empfohlenen 5 Portionen wird man mit ausreichend Mikron\u00e4hrstoffen versorgt. Dabei isst das Auge nat\u00fcrlich mit und je bunter ein Gericht, desto lustvoller greift man zu. Die Verwendung verschiedenster Fr\u00fcchte und Gem\u00fcsesorten versorgt uns mit unterschiedlichen N\u00e4hrstoffen. Sekund\u00e4re Pflanzenstoffe sind, wie der Name schon sagt, nur in pflanzlichen Lebensmitteln enthalten und dienen der Pflanze als Lock- oder Abwehrstoff und auch als Farb- und Duftstoff. Zum Beispiel enthalten gelbe und orange Fr\u00fcchte viel Carotinoide, die unser Herz und unser Immunsystem sch\u00fctzen. Auch das Vitamin A ist in diesen Obst- und Gem\u00fcsesorten vorhanden und ist wichtig f\u00fcr das Sehverm\u00f6gen und speziell im Sommer gut f\u00fcr den Schutz der Haut und Schleimh\u00e4ute. Flavonoide sch\u00fctzen vor antioxidativem Stress. Diese sind vor allem in gelben, roten und violetten Obst- und Gem\u00fcsesorten vorhanden. Vitamin C st\u00e4rkt das Immunsystem und ist in gro\u00dfen Mengen im Paprika, Sauerkraut und Zitrusfr\u00fcchten enthalten. Eisen findet man im gr\u00fcnen Blattgem\u00fcse. Vor allem die Brennnessel enth\u00e4lt viel Eisen, um ein Vielfaches mehr als Spinat. Magnesium und Kalzium sind speziell an hei\u00dfen Tagen wichtig aufzunehmen, da sie leicht ausgeschwitzt werden und essentiell f\u00fcr die Muskel- und Nervenfunktion sind. Kalzium ist in Brokkoli, Gr\u00fcnkohl, Spinat enthalten, Magnesium findet man in Bananen und Avocados. Es macht also durchaus Sinn, beherzt in die Gem\u00fcse- und Obstkiste zu greifen.<\/span><\/p>\n<p><span style=\"font-weight: 400;\">Bei der sommerlichen Hitze isst man gerne k\u00fchle und leichte Speisen. Da kommt so ein Salat gerade richtig. Vielfach besteht dieses Gericht oder Beilage nur aus Gem\u00fcse. Doch warum nicht mal Salat mit frischen, s\u00fc\u00dfen Obstsorten mischen? So schaffst du es noch leichter, deine 2 Portionen Obst und 3 Portionen Gem\u00fcse t\u00e4glich zu verzehren und der bunten Vielfalt am Teller sind keine Grenzen gesetzt. Hier findest du zwei Rezeptideen, die sich sowohl als Beilage (ideal zu Gegrilltem) oder als Hauptspeise eignen. Die dazu ben\u00f6tigten Obst- und Gem\u00fcsesorten findest du im Onlineshop von Johanna vom Feld.<\/span>[\/vc_column_text][divider line_type=&#8220;No Line&#8220; custom_height=&#8220;20&#8243;][image_with_animation image_url=&#8220;6298&#8243; alignment=&#8220;center&#8220; animation=&#8220;Fade In&#8220; img_link_large=&#8220;yes&#8220; border_radius=&#8220;none&#8220; box_shadow=&#8220;none&#8220; max_width=&#8220;100%&#8220;][divider line_type=&#8220;No Line&#8220; custom_height=&#8220;20&#8243;][vc_column_text]\n<h3>Fruchtiger Regenbogensalat im Glas<\/h3>\n<p><b>Zutaten f\u00fcr 2 Portionen als Beilage oder 1 Portion als leichte Hauptspeise:<\/b><\/p>\n<ul>\n<li><span style=\"font-weight: 400;\">12 <a href=\"https:\/\/www.vomfeld.at\/gemuese\/tomaten-gurken\/164\/bio-cherrytomaten\" target=\"_blank\" rel=\"noopener noreferrer\">Cherry-Tomaten<\/a><\/span><\/li>\n<li><span style=\"font-weight: 400;\">Je \u00bd <a href=\"https:\/\/www.vomfeld.at\/gemuese\/paprika-pfefferoni-chilli\/255\/bio-paprika-rot\" target=\"_blank\" rel=\"noopener noreferrer\">rote und gelbe Paprika<\/a><\/span><\/li>\n<li><span style=\"font-weight: 400;\">4 Handvoll <a href=\"https:\/\/www.vomfeld.at\/gemuese\/salat-mais-co\/193\/vogerlsalat\" target=\"_blank\" rel=\"noopener noreferrer\">Vogerlsalat<\/a> oder gemischten Pfl\u00fccksalat<\/span><\/li>\n<li><span style=\"font-weight: 400;\">1 Handvoll <a href=\"https:\/\/www.vomfeld.at\/obst\/beeren-waldfruechte\/74\/heidelbeeren\" target=\"_blank\" rel=\"noopener noreferrer\">Heidelbeeren<\/a><\/span><\/li>\n<li><span style=\"font-weight: 400;\">1 Handvoll <a href=\"https:\/\/www.vomfeld.at\/obst\/beeren-waldfruechte\/77\/himbeeren\" target=\"_blank\" rel=\"noopener noreferrer\">Himbeeren<\/a><\/span><\/li>\n<li><span style=\"font-weight: 400;\">2 EL Balsamicoessig<\/span><\/li>\n<li><span style=\"font-weight: 400;\">1 TL Dijonsenf<\/span><\/li>\n<li><span style=\"font-weight: 400;\">1 EL <a href=\"https:\/\/www.vomfeld.at\/fuer-die-speis\/essig-oel\/153\/olivenoel\" target=\"_blank\" rel=\"noopener noreferrer\">Oliven\u00f6l<\/a><\/span><\/li>\n<li><span style=\"font-weight: 400;\">1 TL Agavendicksaft<\/span><\/li>\n<li><span style=\"font-weight: 400;\">1 TL Sesamsamen<\/span><\/li>\n<li><span style=\"font-weight: 400;\">Salz, Pfeffer<\/span><\/li>\n<\/ul>\n<p><span style=\"font-weight: 400;\">\u00a0<\/span><b>Zubereitung:<\/b><\/p>\n<p><span style=\"font-weight: 400;\">Alle Zutaten waschen, Tomaten halbieren, Paprika halbieren, ausl\u00f6sen und in Stifte schneiden. F\u00fcr das Dressing den Balsamicoessig mit Senf, Oliven\u00f6l, Agavendicksaft und Sesam verr\u00fchren und mit Salz und Pfeffer abschmecken. Je nachdem, ob der Salat als Beilage oder Hauptspeise dient, entsprechend gro\u00dfe Gl\u00e4ser mit Deckel bereitstellen und das Dressing in die Gl\u00e4ser f\u00fcllen. Nun Schicht f\u00fcr Schicht die Zutaten einf\u00fcllen. Mit dem Dressing beginnen, anschlie\u00dfend die Tomatenh\u00e4lften einf\u00fcllen, dann die Paprikastifte, danach die Heidelbeeren und Himbeeren einf\u00fcllen und mit dem Vogerlsalat oder Pfl\u00fccksalat beenden und die Gl\u00e4ser verschlie\u00dfen. Vor dem Verzehr die Gl\u00e4ser sch\u00fctteln, damit sich das Dressing gut verteilt. Dieser Salat eignet sich hervorragend als Meal to Go.<\/span>[\/vc_column_text][divider line_type=&#8220;No Line&#8220; custom_height=&#8220;20&#8243;][image_with_animation image_url=&#8220;6299&#8243; alignment=&#8220;center&#8220; animation=&#8220;Fade In&#8220; img_link_large=&#8220;yes&#8220; border_radius=&#8220;none&#8220; box_shadow=&#8220;none&#8220; max_width=&#8220;100%&#8220;][divider line_type=&#8220;No Line&#8220; custom_height=&#8220;20&#8243;][vc_column_text]\n<h3>Mango-Gurken-Salat<\/h3>\n<p><b>Zutaten f\u00fcr 2 Portionen als Beilage oder f\u00fcr 1 Portion als Hauptspeise:<\/b><\/p>\n<ul>\n<li><span style=\"font-weight: 400;\">1 <a href=\"https:\/\/www.vomfeld.at\/obst\/exotische-fruechte\/239\/bio-avocado\" target=\"_blank\" rel=\"noopener noreferrer\">Avocado<\/a><\/span><\/li>\n<li><span style=\"font-weight: 400;\">1 <a href=\"https:\/\/www.vomfeld.at\/gemuese\/tomaten-gurken\/244\/bio-salatgurke\" target=\"_blank\" rel=\"noopener noreferrer\">Salatgurke<\/a><\/span><\/li>\n<li><span style=\"font-weight: 400;\">1 <a href=\"https:\/\/www.vomfeld.at\/obst\/melonen-mangos\/130\/bio-mango\" target=\"_blank\" rel=\"noopener noreferrer\">Mango<\/a><\/span><\/li>\n<li><span style=\"font-weight: 400;\">1 Bund <a href=\"https:\/\/www.vomfeld.at\/gemuese\/kraeuter-sprossen\/221\/koriander\" target=\"_blank\" rel=\"noopener noreferrer\">Koriander<\/a> oder <a href=\"https:\/\/www.vomfeld.at\/gemuese\/kraeuter-sprossen\/62\/minze\" target=\"_blank\" rel=\"noopener noreferrer\">Minze<\/a><\/span><\/li>\n<li><span style=\"font-weight: 400;\">1 EL <a href=\"https:\/\/www.vomfeld.at\/fuer-die-speis\/essig-oel\/153\/olivenoel\" target=\"_blank\" rel=\"noopener noreferrer\">Oliven\u00f6l<\/a><\/span><\/li>\n<li><span style=\"font-weight: 400;\">1 <a href=\"https:\/\/www.vomfeld.at\/obst\/zitrusfruechte\/124\/bio-zitronen\" target=\"_blank\" rel=\"noopener noreferrer\">Zitrone<\/a><\/span><\/li>\n<li><span style=\"font-weight: 400;\">Salz, Pfeffer<\/span><\/li>\n<\/ul>\n<p><b>Zubereitung:<\/b><\/p>\n<p><span style=\"font-weight: 400;\">Avocado halbieren, Kern entfernen und das Fruchtfleisch mit einem L\u00f6ffel ausl\u00f6sen und in W\u00fcrfel schneiden. Die Salatgurke waschen, die Enden abschneiden und in d\u00fcnne Scheiben schneiden. Die Mango sch\u00e4len, Strunk entfernen und in W\u00fcrfel schneiden. Avocado, Salatgurke und Mango in eine Sch\u00fcssel geben. Die Zitrone halbieren und den Saft auspressen. Zitronensaft mit Oliven\u00f6l vermengen, mit Salz und Pfeffer abschmecken. Den Salat mit dem Dressing vermischen und mit Koriander oder Minze garnieren.<\/span>[\/vc_column_text][\/vc_column][\/vc_row]\n","protected":false},"excerpt":{"rendered":"<p>[vc_row type=&#8220;in_container&#8220; full_screen_row_position=&#8220;middle&#8220; scene_position=&#8220;center&#8220; text_color=&#8220;dark&#8220; text_align=&#8220;left&#8220; overlay_strength=&#8220;0.3&#8243; shape_divider_position=&#8220;bottom&#8220;][vc_column column_padding=&#8220;no-extra-padding&#8220; column_padding_position=&#8220;all&#8220; background_color_opacity=&#8220;1&#8243; background_hover_color_opacity=&#8220;1&#8243; column_link_target=&#8220;_self&#8220; column_shadow=&#8220;none&#8220; column_border_radius=&#8220;none&#8220;&#8230;<\/p>\n","protected":false},"author":3,"featured_media":6300,"comment_status":"open","ping_status":"closed","sticky":false,"template":"","format":"standard","meta":{"footnotes":""},"categories":[2],"tags":[],"class_list":{"0":"post-6297","1":"post","2":"type-post","3":"status-publish","4":"format-standard","5":"has-post-thumbnail","7":"category-zubereitung"},"yoast_head":"<!-- This site is optimized with the Yoast SEO plugin v25.4 - https:\/\/yoast.com\/wordpress\/plugins\/seo\/ -->\n<title>2 Ideen f\u00fcr fruchtige Sommer-Salate - Perfekt f\u00fcr hei\u00dfe Tage<\/title>\n<meta name=\"description\" content=\"Diese fruchtigen Sommer-Salate sind eine ideale Abwechslung, wenn die Termperaturen wieder \u00fcber 30 Grad steigen. Gesund, lecker, neu!\" \/>\n<meta name=\"robots\" content=\"index, follow, max-snippet:-1, max-image-preview:large, max-video-preview:-1\" \/>\n<link rel=\"canonical\" href=\"https:\/\/www.vomfeld.at\/blog\/2-ideen-sommer-salate\/\" \/>\n<meta property=\"og:locale\" content=\"de_DE\" \/>\n<meta property=\"og:type\" content=\"article\" \/>\n<meta property=\"og:title\" content=\"2 Ideen f\u00fcr fruchtige Sommer-Salate - Perfekt f\u00fcr hei\u00dfe Tage\" \/>\n<meta property=\"og:description\" content=\"Diese fruchtigen Sommer-Salate sind eine ideale Abwechslung, wenn die Termperaturen wieder \u00fcber 30 Grad steigen. Gesund, lecker, neu!\" \/>\n<meta property=\"og:url\" content=\"https:\/\/www.vomfeld.at\/blog\/2-ideen-sommer-salate\/\" \/>\n<meta property=\"og:site_name\" content=\"Johanna vom Feld Blog\" \/>\n<meta property=\"article:publisher\" content=\"https:\/\/www.facebook.com\/vomfeld.at\/\" \/>\n<meta property=\"article:published_time\" content=\"2019-07-05T09:03:54+00:00\" \/>\n<meta property=\"article:modified_time\" content=\"2019-07-05T09:21:31+00:00\" \/>\n<meta property=\"og:image\" content=\"https:\/\/www.vomfeld.at\/blog\/wp-content\/uploads\/2019\/07\/salate-sommer.jpg\" \/>\n\t<meta property=\"og:image:width\" content=\"1600\" \/>\n\t<meta property=\"og:image:height\" content=\"900\" \/>\n\t<meta property=\"og:image:type\" content=\"image\/jpeg\" \/>\n<meta name=\"author\" content=\"Johanna\" \/>\n<meta name=\"twitter:card\" content=\"summary_large_image\" \/>\n<meta name=\"twitter:label1\" content=\"Verfasst von\" \/>\n\t<meta name=\"twitter:data1\" content=\"Johanna\" \/>\n\t<meta name=\"twitter:label2\" content=\"Gesch\u00e4tzte Lesezeit\" \/>\n\t<meta name=\"twitter:data2\" content=\"4\u00a0Minuten\" \/>\n<script type=\"application\/ld+json\" class=\"yoast-schema-graph\">{\"@context\":\"https:\/\/schema.org\",\"@graph\":[{\"@type\":\"Article\",\"@id\":\"https:\/\/www.vomfeld.at\/blog\/2-ideen-sommer-salate\/#article\",\"isPartOf\":{\"@id\":\"https:\/\/www.vomfeld.at\/blog\/2-ideen-sommer-salate\/\"},\"author\":{\"name\":\"Johanna\",\"@id\":\"https:\/\/www.vomfeld.at\/blog\/#\/schema\/person\/8dab792dce4e00bc69ebf949f6eab1bf\"},\"headline\":\"2 Ideen f\u00fcr deine Sommer-Salate\",\"datePublished\":\"2019-07-05T09:03:54+00:00\",\"dateModified\":\"2019-07-05T09:21:31+00:00\",\"mainEntityOfPage\":{\"@id\":\"https:\/\/www.vomfeld.at\/blog\/2-ideen-sommer-salate\/\"},\"wordCount\":852,\"commentCount\":0,\"publisher\":{\"@id\":\"https:\/\/www.vomfeld.at\/blog\/#organization\"},\"image\":{\"@id\":\"https:\/\/www.vomfeld.at\/blog\/2-ideen-sommer-salate\/#primaryimage\"},\"thumbnailUrl\":\"https:\/\/www.vomfeld.at\/blog\/wp-content\/uploads\/2019\/07\/salate-sommer.jpg\",\"articleSection\":[\"Zubereitung\"],\"inLanguage\":\"de\",\"potentialAction\":[{\"@type\":\"CommentAction\",\"name\":\"Comment\",\"target\":[\"https:\/\/www.vomfeld.at\/blog\/2-ideen-sommer-salate\/#respond\"]}]},{\"@type\":\"WebPage\",\"@id\":\"https:\/\/www.vomfeld.at\/blog\/2-ideen-sommer-salate\/\",\"url\":\"https:\/\/www.vomfeld.at\/blog\/2-ideen-sommer-salate\/\",\"name\":\"2 Ideen f\u00fcr fruchtige Sommer-Salate - Perfekt f\u00fcr hei\u00dfe Tage\",\"isPartOf\":{\"@id\":\"https:\/\/www.vomfeld.at\/blog\/#website\"},\"primaryImageOfPage\":{\"@id\":\"https:\/\/www.vomfeld.at\/blog\/2-ideen-sommer-salate\/#primaryimage\"},\"image\":{\"@id\":\"https:\/\/www.vomfeld.at\/blog\/2-ideen-sommer-salate\/#primaryimage\"},\"thumbnailUrl\":\"https:\/\/www.vomfeld.at\/blog\/wp-content\/uploads\/2019\/07\/salate-sommer.jpg\",\"datePublished\":\"2019-07-05T09:03:54+00:00\",\"dateModified\":\"2019-07-05T09:21:31+00:00\",\"description\":\"Diese fruchtigen Sommer-Salate sind eine ideale Abwechslung, wenn die Termperaturen wieder \u00fcber 30 Grad steigen. Gesund, lecker, neu!\",\"breadcrumb\":{\"@id\":\"https:\/\/www.vomfeld.at\/blog\/2-ideen-sommer-salate\/#breadcrumb\"},\"inLanguage\":\"de\",\"potentialAction\":[{\"@type\":\"ReadAction\",\"target\":[\"https:\/\/www.vomfeld.at\/blog\/2-ideen-sommer-salate\/\"]}]},{\"@type\":\"ImageObject\",\"inLanguage\":\"de\",\"@id\":\"https:\/\/www.vomfeld.at\/blog\/2-ideen-sommer-salate\/#primaryimage\",\"url\":\"https:\/\/www.vomfeld.at\/blog\/wp-content\/uploads\/2019\/07\/salate-sommer.jpg\",\"contentUrl\":\"https:\/\/www.vomfeld.at\/blog\/wp-content\/uploads\/2019\/07\/salate-sommer.jpg\",\"width\":1600,\"height\":900},{\"@type\":\"BreadcrumbList\",\"@id\":\"https:\/\/www.vomfeld.at\/blog\/2-ideen-sommer-salate\/#breadcrumb\",\"itemListElement\":[{\"@type\":\"ListItem\",\"position\":1,\"name\":\"Startseite\",\"item\":\"https:\/\/www.vomfeld.at\/blog\/\"},{\"@type\":\"ListItem\",\"position\":2,\"name\":\"2 Ideen f\u00fcr deine Sommer-Salate\"}]},{\"@type\":\"WebSite\",\"@id\":\"https:\/\/www.vomfeld.at\/blog\/#website\",\"url\":\"https:\/\/www.vomfeld.at\/blog\/\",\"name\":\"Johanna vom Feld Blog\",\"description\":\"Mehr aus Lebensmitteln vom Feld machen\",\"publisher\":{\"@id\":\"https:\/\/www.vomfeld.at\/blog\/#organization\"},\"potentialAction\":[{\"@type\":\"SearchAction\",\"target\":{\"@type\":\"EntryPoint\",\"urlTemplate\":\"https:\/\/www.vomfeld.at\/blog\/?s={search_term_string}\"},\"query-input\":{\"@type\":\"PropertyValueSpecification\",\"valueRequired\":true,\"valueName\":\"search_term_string\"}}],\"inLanguage\":\"de\"},{\"@type\":\"Organization\",\"@id\":\"https:\/\/www.vomfeld.at\/blog\/#organization\",\"name\":\"Johanna vom Feld\",\"url\":\"https:\/\/www.vomfeld.at\/blog\/\",\"logo\":{\"@type\":\"ImageObject\",\"inLanguage\":\"de\",\"@id\":\"https:\/\/www.vomfeld.at\/blog\/#\/schema\/logo\/image\/\",\"url\":\"https:\/\/www.vomfeld.at\/blog\/wp-content\/uploads\/2018\/10\/vomfeld-logo-large.png\",\"contentUrl\":\"https:\/\/www.vomfeld.at\/blog\/wp-content\/uploads\/2018\/10\/vomfeld-logo-large.png\",\"width\":340,\"height\":200,\"caption\":\"Johanna vom Feld\"},\"image\":{\"@id\":\"https:\/\/www.vomfeld.at\/blog\/#\/schema\/logo\/image\/\"},\"sameAs\":[\"https:\/\/www.facebook.com\/vomfeld.at\/\"]},{\"@type\":\"Person\",\"@id\":\"https:\/\/www.vomfeld.at\/blog\/#\/schema\/person\/8dab792dce4e00bc69ebf949f6eab1bf\",\"name\":\"Johanna\"}]}<\/script>\n<!-- \/ Yoast SEO plugin. -->","yoast_head_json":{"title":"2 Ideen f\u00fcr fruchtige Sommer-Salate - Perfekt f\u00fcr hei\u00dfe Tage","description":"Diese fruchtigen Sommer-Salate sind eine ideale Abwechslung, wenn die Termperaturen wieder \u00fcber 30 Grad steigen. Gesund, lecker, neu!","robots":{"index":"index","follow":"follow","max-snippet":"max-snippet:-1","max-image-preview":"max-image-preview:large","max-video-preview":"max-video-preview:-1"},"canonical":"https:\/\/www.vomfeld.at\/blog\/2-ideen-sommer-salate\/","og_locale":"de_DE","og_type":"article","og_title":"2 Ideen f\u00fcr fruchtige Sommer-Salate - Perfekt f\u00fcr hei\u00dfe Tage","og_description":"Diese fruchtigen Sommer-Salate sind eine ideale Abwechslung, wenn die Termperaturen wieder \u00fcber 30 Grad steigen. Gesund, lecker, neu!","og_url":"https:\/\/www.vomfeld.at\/blog\/2-ideen-sommer-salate\/","og_site_name":"Johanna vom Feld Blog","article_publisher":"https:\/\/www.facebook.com\/vomfeld.at\/","article_published_time":"2019-07-05T09:03:54+00:00","article_modified_time":"2019-07-05T09:21:31+00:00","og_image":[{"width":1600,"height":900,"url":"https:\/\/www.vomfeld.at\/blog\/wp-content\/uploads\/2019\/07\/salate-sommer.jpg","type":"image\/jpeg"}],"author":"Johanna","twitter_card":"summary_large_image","twitter_misc":{"Verfasst von":"Johanna","Gesch\u00e4tzte Lesezeit":"4\u00a0Minuten"},"schema":{"@context":"https:\/\/schema.org","@graph":[{"@type":"Article","@id":"https:\/\/www.vomfeld.at\/blog\/2-ideen-sommer-salate\/#article","isPartOf":{"@id":"https:\/\/www.vomfeld.at\/blog\/2-ideen-sommer-salate\/"},"author":{"name":"Johanna","@id":"https:\/\/www.vomfeld.at\/blog\/#\/schema\/person\/8dab792dce4e00bc69ebf949f6eab1bf"},"headline":"2 Ideen f\u00fcr deine Sommer-Salate","datePublished":"2019-07-05T09:03:54+00:00","dateModified":"2019-07-05T09:21:31+00:00","mainEntityOfPage":{"@id":"https:\/\/www.vomfeld.at\/blog\/2-ideen-sommer-salate\/"},"wordCount":852,"commentCount":0,"publisher":{"@id":"https:\/\/www.vomfeld.at\/blog\/#organization"},"image":{"@id":"https:\/\/www.vomfeld.at\/blog\/2-ideen-sommer-salate\/#primaryimage"},"thumbnailUrl":"https:\/\/www.vomfeld.at\/blog\/wp-content\/uploads\/2019\/07\/salate-sommer.jpg","articleSection":["Zubereitung"],"inLanguage":"de","potentialAction":[{"@type":"CommentAction","name":"Comment","target":["https:\/\/www.vomfeld.at\/blog\/2-ideen-sommer-salate\/#respond"]}]},{"@type":"WebPage","@id":"https:\/\/www.vomfeld.at\/blog\/2-ideen-sommer-salate\/","url":"https:\/\/www.vomfeld.at\/blog\/2-ideen-sommer-salate\/","name":"2 Ideen f\u00fcr fruchtige Sommer-Salate - Perfekt f\u00fcr hei\u00dfe Tage","isPartOf":{"@id":"https:\/\/www.vomfeld.at\/blog\/#website"},"primaryImageOfPage":{"@id":"https:\/\/www.vomfeld.at\/blog\/2-ideen-sommer-salate\/#primaryimage"},"image":{"@id":"https:\/\/www.vomfeld.at\/blog\/2-ideen-sommer-salate\/#primaryimage"},"thumbnailUrl":"https:\/\/www.vomfeld.at\/blog\/wp-content\/uploads\/2019\/07\/salate-sommer.jpg","datePublished":"2019-07-05T09:03:54+00:00","dateModified":"2019-07-05T09:21:31+00:00","description":"Diese fruchtigen Sommer-Salate sind eine ideale Abwechslung, wenn die Termperaturen wieder \u00fcber 30 Grad steigen. Gesund, lecker, neu!","breadcrumb":{"@id":"https:\/\/www.vomfeld.at\/blog\/2-ideen-sommer-salate\/#breadcrumb"},"inLanguage":"de","potentialAction":[{"@type":"ReadAction","target":["https:\/\/www.vomfeld.at\/blog\/2-ideen-sommer-salate\/"]}]},{"@type":"ImageObject","inLanguage":"de","@id":"https:\/\/www.vomfeld.at\/blog\/2-ideen-sommer-salate\/#primaryimage","url":"https:\/\/www.vomfeld.at\/blog\/wp-content\/uploads\/2019\/07\/salate-sommer.jpg","contentUrl":"https:\/\/www.vomfeld.at\/blog\/wp-content\/uploads\/2019\/07\/salate-sommer.jpg","width":1600,"height":900},{"@type":"BreadcrumbList","@id":"https:\/\/www.vomfeld.at\/blog\/2-ideen-sommer-salate\/#breadcrumb","itemListElement":[{"@type":"ListItem","position":1,"name":"Startseite","item":"https:\/\/www.vomfeld.at\/blog\/"},{"@type":"ListItem","position":2,"name":"2 Ideen f\u00fcr deine Sommer-Salate"}]},{"@type":"WebSite","@id":"https:\/\/www.vomfeld.at\/blog\/#website","url":"https:\/\/www.vomfeld.at\/blog\/","name":"Johanna vom Feld Blog","description":"Mehr aus Lebensmitteln vom Feld machen","publisher":{"@id":"https:\/\/www.vomfeld.at\/blog\/#organization"},"potentialAction":[{"@type":"SearchAction","target":{"@type":"EntryPoint","urlTemplate":"https:\/\/www.vomfeld.at\/blog\/?s={search_term_string}"},"query-input":{"@type":"PropertyValueSpecification","valueRequired":true,"valueName":"search_term_string"}}],"inLanguage":"de"},{"@type":"Organization","@id":"https:\/\/www.vomfeld.at\/blog\/#organization","name":"Johanna vom Feld","url":"https:\/\/www.vomfeld.at\/blog\/","logo":{"@type":"ImageObject","inLanguage":"de","@id":"https:\/\/www.vomfeld.at\/blog\/#\/schema\/logo\/image\/","url":"https:\/\/www.vomfeld.at\/blog\/wp-content\/uploads\/2018\/10\/vomfeld-logo-large.png","contentUrl":"https:\/\/www.vomfeld.at\/blog\/wp-content\/uploads\/2018\/10\/vomfeld-logo-large.png","width":340,"height":200,"caption":"Johanna vom Feld"},"image":{"@id":"https:\/\/www.vomfeld.at\/blog\/#\/schema\/logo\/image\/"},"sameAs":["https:\/\/www.facebook.com\/vomfeld.at\/"]},{"@type":"Person","@id":"https:\/\/www.vomfeld.at\/blog\/#\/schema\/person\/8dab792dce4e00bc69ebf949f6eab1bf","name":"Johanna"}]}},"_links":{"self":[{"href":"https:\/\/www.vomfeld.at\/blog\/wp-json\/wp\/v2\/posts\/6297","targetHints":{"allow":["GET"]}}],"collection":[{"href":"https:\/\/www.vomfeld.at\/blog\/wp-json\/wp\/v2\/posts"}],"about":[{"href":"https:\/\/www.vomfeld.at\/blog\/wp-json\/wp\/v2\/types\/post"}],"author":[{"embeddable":true,"href":"https:\/\/www.vomfeld.at\/blog\/wp-json\/wp\/v2\/users\/3"}],"replies":[{"embeddable":true,"href":"https:\/\/www.vomfeld.at\/blog\/wp-json\/wp\/v2\/comments?post=6297"}],"version-history":[{"count":5,"href":"https:\/\/www.vomfeld.at\/blog\/wp-json\/wp\/v2\/posts\/6297\/revisions"}],"predecessor-version":[{"id":6309,"href":"https:\/\/www.vomfeld.at\/blog\/wp-json\/wp\/v2\/posts\/6297\/revisions\/6309"}],"wp:featuredmedia":[{"embeddable":true,"href":"https:\/\/www.vomfeld.at\/blog\/wp-json\/wp\/v2\/media\/6300"}],"wp:attachment":[{"href":"https:\/\/www.vomfeld.at\/blog\/wp-json\/wp\/v2\/media?parent=6297"}],"wp:term":[{"taxonomy":"category","embeddable":true,"href":"https:\/\/www.vomfeld.at\/blog\/wp-json\/wp\/v2\/categories?post=6297"},{"taxonomy":"post_tag","embeddable":true,"href":"https:\/\/www.vomfeld.at\/blog\/wp-json\/wp\/v2\/tags?post=6297"}],"curies":[{"name":"wp","href":"https:\/\/api.w.org\/{rel}","templated":true}]}}