{"id":6284,"date":"2019-06-11T09:47:51","date_gmt":"2019-06-11T07:47:51","guid":{"rendered":"https:\/\/www.vomfeld.at\/blog\/?p=6284"},"modified":"2019-06-11T09:51:19","modified_gmt":"2019-06-11T07:51:19","slug":"pfirsich-nektarine-unterschied","status":"publish","type":"post","link":"https:\/\/www.vomfeld.at\/blog\/pfirsich-nektarine-unterschied\/","title":{"rendered":"Pfirsich und Nektarine &#8211; Wo liegt der Unterschied?"},"content":{"rendered":"[vc_row type=&#8220;in_container&#8220; full_screen_row_position=&#8220;middle&#8220; scene_position=&#8220;center&#8220; text_color=&#8220;dark&#8220; text_align=&#8220;left&#8220; overlay_strength=&#8220;0.3&#8243; shape_divider_position=&#8220;bottom&#8220;][vc_column column_padding=&#8220;no-extra-padding&#8220; column_padding_position=&#8220;all&#8220; background_color_opacity=&#8220;1&#8243; background_hover_color_opacity=&#8220;1&#8243; column_link_target=&#8220;_self&#8220; column_shadow=&#8220;none&#8220; column_border_radius=&#8220;none&#8220; width=&#8220;1\/1&#8243; tablet_width_inherit=&#8220;default&#8220; tablet_text_alignment=&#8220;default&#8220; phone_text_alignment=&#8220;default&#8220; column_border_width=&#8220;none&#8220; column_border_style=&#8220;solid&#8220;][vc_column_text]<span style=\"font-weight: 400;\">Der Sommer verzaubert mit den s\u00fc\u00dfesten Fr\u00fcchten. Prall, saftig, fruchtig und pelzig! Bei dieser Beschreibung kommt einem doch gleich der Pfirsich in den Sinn. Oder doch lieber glatte Haut? Also die Nektarine! Sind doch beide gleich! Ja? Nein? Was denn nun?<\/span><\/p>\n<h3>D\u00fcrfen wir vorstellen: Der Pfirsich!<\/h3>\n<p><span style=\"font-weight: 400;\">Diese pelzige Frucht w\u00e4chst auf einem Baum und z\u00e4hlt zum Steinobst. Das ist eine Pflanzenart, deren innerer Teil eine verholzte, ungenie\u00dfbare Fruchtwand (Stein) bildet und au\u00dfen von einem saftigen Fruchtfleisch umgeben ist. Der Pfirsichbaum z\u00e4hlt zu den Rosengew\u00e4chsen und erreicht eine Wuchsh\u00f6he von 1 bis 8 Metern. In Mitteleuropa tr\u00e4gt dieser Baum im M\u00e4rz\/April seine blass rosafarbenen Bl\u00fcten. Die Steinfrucht, also der Pfirsich, hat einen Durchmesser von 4 bis 10 cm. Eine L\u00e4ngsfurche teilt die Frucht, die Schale ist blassgr\u00fcn oder gelb. Auf der Sonnenseite f\u00e4rbt sich diese r\u00f6tlich. Die Schale ist mit einer samtigen Behaarung bedeckt. Der ungenie\u00dfbare Kern hat eine dicke Schale, tiefe Furchen, ist sehr hart und wird daher als Steinkern bezeichnet. Das Fruchtfleisch ist sehr saftig, dickschichtig und je nach Sorte wei\u00df-, gelb- und rotfleischig. Die Pflanze ist sehr w\u00e4rmeliebend, daher gedeiht sie in \u00d6sterreich nur in Gegenden mit weinbauklimatischen Bedingungen, wie z.B. in der Steiermark, im Burgenland oder Nieder\u00f6sterreich. Von Juli bis September sind die s\u00fc\u00dfen Fr\u00fcchte aus heimischem Anbau erh\u00e4ltlich. Die gr\u00f6\u00dften Pfirsichproduzenten in Europa sind Spanien, Italien und Griechenland. International z\u00e4hlt die Volksrepublik China zu den gr\u00f6\u00dften Produzenten von Pfirsichen.<\/span><\/p>\n<h3>Woher kommt denn dieses s\u00fc\u00dfe Fr\u00fcchtchen \u00fcberhaupt?<\/h3>\n<p><span style=\"font-weight: 400;\">\u201ePrunus persica\u201c so lautet der lateinische Name des Pfirsichs und bedeutet \u201ePersischer Apfel\u201c. Urspr\u00fcnglich dachte man, dass das saftige Steinobst aus Persien, dem heutigen Iran, stammen w\u00fcrde. Die urspr\u00fcngliche Heimat liegt jedoch viel weiter im Osten. Sie liegt in China. Seit 2000 v. Chr. wird dieses Obst im s\u00fcdlichen China kultiviert. Dank arch\u00e4ologischer Ausgrabungen wei\u00df man, dass bereits vor 6000 Jahren aus den wilden Sorten die Herausz\u00fcchtung des Kulturpfirsichs seinen Anfang nahm. In China gilt dieses Obst bis heute als Symbol der Unsterblichkeit. Nach Persien gelangte der Pfirsich erst vor ca. 1000 Jahren. Handelsreisende brachten den Pfirsich zun\u00e4chst nach Griechenland, dann nach Mitteleuropa. Frankreich baute als erstes Land Mitteleuropas Pfirsiche an, erst im 19. Jahrhundert folgte der Anbau in den Weinbauregionen in \u00d6sterreich und Deutschland.<\/span><\/p>\n<h3>Eine pralle Frucht mit viel Inhalt!<\/h3>\n<p><span style=\"font-weight: 400;\">Aufgrund ihres hohen Wasseranteils haben Pfirsiche einen relativ niedrigen Kaloriengehalt. Rund 100g verzehrbarer Anteil haben 42 kcal. Diese Frucht liefert zahlreiche Mineralstoffe wie Kalium, Kalzium, Magnesium und Eisen. Auch Vitamin C und unterschiedliche Vitamine der B-Gruppe sind enthalten.<\/span>[\/vc_column_text][divider line_type=&#8220;No Line&#8220; custom_height=&#8220;20&#8243;][image_with_animation image_url=&#8220;6287&#8243; alignment=&#8220;center&#8220; animation=&#8220;Fade In&#8220; img_link_large=&#8220;yes&#8220; border_radius=&#8220;none&#8220; box_shadow=&#8220;none&#8220; max_width=&#8220;100%&#8220;][divider line_type=&#8220;No Line&#8220; custom_height=&#8220;20&#8243;][vc_column_text]\n<h3>So prall und doch so empfindlich?<\/h3>\n<p><span style=\"font-weight: 400;\">Aufgrund ihres weichen Fruchtfleisches sind Pfirsiche sehr druck- und sto\u00dfempfindlich. Daher lassen sie sich auch nur schlecht lagern und sollten bereits nach kurzer Zeit verzehrt werden. Es ist empfehlenswert, die Lagertemperatur auf unter 10\u00b0C zu halten. In St\u00fccke oder in Spalten geschnitten kann man Pfirsiche acht bis zehn Monate tiefgek\u00fchlt aufbewahren. An der behaarten Fruchthaut k\u00f6nnen leicht Schmutz und andere unerw\u00fcnschte Partikel haften, daher sollte man die Fr\u00fcchte gr\u00fcndlich mit hei\u00dfem Wasser reinigen. Pfirsiche schmecken roh am besten, peppen jedoch so manches Dessert auf und lassen sich gut zu S\u00e4ften, Kompott oder Marmelade verarbeiten.<\/span><\/p>\n<h3>Pelz im Sommer? Nein danke!<\/h3>\n<p><span style=\"font-weight: 400;\">\u201eIm Sommer tr\u00e4gt man keinen Pelz, da ist es doch viel zu warm daf\u00fcr!\u201c, dachte sich die Nektarine. Ihre Haut ist glatt. Aber warum? Die Nektarine ist eigentlich ein Pfirsich, doch aufgrund einer Mutation hat sie ihren Pelz abgelegt. Es handelt sich dabei um ein rezessives genetisches Merkmal, daher kann es vorkommen, dass auf einem Pfirsichbaum gelegentlich auch Nektarinen wachsen. Das Fruchtfleisch ist gelblich. Auch der Stein ist von einem normalen Pfirsichkern kaum zu unterscheiden.<\/span><\/p>\n<h3>Was macht den Unterschied?<\/h3>\n<p><span style=\"font-weight: 400;\">Zwischen einem Pfirsich und einer Nektarine gibt es kaum Unterschiede. Dennoch weichen ein paar Merkmale voneinander ab. Nicht nur die Haut, auch die Inhaltsstoffe sind ein bisschen verschieden. Die Nektarine verf\u00fcgt \u00fcber einen geringeren Wasseranteil als der Pfirsich, daher ist der Zuckergehalt h\u00f6her. Mit 56 kcal pro 100g verzehrbarem Anteil vers\u00fc\u00dft dieses Fr\u00fcchtchen uns den Tag. Der Anteil an Vitaminen und Mineralstoffen ist jedoch fast ident. Und auch Nektarinen sollten k\u00fchl gelagert werden bzw. rasch verzehrt werden.<\/span>[\/vc_column_text][divider line_type=&#8220;No Line&#8220; custom_height=&#8220;20&#8243;][image_with_animation image_url=&#8220;6288&#8243; alignment=&#8220;center&#8220; animation=&#8220;Fade In&#8220; img_link_large=&#8220;yes&#8220; border_radius=&#8220;none&#8220; box_shadow=&#8220;none&#8220; max_width=&#8220;100%&#8220;][divider line_type=&#8220;No Line&#8220; custom_height=&#8220;20&#8243;][vc_column_text]\n<h3>Hol dir den Sommer auf den Teller!<\/h3>\n<p><span style=\"font-weight: 400;\">Um Pfirsich und Nektarine zu vereinen, empfehlen wir eine Obsttarte, die du einfach zubereiten kannst und die sowohl als Hauptspeise als auch als Dessert vorz\u00fcglich schmeckt.<\/span><\/p>\n<h3>Zutaten f\u00fcr eine Tarte:<\/h3>\n<ul>\n<li><span style=\"font-weight: 400;\">250g <a href=\"https:\/\/www.vomfeld.at\/fuer-die-speis\/mehl-getreide-co\/\" target=\"_blank\" rel=\"noopener noreferrer\">Mehl<\/a><\/span><\/li>\n<li><span style=\"font-weight: 400;\">125g Butter in kleinen St\u00fccken<\/span><\/li>\n<li><span style=\"font-weight: 400;\">1 Ei<\/span><\/li>\n<li><span style=\"font-weight: 400;\">60g Rohrohrzucker<\/span><\/li>\n<li><span style=\"font-weight: 400;\">1 Prise Salz<\/span><\/li>\n<li><span style=\"font-weight: 400;\">250g <a href=\"https:\/\/www.vomfeld.at\/obst\/steinobst\/261\/nektarinen\" target=\"_blank\" rel=\"noopener noreferrer\">Nektarinen<\/a><\/span><\/li>\n<li><span style=\"font-weight: 400;\">250g <a href=\"https:\/\/www.vomfeld.at\/obst\/steinobst\/263\/pfirsiche\" target=\"_blank\" rel=\"noopener noreferrer\">Pfirsiche<\/a><\/span><\/li>\n<\/ul>\n<h3>Zubereitung:<\/h3>\n<p><span style=\"font-weight: 400;\">Mehl, 1 Prise Salz und 40g Rohrohrzucker miteinander vermischen. Kalte Butter und das Ei zuf\u00fcgen und mit dem Knethaken des Handmixers oder mit den H\u00e4nden zu einem gleichm\u00e4\u00dfigen glatten Teig verarbeiten. Zu einer Teigkugel formen und 30 Minuten in ein Tuch gewickelt in den K\u00fchlschrank stellen. Pfirsiche und Nektarinen mit warmen Wasser gut waschen, halbieren, entsteinen und in d\u00fcnne Spalten schneiden. Das Backrohr auf 200\u00b0C (Ober-\/Unterhitze) vorheizen. Den Teig gleichm\u00e4\u00dfig ausrollen und in eine gefettete Tarteform legen, andr\u00fccken und an den R\u00e4ndern hochziehen. Alternativ kann man den ausgerollten Teig auch auf ein mit Backpapier belegtes Backblech legen. Die Pfirsich- und Nektarinenspalten nun gleichm\u00e4\u00dfig auf dem Teig verteilen. Bei der Variante mit dem Backblech, einen ca. 4-5 cm breiten Rand frei lassen und diesen \u00fcber die Fr\u00fcchte klappen. Die Tarte mit 20g Rohrohrzucker bestreuen und auf mittlerer Schiene ca. 30-35 Minuten goldgelb backen. Vor dem Verzehr etwas abk\u00fchlen lassen.<\/span><\/p>\n<p><b>Kleiner Tipp:<\/b><\/p>\n<p><span style=\"font-weight: 400;\">Wenn du diese Tarte als Sommerdessert genie\u00dfen m\u00f6chtest, empfehlen wir dazu Vanille- oder Zitroneneis.<\/span><\/p>\n<p><span style=\"font-weight: 400;\">Ob Pfirsich oder Nektarine, beide \u00fcberzeugen durch fruchtig, saftige S\u00fc\u00dfe. Du entscheidest, ob du samtig weiche oder glatte Haut bevorzugst. Aber bedenke: So prall sie wirken, so rasch verderben sie. Daher nach dem Kauf k\u00fchl lagern, vor Druck sch\u00fctzen und rasch verzehren. Wenn du sie l\u00e4nger lagern m\u00f6chtest, kannst du sie entweder tiefk\u00fchlen oder zu Marmelade und S\u00e4ften verarbeiten. Auch Kompott eignet sich gut zur Haltbarmachung. Gerade an hei\u00dfen Tagen versorgen dich frische Pfirsiche und Nektarinen mit vielen hochwertigen Vitaminen und Mineralstoffen und sorgen aufgrund ihres hohen Wasseranteils f\u00fcr einen ausgewogenen Fl\u00fcssigkeitshaushalt. Es gibt viele verschiedene Pfirsichsorten, versuche doch mal einen Weingartenpfirsich, auch Plattpfirsich genannt, oder schmecke den Unterschied von wei\u00dffleischigen oder rotfleischigen Pfirsichen. Lass dir dieses Steinobst schmecken und genie\u00dfe den Geschmack des Sommers!<\/span>[\/vc_column_text][\/vc_column][\/vc_row]\n","protected":false},"excerpt":{"rendered":"<p>[vc_row type=&#8220;in_container&#8220; full_screen_row_position=&#8220;middle&#8220; scene_position=&#8220;center&#8220; text_color=&#8220;dark&#8220; text_align=&#8220;left&#8220; overlay_strength=&#8220;0.3&#8243; shape_divider_position=&#8220;bottom&#8220;][vc_column column_padding=&#8220;no-extra-padding&#8220; column_padding_position=&#8220;all&#8220; background_color_opacity=&#8220;1&#8243; background_hover_color_opacity=&#8220;1&#8243; column_link_target=&#8220;_self&#8220; column_shadow=&#8220;none&#8220; column_border_radius=&#8220;none&#8220;&#8230;<\/p>\n","protected":false},"author":3,"featured_media":6285,"comment_status":"closed","ping_status":"closed","sticky":false,"template":"","format":"standard","meta":{"footnotes":""},"categories":[24],"tags":[],"class_list":{"0":"post-6284","1":"post","2":"type-post","3":"status-publish","4":"format-standard","5":"has-post-thumbnail","7":"category-produkte"},"yoast_head":"<!-- This site is optimized with the Yoast SEO plugin v25.4 - https:\/\/yoast.com\/wordpress\/plugins\/seo\/ -->\n<title>Pfirsich und Nektarine - so \u00e4hnlich und doch verschieden - Fakten<\/title>\n<meta name=\"description\" content=\"Sowohl der Pfirsich als auch die Nektarine sind im Sommer sehr beliebt! Wusstest du, dass der Pfirsich fr\u00fcher &quot;Persischer Apfel&quot; hie\u00df?\" \/>\n<meta name=\"robots\" content=\"index, follow, max-snippet:-1, max-image-preview:large, max-video-preview:-1\" \/>\n<link rel=\"canonical\" href=\"https:\/\/www.vomfeld.at\/blog\/pfirsich-nektarine-unterschied\/\" \/>\n<meta property=\"og:locale\" content=\"de_DE\" \/>\n<meta property=\"og:type\" content=\"article\" \/>\n<meta property=\"og:title\" content=\"Pfirsich und Nektarine - so \u00e4hnlich und doch verschieden - Fakten\" \/>\n<meta property=\"og:description\" content=\"Sowohl der Pfirsich als auch die Nektarine sind im Sommer sehr beliebt! Wusstest du, dass der Pfirsich fr\u00fcher &quot;Persischer Apfel&quot; hie\u00df?\" \/>\n<meta property=\"og:url\" content=\"https:\/\/www.vomfeld.at\/blog\/pfirsich-nektarine-unterschied\/\" \/>\n<meta property=\"og:site_name\" content=\"Johanna vom Feld Blog\" \/>\n<meta property=\"article:publisher\" content=\"https:\/\/www.facebook.com\/vomfeld.at\/\" \/>\n<meta property=\"article:published_time\" content=\"2019-06-11T07:47:51+00:00\" \/>\n<meta property=\"article:modified_time\" content=\"2019-06-11T07:51:19+00:00\" \/>\n<meta property=\"og:image\" content=\"https:\/\/www.vomfeld.at\/blog\/wp-content\/uploads\/2019\/06\/pfirsich.jpg\" \/>\n\t<meta property=\"og:image:width\" content=\"1600\" \/>\n\t<meta property=\"og:image:height\" content=\"900\" \/>\n\t<meta property=\"og:image:type\" content=\"image\/jpeg\" \/>\n<meta name=\"author\" content=\"Johanna\" \/>\n<meta name=\"twitter:card\" content=\"summary_large_image\" \/>\n<meta name=\"twitter:label1\" content=\"Verfasst von\" \/>\n\t<meta name=\"twitter:data1\" content=\"Johanna\" \/>\n\t<meta name=\"twitter:label2\" content=\"Gesch\u00e4tzte Lesezeit\" \/>\n\t<meta name=\"twitter:data2\" content=\"6\u00a0Minuten\" \/>\n<script type=\"application\/ld+json\" class=\"yoast-schema-graph\">{\"@context\":\"https:\/\/schema.org\",\"@graph\":[{\"@type\":\"Article\",\"@id\":\"https:\/\/www.vomfeld.at\/blog\/pfirsich-nektarine-unterschied\/#article\",\"isPartOf\":{\"@id\":\"https:\/\/www.vomfeld.at\/blog\/pfirsich-nektarine-unterschied\/\"},\"author\":{\"name\":\"Johanna\",\"@id\":\"https:\/\/www.vomfeld.at\/blog\/#\/schema\/person\/8dab792dce4e00bc69ebf949f6eab1bf\"},\"headline\":\"Pfirsich und Nektarine &#8211; Wo liegt der Unterschied?\",\"datePublished\":\"2019-06-11T07:47:51+00:00\",\"dateModified\":\"2019-06-11T07:51:19+00:00\",\"mainEntityOfPage\":{\"@id\":\"https:\/\/www.vomfeld.at\/blog\/pfirsich-nektarine-unterschied\/\"},\"wordCount\":1259,\"publisher\":{\"@id\":\"https:\/\/www.vomfeld.at\/blog\/#organization\"},\"image\":{\"@id\":\"https:\/\/www.vomfeld.at\/blog\/pfirsich-nektarine-unterschied\/#primaryimage\"},\"thumbnailUrl\":\"https:\/\/www.vomfeld.at\/blog\/wp-content\/uploads\/2019\/06\/pfirsich.jpg\",\"articleSection\":[\"Produkte\"],\"inLanguage\":\"de\"},{\"@type\":\"WebPage\",\"@id\":\"https:\/\/www.vomfeld.at\/blog\/pfirsich-nektarine-unterschied\/\",\"url\":\"https:\/\/www.vomfeld.at\/blog\/pfirsich-nektarine-unterschied\/\",\"name\":\"Pfirsich und Nektarine - so \u00e4hnlich und doch verschieden - Fakten\",\"isPartOf\":{\"@id\":\"https:\/\/www.vomfeld.at\/blog\/#website\"},\"primaryImageOfPage\":{\"@id\":\"https:\/\/www.vomfeld.at\/blog\/pfirsich-nektarine-unterschied\/#primaryimage\"},\"image\":{\"@id\":\"https:\/\/www.vomfeld.at\/blog\/pfirsich-nektarine-unterschied\/#primaryimage\"},\"thumbnailUrl\":\"https:\/\/www.vomfeld.at\/blog\/wp-content\/uploads\/2019\/06\/pfirsich.jpg\",\"datePublished\":\"2019-06-11T07:47:51+00:00\",\"dateModified\":\"2019-06-11T07:51:19+00:00\",\"description\":\"Sowohl der Pfirsich als auch die Nektarine sind im Sommer sehr beliebt! Wusstest du, dass der Pfirsich fr\u00fcher \\\"Persischer Apfel\\\" hie\u00df?\",\"breadcrumb\":{\"@id\":\"https:\/\/www.vomfeld.at\/blog\/pfirsich-nektarine-unterschied\/#breadcrumb\"},\"inLanguage\":\"de\",\"potentialAction\":[{\"@type\":\"ReadAction\",\"target\":[\"https:\/\/www.vomfeld.at\/blog\/pfirsich-nektarine-unterschied\/\"]}]},{\"@type\":\"ImageObject\",\"inLanguage\":\"de\",\"@id\":\"https:\/\/www.vomfeld.at\/blog\/pfirsich-nektarine-unterschied\/#primaryimage\",\"url\":\"https:\/\/www.vomfeld.at\/blog\/wp-content\/uploads\/2019\/06\/pfirsich.jpg\",\"contentUrl\":\"https:\/\/www.vomfeld.at\/blog\/wp-content\/uploads\/2019\/06\/pfirsich.jpg\",\"width\":1600,\"height\":900,\"caption\":\"Pfirsich\"},{\"@type\":\"BreadcrumbList\",\"@id\":\"https:\/\/www.vomfeld.at\/blog\/pfirsich-nektarine-unterschied\/#breadcrumb\",\"itemListElement\":[{\"@type\":\"ListItem\",\"position\":1,\"name\":\"Startseite\",\"item\":\"https:\/\/www.vomfeld.at\/blog\/\"},{\"@type\":\"ListItem\",\"position\":2,\"name\":\"Pfirsich und Nektarine &#8211; Wo liegt der Unterschied?\"}]},{\"@type\":\"WebSite\",\"@id\":\"https:\/\/www.vomfeld.at\/blog\/#website\",\"url\":\"https:\/\/www.vomfeld.at\/blog\/\",\"name\":\"Johanna vom Feld Blog\",\"description\":\"Mehr aus Lebensmitteln vom Feld machen\",\"publisher\":{\"@id\":\"https:\/\/www.vomfeld.at\/blog\/#organization\"},\"potentialAction\":[{\"@type\":\"SearchAction\",\"target\":{\"@type\":\"EntryPoint\",\"urlTemplate\":\"https:\/\/www.vomfeld.at\/blog\/?s={search_term_string}\"},\"query-input\":{\"@type\":\"PropertyValueSpecification\",\"valueRequired\":true,\"valueName\":\"search_term_string\"}}],\"inLanguage\":\"de\"},{\"@type\":\"Organization\",\"@id\":\"https:\/\/www.vomfeld.at\/blog\/#organization\",\"name\":\"Johanna vom Feld\",\"url\":\"https:\/\/www.vomfeld.at\/blog\/\",\"logo\":{\"@type\":\"ImageObject\",\"inLanguage\":\"de\",\"@id\":\"https:\/\/www.vomfeld.at\/blog\/#\/schema\/logo\/image\/\",\"url\":\"https:\/\/www.vomfeld.at\/blog\/wp-content\/uploads\/2018\/10\/vomfeld-logo-large.png\",\"contentUrl\":\"https:\/\/www.vomfeld.at\/blog\/wp-content\/uploads\/2018\/10\/vomfeld-logo-large.png\",\"width\":340,\"height\":200,\"caption\":\"Johanna vom Feld\"},\"image\":{\"@id\":\"https:\/\/www.vomfeld.at\/blog\/#\/schema\/logo\/image\/\"},\"sameAs\":[\"https:\/\/www.facebook.com\/vomfeld.at\/\"]},{\"@type\":\"Person\",\"@id\":\"https:\/\/www.vomfeld.at\/blog\/#\/schema\/person\/8dab792dce4e00bc69ebf949f6eab1bf\",\"name\":\"Johanna\"}]}<\/script>\n<!-- \/ Yoast SEO plugin. -->","yoast_head_json":{"title":"Pfirsich und Nektarine - so \u00e4hnlich und doch verschieden - Fakten","description":"Sowohl der Pfirsich als auch die Nektarine sind im Sommer sehr beliebt! Wusstest du, dass der Pfirsich fr\u00fcher \"Persischer Apfel\" hie\u00df?","robots":{"index":"index","follow":"follow","max-snippet":"max-snippet:-1","max-image-preview":"max-image-preview:large","max-video-preview":"max-video-preview:-1"},"canonical":"https:\/\/www.vomfeld.at\/blog\/pfirsich-nektarine-unterschied\/","og_locale":"de_DE","og_type":"article","og_title":"Pfirsich und Nektarine - so \u00e4hnlich und doch verschieden - Fakten","og_description":"Sowohl der Pfirsich als auch die Nektarine sind im Sommer sehr beliebt! Wusstest du, dass der Pfirsich fr\u00fcher \"Persischer Apfel\" hie\u00df?","og_url":"https:\/\/www.vomfeld.at\/blog\/pfirsich-nektarine-unterschied\/","og_site_name":"Johanna vom Feld Blog","article_publisher":"https:\/\/www.facebook.com\/vomfeld.at\/","article_published_time":"2019-06-11T07:47:51+00:00","article_modified_time":"2019-06-11T07:51:19+00:00","og_image":[{"width":1600,"height":900,"url":"https:\/\/www.vomfeld.at\/blog\/wp-content\/uploads\/2019\/06\/pfirsich.jpg","type":"image\/jpeg"}],"author":"Johanna","twitter_card":"summary_large_image","twitter_misc":{"Verfasst von":"Johanna","Gesch\u00e4tzte Lesezeit":"6\u00a0Minuten"},"schema":{"@context":"https:\/\/schema.org","@graph":[{"@type":"Article","@id":"https:\/\/www.vomfeld.at\/blog\/pfirsich-nektarine-unterschied\/#article","isPartOf":{"@id":"https:\/\/www.vomfeld.at\/blog\/pfirsich-nektarine-unterschied\/"},"author":{"name":"Johanna","@id":"https:\/\/www.vomfeld.at\/blog\/#\/schema\/person\/8dab792dce4e00bc69ebf949f6eab1bf"},"headline":"Pfirsich und Nektarine &#8211; Wo liegt der Unterschied?","datePublished":"2019-06-11T07:47:51+00:00","dateModified":"2019-06-11T07:51:19+00:00","mainEntityOfPage":{"@id":"https:\/\/www.vomfeld.at\/blog\/pfirsich-nektarine-unterschied\/"},"wordCount":1259,"publisher":{"@id":"https:\/\/www.vomfeld.at\/blog\/#organization"},"image":{"@id":"https:\/\/www.vomfeld.at\/blog\/pfirsich-nektarine-unterschied\/#primaryimage"},"thumbnailUrl":"https:\/\/www.vomfeld.at\/blog\/wp-content\/uploads\/2019\/06\/pfirsich.jpg","articleSection":["Produkte"],"inLanguage":"de"},{"@type":"WebPage","@id":"https:\/\/www.vomfeld.at\/blog\/pfirsich-nektarine-unterschied\/","url":"https:\/\/www.vomfeld.at\/blog\/pfirsich-nektarine-unterschied\/","name":"Pfirsich und Nektarine - so \u00e4hnlich und doch verschieden - Fakten","isPartOf":{"@id":"https:\/\/www.vomfeld.at\/blog\/#website"},"primaryImageOfPage":{"@id":"https:\/\/www.vomfeld.at\/blog\/pfirsich-nektarine-unterschied\/#primaryimage"},"image":{"@id":"https:\/\/www.vomfeld.at\/blog\/pfirsich-nektarine-unterschied\/#primaryimage"},"thumbnailUrl":"https:\/\/www.vomfeld.at\/blog\/wp-content\/uploads\/2019\/06\/pfirsich.jpg","datePublished":"2019-06-11T07:47:51+00:00","dateModified":"2019-06-11T07:51:19+00:00","description":"Sowohl der Pfirsich als auch die Nektarine sind im Sommer sehr beliebt! Wusstest du, dass der Pfirsich fr\u00fcher \"Persischer Apfel\" hie\u00df?","breadcrumb":{"@id":"https:\/\/www.vomfeld.at\/blog\/pfirsich-nektarine-unterschied\/#breadcrumb"},"inLanguage":"de","potentialAction":[{"@type":"ReadAction","target":["https:\/\/www.vomfeld.at\/blog\/pfirsich-nektarine-unterschied\/"]}]},{"@type":"ImageObject","inLanguage":"de","@id":"https:\/\/www.vomfeld.at\/blog\/pfirsich-nektarine-unterschied\/#primaryimage","url":"https:\/\/www.vomfeld.at\/blog\/wp-content\/uploads\/2019\/06\/pfirsich.jpg","contentUrl":"https:\/\/www.vomfeld.at\/blog\/wp-content\/uploads\/2019\/06\/pfirsich.jpg","width":1600,"height":900,"caption":"Pfirsich"},{"@type":"BreadcrumbList","@id":"https:\/\/www.vomfeld.at\/blog\/pfirsich-nektarine-unterschied\/#breadcrumb","itemListElement":[{"@type":"ListItem","position":1,"name":"Startseite","item":"https:\/\/www.vomfeld.at\/blog\/"},{"@type":"ListItem","position":2,"name":"Pfirsich und Nektarine &#8211; Wo liegt der Unterschied?"}]},{"@type":"WebSite","@id":"https:\/\/www.vomfeld.at\/blog\/#website","url":"https:\/\/www.vomfeld.at\/blog\/","name":"Johanna vom Feld Blog","description":"Mehr aus Lebensmitteln vom Feld machen","publisher":{"@id":"https:\/\/www.vomfeld.at\/blog\/#organization"},"potentialAction":[{"@type":"SearchAction","target":{"@type":"EntryPoint","urlTemplate":"https:\/\/www.vomfeld.at\/blog\/?s={search_term_string}"},"query-input":{"@type":"PropertyValueSpecification","valueRequired":true,"valueName":"search_term_string"}}],"inLanguage":"de"},{"@type":"Organization","@id":"https:\/\/www.vomfeld.at\/blog\/#organization","name":"Johanna vom Feld","url":"https:\/\/www.vomfeld.at\/blog\/","logo":{"@type":"ImageObject","inLanguage":"de","@id":"https:\/\/www.vomfeld.at\/blog\/#\/schema\/logo\/image\/","url":"https:\/\/www.vomfeld.at\/blog\/wp-content\/uploads\/2018\/10\/vomfeld-logo-large.png","contentUrl":"https:\/\/www.vomfeld.at\/blog\/wp-content\/uploads\/2018\/10\/vomfeld-logo-large.png","width":340,"height":200,"caption":"Johanna vom Feld"},"image":{"@id":"https:\/\/www.vomfeld.at\/blog\/#\/schema\/logo\/image\/"},"sameAs":["https:\/\/www.facebook.com\/vomfeld.at\/"]},{"@type":"Person","@id":"https:\/\/www.vomfeld.at\/blog\/#\/schema\/person\/8dab792dce4e00bc69ebf949f6eab1bf","name":"Johanna"}]}},"_links":{"self":[{"href":"https:\/\/www.vomfeld.at\/blog\/wp-json\/wp\/v2\/posts\/6284","targetHints":{"allow":["GET"]}}],"collection":[{"href":"https:\/\/www.vomfeld.at\/blog\/wp-json\/wp\/v2\/posts"}],"about":[{"href":"https:\/\/www.vomfeld.at\/blog\/wp-json\/wp\/v2\/types\/post"}],"author":[{"embeddable":true,"href":"https:\/\/www.vomfeld.at\/blog\/wp-json\/wp\/v2\/users\/3"}],"replies":[{"embeddable":true,"href":"https:\/\/www.vomfeld.at\/blog\/wp-json\/wp\/v2\/comments?post=6284"}],"version-history":[{"count":2,"href":"https:\/\/www.vomfeld.at\/blog\/wp-json\/wp\/v2\/posts\/6284\/revisions"}],"predecessor-version":[{"id":6289,"href":"https:\/\/www.vomfeld.at\/blog\/wp-json\/wp\/v2\/posts\/6284\/revisions\/6289"}],"wp:featuredmedia":[{"embeddable":true,"href":"https:\/\/www.vomfeld.at\/blog\/wp-json\/wp\/v2\/media\/6285"}],"wp:attachment":[{"href":"https:\/\/www.vomfeld.at\/blog\/wp-json\/wp\/v2\/media?parent=6284"}],"wp:term":[{"taxonomy":"category","embeddable":true,"href":"https:\/\/www.vomfeld.at\/blog\/wp-json\/wp\/v2\/categories?post=6284"},{"taxonomy":"post_tag","embeddable":true,"href":"https:\/\/www.vomfeld.at\/blog\/wp-json\/wp\/v2\/tags?post=6284"}],"curies":[{"name":"wp","href":"https:\/\/api.w.org\/{rel}","templated":true}]}}