{"id":6063,"date":"2018-10-22T16:52:01","date_gmt":"2018-10-22T14:52:01","guid":{"rendered":"https:\/\/www.vomfeld.at\/blog\/?p=6063"},"modified":"2018-10-29T17:22:53","modified_gmt":"2018-10-29T16:22:53","slug":"welche-fruechte-passen-ins-buero","status":"publish","type":"post","link":"https:\/\/www.vomfeld.at\/blog\/welche-fruechte-passen-ins-buero\/","title":{"rendered":"Welche Fr\u00fcchte passen ins B\u00fcro?"},"content":{"rendered":"[vc_row type=&#8220;in_container&#8220; full_screen_row_position=&#8220;middle&#8220; scene_position=&#8220;center&#8220; text_color=&#8220;dark&#8220; text_align=&#8220;left&#8220; overlay_strength=&#8220;0.3&#8243; shape_divider_position=&#8220;bottom&#8220;][vc_column column_padding=&#8220;no-extra-padding&#8220; column_padding_position=&#8220;all&#8220; background_color_opacity=&#8220;1&#8243; background_hover_color_opacity=&#8220;1&#8243; column_link_target=&#8220;_self&#8220; column_shadow=&#8220;none&#8220; column_border_radius=&#8220;none&#8220; width=&#8220;1\/1&#8243; tablet_width_inherit=&#8220;default&#8220; tablet_text_alignment=&#8220;default&#8220; phone_text_alignment=&#8220;default&#8220; column_border_width=&#8220;none&#8220; column_border_style=&#8220;solid&#8220;][vc_column_text]Steht dir wieder ein langer Tag im B\u00fcro bevor? Die Stunden vergehen nicht, man wird unkonzentriert, m\u00fcde, versp\u00fcrt Hunger und das Nachmittagstief macht sich breit &#8211; was tun? Wir haben uns dar\u00fcber Gedanken gemacht, sind gewisserma\u00dfen durchs Feld spaziert und haben eine kleine Auswahl an Fr\u00fcchten getroffen, die sich perfekt als Snack im Office eignen. Warum sind gerade diese Obstsorten wichtig in deiner Lunchbox? Gleich erf\u00e4hrst du mehr!<\/p>\n<h2>Welche Fr\u00fcchte eignen sich f\u00fcr den Verzehr im B\u00fcro?<\/h2>\n<p>Bei einer gesunden und abwechslungsreichen Ern\u00e4hrung darf die t\u00e4gliche Gem\u00fcse und Obstration nicht fehlen &#8211; je bunter der Teller, umso besser f\u00fcr deinen K\u00f6rper. Besonders jetzt in der k\u00fchleren Jahreszeit ben\u00f6tigst du mehr N\u00e4hrstoffe, um deinen K\u00f6rper gesund und fit zu halten. Wer einen B\u00fcrojob aus\u00fcbt, bewegt sich h\u00f6chstwahrscheinlich tags\u00fcber sehr wenig und der Griff in die Chipst\u00fcte ist schneller getan, als das man Hei\u00dfhunger aussprechen kann. Eine ganz \u00fcble Kombination, die sich nicht nur negativ auf die Figur auswirkt, sondern auch auf das Gem\u00fct und deine Konzentration.<\/p>\n<p>Anstatt S\u00fc\u00dfigkeiten und Knabbergeb\u00e4ck empfiehlt Johanna frisches Obst vom Feld &#8211; welche Vorteile dir eine vitamin- und mineralstoffreiche Ern\u00e4hrung bietet, zeigt Johanna dir in ihrem Fr\u00fcchte 1&#215;1, das dich fitter, vitaler und konzentrierter machen wird.<\/p>\n<h3>Brainfood &#8211; bessere Konzentration im B\u00fcro<\/h3>\n<p>Im Job m\u00fcssen wir konzentriert bleiben &#8211; unser Gehirn mit essentiellen N\u00e4hrstoffen versorgen, um die Leistung aufrecht zu erhalten um unsere Denkf\u00e4higkeit voll aussch\u00f6pfen zu k\u00f6nnen. Besonders an Tagen im B\u00fcro, an denen man mindestens 7 Stunden vor dem Computer hockt, ist die geistige Konzentration einfach unerl\u00e4sslich. Wusstest du das? Unser Gehirn verbrennt 17 bis 25% unserer Gesamtenergie, die wir mittels Nahrung auff\u00fcllen k\u00f6nnen &#8211; \u00a0deswegen ist es sehr wichtig unseren K\u00f6rper mit guter Nahrung zu versorgen, um die Leistungsf\u00e4higkeit in Balance zu halten.<\/p>\n<h3>Obst f\u00fcr mehr Konzentration<\/h3>\n<p>Um die Gehirnleistung zu steigern, die Konzentration zu verbessern und die generelle Denkf\u00e4higkeit zu optimieren sollte man vermehrt zu Obstsorten wie <strong><a href=\"https:\/\/www.vomfeld.at\/obst\/aepfel-birnen-trauben\/220\/trauben-kernlos-weiss\" target=\"_blank\" rel=\"noopener\">Weintrauben<\/a>, <a href=\"https:\/\/www.vomfeld.at\/obst\/aepfel-birnen-trauben\/237\/bio-aepfel-rot-gelb\" target=\"_blank\" rel=\"noopener\">\u00c4pfel<\/a>, Blaubeeren, <a href=\"https:\/\/www.vomfeld.at\/obst\/exotische-fruechte\/84\/avocado-essreif\" target=\"_blank\" rel=\"noopener\">Avocados<\/a>, Melone, Ananas, Kirschen, Pflaumen, Orangen, <a href=\"https:\/\/www.vomfeld.at\/obst\/diverses-obst\/75\/kiwi\" target=\"_blank\" rel=\"noopener\">Kiwis<\/a> und <a href=\"https:\/\/www.vomfeld.at\/obst\/exotische-fruechte\/240\/bio-bananen\" target=\"_blank\" rel=\"noopener\">Bananen<\/a><\/strong> greifen.<\/p>\n<p>In all diesen Obstsorten stecken wertvolle sekund\u00e4re Pflanzenstoffe, Vitamine, Mineralstoffe und nat\u00fcrlich auch Makron\u00e4hrstoffe, wie Proteine, Kohlenhydrate und Fette. Oft wird in Verbindung mit Obst, der Fruchtzucker als besonders sch\u00e4dlich f\u00fcr den Organismus beschrieben, doch handelt es sich hier nicht um die nat\u00fcrliche Fruchts\u00fc\u00dfe, die in Fr\u00fcchten und Beeren enthalten ist, sondern um die k\u00fcnstliche Fructose, die bei sehr vielen Fertigprodukten anstatt oder zus\u00e4tzlich zum Haushaltszucker beigemengt wird.[\/vc_column_text][divider line_type=&#8220;No Line&#8220; custom_height=&#8220;20&#8243;][image_with_animation image_url=&#8220;6068&#8243; alignment=&#8220;center&#8220; animation=&#8220;Fade In&#8220; img_link_large=&#8220;yes&#8220; border_radius=&#8220;none&#8220; box_shadow=&#8220;none&#8220; max_width=&#8220;100%&#8220;][divider line_type=&#8220;No Line&#8220; custom_height=&#8220;20&#8243;][vc_column_text]\n<h3>So machst du Schluss mit dem Nachmittagstief &#8211; iss dich wach!<\/h3>\n<p>Kurz nach Mittag wirst du pl\u00f6tzlich m\u00fcde, matt und kannst dich kaum noch konzentrieren? Dann solltest du folgende Punkte auf deiner To-Do-Liste vermerken:<\/p>\n<ul>\n<li>T\u00e4glich mehrere Portionen Obst und Gem\u00fcse<\/li>\n<li>Mindestens 3 Mahlzeiten t\u00e4glich<\/li>\n<li>Viel Fl\u00fc\u00dfigkeit in Form von Wasser oder unges\u00fc\u00dften Tee\u00b4s oder Fruchts\u00e4ften aufnehmen<\/li>\n<li>Regelm\u00e4\u00dfig bewegen &#8211; kurz vom B\u00fcrostuhl aufstehen und die Beine vertreten<\/li>\n<li>Fenster \u00f6ffnen und frische Luft ins B\u00fcrozimmer flie\u00dfen lassen oder wenn Zeit einen kleinen Spaziergang an der frischen Luft machen<\/li>\n<li>Zuckerreiche Speisen sowie Fertigprodukte aus der Ern\u00e4hrung streichen bzw. stark reduzieren<\/li>\n<li>Weiters solltest du Stress reduzieren &#8211; Sport, Meditationen, Musik h\u00f6ren, etwas Malen, ins Kino gehen &#8230; Freunde treffen<\/li>\n<\/ul>\n<p>Gr\u00fcnde f\u00fcr&#8217;s Nachmittagstief? Besonders eine ungesunde, zuckerreiche Ern\u00e4hrung gepaart mit wenig Bewegung sind Hauptausl\u00f6ser f\u00fcr den Einbruch am Nachmittag. Ein weiterer Grund ist das Hormon Cortisol, das gegen Nachmittag sinkt, so f\u00fcr weniger Energie sorgt und dich schlagartig m\u00fcde macht. Auch die Tatsache, dass gegen Nachmittag deine K\u00f6rpertemperatur abnimmt, das zur Freisetzung von Melatonin (ein Hormon das unseren Schlaf unterst\u00fctzt und verbessert) f\u00fchrt, ist ein Grund warum du ab 14 Uhr nicht mehr deine volle Leistung erzielen kannst.<\/p>\n<h3>Obstsorten gegen das Nachmittagstief<\/h3>\n<ul>\n<li>Weintrauben<\/li>\n<li>Blaubeeren<\/li>\n<li>\u00c4pfel<\/li>\n<li>Birnen<\/li>\n<li>Avocados<\/li>\n<li>Feigen<\/li>\n<li>Himbeeren<\/li>\n<li>Johannisbeeren<\/li>\n<li>Pflaumen<\/li>\n<li>Trockenobst<\/li>\n<\/ul>\n<h3>Stressless im B\u00fcro<\/h3>\n<p>Stress muss nicht nur etwas mit Arbeit zu tun haben, auch Stress im Privatleben kann sich negativ auf die Gesundheit und das Wohlbefinden auswirken. Wer laufend unter Stress leidet, der sollte vermehrt auf Obstsorten mit viel Magnesium setzen, dazu z\u00e4hlen zum Beispiel <strong>Beeren, Zitrusfr\u00fcchte und Bananen<\/strong>. Generell ist der Verzehr von unterschiedlichen Obstsorten sehr zu empfehlen, denn auch andere Fr\u00fcchte enthalten viele Vitamine und Mineralstoffe, die sich in Stresssituationen bezahlt machen. Bring Abwechslung in dein Obstsch\u00fcsserl oder in deinen Smoothie &#8211; egal ob \u00c4pfel, Birnen, Mango, Kirschen oder Heidelbeeren, je bunter umso besser.[\/vc_column_text][divider line_type=&#8220;No Line&#8220; custom_height=&#8220;20&#8243;][image_with_animation image_url=&#8220;6070&#8243; alignment=&#8220;center&#8220; animation=&#8220;Fade In&#8220; img_link_large=&#8220;yes&#8220; border_radius=&#8220;none&#8220; box_shadow=&#8220;none&#8220; max_width=&#8220;100%&#8220;][divider line_type=&#8220;No Line&#8220; custom_height=&#8220;20&#8243;][vc_column_text]\n<h3>Hei\u00dfhunger ade!<\/h3>\n<p>Wer kennt das nicht? Man sitzt im B\u00fcro und pl\u00f6tzlich \u00fcberkommt einen der &#8222;Hunger&#8220; auf etwas S\u00fc\u00dfes. In den meisten F\u00e4llen sind wir nicht wirklich hungrig, sondern unser K\u00f6rper spielt uns einen Streich und verleitet uns dazu die Schokolade der Kollegin aufzufuttern.<\/p>\n<p>Aber wieso bekommen wir \u00fcberhaupt Hei\u00dfhunger? Daf\u00fcr gibt es einige Gr\u00fcnde und die 3 H\u00e4ufigsten w\u00e4ren:<\/p>\n<ul>\n<li>Man isst grunds\u00e4tzlich die falschen Lebensmittel (Fast Food, Fertigprodukte..Zucker)<\/li>\n<li>Man isst einfach viel zu wenig<\/li>\n<li>Man verbietet sich bestimmte Lebensmittel (z.b. Di\u00e4t)<\/li>\n<\/ul>\n<p>Wer dem Hei\u00dfhunger entkommen m\u00f6chte, der sollte immer ausreichend essen &#8211; ideal w\u00e4ren 3 Mahlzeiten pro Tag, die aus ballaststoffreichen Nahrungsmitteln (Kohlenhydrate), hochwertigen Fetten und zum Gro\u00dfteil pflanzlichen Proteinen bestehen. Ballaststoffreiche Obstsorten w\u00e4ren zum Beispiel <strong>Trauben, Johannisbeeren, Himbeeren, Erdbeeren, \u00c4pfel, Birnen und Zitrusfr\u00fcchte<\/strong>. Wichtig: In der Schale stecken die meisten Vitamine, Mineralststoffe und auch Ballaststoffe!<\/p>\n<p>Bei einer Hei\u00dfhungerattacke sinkt der Blutzuckerspiegel rasant ab und unser K\u00f6rper verlangt nach Zucker &#8211; er m\u00f6chte schlie\u00dflich wieder auf das vorherige Niveau zur\u00fcck. Um erst gar keine Gel\u00fcste auf S\u00fc\u00dfigkeiten zu bekommen, sollte man auf die richtigen Lebensmittel zur\u00fcckgreifen.<\/p>\n<p>Doch welche Lebensmittel sind gut und wovon sollte man lieber die Finger lassen? Hast du bereits vom glyk\u00e4mischen Index und der glyk\u00e4mischen Last geh\u00f6rt?<\/p>\n<p>Der <strong>glyk\u00e4mische Index<\/strong> sagt aus, wie sich ein Lebensmittel auf den Blutzuckerspiegel auswirkt. Lebensmittel mit niedrigem glyk\u00e4mischen Index lassen den Blutzuckerspiegel langsam ansteigen und konstant abfallen = kein Hei\u00dfhunger.<\/p>\n<p>Die <strong>glyk\u00e4mische Last<\/strong> ist noch exakter, denn sie gibt zus\u00e4tzlich Auskunft wie hoch der Kohlenhydratanteil ist und wie er sich auf den Blutzuckerspiegel auswirkt.<\/p>\n<p>M\u00f6chtest du nun deinen Blutzuckerspiegel in Balance halten, um Hei\u00dfhunger erst gar nicht entstehen zu lassen, dann solltest du vermehrt Lebensmittel konsumieren, die einen glyk\u00e4mische Last von 1 bis zu 20 aufweisen.<\/p>\n<h3>Obstsorten mit geringer glyk\u00e4mischer Last<\/h3>\n<ul>\n<li>Acerolakirsche<\/li>\n<li>Apfel<\/li>\n<li>Orange<\/li>\n<li>Marillen<\/li>\n<li>Avocados<\/li>\n<li>Birnen<\/li>\n<li>Bananen (nicht zu reif)<\/li>\n<li>Feigen<\/li>\n<li>Diverse Beeren<\/li>\n<li>Melone<\/li>\n<li>Kaki<\/li>\n<li>Kirschen<\/li>\n<li>Kiwis<\/li>\n<li>Papaya<\/li>\n<li>Maracuja<\/li>\n<li>Rhabarber<\/li>\n<li>Wassermelone<\/li>\n<li>Weintrauben<\/li>\n<li>Zitronen<\/li>\n<\/ul>\n<p>Ebenfalls sind Verbote nicht optimal, wenn man seine Food-Cravings im Griff behalten m\u00f6chte &#8211; anstatt ungesunde Snacks im B\u00fcro zu essen, w\u00e4re ein reichhaltiger Obstsalat, Chia-Pudding mit Obst, Smoothie oder eine kleine Obstplatte mit N\u00fcssen die bessere Wahl. So versorgst du deinen K\u00f6rper mit essentiellen N\u00e4hrstoffen, wirst satt und reduzierst die Lust auf ungesunden Kram.<\/p>\n<p>F\u00fcr den kommenden B\u00fcrotag sollte Obst ganz oben auf deiner Lunchbox Liste stehen, ob in St\u00fccke geschnitten, im Obstsalat verarbeitet, zu k\u00f6stlichen Smoothies gemixt oder getrocknet mit N\u00fcssen &#8211; lass deiner Fantasie freien Lauf.[\/vc_column_text][\/vc_column][\/vc_row]\n","protected":false},"excerpt":{"rendered":"<p>[vc_row type=&#8220;in_container&#8220; full_screen_row_position=&#8220;middle&#8220; scene_position=&#8220;center&#8220; text_color=&#8220;dark&#8220; text_align=&#8220;left&#8220; overlay_strength=&#8220;0.3&#8243; shape_divider_position=&#8220;bottom&#8220;][vc_column column_padding=&#8220;no-extra-padding&#8220; column_padding_position=&#8220;all&#8220; background_color_opacity=&#8220;1&#8243; background_hover_color_opacity=&#8220;1&#8243; column_link_target=&#8220;_self&#8220; column_shadow=&#8220;none&#8220; column_border_radius=&#8220;none&#8220;&#8230;<\/p>\n","protected":false},"author":3,"featured_media":6065,"comment_status":"closed","ping_status":"closed","sticky":false,"template":"","format":"standard","meta":{"footnotes":""},"categories":[5],"tags":[],"class_list":{"0":"post-6063","1":"post","2":"type-post","3":"status-publish","4":"format-standard","5":"has-post-thumbnail","7":"category-ernaehrung"},"yoast_head":"<!-- This site is optimized with the Yoast SEO plugin v25.4 - https:\/\/yoast.com\/wordpress\/plugins\/seo\/ -->\n<title>Welche Fr\u00fcchte passen ins B\u00fcro? &#060; Johanna vom Feld Blog<\/title>\n<meta name=\"description\" content=\"Welche Fr\u00fcchte bzw. welches Obst eignet sich am besten f\u00fcr den Alltag im B\u00fcro? Hier haben wir Tipps f\u00fcr sinnvolles Obst im B\u00fcro zusammengestellt.\" \/>\n<meta name=\"robots\" content=\"index, follow, max-snippet:-1, max-image-preview:large, max-video-preview:-1\" \/>\n<link rel=\"canonical\" href=\"https:\/\/www.vomfeld.at\/blog\/welche-fruechte-passen-ins-buero\/\" \/>\n<meta property=\"og:locale\" content=\"de_DE\" \/>\n<meta property=\"og:type\" content=\"article\" \/>\n<meta property=\"og:title\" content=\"Welche Fr\u00fcchte passen ins B\u00fcro? &#060; Johanna vom Feld Blog\" \/>\n<meta property=\"og:description\" content=\"Welche Fr\u00fcchte bzw. welches Obst eignet sich am besten f\u00fcr den Alltag im B\u00fcro? Hier haben wir Tipps f\u00fcr sinnvolles Obst im B\u00fcro zusammengestellt.\" \/>\n<meta property=\"og:url\" content=\"https:\/\/www.vomfeld.at\/blog\/welche-fruechte-passen-ins-buero\/\" \/>\n<meta property=\"og:site_name\" content=\"Johanna vom Feld Blog\" \/>\n<meta property=\"article:publisher\" content=\"https:\/\/www.facebook.com\/vomfeld.at\/\" \/>\n<meta property=\"article:published_time\" content=\"2018-10-22T14:52:01+00:00\" \/>\n<meta property=\"article:modified_time\" content=\"2018-10-29T16:22:53+00:00\" \/>\n<meta property=\"og:image\" content=\"https:\/\/www.vomfeld.at\/blog\/wp-content\/uploads\/2018\/10\/fruechte-becher.jpg\" \/>\n\t<meta property=\"og:image:width\" content=\"1600\" \/>\n\t<meta property=\"og:image:height\" content=\"899\" \/>\n\t<meta property=\"og:image:type\" content=\"image\/jpeg\" \/>\n<meta name=\"author\" content=\"Johanna\" \/>\n<meta name=\"twitter:card\" content=\"summary_large_image\" \/>\n<meta name=\"twitter:label1\" content=\"Verfasst von\" \/>\n\t<meta name=\"twitter:data1\" content=\"Johanna\" \/>\n\t<meta name=\"twitter:label2\" content=\"Gesch\u00e4tzte Lesezeit\" \/>\n\t<meta name=\"twitter:data2\" content=\"7\u00a0Minuten\" \/>\n<script type=\"application\/ld+json\" class=\"yoast-schema-graph\">{\"@context\":\"https:\/\/schema.org\",\"@graph\":[{\"@type\":\"Article\",\"@id\":\"https:\/\/www.vomfeld.at\/blog\/welche-fruechte-passen-ins-buero\/#article\",\"isPartOf\":{\"@id\":\"https:\/\/www.vomfeld.at\/blog\/welche-fruechte-passen-ins-buero\/\"},\"author\":{\"name\":\"Johanna\",\"@id\":\"https:\/\/www.vomfeld.at\/blog\/#\/schema\/person\/8dab792dce4e00bc69ebf949f6eab1bf\"},\"headline\":\"Welche Fr\u00fcchte passen ins B\u00fcro?\",\"datePublished\":\"2018-10-22T14:52:01+00:00\",\"dateModified\":\"2018-10-29T16:22:53+00:00\",\"mainEntityOfPage\":{\"@id\":\"https:\/\/www.vomfeld.at\/blog\/welche-fruechte-passen-ins-buero\/\"},\"wordCount\":1403,\"publisher\":{\"@id\":\"https:\/\/www.vomfeld.at\/blog\/#organization\"},\"image\":{\"@id\":\"https:\/\/www.vomfeld.at\/blog\/welche-fruechte-passen-ins-buero\/#primaryimage\"},\"thumbnailUrl\":\"https:\/\/www.vomfeld.at\/blog\/wp-content\/uploads\/2018\/10\/fruechte-becher.jpg\",\"articleSection\":[\"Ern\u00e4hrung\"],\"inLanguage\":\"de\"},{\"@type\":\"WebPage\",\"@id\":\"https:\/\/www.vomfeld.at\/blog\/welche-fruechte-passen-ins-buero\/\",\"url\":\"https:\/\/www.vomfeld.at\/blog\/welche-fruechte-passen-ins-buero\/\",\"name\":\"Welche Fr\u00fcchte passen ins B\u00fcro? &#060; Johanna vom Feld Blog\",\"isPartOf\":{\"@id\":\"https:\/\/www.vomfeld.at\/blog\/#website\"},\"primaryImageOfPage\":{\"@id\":\"https:\/\/www.vomfeld.at\/blog\/welche-fruechte-passen-ins-buero\/#primaryimage\"},\"image\":{\"@id\":\"https:\/\/www.vomfeld.at\/blog\/welche-fruechte-passen-ins-buero\/#primaryimage\"},\"thumbnailUrl\":\"https:\/\/www.vomfeld.at\/blog\/wp-content\/uploads\/2018\/10\/fruechte-becher.jpg\",\"datePublished\":\"2018-10-22T14:52:01+00:00\",\"dateModified\":\"2018-10-29T16:22:53+00:00\",\"description\":\"Welche Fr\u00fcchte bzw. welches Obst eignet sich am besten f\u00fcr den Alltag im B\u00fcro? Hier haben wir Tipps f\u00fcr sinnvolles Obst im B\u00fcro zusammengestellt.\",\"breadcrumb\":{\"@id\":\"https:\/\/www.vomfeld.at\/blog\/welche-fruechte-passen-ins-buero\/#breadcrumb\"},\"inLanguage\":\"de\",\"potentialAction\":[{\"@type\":\"ReadAction\",\"target\":[\"https:\/\/www.vomfeld.at\/blog\/welche-fruechte-passen-ins-buero\/\"]}]},{\"@type\":\"ImageObject\",\"inLanguage\":\"de\",\"@id\":\"https:\/\/www.vomfeld.at\/blog\/welche-fruechte-passen-ins-buero\/#primaryimage\",\"url\":\"https:\/\/www.vomfeld.at\/blog\/wp-content\/uploads\/2018\/10\/fruechte-becher.jpg\",\"contentUrl\":\"https:\/\/www.vomfeld.at\/blog\/wp-content\/uploads\/2018\/10\/fruechte-becher.jpg\",\"width\":1600,\"height\":899,\"caption\":\"Fr\u00fcchte Lieferung B\u00fcro\"},{\"@type\":\"BreadcrumbList\",\"@id\":\"https:\/\/www.vomfeld.at\/blog\/welche-fruechte-passen-ins-buero\/#breadcrumb\",\"itemListElement\":[{\"@type\":\"ListItem\",\"position\":1,\"name\":\"Startseite\",\"item\":\"https:\/\/www.vomfeld.at\/blog\/\"},{\"@type\":\"ListItem\",\"position\":2,\"name\":\"Welche Fr\u00fcchte passen ins B\u00fcro?\"}]},{\"@type\":\"WebSite\",\"@id\":\"https:\/\/www.vomfeld.at\/blog\/#website\",\"url\":\"https:\/\/www.vomfeld.at\/blog\/\",\"name\":\"Johanna vom Feld Blog\",\"description\":\"Mehr aus Lebensmitteln vom Feld machen\",\"publisher\":{\"@id\":\"https:\/\/www.vomfeld.at\/blog\/#organization\"},\"potentialAction\":[{\"@type\":\"SearchAction\",\"target\":{\"@type\":\"EntryPoint\",\"urlTemplate\":\"https:\/\/www.vomfeld.at\/blog\/?s={search_term_string}\"},\"query-input\":{\"@type\":\"PropertyValueSpecification\",\"valueRequired\":true,\"valueName\":\"search_term_string\"}}],\"inLanguage\":\"de\"},{\"@type\":\"Organization\",\"@id\":\"https:\/\/www.vomfeld.at\/blog\/#organization\",\"name\":\"Johanna vom Feld\",\"url\":\"https:\/\/www.vomfeld.at\/blog\/\",\"logo\":{\"@type\":\"ImageObject\",\"inLanguage\":\"de\",\"@id\":\"https:\/\/www.vomfeld.at\/blog\/#\/schema\/logo\/image\/\",\"url\":\"https:\/\/www.vomfeld.at\/blog\/wp-content\/uploads\/2018\/10\/vomfeld-logo-large.png\",\"contentUrl\":\"https:\/\/www.vomfeld.at\/blog\/wp-content\/uploads\/2018\/10\/vomfeld-logo-large.png\",\"width\":340,\"height\":200,\"caption\":\"Johanna vom Feld\"},\"image\":{\"@id\":\"https:\/\/www.vomfeld.at\/blog\/#\/schema\/logo\/image\/\"},\"sameAs\":[\"https:\/\/www.facebook.com\/vomfeld.at\/\"]},{\"@type\":\"Person\",\"@id\":\"https:\/\/www.vomfeld.at\/blog\/#\/schema\/person\/8dab792dce4e00bc69ebf949f6eab1bf\",\"name\":\"Johanna\"}]}<\/script>\n<!-- \/ Yoast SEO plugin. -->","yoast_head_json":{"title":"Welche Fr\u00fcchte passen ins B\u00fcro? &#060; Johanna vom Feld Blog","description":"Welche Fr\u00fcchte bzw. welches Obst eignet sich am besten f\u00fcr den Alltag im B\u00fcro? Hier haben wir Tipps f\u00fcr sinnvolles Obst im B\u00fcro zusammengestellt.","robots":{"index":"index","follow":"follow","max-snippet":"max-snippet:-1","max-image-preview":"max-image-preview:large","max-video-preview":"max-video-preview:-1"},"canonical":"https:\/\/www.vomfeld.at\/blog\/welche-fruechte-passen-ins-buero\/","og_locale":"de_DE","og_type":"article","og_title":"Welche Fr\u00fcchte passen ins B\u00fcro? &#060; Johanna vom Feld Blog","og_description":"Welche Fr\u00fcchte bzw. welches Obst eignet sich am besten f\u00fcr den Alltag im B\u00fcro? Hier haben wir Tipps f\u00fcr sinnvolles Obst im B\u00fcro zusammengestellt.","og_url":"https:\/\/www.vomfeld.at\/blog\/welche-fruechte-passen-ins-buero\/","og_site_name":"Johanna vom Feld Blog","article_publisher":"https:\/\/www.facebook.com\/vomfeld.at\/","article_published_time":"2018-10-22T14:52:01+00:00","article_modified_time":"2018-10-29T16:22:53+00:00","og_image":[{"width":1600,"height":899,"url":"https:\/\/www.vomfeld.at\/blog\/wp-content\/uploads\/2018\/10\/fruechte-becher.jpg","type":"image\/jpeg"}],"author":"Johanna","twitter_card":"summary_large_image","twitter_misc":{"Verfasst von":"Johanna","Gesch\u00e4tzte Lesezeit":"7\u00a0Minuten"},"schema":{"@context":"https:\/\/schema.org","@graph":[{"@type":"Article","@id":"https:\/\/www.vomfeld.at\/blog\/welche-fruechte-passen-ins-buero\/#article","isPartOf":{"@id":"https:\/\/www.vomfeld.at\/blog\/welche-fruechte-passen-ins-buero\/"},"author":{"name":"Johanna","@id":"https:\/\/www.vomfeld.at\/blog\/#\/schema\/person\/8dab792dce4e00bc69ebf949f6eab1bf"},"headline":"Welche Fr\u00fcchte passen ins B\u00fcro?","datePublished":"2018-10-22T14:52:01+00:00","dateModified":"2018-10-29T16:22:53+00:00","mainEntityOfPage":{"@id":"https:\/\/www.vomfeld.at\/blog\/welche-fruechte-passen-ins-buero\/"},"wordCount":1403,"publisher":{"@id":"https:\/\/www.vomfeld.at\/blog\/#organization"},"image":{"@id":"https:\/\/www.vomfeld.at\/blog\/welche-fruechte-passen-ins-buero\/#primaryimage"},"thumbnailUrl":"https:\/\/www.vomfeld.at\/blog\/wp-content\/uploads\/2018\/10\/fruechte-becher.jpg","articleSection":["Ern\u00e4hrung"],"inLanguage":"de"},{"@type":"WebPage","@id":"https:\/\/www.vomfeld.at\/blog\/welche-fruechte-passen-ins-buero\/","url":"https:\/\/www.vomfeld.at\/blog\/welche-fruechte-passen-ins-buero\/","name":"Welche Fr\u00fcchte passen ins B\u00fcro? &#060; Johanna vom Feld Blog","isPartOf":{"@id":"https:\/\/www.vomfeld.at\/blog\/#website"},"primaryImageOfPage":{"@id":"https:\/\/www.vomfeld.at\/blog\/welche-fruechte-passen-ins-buero\/#primaryimage"},"image":{"@id":"https:\/\/www.vomfeld.at\/blog\/welche-fruechte-passen-ins-buero\/#primaryimage"},"thumbnailUrl":"https:\/\/www.vomfeld.at\/blog\/wp-content\/uploads\/2018\/10\/fruechte-becher.jpg","datePublished":"2018-10-22T14:52:01+00:00","dateModified":"2018-10-29T16:22:53+00:00","description":"Welche Fr\u00fcchte bzw. welches Obst eignet sich am besten f\u00fcr den Alltag im B\u00fcro? Hier haben wir Tipps f\u00fcr sinnvolles Obst im B\u00fcro zusammengestellt.","breadcrumb":{"@id":"https:\/\/www.vomfeld.at\/blog\/welche-fruechte-passen-ins-buero\/#breadcrumb"},"inLanguage":"de","potentialAction":[{"@type":"ReadAction","target":["https:\/\/www.vomfeld.at\/blog\/welche-fruechte-passen-ins-buero\/"]}]},{"@type":"ImageObject","inLanguage":"de","@id":"https:\/\/www.vomfeld.at\/blog\/welche-fruechte-passen-ins-buero\/#primaryimage","url":"https:\/\/www.vomfeld.at\/blog\/wp-content\/uploads\/2018\/10\/fruechte-becher.jpg","contentUrl":"https:\/\/www.vomfeld.at\/blog\/wp-content\/uploads\/2018\/10\/fruechte-becher.jpg","width":1600,"height":899,"caption":"Fr\u00fcchte Lieferung B\u00fcro"},{"@type":"BreadcrumbList","@id":"https:\/\/www.vomfeld.at\/blog\/welche-fruechte-passen-ins-buero\/#breadcrumb","itemListElement":[{"@type":"ListItem","position":1,"name":"Startseite","item":"https:\/\/www.vomfeld.at\/blog\/"},{"@type":"ListItem","position":2,"name":"Welche Fr\u00fcchte passen ins B\u00fcro?"}]},{"@type":"WebSite","@id":"https:\/\/www.vomfeld.at\/blog\/#website","url":"https:\/\/www.vomfeld.at\/blog\/","name":"Johanna vom Feld Blog","description":"Mehr aus Lebensmitteln vom Feld machen","publisher":{"@id":"https:\/\/www.vomfeld.at\/blog\/#organization"},"potentialAction":[{"@type":"SearchAction","target":{"@type":"EntryPoint","urlTemplate":"https:\/\/www.vomfeld.at\/blog\/?s={search_term_string}"},"query-input":{"@type":"PropertyValueSpecification","valueRequired":true,"valueName":"search_term_string"}}],"inLanguage":"de"},{"@type":"Organization","@id":"https:\/\/www.vomfeld.at\/blog\/#organization","name":"Johanna vom Feld","url":"https:\/\/www.vomfeld.at\/blog\/","logo":{"@type":"ImageObject","inLanguage":"de","@id":"https:\/\/www.vomfeld.at\/blog\/#\/schema\/logo\/image\/","url":"https:\/\/www.vomfeld.at\/blog\/wp-content\/uploads\/2018\/10\/vomfeld-logo-large.png","contentUrl":"https:\/\/www.vomfeld.at\/blog\/wp-content\/uploads\/2018\/10\/vomfeld-logo-large.png","width":340,"height":200,"caption":"Johanna vom Feld"},"image":{"@id":"https:\/\/www.vomfeld.at\/blog\/#\/schema\/logo\/image\/"},"sameAs":["https:\/\/www.facebook.com\/vomfeld.at\/"]},{"@type":"Person","@id":"https:\/\/www.vomfeld.at\/blog\/#\/schema\/person\/8dab792dce4e00bc69ebf949f6eab1bf","name":"Johanna"}]}},"_links":{"self":[{"href":"https:\/\/www.vomfeld.at\/blog\/wp-json\/wp\/v2\/posts\/6063","targetHints":{"allow":["GET"]}}],"collection":[{"href":"https:\/\/www.vomfeld.at\/blog\/wp-json\/wp\/v2\/posts"}],"about":[{"href":"https:\/\/www.vomfeld.at\/blog\/wp-json\/wp\/v2\/types\/post"}],"author":[{"embeddable":true,"href":"https:\/\/www.vomfeld.at\/blog\/wp-json\/wp\/v2\/users\/3"}],"replies":[{"embeddable":true,"href":"https:\/\/www.vomfeld.at\/blog\/wp-json\/wp\/v2\/comments?post=6063"}],"version-history":[{"count":10,"href":"https:\/\/www.vomfeld.at\/blog\/wp-json\/wp\/v2\/posts\/6063\/revisions"}],"predecessor-version":[{"id":6135,"href":"https:\/\/www.vomfeld.at\/blog\/wp-json\/wp\/v2\/posts\/6063\/revisions\/6135"}],"wp:featuredmedia":[{"embeddable":true,"href":"https:\/\/www.vomfeld.at\/blog\/wp-json\/wp\/v2\/media\/6065"}],"wp:attachment":[{"href":"https:\/\/www.vomfeld.at\/blog\/wp-json\/wp\/v2\/media?parent=6063"}],"wp:term":[{"taxonomy":"category","embeddable":true,"href":"https:\/\/www.vomfeld.at\/blog\/wp-json\/wp\/v2\/categories?post=6063"},{"taxonomy":"post_tag","embeddable":true,"href":"https:\/\/www.vomfeld.at\/blog\/wp-json\/wp\/v2\/tags?post=6063"}],"curies":[{"name":"wp","href":"https:\/\/api.w.org\/{rel}","templated":true}]}}