{"id":6051,"date":"2018-10-22T16:25:41","date_gmt":"2018-10-22T14:25:41","guid":{"rendered":"https:\/\/www.vomfeld.at\/blog\/?p=6051"},"modified":"2018-10-29T17:24:33","modified_gmt":"2018-10-29T16:24:33","slug":"herbstlicher-haferbrei-mit-karotte-und-banane","status":"publish","type":"post","link":"https:\/\/www.vomfeld.at\/blog\/herbstlicher-haferbrei-mit-karotte-und-banane\/","title":{"rendered":"Herbstlicher Haferbrei mit Karotte und Banane"},"content":{"rendered":"[vc_row type=&#8220;in_container&#8220; full_screen_row_position=&#8220;middle&#8220; scene_position=&#8220;center&#8220; text_color=&#8220;dark&#8220; text_align=&#8220;left&#8220; overlay_strength=&#8220;0.3&#8243; shape_divider_position=&#8220;bottom&#8220;][vc_column column_padding=&#8220;no-extra-padding&#8220; column_padding_position=&#8220;all&#8220; background_color_opacity=&#8220;1&#8243; background_hover_color_opacity=&#8220;1&#8243; column_link_target=&#8220;_self&#8220; column_shadow=&#8220;none&#8220; column_border_radius=&#8220;none&#8220; width=&#8220;1\/1&#8243; tablet_width_inherit=&#8220;default&#8220; tablet_text_alignment=&#8220;default&#8220; phone_text_alignment=&#8220;default&#8220; column_border_width=&#8220;none&#8220; column_border_style=&#8220;solid&#8220;][vc_column_text]<span style=\"font-weight: 400;\">Der Herbst ist bereits an allen Ecken zu sehen, zu sp\u00fcren und auch zu riechen &#8211; bunte Farben pr\u00e4gen die Landschaft, Obst- und Gem\u00fcse-M\u00e4rkte preisen die farbenfrohe Ernte an und es wird Zeit seinen Gaumen mit herbstlichen K\u00f6stlichkeiten zu verw\u00f6hnen. Wir haben uns ein paar Gedanken gemacht und m\u00f6chten euch hier regelm\u00e4\u00dfig unsere Kreationen pr\u00e4sentieren.<\/span><\/p>\n<p><span style=\"font-weight: 400;\">Unser erstes Herbstgericht ist ein Fr\u00fchst\u00fccksrezept mit Haferbrei, Karotte und Obst &#8211; kann warm oder auch kalt verspeist werden und ist in weniger als zehn Minuten servierbereit. <\/span><\/p>\n<h2>Herbstlicher Haferbrei mit Karotte und Banane<\/h2>\n<h3>Zutaten f\u00fcr 2 kleine Portionen<\/h3>\n<ul>\n<li style=\"font-weight: 400;\"><span style=\"font-weight: 400;\">60g Haferflocken<\/span><\/li>\n<li style=\"font-weight: 400;\"><span style=\"font-weight: 400;\">Doppelte Menge Milch, Nuss- oder Getreidemilch oder Wasser<\/span><\/li>\n<li style=\"font-weight: 400;\"><span style=\"font-weight: 400;\">Etwas Zimt<\/span><\/li>\n<li style=\"font-weight: 400;\"><span style=\"font-weight: 400;\">1 gro\u00dfe <a href=\"https:\/\/www.vomfeld.at\/gemuese\/wurzelgemuese\/203\/karotten\" target=\"_blank\" rel=\"noopener\">Karotte<\/a><\/span><\/li>\n<li style=\"font-weight: 400;\"><span style=\"font-weight: 400;\">1 <a href=\"https:\/\/www.vomfeld.at\/obst\/exotische-fruechte\/82\/bananen\" target=\"_blank\" rel=\"noopener\">Banane<\/a><\/span><\/li>\n<li style=\"font-weight: 400;\"><span style=\"font-weight: 400;\">Beeren nach Wahl z.b. <a href=\"https:\/\/www.vomfeld.at\/obst\/beeren-waldfruechte\/43\/brombeeren\" target=\"_blank\" rel=\"noopener\">Brombeeren<\/a> oder <a href=\"https:\/\/www.vomfeld.at\/obst\/beeren-waldfruechte\/77\/himbeeren\" target=\"_blank\" rel=\"noopener\">Himbeeren<\/a><\/span><\/li>\n<li style=\"font-weight: 400;\"><span style=\"font-weight: 400;\">1\/2 TL Butter oder Margarine<\/span><\/li>\n<li style=\"font-weight: 400;\"><span style=\"font-weight: 400;\">Optional: Etwas Zucker, Kokosbl\u00fctenzucker oder Honig<\/span><\/li>\n<li style=\"font-weight: 400;\"><span style=\"font-weight: 400;\">Optional: N\u00fcsse, Samen oder etwas Erdnussbutter<\/span><\/li>\n<\/ul>\n<h3>Zubereitung<\/h3>\n<ol>\n<li style=\"font-weight: 400;\"><span style=\"font-weight: 400;\">Karotte reiben und in einem Topf mit etwas Butter\/Margarine kurz anschwitzen.<\/span><\/li>\n<li style=\"font-weight: 400;\"><span style=\"font-weight: 400;\">Nun die Haferflocken, Milch\/Wasser, die H\u00e4lfte der Banane (zuvor in kleine St\u00fccke schneiden) sowie etwas Zimt beigeben und f\u00fcr ca. 7 Minuten aufkochen.<\/span><\/li>\n<li style=\"font-weight: 400;\"><span style=\"font-weight: 400;\">Je nach Geschmack kann noch etwas S\u00fc\u00dfungsmittel hinzugef\u00fcgt werden.<\/span><\/li>\n<li style=\"font-weight: 400;\"><span style=\"font-weight: 400;\">Den Haferbrei in zwei Sch\u00fcsseln portionieren und mit der restlichen Banane, Beeren, einer Prise Zimt und zum Beispiel etwas Erdnussbutter garnieren.<\/span><\/li>\n<\/ol>\n<h3>Health Facts Bananen &#8211; gewusst?<span style=\"font-weight: 400;\"> \u00a0<\/span><\/h3>\n<p><span style=\"font-weight: 400;\">Eines der beliebtesten Obstsorten ist die Banane, die neben dem tollen Geschmack auch einige gesundheitliche Vorteile bietet, wie: <\/span><\/p>\n<ul>\n<li style=\"font-weight: 400;\"><span style=\"font-weight: 400;\">Bananen liefern schnell Energie und eignen sich daher prima als Snack vor, w\u00e4hrend und nach dem Sport.<\/span><\/li>\n<li style=\"font-weight: 400;\"><span style=\"font-weight: 400;\">Sie enth\u00e4lt gro\u00dfe Mengen an Kalium und dem Vitamin B6.<\/span><\/li>\n<li style=\"font-weight: 400;\"><span style=\"font-weight: 400;\">Banane hebt die Laune und wird gerne als nat\u00fcrlicher Mood-Booster angesehen &#8211; daf\u00fcr ist das Hormon Tryptophan verantwortlich, das im K\u00f6rper in Serotonin umgewandelt wird.<\/span><\/li>\n<li style=\"font-weight: 400;\"><span style=\"font-weight: 400;\">Ein regelm\u00e4\u00dfiger Verzehr f\u00f6rdert die Verdauung, st\u00e4rkt das Immunsystem und senkt den Blutdruck.<\/span><\/li>\n<\/ul>\n[\/vc_column_text][\/vc_column][\/vc_row]\n","protected":false},"excerpt":{"rendered":"<p>[vc_row type=&#8220;in_container&#8220; full_screen_row_position=&#8220;middle&#8220; scene_position=&#8220;center&#8220; text_color=&#8220;dark&#8220; text_align=&#8220;left&#8220; overlay_strength=&#8220;0.3&#8243; shape_divider_position=&#8220;bottom&#8220;][vc_column column_padding=&#8220;no-extra-padding&#8220; column_padding_position=&#8220;all&#8220; background_color_opacity=&#8220;1&#8243; background_hover_color_opacity=&#8220;1&#8243; column_link_target=&#8220;_self&#8220; column_shadow=&#8220;none&#8220; column_border_radius=&#8220;none&#8220;&#8230;<\/p>\n","protected":false},"author":3,"featured_media":6052,"comment_status":"closed","ping_status":"closed","sticky":false,"template":"","format":"standard","meta":{"footnotes":""},"categories":[25,2],"tags":[],"class_list":{"0":"post-6051","1":"post","2":"type-post","3":"status-publish","4":"format-standard","5":"has-post-thumbnail","7":"category-rezepte","8":"category-zubereitung"},"yoast_head":"<!-- This site is optimized with the Yoast SEO plugin v25.4 - https:\/\/yoast.com\/wordpress\/plugins\/seo\/ -->\n<title>Rezept Haferbrei mit Karotte und Banane &#060; Johanna vom Feld Blog<\/title>\n<meta name=\"description\" content=\"Probiere dieses k\u00f6stliche Rezept f\u00fcr einen Haferbrei mit Karotte und Banane. Es gibt kaum einen besseren Start in den Tag als mit frischem Obst.\" \/>\n<meta name=\"robots\" content=\"index, follow, max-snippet:-1, max-image-preview:large, max-video-preview:-1\" \/>\n<link rel=\"canonical\" href=\"https:\/\/www.vomfeld.at\/blog\/herbstlicher-haferbrei-mit-karotte-und-banane\/\" \/>\n<meta property=\"og:locale\" content=\"de_DE\" \/>\n<meta property=\"og:type\" content=\"article\" \/>\n<meta property=\"og:title\" content=\"Rezept Haferbrei mit Karotte und Banane &#060; Johanna vom Feld Blog\" \/>\n<meta property=\"og:description\" content=\"Probiere dieses k\u00f6stliche Rezept f\u00fcr einen Haferbrei mit Karotte und Banane. Es gibt kaum einen besseren Start in den Tag als mit frischem Obst.\" \/>\n<meta property=\"og:url\" content=\"https:\/\/www.vomfeld.at\/blog\/herbstlicher-haferbrei-mit-karotte-und-banane\/\" \/>\n<meta property=\"og:site_name\" content=\"Johanna vom Feld Blog\" \/>\n<meta property=\"article:publisher\" content=\"https:\/\/www.facebook.com\/vomfeld.at\/\" \/>\n<meta property=\"article:published_time\" content=\"2018-10-22T14:25:41+00:00\" \/>\n<meta property=\"article:modified_time\" content=\"2018-10-29T16:24:33+00:00\" \/>\n<meta property=\"og:image\" content=\"https:\/\/www.vomfeld.at\/blog\/wp-content\/uploads\/2018\/10\/haferbrei-karotte-banane.jpg\" \/>\n\t<meta property=\"og:image:width\" content=\"1600\" \/>\n\t<meta property=\"og:image:height\" content=\"1059\" \/>\n\t<meta property=\"og:image:type\" content=\"image\/jpeg\" \/>\n<meta name=\"author\" content=\"Johanna\" \/>\n<meta name=\"twitter:card\" content=\"summary_large_image\" \/>\n<meta name=\"twitter:label1\" content=\"Verfasst von\" \/>\n\t<meta name=\"twitter:data1\" content=\"Johanna\" \/>\n\t<meta name=\"twitter:label2\" content=\"Gesch\u00e4tzte Lesezeit\" \/>\n\t<meta name=\"twitter:data2\" content=\"2\u00a0Minuten\" \/>\n<script type=\"application\/ld+json\" class=\"yoast-schema-graph\">{\"@context\":\"https:\/\/schema.org\",\"@graph\":[{\"@type\":\"Article\",\"@id\":\"https:\/\/www.vomfeld.at\/blog\/herbstlicher-haferbrei-mit-karotte-und-banane\/#article\",\"isPartOf\":{\"@id\":\"https:\/\/www.vomfeld.at\/blog\/herbstlicher-haferbrei-mit-karotte-und-banane\/\"},\"author\":{\"name\":\"Johanna\",\"@id\":\"https:\/\/www.vomfeld.at\/blog\/#\/schema\/person\/8dab792dce4e00bc69ebf949f6eab1bf\"},\"headline\":\"Herbstlicher Haferbrei mit Karotte und Banane\",\"datePublished\":\"2018-10-22T14:25:41+00:00\",\"dateModified\":\"2018-10-29T16:24:33+00:00\",\"mainEntityOfPage\":{\"@id\":\"https:\/\/www.vomfeld.at\/blog\/herbstlicher-haferbrei-mit-karotte-und-banane\/\"},\"wordCount\":404,\"publisher\":{\"@id\":\"https:\/\/www.vomfeld.at\/blog\/#organization\"},\"image\":{\"@id\":\"https:\/\/www.vomfeld.at\/blog\/herbstlicher-haferbrei-mit-karotte-und-banane\/#primaryimage\"},\"thumbnailUrl\":\"https:\/\/www.vomfeld.at\/blog\/wp-content\/uploads\/2018\/10\/haferbrei-karotte-banane.jpg\",\"articleSection\":[\"Rezepte\",\"Zubereitung\"],\"inLanguage\":\"de\"},{\"@type\":\"WebPage\",\"@id\":\"https:\/\/www.vomfeld.at\/blog\/herbstlicher-haferbrei-mit-karotte-und-banane\/\",\"url\":\"https:\/\/www.vomfeld.at\/blog\/herbstlicher-haferbrei-mit-karotte-und-banane\/\",\"name\":\"Rezept Haferbrei mit Karotte und Banane &#060; Johanna vom Feld Blog\",\"isPartOf\":{\"@id\":\"https:\/\/www.vomfeld.at\/blog\/#website\"},\"primaryImageOfPage\":{\"@id\":\"https:\/\/www.vomfeld.at\/blog\/herbstlicher-haferbrei-mit-karotte-und-banane\/#primaryimage\"},\"image\":{\"@id\":\"https:\/\/www.vomfeld.at\/blog\/herbstlicher-haferbrei-mit-karotte-und-banane\/#primaryimage\"},\"thumbnailUrl\":\"https:\/\/www.vomfeld.at\/blog\/wp-content\/uploads\/2018\/10\/haferbrei-karotte-banane.jpg\",\"datePublished\":\"2018-10-22T14:25:41+00:00\",\"dateModified\":\"2018-10-29T16:24:33+00:00\",\"description\":\"Probiere dieses k\u00f6stliche Rezept f\u00fcr einen Haferbrei mit Karotte und Banane. Es gibt kaum einen besseren Start in den Tag als mit frischem Obst.\",\"breadcrumb\":{\"@id\":\"https:\/\/www.vomfeld.at\/blog\/herbstlicher-haferbrei-mit-karotte-und-banane\/#breadcrumb\"},\"inLanguage\":\"de\",\"potentialAction\":[{\"@type\":\"ReadAction\",\"target\":[\"https:\/\/www.vomfeld.at\/blog\/herbstlicher-haferbrei-mit-karotte-und-banane\/\"]}]},{\"@type\":\"ImageObject\",\"inLanguage\":\"de\",\"@id\":\"https:\/\/www.vomfeld.at\/blog\/herbstlicher-haferbrei-mit-karotte-und-banane\/#primaryimage\",\"url\":\"https:\/\/www.vomfeld.at\/blog\/wp-content\/uploads\/2018\/10\/haferbrei-karotte-banane.jpg\",\"contentUrl\":\"https:\/\/www.vomfeld.at\/blog\/wp-content\/uploads\/2018\/10\/haferbrei-karotte-banane.jpg\",\"width\":1600,\"height\":1059,\"caption\":\"Haferbrei mit Karotte und Banane\"},{\"@type\":\"BreadcrumbList\",\"@id\":\"https:\/\/www.vomfeld.at\/blog\/herbstlicher-haferbrei-mit-karotte-und-banane\/#breadcrumb\",\"itemListElement\":[{\"@type\":\"ListItem\",\"position\":1,\"name\":\"Startseite\",\"item\":\"https:\/\/www.vomfeld.at\/blog\/\"},{\"@type\":\"ListItem\",\"position\":2,\"name\":\"Herbstlicher Haferbrei mit Karotte und Banane\"}]},{\"@type\":\"WebSite\",\"@id\":\"https:\/\/www.vomfeld.at\/blog\/#website\",\"url\":\"https:\/\/www.vomfeld.at\/blog\/\",\"name\":\"Johanna vom Feld Blog\",\"description\":\"Mehr aus Lebensmitteln vom Feld machen\",\"publisher\":{\"@id\":\"https:\/\/www.vomfeld.at\/blog\/#organization\"},\"potentialAction\":[{\"@type\":\"SearchAction\",\"target\":{\"@type\":\"EntryPoint\",\"urlTemplate\":\"https:\/\/www.vomfeld.at\/blog\/?s={search_term_string}\"},\"query-input\":{\"@type\":\"PropertyValueSpecification\",\"valueRequired\":true,\"valueName\":\"search_term_string\"}}],\"inLanguage\":\"de\"},{\"@type\":\"Organization\",\"@id\":\"https:\/\/www.vomfeld.at\/blog\/#organization\",\"name\":\"Johanna vom Feld\",\"url\":\"https:\/\/www.vomfeld.at\/blog\/\",\"logo\":{\"@type\":\"ImageObject\",\"inLanguage\":\"de\",\"@id\":\"https:\/\/www.vomfeld.at\/blog\/#\/schema\/logo\/image\/\",\"url\":\"https:\/\/www.vomfeld.at\/blog\/wp-content\/uploads\/2018\/10\/vomfeld-logo-large.png\",\"contentUrl\":\"https:\/\/www.vomfeld.at\/blog\/wp-content\/uploads\/2018\/10\/vomfeld-logo-large.png\",\"width\":340,\"height\":200,\"caption\":\"Johanna vom Feld\"},\"image\":{\"@id\":\"https:\/\/www.vomfeld.at\/blog\/#\/schema\/logo\/image\/\"},\"sameAs\":[\"https:\/\/www.facebook.com\/vomfeld.at\/\"]},{\"@type\":\"Person\",\"@id\":\"https:\/\/www.vomfeld.at\/blog\/#\/schema\/person\/8dab792dce4e00bc69ebf949f6eab1bf\",\"name\":\"Johanna\"}]}<\/script>\n<!-- \/ Yoast SEO plugin. -->","yoast_head_json":{"title":"Rezept Haferbrei mit Karotte und Banane &#060; Johanna vom Feld Blog","description":"Probiere dieses k\u00f6stliche Rezept f\u00fcr einen Haferbrei mit Karotte und Banane. Es gibt kaum einen besseren Start in den Tag als mit frischem Obst.","robots":{"index":"index","follow":"follow","max-snippet":"max-snippet:-1","max-image-preview":"max-image-preview:large","max-video-preview":"max-video-preview:-1"},"canonical":"https:\/\/www.vomfeld.at\/blog\/herbstlicher-haferbrei-mit-karotte-und-banane\/","og_locale":"de_DE","og_type":"article","og_title":"Rezept Haferbrei mit Karotte und Banane &#060; Johanna vom Feld Blog","og_description":"Probiere dieses k\u00f6stliche Rezept f\u00fcr einen Haferbrei mit Karotte und Banane. Es gibt kaum einen besseren Start in den Tag als mit frischem Obst.","og_url":"https:\/\/www.vomfeld.at\/blog\/herbstlicher-haferbrei-mit-karotte-und-banane\/","og_site_name":"Johanna vom Feld Blog","article_publisher":"https:\/\/www.facebook.com\/vomfeld.at\/","article_published_time":"2018-10-22T14:25:41+00:00","article_modified_time":"2018-10-29T16:24:33+00:00","og_image":[{"width":1600,"height":1059,"url":"https:\/\/www.vomfeld.at\/blog\/wp-content\/uploads\/2018\/10\/haferbrei-karotte-banane.jpg","type":"image\/jpeg"}],"author":"Johanna","twitter_card":"summary_large_image","twitter_misc":{"Verfasst von":"Johanna","Gesch\u00e4tzte Lesezeit":"2\u00a0Minuten"},"schema":{"@context":"https:\/\/schema.org","@graph":[{"@type":"Article","@id":"https:\/\/www.vomfeld.at\/blog\/herbstlicher-haferbrei-mit-karotte-und-banane\/#article","isPartOf":{"@id":"https:\/\/www.vomfeld.at\/blog\/herbstlicher-haferbrei-mit-karotte-und-banane\/"},"author":{"name":"Johanna","@id":"https:\/\/www.vomfeld.at\/blog\/#\/schema\/person\/8dab792dce4e00bc69ebf949f6eab1bf"},"headline":"Herbstlicher Haferbrei mit Karotte und Banane","datePublished":"2018-10-22T14:25:41+00:00","dateModified":"2018-10-29T16:24:33+00:00","mainEntityOfPage":{"@id":"https:\/\/www.vomfeld.at\/blog\/herbstlicher-haferbrei-mit-karotte-und-banane\/"},"wordCount":404,"publisher":{"@id":"https:\/\/www.vomfeld.at\/blog\/#organization"},"image":{"@id":"https:\/\/www.vomfeld.at\/blog\/herbstlicher-haferbrei-mit-karotte-und-banane\/#primaryimage"},"thumbnailUrl":"https:\/\/www.vomfeld.at\/blog\/wp-content\/uploads\/2018\/10\/haferbrei-karotte-banane.jpg","articleSection":["Rezepte","Zubereitung"],"inLanguage":"de"},{"@type":"WebPage","@id":"https:\/\/www.vomfeld.at\/blog\/herbstlicher-haferbrei-mit-karotte-und-banane\/","url":"https:\/\/www.vomfeld.at\/blog\/herbstlicher-haferbrei-mit-karotte-und-banane\/","name":"Rezept Haferbrei mit Karotte und Banane &#060; Johanna vom Feld Blog","isPartOf":{"@id":"https:\/\/www.vomfeld.at\/blog\/#website"},"primaryImageOfPage":{"@id":"https:\/\/www.vomfeld.at\/blog\/herbstlicher-haferbrei-mit-karotte-und-banane\/#primaryimage"},"image":{"@id":"https:\/\/www.vomfeld.at\/blog\/herbstlicher-haferbrei-mit-karotte-und-banane\/#primaryimage"},"thumbnailUrl":"https:\/\/www.vomfeld.at\/blog\/wp-content\/uploads\/2018\/10\/haferbrei-karotte-banane.jpg","datePublished":"2018-10-22T14:25:41+00:00","dateModified":"2018-10-29T16:24:33+00:00","description":"Probiere dieses k\u00f6stliche Rezept f\u00fcr einen Haferbrei mit Karotte und Banane. Es gibt kaum einen besseren Start in den Tag als mit frischem Obst.","breadcrumb":{"@id":"https:\/\/www.vomfeld.at\/blog\/herbstlicher-haferbrei-mit-karotte-und-banane\/#breadcrumb"},"inLanguage":"de","potentialAction":[{"@type":"ReadAction","target":["https:\/\/www.vomfeld.at\/blog\/herbstlicher-haferbrei-mit-karotte-und-banane\/"]}]},{"@type":"ImageObject","inLanguage":"de","@id":"https:\/\/www.vomfeld.at\/blog\/herbstlicher-haferbrei-mit-karotte-und-banane\/#primaryimage","url":"https:\/\/www.vomfeld.at\/blog\/wp-content\/uploads\/2018\/10\/haferbrei-karotte-banane.jpg","contentUrl":"https:\/\/www.vomfeld.at\/blog\/wp-content\/uploads\/2018\/10\/haferbrei-karotte-banane.jpg","width":1600,"height":1059,"caption":"Haferbrei mit Karotte und Banane"},{"@type":"BreadcrumbList","@id":"https:\/\/www.vomfeld.at\/blog\/herbstlicher-haferbrei-mit-karotte-und-banane\/#breadcrumb","itemListElement":[{"@type":"ListItem","position":1,"name":"Startseite","item":"https:\/\/www.vomfeld.at\/blog\/"},{"@type":"ListItem","position":2,"name":"Herbstlicher Haferbrei mit Karotte und Banane"}]},{"@type":"WebSite","@id":"https:\/\/www.vomfeld.at\/blog\/#website","url":"https:\/\/www.vomfeld.at\/blog\/","name":"Johanna vom Feld Blog","description":"Mehr aus Lebensmitteln vom Feld machen","publisher":{"@id":"https:\/\/www.vomfeld.at\/blog\/#organization"},"potentialAction":[{"@type":"SearchAction","target":{"@type":"EntryPoint","urlTemplate":"https:\/\/www.vomfeld.at\/blog\/?s={search_term_string}"},"query-input":{"@type":"PropertyValueSpecification","valueRequired":true,"valueName":"search_term_string"}}],"inLanguage":"de"},{"@type":"Organization","@id":"https:\/\/www.vomfeld.at\/blog\/#organization","name":"Johanna vom Feld","url":"https:\/\/www.vomfeld.at\/blog\/","logo":{"@type":"ImageObject","inLanguage":"de","@id":"https:\/\/www.vomfeld.at\/blog\/#\/schema\/logo\/image\/","url":"https:\/\/www.vomfeld.at\/blog\/wp-content\/uploads\/2018\/10\/vomfeld-logo-large.png","contentUrl":"https:\/\/www.vomfeld.at\/blog\/wp-content\/uploads\/2018\/10\/vomfeld-logo-large.png","width":340,"height":200,"caption":"Johanna vom Feld"},"image":{"@id":"https:\/\/www.vomfeld.at\/blog\/#\/schema\/logo\/image\/"},"sameAs":["https:\/\/www.facebook.com\/vomfeld.at\/"]},{"@type":"Person","@id":"https:\/\/www.vomfeld.at\/blog\/#\/schema\/person\/8dab792dce4e00bc69ebf949f6eab1bf","name":"Johanna"}]}},"_links":{"self":[{"href":"https:\/\/www.vomfeld.at\/blog\/wp-json\/wp\/v2\/posts\/6051","targetHints":{"allow":["GET"]}}],"collection":[{"href":"https:\/\/www.vomfeld.at\/blog\/wp-json\/wp\/v2\/posts"}],"about":[{"href":"https:\/\/www.vomfeld.at\/blog\/wp-json\/wp\/v2\/types\/post"}],"author":[{"embeddable":true,"href":"https:\/\/www.vomfeld.at\/blog\/wp-json\/wp\/v2\/users\/3"}],"replies":[{"embeddable":true,"href":"https:\/\/www.vomfeld.at\/blog\/wp-json\/wp\/v2\/comments?post=6051"}],"version-history":[{"count":5,"href":"https:\/\/www.vomfeld.at\/blog\/wp-json\/wp\/v2\/posts\/6051\/revisions"}],"predecessor-version":[{"id":6138,"href":"https:\/\/www.vomfeld.at\/blog\/wp-json\/wp\/v2\/posts\/6051\/revisions\/6138"}],"wp:featuredmedia":[{"embeddable":true,"href":"https:\/\/www.vomfeld.at\/blog\/wp-json\/wp\/v2\/media\/6052"}],"wp:attachment":[{"href":"https:\/\/www.vomfeld.at\/blog\/wp-json\/wp\/v2\/media?parent=6051"}],"wp:term":[{"taxonomy":"category","embeddable":true,"href":"https:\/\/www.vomfeld.at\/blog\/wp-json\/wp\/v2\/categories?post=6051"},{"taxonomy":"post_tag","embeddable":true,"href":"https:\/\/www.vomfeld.at\/blog\/wp-json\/wp\/v2\/tags?post=6051"}],"curies":[{"name":"wp","href":"https:\/\/api.w.org\/{rel}","templated":true}]}}